{"id":279335,"date":"2025-10-26T16:30:00","date_gmt":"2025-10-26T19:30:00","guid":{"rendered":"https:\/\/www.gaveanews.com\/?p=279335"},"modified":"2025-10-26T15:23:02","modified_gmt":"2025-10-26T18:23:02","slug":"tecnico-do-fortaleza-revela-estrategia-montada-em-cima-de-jogador-do-flamengo","status":"publish","type":"post","link":"https:\/\/www.gaveanews.com\/index.php\/2025\/10\/26\/tecnico-do-fortaleza-revela-estrategia-montada-em-cima-de-jogador-do-flamengo\/","title":{"rendered":"T\u00e9cnico do Fortaleza revela estrat\u00e9gia montada em cima de jogador do Flamengo"},"content":{"rendered":"\n<p>O Fortaleza venceu o Flamengo por 1 a 0, nesse s\u00e1bado (25), na Arena Castel\u00e3o, pela 30\u00aa rodada do Campeonato Brasileiro. Ap\u00f3s o apito final, o t\u00e9cnico Mart\u00edn Palermo explicou o plano de jogo que levou a equipe cearense ao triunfo. <\/p>\n\n\n\n<p>Segundo o treinador, a escolha da dupla de volantes e a abordagem t\u00e1tica foram pensadas especificamente com base na an\u00e1lise do advers\u00e1rio, especialmente na condi\u00e7\u00e3o f\u00edsica do zagueiro Danilo.<\/p>\n\n\n\n<p>Palermo revelou que o planejamento partiu da necessidade de encontrar espa\u00e7os a partir da constru\u00e7\u00e3o com os volantes. Sasha e Pierre foram os escolhidos para iniciar as jogadas ofensivas com o objetivo de acionar os atacantes Breno Lopes e Jos\u00e9 Herrera nas costas da defesa rubro-negra.<\/p>\n\n\n\n<p>&#8220;Hoje, no plano para essa partida, pesamos isso. Quem \u00e9 que nos daria esse primeiro passe para encontrar os espa\u00e7os com Breno Lopes ou com Tuco (Jos\u00e9 Herrera). Era um pouco o plano do jogo isso. Com base nessa dupla de volantes, poder\u00edamos fazer isso&#8221;, e prosseguiu:<\/p>\n\n\n\n<p>&#8220;Foi assim que chegamos ao gol, com espa\u00e7o, com Breno chegando a esse setor. Que era o espa\u00e7o onde estava Danilo, que havia chegado da partida contra o Racing. Havia tido um desgaste grande. T\u00ednhamos que buscar aonde pod\u00edamos buscar vantagem&#8221;, explicou o t\u00e9cnico.<\/p>\n\n\n\n<p>O gol da vit\u00f3ria, marcado por Breno Lopes, surgiu justamente em uma jogada que exp\u00f4s a zona apontada por Palermo. O treinador avaliou que o tento deu maior tranquilidade \u00e0 equipe, que soube administrar a vantagem at\u00e9 o fim da partida.<\/p>\n\n\n\n<h3 class=\"wp-block-heading\" id=\"h-postura-defensiva-e-comprometimento\">Postura defensiva e comprometimento<\/h3>\n\n\n\n<p>O comandante argentino ressaltou que o Fortaleza entrou em campo com precau\u00e7\u00e3o, ciente da qualidade ofensiva do Flamengo. Com a vantagem, o foco passou a ser a conten\u00e7\u00e3o das a\u00e7\u00f5es advers\u00e1rias, estrat\u00e9gia que se confirmou eficaz com a boa atua\u00e7\u00e3o do sistema defensivo.<\/p>\n\n\n\n<p>&#8220;N\u00e3o fiz muito. Foram os jogadores que fizeram. Eles treinam todos os dias. Elogio contra um rival como o Flamengo. Ter\u00edamos que ter precau\u00e7\u00e3o a todo momento. Creio que o gol nos deu certa tranquilidade. E depois era segurar o grande poderio que tinha o Flamengo&#8221;, avaliou.<\/p>\n\n\n\n<h3 class=\"wp-block-heading\" id=\"h-situacao-na-tabela-e-proximos-compromissos\">Situa\u00e7\u00e3o na tabela e pr\u00f3ximos compromissos<\/h3>\n\n\n\n<p>Com a vit\u00f3ria, o Fortaleza chegou aos 27 pontos e assumiu a 18\u00aa posi\u00e7\u00e3o na tabela, reduzindo a dist\u00e2ncia para o Santos, primeiro time fora da zona de rebaixamento. <\/p>\n\n\n\n<p>O resultado tamb\u00e9m impediu que o Flamengo assumisse a lideran\u00e7a do Brasileir\u00e3o, deixando a equipe carioca com os mesmos 61 pontos do Palmeiras.<\/p>\n\n\n\n<p>O pr\u00f3ximo jogo do Flamengo ser\u00e1 contra o Racing, pela volta da semifinal da Libertadores. O duelo acontece na quarta-feira (29), \u00e0s 21h30 (hor\u00e1rio de Bras\u00edlia), em Avellaneda. A equipe brasileira joga com a vantagem do empate. <\/p>\n\n\n\n<p>J\u00e1 pelo Brasileir\u00e3o, o time volta a campo no s\u00e1bado (1\u00ba de novembro), \u00e0s 21h, contra o Sport, no Maracan\u00e3.<\/p>\n","protected":false},"excerpt":{"rendered":"<p>O Fortaleza venceu o Flamengo por 1 a 0, nesse s\u00e1bado (25), na Arena Castel\u00e3o, pela 30\u00aa rodada do Campeonato Brasileiro. Ap\u00f3s o apito final, o t\u00e9cnico Mart\u00edn Palermo explicou o plano de jogo que levou a equipe cearense ao triunfo. Segundo o treinador, a escolha da dupla de volantes e a abordagem t\u00e1tica foram [&hellip;]<\/p>\n","protected":false},"author":30,"featured_media":279336,"comment_status":"open","ping_status":"closed","sticky":false,"template":"","format":"standard","meta":{"footnotes":""},"categories":[1],"tags":[],"class_list":["post-279335","post","type-post","status-publish","format-standard","has-post-thumbnail","hentry","category-flamengo"],"yoast_head":"<!-- This site is optimized with the Yoast SEO Premium plugin v24.2 (Yoast SEO v26.9) - https:\/\/yoast.com\/product\/yoast-seo-premium-wordpress\/ -->\n<title>T\u00e9cnico do Fortaleza revela estrat\u00e9gia montada em cima de jogador do Flamengo<\/title>\n<meta name=\"robots\" content=\"index, follow, max-snippet:-1, max-image-preview:large, max-video-preview:-1\" \/>\n<link rel=\"canonical\" href=\"https:\/\/www.gaveanews.com\/index.php\/2025\/10\/26\/tecnico-do-fortaleza-revela-estrategia-montada-em-cima-de-jogador-do-flamengo\/\" \/>\n<meta property=\"og:locale\" content=\"pt_BR\" \/>\n<meta property=\"og:type\" content=\"article\" \/>\n<meta property=\"og:title\" content=\"T\u00e9cnico do Fortaleza revela estrat\u00e9gia montada em cima de jogador do Flamengo\" \/>\n<meta property=\"og:description\" content=\"O Fortaleza venceu o Flamengo por 1 a 0, nesse s\u00e1bado (25), na Arena Castel\u00e3o, pela 30\u00aa rodada do Campeonato Brasileiro. Ap\u00f3s o apito final, o t\u00e9cnico Mart\u00edn Palermo explicou o plano de jogo que levou a equipe cearense ao triunfo. Segundo o treinador, a escolha da dupla de volantes e a abordagem t\u00e1tica foram [&hellip;]\" \/>\n<meta property=\"og:url\" content=\"https:\/\/www.gaveanews.com\/index.php\/2025\/10\/26\/tecnico-do-fortaleza-revela-estrategia-montada-em-cima-de-jogador-do-flamengo\/\" \/>\n<meta property=\"og:site_name\" content=\"G\u00e1vea News\" \/>\n<meta property=\"article:publisher\" content=\"https:\/\/facebook.com\/gaveaNews\/\" \/>\n<meta property=\"article:published_time\" content=\"2025-10-26T19:30:00+00:00\" \/>\n<meta property=\"og:image\" content=\"https:\/\/www.gaveanews.com\/wp-content\/uploads\/Coletiva-de-Palermo-tecnico-do-Fortaleza.jpg\" \/>\n\t<meta property=\"og:image:width\" content=\"1280\" \/>\n\t<meta property=\"og:image:height\" content=\"960\" \/>\n\t<meta property=\"og:image:type\" content=\"image\/jpeg\" \/>\n<meta name=\"author\" content=\"Ana Teixeira\" \/>\n<meta name=\"twitter:card\" content=\"summary_large_image\" \/>\n<meta name=\"twitter:label1\" content=\"Escrito por\" \/>\n\t<meta name=\"twitter:data1\" content=\"Ana Teixeira\" \/>\n\t<meta name=\"twitter:label2\" content=\"Est. tempo de leitura\" \/>\n\t<meta name=\"twitter:data2\" content=\"3 minutos\" \/>\n<script type=\"application\/ld+json\" class=\"yoast-schema-graph\">{\"@context\":\"https:\/\/schema.org\",\"@graph\":[{\"@type\":\"NewsArticle\",\"@id\":\"https:\/\/www.gaveanews.com\/index.php\/2025\/10\/26\/tecnico-do-fortaleza-revela-estrategia-montada-em-cima-de-jogador-do-flamengo\/#article\",\"isPartOf\":{\"@id\":\"https:\/\/www.gaveanews.com\/index.php\/2025\/10\/26\/tecnico-do-fortaleza-revela-estrategia-montada-em-cima-de-jogador-do-flamengo\/\"},\"author\":{\"name\":\"Ana Teixeira\",\"@id\":\"https:\/\/www.gaveanews.com\/#\/schema\/person\/3b19f7288b0ce20372991275e4f2e6c2\"},\"headline\":\"T\u00e9cnico do Fortaleza revela estrat\u00e9gia montada em cima de jogador do Flamengo\",\"datePublished\":\"2025-10-26T19:30:00+00:00\",\"mainEntityOfPage\":{\"@id\":\"https:\/\/www.gaveanews.com\/index.php\/2025\/10\/26\/tecnico-do-fortaleza-revela-estrategia-montada-em-cima-de-jogador-do-flamengo\/\"},\"wordCount\":503,\"commentCount\":0,\"image\":{\"@id\":\"https:\/\/www.gaveanews.com\/index.php\/2025\/10\/26\/tecnico-do-fortaleza-revela-estrategia-montada-em-cima-de-jogador-do-flamengo\/#primaryimage\"},\"thumbnailUrl\":\"https:\/\/www.gaveanews.com\/wp-content\/uploads\/Coletiva-de-Palermo-tecnico-do-Fortaleza.jpg\",\"articleSection\":[\"Flamengo\"],\"inLanguage\":\"pt-BR\",\"potentialAction\":[{\"@type\":\"CommentAction\",\"name\":\"Comment\",\"target\":[\"https:\/\/www.gaveanews.com\/index.php\/2025\/10\/26\/tecnico-do-fortaleza-revela-estrategia-montada-em-cima-de-jogador-do-flamengo\/#respond\"]}],\"copyrightYear\":\"2025\",\"copyrightHolder\":{\"@id\":\"https:\/\/www.gaveanews.com\/#organization\"}},{\"@type\":\"WebPage\",\"@id\":\"https:\/\/www.gaveanews.com\/index.php\/2025\/10\/26\/tecnico-do-fortaleza-revela-estrategia-montada-em-cima-de-jogador-do-flamengo\/\",\"url\":\"https:\/\/www.gaveanews.com\/index.php\/2025\/10\/26\/tecnico-do-fortaleza-revela-estrategia-montada-em-cima-de-jogador-do-flamengo\/\",\"name\":\"T\u00e9cnico do Fortaleza revela estrat\u00e9gia montada em cima de jogador do Flamengo\",\"isPartOf\":{\"@id\":\"https:\/\/www.gaveanews.com\/#website\"},\"primaryImageOfPage\":{\"@id\":\"https:\/\/www.gaveanews.com\/index.php\/2025\/10\/26\/tecnico-do-fortaleza-revela-estrategia-montada-em-cima-de-jogador-do-flamengo\/#primaryimage\"},\"image\":{\"@id\":\"https:\/\/www.gaveanews.com\/index.php\/2025\/10\/26\/tecnico-do-fortaleza-revela-estrategia-montada-em-cima-de-jogador-do-flamengo\/#primaryimage\"},\"thumbnailUrl\":\"https:\/\/www.gaveanews.com\/wp-content\/uploads\/Coletiva-de-Palermo-tecnico-do-Fortaleza.jpg\",\"datePublished\":\"2025-10-26T19:30:00+00:00\",\"author\":{\"@id\":\"https:\/\/www.gaveanews.com\/#\/schema\/person\/3b19f7288b0ce20372991275e4f2e6c2\"},\"breadcrumb\":{\"@id\":\"https:\/\/www.gaveanews.com\/index.php\/2025\/10\/26\/tecnico-do-fortaleza-revela-estrategia-montada-em-cima-de-jogador-do-flamengo\/#breadcrumb\"},\"inLanguage\":\"pt-BR\",\"potentialAction\":[{\"@type\":\"ReadAction\",\"target\":[\"https:\/\/www.gaveanews.com\/index.php\/2025\/10\/26\/tecnico-do-fortaleza-revela-estrategia-montada-em-cima-de-jogador-do-flamengo\/\"]}]},{\"@type\":\"ImageObject\",\"inLanguage\":\"pt-BR\",\"@id\":\"https:\/\/www.gaveanews.com\/index.php\/2025\/10\/26\/tecnico-do-fortaleza-revela-estrategia-montada-em-cima-de-jogador-do-flamengo\/#primaryimage\",\"url\":\"https:\/\/www.gaveanews.com\/wp-content\/uploads\/Coletiva-de-Palermo-tecnico-do-Fortaleza.jpg\",\"contentUrl\":\"https:\/\/www.gaveanews.com\/wp-content\/uploads\/Coletiva-de-Palermo-tecnico-do-Fortaleza.jpg\",\"width\":1280,\"height\":960,\"caption\":\"Coletiva de Palermo, t\u00e9cnico do Fortaleza (Foto: Reprodu\u00e7\u00e3o\/TV Le\u00e3o)\"},{\"@type\":\"BreadcrumbList\",\"@id\":\"https:\/\/www.gaveanews.com\/index.php\/2025\/10\/26\/tecnico-do-fortaleza-revela-estrategia-montada-em-cima-de-jogador-do-flamengo\/#breadcrumb\",\"itemListElement\":[{\"@type\":\"ListItem\",\"position\":1,\"name\":\"Home\",\"item\":\"https:\/\/www.gaveanews.com\/\"},{\"@type\":\"ListItem\",\"position\":2,\"name\":\"T\u00e9cnico do Fortaleza revela estrat\u00e9gia montada em cima de jogador do Flamengo\"}]},{\"@type\":\"WebSite\",\"@id\":\"https:\/\/www.gaveanews.com\/#website\",\"url\":\"https:\/\/www.gaveanews.com\/\",\"name\":\"G\u00e1vea News\",\"description\":\"Veja todas as not\u00edcias sobre o Flamengo: Contrata\u00e7\u00f5es, categorias de base, resultados das partidas, tabela de classifica\u00e7\u00e3o, pr\u00f3ximos jogos!\",\"potentialAction\":[{\"@type\":\"SearchAction\",\"target\":{\"@type\":\"EntryPoint\",\"urlTemplate\":\"https:\/\/www.gaveanews.com\/?s={search_term_string}\"},\"query-input\":{\"@type\":\"PropertyValueSpecification\",\"valueRequired\":true,\"valueName\":\"search_term_string\"}}],\"inLanguage\":\"pt-BR\"},{\"@type\":\"Person\",\"@id\":\"https:\/\/www.gaveanews.com\/#\/schema\/person\/3b19f7288b0ce20372991275e4f2e6c2\",\"name\":\"Ana Teixeira\",\"image\":{\"@type\":\"ImageObject\",\"inLanguage\":\"pt-BR\",\"@id\":\"https:\/\/www.gaveanews.com\/#\/schema\/person\/image\/\",\"url\":\"https:\/\/secure.gravatar.com\/avatar\/0a73f5a5258f3fed37fc2fa641892f3f7a4748456d4d4792f9bc550e6c19e06c?s=96&d=mm&r=g\",\"contentUrl\":\"https:\/\/secure.gravatar.com\/avatar\/0a73f5a5258f3fed37fc2fa641892f3f7a4748456d4d4792f9bc550e6c19e06c?s=96&d=mm&r=g\",\"caption\":\"Ana Teixeira\"}}]}<\/script>\n<!-- \/ Yoast SEO Premium plugin. -->","yoast_head_json":{"title":"T\u00e9cnico do Fortaleza revela estrat\u00e9gia montada em cima de jogador do Flamengo","robots":{"index":"index","follow":"follow","max-snippet":"max-snippet:-1","max-image-preview":"max-image-preview:large","max-video-preview":"max-video-preview:-1"},"canonical":"https:\/\/www.gaveanews.com\/index.php\/2025\/10\/26\/tecnico-do-fortaleza-revela-estrategia-montada-em-cima-de-jogador-do-flamengo\/","og_locale":"pt_BR","og_type":"article","og_title":"T\u00e9cnico do Fortaleza revela estrat\u00e9gia montada em cima de jogador do Flamengo","og_description":"O Fortaleza venceu o Flamengo por 1 a 0, nesse s\u00e1bado (25), na Arena Castel\u00e3o, pela 30\u00aa rodada do Campeonato Brasileiro. Ap\u00f3s o apito final, o t\u00e9cnico Mart\u00edn Palermo explicou o plano de jogo que levou a equipe cearense ao triunfo. Segundo o treinador, a escolha da dupla de volantes e a abordagem t\u00e1tica foram [&hellip;]","og_url":"https:\/\/www.gaveanews.com\/index.php\/2025\/10\/26\/tecnico-do-fortaleza-revela-estrategia-montada-em-cima-de-jogador-do-flamengo\/","og_site_name":"G\u00e1vea News","article_publisher":"https:\/\/facebook.com\/gaveaNews\/","article_published_time":"2025-10-26T19:30:00+00:00","og_image":[{"width":1280,"height":960,"url":"https:\/\/www.gaveanews.com\/wp-content\/uploads\/Coletiva-de-Palermo-tecnico-do-Fortaleza.jpg","type":"image\/jpeg"}],"author":"Ana Teixeira","twitter_card":"summary_large_image","twitter_misc":{"Escrito por":"Ana Teixeira","Est. tempo de leitura":"3 minutos"},"schema":{"@context":"https:\/\/schema.org","@graph":[{"@type":"NewsArticle","@id":"https:\/\/www.gaveanews.com\/index.php\/2025\/10\/26\/tecnico-do-fortaleza-revela-estrategia-montada-em-cima-de-jogador-do-flamengo\/#article","isPartOf":{"@id":"https:\/\/www.gaveanews.com\/index.php\/2025\/10\/26\/tecnico-do-fortaleza-revela-estrategia-montada-em-cima-de-jogador-do-flamengo\/"},"author":{"name":"Ana Teixeira","@id":"https:\/\/www.gaveanews.com\/#\/schema\/person\/3b19f7288b0ce20372991275e4f2e6c2"},"headline":"T\u00e9cnico do Fortaleza revela estrat\u00e9gia montada em cima de jogador do Flamengo","datePublished":"2025-10-26T19:30:00+00:00","mainEntityOfPage":{"@id":"https:\/\/www.gaveanews.com\/index.php\/2025\/10\/26\/tecnico-do-fortaleza-revela-estrategia-montada-em-cima-de-jogador-do-flamengo\/"},"wordCount":503,"commentCount":0,"image":{"@id":"https:\/\/www.gaveanews.com\/index.php\/2025\/10\/26\/tecnico-do-fortaleza-revela-estrategia-montada-em-cima-de-jogador-do-flamengo\/#primaryimage"},"thumbnailUrl":"https:\/\/www.gaveanews.com\/wp-content\/uploads\/Coletiva-de-Palermo-tecnico-do-Fortaleza.jpg","articleSection":["Flamengo"],"inLanguage":"pt-BR","potentialAction":[{"@type":"CommentAction","name":"Comment","target":["https:\/\/www.gaveanews.com\/index.php\/2025\/10\/26\/tecnico-do-fortaleza-revela-estrategia-montada-em-cima-de-jogador-do-flamengo\/#respond"]}],"copyrightYear":"2025","copyrightHolder":{"@id":"https:\/\/www.gaveanews.com\/#organization"}},{"@type":"WebPage","@id":"https:\/\/www.gaveanews.com\/index.php\/2025\/10\/26\/tecnico-do-fortaleza-revela-estrategia-montada-em-cima-de-jogador-do-flamengo\/","url":"https:\/\/www.gaveanews.com\/index.php\/2025\/10\/26\/tecnico-do-fortaleza-revela-estrategia-montada-em-cima-de-jogador-do-flamengo\/","name":"T\u00e9cnico do Fortaleza revela estrat\u00e9gia montada em cima de jogador do Flamengo","isPartOf":{"@id":"https:\/\/www.gaveanews.com\/#website"},"primaryImageOfPage":{"@id":"https:\/\/www.gaveanews.com\/index.php\/2025\/10\/26\/tecnico-do-fortaleza-revela-estrategia-montada-em-cima-de-jogador-do-flamengo\/#primaryimage"},"image":{"@id":"https:\/\/www.gaveanews.com\/index.php\/2025\/10\/26\/tecnico-do-fortaleza-revela-estrategia-montada-em-cima-de-jogador-do-flamengo\/#primaryimage"},"thumbnailUrl":"https:\/\/www.gaveanews.com\/wp-content\/uploads\/Coletiva-de-Palermo-tecnico-do-Fortaleza.jpg","datePublished":"2025-10-26T19:30:00+00:00","author":{"@id":"https:\/\/www.gaveanews.com\/#\/schema\/person\/3b19f7288b0ce20372991275e4f2e6c2"},"breadcrumb":{"@id":"https:\/\/www.gaveanews.com\/index.php\/2025\/10\/26\/tecnico-do-fortaleza-revela-estrategia-montada-em-cima-de-jogador-do-flamengo\/#breadcrumb"},"inLanguage":"pt-BR","potentialAction":[{"@type":"ReadAction","target":["https:\/\/www.gaveanews.com\/index.php\/2025\/10\/26\/tecnico-do-fortaleza-revela-estrategia-montada-em-cima-de-jogador-do-flamengo\/"]}]},{"@type":"ImageObject","inLanguage":"pt-BR","@id":"https:\/\/www.gaveanews.com\/index.php\/2025\/10\/26\/tecnico-do-fortaleza-revela-estrategia-montada-em-cima-de-jogador-do-flamengo\/#primaryimage","url":"https:\/\/www.gaveanews.com\/wp-content\/uploads\/Coletiva-de-Palermo-tecnico-do-Fortaleza.jpg","contentUrl":"https:\/\/www.gaveanews.com\/wp-content\/uploads\/Coletiva-de-Palermo-tecnico-do-Fortaleza.jpg","width":1280,"height":960,"caption":"Coletiva de Palermo, t\u00e9cnico do Fortaleza (Foto: Reprodu\u00e7\u00e3o\/TV Le\u00e3o)"},{"@type":"BreadcrumbList","@id":"https:\/\/www.gaveanews.com\/index.php\/2025\/10\/26\/tecnico-do-fortaleza-revela-estrategia-montada-em-cima-de-jogador-do-flamengo\/#breadcrumb","itemListElement":[{"@type":"ListItem","position":1,"name":"Home","item":"https:\/\/www.gaveanews.com\/"},{"@type":"ListItem","position":2,"name":"T\u00e9cnico do Fortaleza revela estrat\u00e9gia montada em cima de jogador do Flamengo"}]},{"@type":"WebSite","@id":"https:\/\/www.gaveanews.com\/#website","url":"https:\/\/www.gaveanews.com\/","name":"G\u00e1vea News","description":"Veja todas as not\u00edcias sobre o Flamengo: Contrata\u00e7\u00f5es, categorias de base, resultados das partidas, tabela de classifica\u00e7\u00e3o, pr\u00f3ximos jogos!","potentialAction":[{"@type":"SearchAction","target":{"@type":"EntryPoint","urlTemplate":"https:\/\/www.gaveanews.com\/?s={search_term_string}"},"query-input":{"@type":"PropertyValueSpecification","valueRequired":true,"valueName":"search_term_string"}}],"inLanguage":"pt-BR"},{"@type":"Person","@id":"https:\/\/www.gaveanews.com\/#\/schema\/person\/3b19f7288b0ce20372991275e4f2e6c2","name":"Ana Teixeira","image":{"@type":"ImageObject","inLanguage":"pt-BR","@id":"https:\/\/www.gaveanews.com\/#\/schema\/person\/image\/","url":"https:\/\/secure.gravatar.com\/avatar\/0a73f5a5258f3fed37fc2fa641892f3f7a4748456d4d4792f9bc550e6c19e06c?s=96&d=mm&r=g","contentUrl":"https:\/\/secure.gravatar.com\/avatar\/0a73f5a5258f3fed37fc2fa641892f3f7a4748456d4d4792f9bc550e6c19e06c?s=96&d=mm&r=g","caption":"Ana Teixeira"}}]}},"_links":{"self":[{"href":"https:\/\/www.gaveanews.com\/index.php\/wp-json\/wp\/v2\/posts\/279335","targetHints":{"allow":["GET"]}}],"collection":[{"href":"https:\/\/www.gaveanews.com\/index.php\/wp-json\/wp\/v2\/posts"}],"about":[{"href":"https:\/\/www.gaveanews.com\/index.php\/wp-json\/wp\/v2\/types\/post"}],"author":[{"embeddable":true,"href":"https:\/\/www.gaveanews.com\/index.php\/wp-json\/wp\/v2\/users\/30"}],"replies":[{"embeddable":true,"href":"https:\/\/www.gaveanews.com\/index.php\/wp-json\/wp\/v2\/comments?post=279335"}],"version-history":[{"count":1,"href":"https:\/\/www.gaveanews.com\/index.php\/wp-json\/wp\/v2\/posts\/279335\/revisions"}],"predecessor-version":[{"id":279337,"href":"https:\/\/www.gaveanews.com\/index.php\/wp-json\/wp\/v2\/posts\/279335\/revisions\/279337"}],"wp:featuredmedia":[{"embeddable":true,"href":"https:\/\/www.gaveanews.com\/index.php\/wp-json\/wp\/v2\/media\/279336"}],"wp:attachment":[{"href":"https:\/\/www.gaveanews.com\/index.php\/wp-json\/wp\/v2\/media?parent=279335"}],"wp:term":[{"taxonomy":"category","embeddable":true,"href":"https:\/\/www.gaveanews.com\/index.php\/wp-json\/wp\/v2\/categories?post=279335"},{"taxonomy":"post_tag","embeddable":true,"href":"https:\/\/www.gaveanews.com\/index.php\/wp-json\/wp\/v2\/tags?post=279335"}],"curies":[{"name":"wp","href":"https:\/\/api.w.org\/{rel}","templated":true}]}}