{"id":279338,"date":"2025-10-26T17:00:00","date_gmt":"2025-10-26T20:00:00","guid":{"rendered":"https:\/\/www.gaveanews.com\/?p=279338"},"modified":"2025-10-26T15:49:01","modified_gmt":"2025-10-26T18:49:01","slug":"jornalista-da-globo-diz-que-flamengo-entrou-em-outra-rotacao-contra-o-fortaleza","status":"publish","type":"post","link":"https:\/\/www.gaveanews.com\/index.php\/2025\/10\/26\/jornalista-da-globo-diz-que-flamengo-entrou-em-outra-rotacao-contra-o-fortaleza\/","title":{"rendered":"Jornalista da Globo diz que Flamengo entrou &#8220;em outra rota\u00e7\u00e3o&#8221; contra o Fortaleza"},"content":{"rendered":"\n<p>A derrota por 1 a 0 para o Fortaleza, no s\u00e1bado (25), na Arena Castel\u00e3o, levantou questionamentos sobre o comportamento do Flamengo em campo. A atua\u00e7\u00e3o abaixo do esperado impediu o time de alcan\u00e7ar a lideran\u00e7a do Brasileir\u00e3o, mesmo com chance real de pressionar o Palmeiras na parte alta da tabela. <\/p>\n\n\n\n<p>Para o jornalista Eric Faria, a equipe carioca n\u00e3o interpretou corretamente a proposta do advers\u00e1rio e entrou em campo em ritmo diferente do necess\u00e1rio.<\/p>\n\n\n\n<p>O jornalista apontou que o Fortaleza, comandado por Mart\u00edn Palermo, montou uma estrat\u00e9gia clara: ceder a posse de bola ao Flamengo e explorar os erros em contra-ataques. A execu\u00e7\u00e3o foi bem-sucedida e resultou no gol da vit\u00f3ria ainda no primeiro tempo, ap\u00f3s erro na sa\u00edda de bola rubro-negra.<\/p>\n\n\n\n<p>&#8220;O Fortaleza tra\u00e7ou uma estrat\u00e9gia de dar a bola e apostar no erro do Flamengo para contra-atacar, e foi muito bem-sucedido. Conseguiu tra\u00e7ar um plano e executar bem esse plano. E o Flamengo, ao contr\u00e1rio, se exp\u00f4s demais, entrou em campo de um jeito&#8230; Em outra rota\u00e7\u00e3o, digamos assim, n\u00e9? Talvez n\u00e3o na rota\u00e7\u00e3o que a partida exigisse&#8221;, analisou Eric Faria.<\/p>\n\n\n\n<h3 class=\"wp-block-heading\" id=\"h-comparacoes-com-outros-jogos-e-impacto-dos-erros\">Compara\u00e7\u00f5es com outros jogos e impacto dos erros<\/h3>\n\n\n\n<p>Faria ainda comparou o desempenho do Flamengo com atua\u00e7\u00f5es recentes. Para ele, o primeiro tempo contra o Fortaleza lembrou o in\u00edcio de jogo diante do Corinthians, em S\u00e3o Paulo, quando o time tamb\u00e9m teve dificuldade de adapta\u00e7\u00e3o. <\/p>\n\n\n\n<p>Naquela ocasi\u00e3o, a equipe conseguiu reagir e vencer, o que n\u00e3o se repetiu neste fim de semana.<\/p>\n\n\n\n<p>&#8220;Eu acho que o Flamengo fez uma leitura errada ao entrar em campo. E a\u00ed, a consequ\u00eancia disso \u00e9 o primeiro tempo muito abaixo, foi o primeiro tempo do n\u00edvel que o Flamengo fez contra o Corinthians, por exemplo. Muito abaixo&#8221;. \u00c9 que naquele dia, na Neo Qu\u00edmica Arena, o Corinthians teve as chances e n\u00e3o fez. E o Fortaleza, dessa vez, teve as chances e fez&#8221;, afirmou o comentarista.<\/p>\n\n\n\n<h3 class=\"wp-block-heading\" id=\"h-pontos-perdidos-e-alerta-na-disputa-pelo-titulo\">Pontos perdidos e alerta na disputa pelo t\u00edtulo<\/h3>\n\n\n\n<p>Al\u00e9m da an\u00e1lise de desempenho, Eric destacou a relev\u00e2ncia dos pontos desperdi\u00e7ados nesta reta final. Diante de um Palmeiras que, segundo ele, comete menos erros nesse tipo de confronto, qualquer trope\u00e7o pode ser decisivo na briga pelo t\u00edtulo brasileiro.<\/p>\n\n\n\n<p>&#8220;Eu acho que foi uma partida bem ruim do Flamengo para quem est\u00e1 disputando o t\u00edtulo contra o Palmeiras, que \u00e9 uma equipe que erra pouco nesse tipo de jogo, por exemplo. Erra menos do que o Flamengo erra. E talvez essa pontua\u00e7\u00e3o a\u00ed fa\u00e7a falta mais ali na frente&#8221;, completou.<\/p>\n\n\n\n<h3 class=\"wp-block-heading\" id=\"h-desorganizacao-ofensiva-e-demora-para-reagir\">Desorganiza\u00e7\u00e3o ofensiva e demora para reagir<\/h3>\n\n\n\n<p>Dentro de campo, o Flamengo apresentou dificuldades no setor ofensivo. Sem Pedro, lesionado, o t\u00e9cnico Filipe Lu\u00eds optou por Bruno Henrique, mas viu o ataque cometer muitos erros, principalmente no primeiro tempo. <\/p>\n\n\n\n<p>A insist\u00eancia em jogadas pelo centro facilitou a marca\u00e7\u00e3o do Fortaleza, que apostou em blocos baixos e transi\u00e7\u00f5es r\u00e1pidas. A equipe s\u00f3 demonstrou rea\u00e7\u00e3o nos minutos finais da primeira etapa, especialmente ap\u00f3s maior participa\u00e7\u00e3o de Jorginho. <\/p>\n\n\n\n<p>Ainda assim, o time seguiu desorganizado, com falhas na recomposi\u00e7\u00e3o defensiva e sem efici\u00eancia no ter\u00e7o final do campo.<\/p>\n\n\n\n<h3 class=\"wp-block-heading\" id=\"h-situacao-na-tabela-e-proximos-compromissos\">Situa\u00e7\u00e3o na tabela e pr\u00f3ximos compromissos<\/h3>\n\n\n\n<p>O Flamengo permaneceu com 61 pontos, mesma pontua\u00e7\u00e3o do Palmeiras, que ainda joga neste domingo (26), contra o Cruzeiro, no Allianz Parque. <\/p>\n\n\n\n<p>Um triunfo da equipe mineira seria o resultado mais favor\u00e1vel ao clube carioca, mesmo que aproxime os cruzeirenses da parte de cima da tabela.<\/p>\n\n\n\n<p>O pr\u00f3ximo compromisso do Rubro-Negro ser\u00e1 na quarta-feira (29), \u00e0s 21h30 (de Bras\u00edlia), contra o Racing, na Argentina, pela volta da semifinal da Libertadores. A equipe entra em campo com a vantagem do empate para avan\u00e7ar \u00e0 final continental.<\/p>\n","protected":false},"excerpt":{"rendered":"<p>A derrota por 1 a 0 para o Fortaleza, no s\u00e1bado (25), na Arena Castel\u00e3o, levantou questionamentos sobre o comportamento do Flamengo em campo. A atua\u00e7\u00e3o abaixo do esperado impediu o time de alcan\u00e7ar a lideran\u00e7a do Brasileir\u00e3o, mesmo com chance real de pressionar o Palmeiras na parte alta da tabela. Para o jornalista Eric [&hellip;]<\/p>\n","protected":false},"author":30,"featured_media":279324,"comment_status":"open","ping_status":"closed","sticky":false,"template":"","format":"standard","meta":{"footnotes":""},"categories":[1],"tags":[],"class_list":["post-279338","post","type-post","status-publish","format-standard","has-post-thumbnail","hentry","category-flamengo"],"yoast_head":"<!-- This site is optimized with the Yoast SEO Premium plugin v24.2 (Yoast SEO v26.9) - https:\/\/yoast.com\/product\/yoast-seo-premium-wordpress\/ -->\n<title>Jornalista da Globo diz que Flamengo entrou &quot;em outra rota\u00e7\u00e3o&quot; contra o Fortaleza<\/title>\n<meta name=\"robots\" content=\"index, follow, max-snippet:-1, max-image-preview:large, max-video-preview:-1\" \/>\n<link rel=\"canonical\" href=\"https:\/\/www.gaveanews.com\/index.php\/2025\/10\/26\/jornalista-da-globo-diz-que-flamengo-entrou-em-outra-rotacao-contra-o-fortaleza\/\" \/>\n<meta property=\"og:locale\" content=\"pt_BR\" \/>\n<meta property=\"og:type\" content=\"article\" \/>\n<meta property=\"og:title\" content=\"Jornalista da Globo diz que Flamengo entrou &quot;em outra rota\u00e7\u00e3o&quot; contra o Fortaleza\" \/>\n<meta property=\"og:description\" content=\"A derrota por 1 a 0 para o Fortaleza, no s\u00e1bado (25), na Arena Castel\u00e3o, levantou questionamentos sobre o comportamento do Flamengo em campo. A atua\u00e7\u00e3o abaixo do esperado impediu o time de alcan\u00e7ar a lideran\u00e7a do Brasileir\u00e3o, mesmo com chance real de pressionar o Palmeiras na parte alta da tabela. Para o jornalista Eric [&hellip;]\" \/>\n<meta property=\"og:url\" content=\"https:\/\/www.gaveanews.com\/index.php\/2025\/10\/26\/jornalista-da-globo-diz-que-flamengo-entrou-em-outra-rotacao-contra-o-fortaleza\/\" \/>\n<meta property=\"og:site_name\" content=\"G\u00e1vea News\" \/>\n<meta property=\"article:publisher\" content=\"https:\/\/facebook.com\/gaveaNews\/\" \/>\n<meta property=\"article:published_time\" content=\"2025-10-26T20:00:00+00:00\" \/>\n<meta property=\"og:image\" content=\"https:\/\/www.gaveanews.com\/wp-content\/uploads\/Samuel-Lino-em-derrota-para-o-Fortaleza-na-Arena-Castelao.jpg\" \/>\n\t<meta property=\"og:image:width\" content=\"1280\" \/>\n\t<meta property=\"og:image:height\" content=\"960\" \/>\n\t<meta property=\"og:image:type\" content=\"image\/jpeg\" \/>\n<meta name=\"author\" content=\"Ana Teixeira\" \/>\n<meta name=\"twitter:card\" content=\"summary_large_image\" \/>\n<meta name=\"twitter:label1\" content=\"Escrito por\" \/>\n\t<meta name=\"twitter:data1\" content=\"Ana Teixeira\" \/>\n\t<meta name=\"twitter:label2\" content=\"Est. tempo de leitura\" \/>\n\t<meta name=\"twitter:data2\" content=\"4 minutos\" \/>\n<script type=\"application\/ld+json\" class=\"yoast-schema-graph\">{\"@context\":\"https:\/\/schema.org\",\"@graph\":[{\"@type\":\"NewsArticle\",\"@id\":\"https:\/\/www.gaveanews.com\/index.php\/2025\/10\/26\/jornalista-da-globo-diz-que-flamengo-entrou-em-outra-rotacao-contra-o-fortaleza\/#article\",\"isPartOf\":{\"@id\":\"https:\/\/www.gaveanews.com\/index.php\/2025\/10\/26\/jornalista-da-globo-diz-que-flamengo-entrou-em-outra-rotacao-contra-o-fortaleza\/\"},\"author\":{\"name\":\"Ana Teixeira\",\"@id\":\"https:\/\/www.gaveanews.com\/#\/schema\/person\/3b19f7288b0ce20372991275e4f2e6c2\"},\"headline\":\"Jornalista da Globo diz que Flamengo entrou &#8220;em outra rota\u00e7\u00e3o&#8221; contra o Fortaleza\",\"datePublished\":\"2025-10-26T20:00:00+00:00\",\"mainEntityOfPage\":{\"@id\":\"https:\/\/www.gaveanews.com\/index.php\/2025\/10\/26\/jornalista-da-globo-diz-que-flamengo-entrou-em-outra-rotacao-contra-o-fortaleza\/\"},\"wordCount\":667,\"commentCount\":0,\"image\":{\"@id\":\"https:\/\/www.gaveanews.com\/index.php\/2025\/10\/26\/jornalista-da-globo-diz-que-flamengo-entrou-em-outra-rotacao-contra-o-fortaleza\/#primaryimage\"},\"thumbnailUrl\":\"https:\/\/www.gaveanews.com\/wp-content\/uploads\/Samuel-Lino-em-derrota-para-o-Fortaleza-na-Arena-Castelao.jpg\",\"articleSection\":[\"Flamengo\"],\"inLanguage\":\"pt-BR\",\"potentialAction\":[{\"@type\":\"CommentAction\",\"name\":\"Comment\",\"target\":[\"https:\/\/www.gaveanews.com\/index.php\/2025\/10\/26\/jornalista-da-globo-diz-que-flamengo-entrou-em-outra-rotacao-contra-o-fortaleza\/#respond\"]}],\"copyrightYear\":\"2025\",\"copyrightHolder\":{\"@id\":\"https:\/\/www.gaveanews.com\/#organization\"}},{\"@type\":\"WebPage\",\"@id\":\"https:\/\/www.gaveanews.com\/index.php\/2025\/10\/26\/jornalista-da-globo-diz-que-flamengo-entrou-em-outra-rotacao-contra-o-fortaleza\/\",\"url\":\"https:\/\/www.gaveanews.com\/index.php\/2025\/10\/26\/jornalista-da-globo-diz-que-flamengo-entrou-em-outra-rotacao-contra-o-fortaleza\/\",\"name\":\"Jornalista da Globo diz que Flamengo entrou \\\"em outra rota\u00e7\u00e3o\\\" contra o Fortaleza\",\"isPartOf\":{\"@id\":\"https:\/\/www.gaveanews.com\/#website\"},\"primaryImageOfPage\":{\"@id\":\"https:\/\/www.gaveanews.com\/index.php\/2025\/10\/26\/jornalista-da-globo-diz-que-flamengo-entrou-em-outra-rotacao-contra-o-fortaleza\/#primaryimage\"},\"image\":{\"@id\":\"https:\/\/www.gaveanews.com\/index.php\/2025\/10\/26\/jornalista-da-globo-diz-que-flamengo-entrou-em-outra-rotacao-contra-o-fortaleza\/#primaryimage\"},\"thumbnailUrl\":\"https:\/\/www.gaveanews.com\/wp-content\/uploads\/Samuel-Lino-em-derrota-para-o-Fortaleza-na-Arena-Castelao.jpg\",\"datePublished\":\"2025-10-26T20:00:00+00:00\",\"author\":{\"@id\":\"https:\/\/www.gaveanews.com\/#\/schema\/person\/3b19f7288b0ce20372991275e4f2e6c2\"},\"breadcrumb\":{\"@id\":\"https:\/\/www.gaveanews.com\/index.php\/2025\/10\/26\/jornalista-da-globo-diz-que-flamengo-entrou-em-outra-rotacao-contra-o-fortaleza\/#breadcrumb\"},\"inLanguage\":\"pt-BR\",\"potentialAction\":[{\"@type\":\"ReadAction\",\"target\":[\"https:\/\/www.gaveanews.com\/index.php\/2025\/10\/26\/jornalista-da-globo-diz-que-flamengo-entrou-em-outra-rotacao-contra-o-fortaleza\/\"]}]},{\"@type\":\"ImageObject\",\"inLanguage\":\"pt-BR\",\"@id\":\"https:\/\/www.gaveanews.com\/index.php\/2025\/10\/26\/jornalista-da-globo-diz-que-flamengo-entrou-em-outra-rotacao-contra-o-fortaleza\/#primaryimage\",\"url\":\"https:\/\/www.gaveanews.com\/wp-content\/uploads\/Samuel-Lino-em-derrota-para-o-Fortaleza-na-Arena-Castelao.jpg\",\"contentUrl\":\"https:\/\/www.gaveanews.com\/wp-content\/uploads\/Samuel-Lino-em-derrota-para-o-Fortaleza-na-Arena-Castelao.jpg\",\"width\":1280,\"height\":960,\"caption\":\"Samuel Lino em derrota para o Fortaleza, na Arena Castel\u00e3o (Foto: Gilvan de Souza\/CRF)\"},{\"@type\":\"BreadcrumbList\",\"@id\":\"https:\/\/www.gaveanews.com\/index.php\/2025\/10\/26\/jornalista-da-globo-diz-que-flamengo-entrou-em-outra-rotacao-contra-o-fortaleza\/#breadcrumb\",\"itemListElement\":[{\"@type\":\"ListItem\",\"position\":1,\"name\":\"Home\",\"item\":\"https:\/\/www.gaveanews.com\/\"},{\"@type\":\"ListItem\",\"position\":2,\"name\":\"Jornalista da Globo diz que Flamengo entrou &#8220;em outra rota\u00e7\u00e3o&#8221; contra o Fortaleza\"}]},{\"@type\":\"WebSite\",\"@id\":\"https:\/\/www.gaveanews.com\/#website\",\"url\":\"https:\/\/www.gaveanews.com\/\",\"name\":\"G\u00e1vea News\",\"description\":\"Veja todas as not\u00edcias sobre o Flamengo: Contrata\u00e7\u00f5es, categorias de base, resultados das partidas, tabela de classifica\u00e7\u00e3o, pr\u00f3ximos jogos!\",\"potentialAction\":[{\"@type\":\"SearchAction\",\"target\":{\"@type\":\"EntryPoint\",\"urlTemplate\":\"https:\/\/www.gaveanews.com\/?s={search_term_string}\"},\"query-input\":{\"@type\":\"PropertyValueSpecification\",\"valueRequired\":true,\"valueName\":\"search_term_string\"}}],\"inLanguage\":\"pt-BR\"},{\"@type\":\"Person\",\"@id\":\"https:\/\/www.gaveanews.com\/#\/schema\/person\/3b19f7288b0ce20372991275e4f2e6c2\",\"name\":\"Ana Teixeira\",\"image\":{\"@type\":\"ImageObject\",\"inLanguage\":\"pt-BR\",\"@id\":\"https:\/\/www.gaveanews.com\/#\/schema\/person\/image\/\",\"url\":\"https:\/\/secure.gravatar.com\/avatar\/0a73f5a5258f3fed37fc2fa641892f3f7a4748456d4d4792f9bc550e6c19e06c?s=96&d=mm&r=g\",\"contentUrl\":\"https:\/\/secure.gravatar.com\/avatar\/0a73f5a5258f3fed37fc2fa641892f3f7a4748456d4d4792f9bc550e6c19e06c?s=96&d=mm&r=g\",\"caption\":\"Ana Teixeira\"}}]}<\/script>\n<!-- \/ Yoast SEO Premium plugin. -->","yoast_head_json":{"title":"Jornalista da Globo diz que Flamengo entrou \"em outra rota\u00e7\u00e3o\" contra o Fortaleza","robots":{"index":"index","follow":"follow","max-snippet":"max-snippet:-1","max-image-preview":"max-image-preview:large","max-video-preview":"max-video-preview:-1"},"canonical":"https:\/\/www.gaveanews.com\/index.php\/2025\/10\/26\/jornalista-da-globo-diz-que-flamengo-entrou-em-outra-rotacao-contra-o-fortaleza\/","og_locale":"pt_BR","og_type":"article","og_title":"Jornalista da Globo diz que Flamengo entrou \"em outra rota\u00e7\u00e3o\" contra o Fortaleza","og_description":"A derrota por 1 a 0 para o Fortaleza, no s\u00e1bado (25), na Arena Castel\u00e3o, levantou questionamentos sobre o comportamento do Flamengo em campo. A atua\u00e7\u00e3o abaixo do esperado impediu o time de alcan\u00e7ar a lideran\u00e7a do Brasileir\u00e3o, mesmo com chance real de pressionar o Palmeiras na parte alta da tabela. Para o jornalista Eric [&hellip;]","og_url":"https:\/\/www.gaveanews.com\/index.php\/2025\/10\/26\/jornalista-da-globo-diz-que-flamengo-entrou-em-outra-rotacao-contra-o-fortaleza\/","og_site_name":"G\u00e1vea News","article_publisher":"https:\/\/facebook.com\/gaveaNews\/","article_published_time":"2025-10-26T20:00:00+00:00","og_image":[{"width":1280,"height":960,"url":"https:\/\/www.gaveanews.com\/wp-content\/uploads\/Samuel-Lino-em-derrota-para-o-Fortaleza-na-Arena-Castelao.jpg","type":"image\/jpeg"}],"author":"Ana Teixeira","twitter_card":"summary_large_image","twitter_misc":{"Escrito por":"Ana Teixeira","Est. tempo de leitura":"4 minutos"},"schema":{"@context":"https:\/\/schema.org","@graph":[{"@type":"NewsArticle","@id":"https:\/\/www.gaveanews.com\/index.php\/2025\/10\/26\/jornalista-da-globo-diz-que-flamengo-entrou-em-outra-rotacao-contra-o-fortaleza\/#article","isPartOf":{"@id":"https:\/\/www.gaveanews.com\/index.php\/2025\/10\/26\/jornalista-da-globo-diz-que-flamengo-entrou-em-outra-rotacao-contra-o-fortaleza\/"},"author":{"name":"Ana Teixeira","@id":"https:\/\/www.gaveanews.com\/#\/schema\/person\/3b19f7288b0ce20372991275e4f2e6c2"},"headline":"Jornalista da Globo diz que Flamengo entrou &#8220;em outra rota\u00e7\u00e3o&#8221; contra o Fortaleza","datePublished":"2025-10-26T20:00:00+00:00","mainEntityOfPage":{"@id":"https:\/\/www.gaveanews.com\/index.php\/2025\/10\/26\/jornalista-da-globo-diz-que-flamengo-entrou-em-outra-rotacao-contra-o-fortaleza\/"},"wordCount":667,"commentCount":0,"image":{"@id":"https:\/\/www.gaveanews.com\/index.php\/2025\/10\/26\/jornalista-da-globo-diz-que-flamengo-entrou-em-outra-rotacao-contra-o-fortaleza\/#primaryimage"},"thumbnailUrl":"https:\/\/www.gaveanews.com\/wp-content\/uploads\/Samuel-Lino-em-derrota-para-o-Fortaleza-na-Arena-Castelao.jpg","articleSection":["Flamengo"],"inLanguage":"pt-BR","potentialAction":[{"@type":"CommentAction","name":"Comment","target":["https:\/\/www.gaveanews.com\/index.php\/2025\/10\/26\/jornalista-da-globo-diz-que-flamengo-entrou-em-outra-rotacao-contra-o-fortaleza\/#respond"]}],"copyrightYear":"2025","copyrightHolder":{"@id":"https:\/\/www.gaveanews.com\/#organization"}},{"@type":"WebPage","@id":"https:\/\/www.gaveanews.com\/index.php\/2025\/10\/26\/jornalista-da-globo-diz-que-flamengo-entrou-em-outra-rotacao-contra-o-fortaleza\/","url":"https:\/\/www.gaveanews.com\/index.php\/2025\/10\/26\/jornalista-da-globo-diz-que-flamengo-entrou-em-outra-rotacao-contra-o-fortaleza\/","name":"Jornalista da Globo diz que Flamengo entrou \"em outra rota\u00e7\u00e3o\" contra o Fortaleza","isPartOf":{"@id":"https:\/\/www.gaveanews.com\/#website"},"primaryImageOfPage":{"@id":"https:\/\/www.gaveanews.com\/index.php\/2025\/10\/26\/jornalista-da-globo-diz-que-flamengo-entrou-em-outra-rotacao-contra-o-fortaleza\/#primaryimage"},"image":{"@id":"https:\/\/www.gaveanews.com\/index.php\/2025\/10\/26\/jornalista-da-globo-diz-que-flamengo-entrou-em-outra-rotacao-contra-o-fortaleza\/#primaryimage"},"thumbnailUrl":"https:\/\/www.gaveanews.com\/wp-content\/uploads\/Samuel-Lino-em-derrota-para-o-Fortaleza-na-Arena-Castelao.jpg","datePublished":"2025-10-26T20:00:00+00:00","author":{"@id":"https:\/\/www.gaveanews.com\/#\/schema\/person\/3b19f7288b0ce20372991275e4f2e6c2"},"breadcrumb":{"@id":"https:\/\/www.gaveanews.com\/index.php\/2025\/10\/26\/jornalista-da-globo-diz-que-flamengo-entrou-em-outra-rotacao-contra-o-fortaleza\/#breadcrumb"},"inLanguage":"pt-BR","potentialAction":[{"@type":"ReadAction","target":["https:\/\/www.gaveanews.com\/index.php\/2025\/10\/26\/jornalista-da-globo-diz-que-flamengo-entrou-em-outra-rotacao-contra-o-fortaleza\/"]}]},{"@type":"ImageObject","inLanguage":"pt-BR","@id":"https:\/\/www.gaveanews.com\/index.php\/2025\/10\/26\/jornalista-da-globo-diz-que-flamengo-entrou-em-outra-rotacao-contra-o-fortaleza\/#primaryimage","url":"https:\/\/www.gaveanews.com\/wp-content\/uploads\/Samuel-Lino-em-derrota-para-o-Fortaleza-na-Arena-Castelao.jpg","contentUrl":"https:\/\/www.gaveanews.com\/wp-content\/uploads\/Samuel-Lino-em-derrota-para-o-Fortaleza-na-Arena-Castelao.jpg","width":1280,"height":960,"caption":"Samuel Lino em derrota para o Fortaleza, na Arena Castel\u00e3o (Foto: Gilvan de Souza\/CRF)"},{"@type":"BreadcrumbList","@id":"https:\/\/www.gaveanews.com\/index.php\/2025\/10\/26\/jornalista-da-globo-diz-que-flamengo-entrou-em-outra-rotacao-contra-o-fortaleza\/#breadcrumb","itemListElement":[{"@type":"ListItem","position":1,"name":"Home","item":"https:\/\/www.gaveanews.com\/"},{"@type":"ListItem","position":2,"name":"Jornalista da Globo diz que Flamengo entrou &#8220;em outra rota\u00e7\u00e3o&#8221; contra o Fortaleza"}]},{"@type":"WebSite","@id":"https:\/\/www.gaveanews.com\/#website","url":"https:\/\/www.gaveanews.com\/","name":"G\u00e1vea News","description":"Veja todas as not\u00edcias sobre o Flamengo: Contrata\u00e7\u00f5es, categorias de base, resultados das partidas, tabela de classifica\u00e7\u00e3o, pr\u00f3ximos jogos!","potentialAction":[{"@type":"SearchAction","target":{"@type":"EntryPoint","urlTemplate":"https:\/\/www.gaveanews.com\/?s={search_term_string}"},"query-input":{"@type":"PropertyValueSpecification","valueRequired":true,"valueName":"search_term_string"}}],"inLanguage":"pt-BR"},{"@type":"Person","@id":"https:\/\/www.gaveanews.com\/#\/schema\/person\/3b19f7288b0ce20372991275e4f2e6c2","name":"Ana Teixeira","image":{"@type":"ImageObject","inLanguage":"pt-BR","@id":"https:\/\/www.gaveanews.com\/#\/schema\/person\/image\/","url":"https:\/\/secure.gravatar.com\/avatar\/0a73f5a5258f3fed37fc2fa641892f3f7a4748456d4d4792f9bc550e6c19e06c?s=96&d=mm&r=g","contentUrl":"https:\/\/secure.gravatar.com\/avatar\/0a73f5a5258f3fed37fc2fa641892f3f7a4748456d4d4792f9bc550e6c19e06c?s=96&d=mm&r=g","caption":"Ana Teixeira"}}]}},"_links":{"self":[{"href":"https:\/\/www.gaveanews.com\/index.php\/wp-json\/wp\/v2\/posts\/279338","targetHints":{"allow":["GET"]}}],"collection":[{"href":"https:\/\/www.gaveanews.com\/index.php\/wp-json\/wp\/v2\/posts"}],"about":[{"href":"https:\/\/www.gaveanews.com\/index.php\/wp-json\/wp\/v2\/types\/post"}],"author":[{"embeddable":true,"href":"https:\/\/www.gaveanews.com\/index.php\/wp-json\/wp\/v2\/users\/30"}],"replies":[{"embeddable":true,"href":"https:\/\/www.gaveanews.com\/index.php\/wp-json\/wp\/v2\/comments?post=279338"}],"version-history":[{"count":1,"href":"https:\/\/www.gaveanews.com\/index.php\/wp-json\/wp\/v2\/posts\/279338\/revisions"}],"predecessor-version":[{"id":279339,"href":"https:\/\/www.gaveanews.com\/index.php\/wp-json\/wp\/v2\/posts\/279338\/revisions\/279339"}],"wp:featuredmedia":[{"embeddable":true,"href":"https:\/\/www.gaveanews.com\/index.php\/wp-json\/wp\/v2\/media\/279324"}],"wp:attachment":[{"href":"https:\/\/www.gaveanews.com\/index.php\/wp-json\/wp\/v2\/media?parent=279338"}],"wp:term":[{"taxonomy":"category","embeddable":true,"href":"https:\/\/www.gaveanews.com\/index.php\/wp-json\/wp\/v2\/categories?post=279338"},{"taxonomy":"post_tag","embeddable":true,"href":"https:\/\/www.gaveanews.com\/index.php\/wp-json\/wp\/v2\/tags?post=279338"}],"curies":[{"name":"wp","href":"https:\/\/api.w.org\/{rel}","templated":true}]}}