{"id":279354,"date":"2025-10-26T20:30:00","date_gmt":"2025-10-26T23:30:00","guid":{"rendered":"https:\/\/www.gaveanews.com\/?p=279354"},"modified":"2025-10-26T17:40:50","modified_gmt":"2025-10-26T20:40:50","slug":"site-afirma-que-flamengo-fez-contato-por-jogador-do-real-madrid","status":"publish","type":"post","link":"https:\/\/www.gaveanews.com\/index.php\/2025\/10\/26\/site-afirma-que-flamengo-fez-contato-por-jogador-do-real-madrid\/","title":{"rendered":"Site afirma que Flamengo fez contato por jogador do Real Madrid"},"content":{"rendered":"\n<p>O Flamengo fez uma consulta recente pela situa\u00e7\u00e3o de Endrick, atacante do Real Madrid, visando um poss\u00edvel empr\u00e9stimo para 2026. A informa\u00e7\u00e3o foi revelada pelo jornalista Fabr\u00edcio Lopes e repercutida pelo portal <em>BolaVip<\/em>. <\/p>\n\n\n\n<p>A dire\u00e7\u00e3o rubro-negra enxerga a necessidade de refor\u00e7ar o setor ofensivo e avaliou o nome do ex-palmeirense como op\u00e7\u00e3o vi\u00e1vel para o futuro.<\/p>\n\n\n\n<p>Segundo a apura\u00e7\u00e3o, Filipe Lu\u00eds teria manifestado interesse pessoal na chegada do jovem atacante. O clube realizou um contato informal para entender as condi\u00e7\u00f5es de um eventual empr\u00e9stimo, j\u00e1 ciente de que o Real Madrid pode liberar o jogador em 2026 para que ele ganhe minutos em campo.<\/p>\n\n\n\n<p>No entanto, o retorno ao futebol brasileiro est\u00e1 fora dos planos de Endrick e de seus representantes. A prioridade do jogador \u00e9 permanecer na Europa e buscar espa\u00e7o em clubes que disputem competi\u00e7\u00f5es de alto n\u00edvel, como a Liga dos Campe\u00f5es.<\/p>\n\n\n\n<p>&#8220;O Filipe Lu\u00eds adoraria ter o Endrick e o Flamengo chegou a fazer uma consulta&#8221;, revelou Fabr\u00edcio Lopes. &#8220;S\u00f3 que apesar dele saber que o Real Madrid quer emprest\u00e1-lo, o Endrick n\u00e3o aceita sair da Europa agora&#8221;, completou o setorista.<\/p>\n\n\n\n<h3 class=\"wp-block-heading\" id=\"h-situacao-atual-do-atacante-no-real-madrid\">Situa\u00e7\u00e3o atual do atacante no Real Madrid<\/h3>\n\n\n\n<p>Endrick ainda n\u00e3o estreou sob o comando de Xabi Alonso, apesar de j\u00e1 estar integrado ao elenco profissional ap\u00f3s o per\u00edodo de recupera\u00e7\u00e3o da les\u00e3o. <\/p>\n\n\n\n<p>At\u00e9 aqui, ali\u00e1s, ele \u00e9 o \u00fanico jogador de linha que n\u00e3o foi utilizado por Xabi Alonso em nenhum dos 13 jogos da equipe na temporada 2025\/26.<\/p>\n\n\n\n<p>Neste domingo (26), o clube merengue venceu o Barcelona por 2 a 1, em cl\u00e1ssico v\u00e1lido por LaLiga, com gols de Mbapp\u00e9 e Bellingham, com Endrick no banco durante toda a partida.<\/p>\n\n\n\n<p>A falta de oportunidades preocupa o estafe do jogador, que j\u00e1 avalia a melhor alternativa para 2026. O objetivo principal \u00e9 encontrar um clube europeu com calend\u00e1rio competitivo e possibilidade real de minutos em campo.<\/p>\n\n\n\n<h3 class=\"wp-block-heading\" id=\"h-foco-esta-em-um-novo-destino-europeu\">Foco est\u00e1 em um novo destino europeu<\/h3>\n\n\n\n<p>De acordo com o jornal <em>As<\/em>, a prefer\u00eancia de Endrick \u00e9 por um clube fora da Espanha, mas que atue em uma das principais ligas do continente e dispute a Liga dos Campe\u00f5es. A decis\u00e3o visa manter o atleta em visibilidade, sobretudo de olho em uma convoca\u00e7\u00e3o para a Sele\u00e7\u00e3o na Copa do Mundo de 2026.<\/p>\n\n\n\n<p>O Real Madrid, por sua vez, entende que o empr\u00e9stimo pode ser necess\u00e1rio para acelerar a adapta\u00e7\u00e3o do jogador ao futebol europeu, sem comprometer seu desenvolvimento t\u00e9cnico e f\u00edsico.<\/p>\n","protected":false},"excerpt":{"rendered":"<p>O Flamengo fez uma consulta recente pela situa\u00e7\u00e3o de Endrick, atacante do Real Madrid, visando um poss\u00edvel empr\u00e9stimo para 2026. A informa\u00e7\u00e3o foi revelada pelo jornalista Fabr\u00edcio Lopes e repercutida pelo portal BolaVip. A dire\u00e7\u00e3o rubro-negra enxerga a necessidade de refor\u00e7ar o setor ofensivo e avaliou o nome do ex-palmeirense como op\u00e7\u00e3o vi\u00e1vel para o [&hellip;]<\/p>\n","protected":false},"author":30,"featured_media":205638,"comment_status":"open","ping_status":"closed","sticky":false,"template":"","format":"standard","meta":{"footnotes":""},"categories":[1],"tags":[],"class_list":["post-279354","post","type-post","status-publish","format-standard","has-post-thumbnail","hentry","category-flamengo"],"yoast_head":"<!-- This site is optimized with the Yoast SEO Premium plugin v24.2 (Yoast SEO v26.9) - https:\/\/yoast.com\/product\/yoast-seo-premium-wordpress\/ -->\n<title>Site afirma que Flamengo fez contato por jogador do Real Madrid<\/title>\n<meta name=\"robots\" content=\"index, follow, max-snippet:-1, max-image-preview:large, max-video-preview:-1\" \/>\n<link rel=\"canonical\" href=\"https:\/\/www.gaveanews.com\/index.php\/2025\/10\/26\/site-afirma-que-flamengo-fez-contato-por-jogador-do-real-madrid\/\" \/>\n<meta property=\"og:locale\" content=\"pt_BR\" \/>\n<meta property=\"og:type\" content=\"article\" \/>\n<meta property=\"og:title\" content=\"Site afirma que Flamengo fez contato por jogador do Real Madrid\" \/>\n<meta property=\"og:description\" content=\"O Flamengo fez uma consulta recente pela situa\u00e7\u00e3o de Endrick, atacante do Real Madrid, visando um poss\u00edvel empr\u00e9stimo para 2026. A informa\u00e7\u00e3o foi revelada pelo jornalista Fabr\u00edcio Lopes e repercutida pelo portal BolaVip. A dire\u00e7\u00e3o rubro-negra enxerga a necessidade de refor\u00e7ar o setor ofensivo e avaliou o nome do ex-palmeirense como op\u00e7\u00e3o vi\u00e1vel para o [&hellip;]\" \/>\n<meta property=\"og:url\" content=\"https:\/\/www.gaveanews.com\/index.php\/2025\/10\/26\/site-afirma-que-flamengo-fez-contato-por-jogador-do-real-madrid\/\" \/>\n<meta property=\"og:site_name\" content=\"G\u00e1vea News\" \/>\n<meta property=\"article:publisher\" content=\"https:\/\/facebook.com\/gaveaNews\/\" \/>\n<meta property=\"article:published_time\" content=\"2025-10-26T23:30:00+00:00\" \/>\n<meta property=\"og:image\" content=\"https:\/\/www.gaveanews.com\/wp-content\/uploads\/Apresentacao-de-Jose-Boto-no-Flamengo-Foto_-Marcelo-Cortes_CRF.webp\" \/>\n\t<meta property=\"og:image:width\" content=\"2048\" \/>\n\t<meta property=\"og:image:height\" content=\"1362\" \/>\n\t<meta property=\"og:image:type\" content=\"image\/webp\" \/>\n<meta name=\"author\" content=\"Ana Teixeira\" \/>\n<meta name=\"twitter:card\" content=\"summary_large_image\" \/>\n<meta name=\"twitter:label1\" content=\"Escrito por\" \/>\n\t<meta name=\"twitter:data1\" content=\"Ana Teixeira\" \/>\n\t<meta name=\"twitter:label2\" content=\"Est. tempo de leitura\" \/>\n\t<meta name=\"twitter:data2\" content=\"3 minutos\" \/>\n<script type=\"application\/ld+json\" class=\"yoast-schema-graph\">{\"@context\":\"https:\/\/schema.org\",\"@graph\":[{\"@type\":\"NewsArticle\",\"@id\":\"https:\/\/www.gaveanews.com\/index.php\/2025\/10\/26\/site-afirma-que-flamengo-fez-contato-por-jogador-do-real-madrid\/#article\",\"isPartOf\":{\"@id\":\"https:\/\/www.gaveanews.com\/index.php\/2025\/10\/26\/site-afirma-que-flamengo-fez-contato-por-jogador-do-real-madrid\/\"},\"author\":{\"name\":\"Ana Teixeira\",\"@id\":\"https:\/\/www.gaveanews.com\/#\/schema\/person\/3b19f7288b0ce20372991275e4f2e6c2\"},\"headline\":\"Site afirma que Flamengo fez contato por jogador do Real Madrid\",\"datePublished\":\"2025-10-26T23:30:00+00:00\",\"mainEntityOfPage\":{\"@id\":\"https:\/\/www.gaveanews.com\/index.php\/2025\/10\/26\/site-afirma-que-flamengo-fez-contato-por-jogador-do-real-madrid\/\"},\"wordCount\":443,\"commentCount\":0,\"image\":{\"@id\":\"https:\/\/www.gaveanews.com\/index.php\/2025\/10\/26\/site-afirma-que-flamengo-fez-contato-por-jogador-do-real-madrid\/#primaryimage\"},\"thumbnailUrl\":\"https:\/\/www.gaveanews.com\/wp-content\/uploads\/Apresentacao-de-Jose-Boto-no-Flamengo-Foto_-Marcelo-Cortes_CRF.webp\",\"articleSection\":[\"Flamengo\"],\"inLanguage\":\"pt-BR\",\"potentialAction\":[{\"@type\":\"CommentAction\",\"name\":\"Comment\",\"target\":[\"https:\/\/www.gaveanews.com\/index.php\/2025\/10\/26\/site-afirma-que-flamengo-fez-contato-por-jogador-do-real-madrid\/#respond\"]}],\"copyrightYear\":\"2025\",\"copyrightHolder\":{\"@id\":\"https:\/\/www.gaveanews.com\/#organization\"}},{\"@type\":\"WebPage\",\"@id\":\"https:\/\/www.gaveanews.com\/index.php\/2025\/10\/26\/site-afirma-que-flamengo-fez-contato-por-jogador-do-real-madrid\/\",\"url\":\"https:\/\/www.gaveanews.com\/index.php\/2025\/10\/26\/site-afirma-que-flamengo-fez-contato-por-jogador-do-real-madrid\/\",\"name\":\"Site afirma que Flamengo fez contato por jogador do Real Madrid\",\"isPartOf\":{\"@id\":\"https:\/\/www.gaveanews.com\/#website\"},\"primaryImageOfPage\":{\"@id\":\"https:\/\/www.gaveanews.com\/index.php\/2025\/10\/26\/site-afirma-que-flamengo-fez-contato-por-jogador-do-real-madrid\/#primaryimage\"},\"image\":{\"@id\":\"https:\/\/www.gaveanews.com\/index.php\/2025\/10\/26\/site-afirma-que-flamengo-fez-contato-por-jogador-do-real-madrid\/#primaryimage\"},\"thumbnailUrl\":\"https:\/\/www.gaveanews.com\/wp-content\/uploads\/Apresentacao-de-Jose-Boto-no-Flamengo-Foto_-Marcelo-Cortes_CRF.webp\",\"datePublished\":\"2025-10-26T23:30:00+00:00\",\"author\":{\"@id\":\"https:\/\/www.gaveanews.com\/#\/schema\/person\/3b19f7288b0ce20372991275e4f2e6c2\"},\"breadcrumb\":{\"@id\":\"https:\/\/www.gaveanews.com\/index.php\/2025\/10\/26\/site-afirma-que-flamengo-fez-contato-por-jogador-do-real-madrid\/#breadcrumb\"},\"inLanguage\":\"pt-BR\",\"potentialAction\":[{\"@type\":\"ReadAction\",\"target\":[\"https:\/\/www.gaveanews.com\/index.php\/2025\/10\/26\/site-afirma-que-flamengo-fez-contato-por-jogador-do-real-madrid\/\"]}]},{\"@type\":\"ImageObject\",\"inLanguage\":\"pt-BR\",\"@id\":\"https:\/\/www.gaveanews.com\/index.php\/2025\/10\/26\/site-afirma-que-flamengo-fez-contato-por-jogador-do-real-madrid\/#primaryimage\",\"url\":\"https:\/\/www.gaveanews.com\/wp-content\/uploads\/Apresentacao-de-Jose-Boto-no-Flamengo-Foto_-Marcelo-Cortes_CRF.webp\",\"contentUrl\":\"https:\/\/www.gaveanews.com\/wp-content\/uploads\/Apresentacao-de-Jose-Boto-no-Flamengo-Foto_-Marcelo-Cortes_CRF.webp\",\"width\":2048,\"height\":1362,\"caption\":\"Entrevista coletiva de Jos\u00e9 Boto (Foto: Reprodu\u00e7\u00e3o\/FlaTV)\"},{\"@type\":\"BreadcrumbList\",\"@id\":\"https:\/\/www.gaveanews.com\/index.php\/2025\/10\/26\/site-afirma-que-flamengo-fez-contato-por-jogador-do-real-madrid\/#breadcrumb\",\"itemListElement\":[{\"@type\":\"ListItem\",\"position\":1,\"name\":\"Home\",\"item\":\"https:\/\/www.gaveanews.com\/\"},{\"@type\":\"ListItem\",\"position\":2,\"name\":\"Site afirma que Flamengo fez contato por jogador do Real Madrid\"}]},{\"@type\":\"WebSite\",\"@id\":\"https:\/\/www.gaveanews.com\/#website\",\"url\":\"https:\/\/www.gaveanews.com\/\",\"name\":\"G\u00e1vea News\",\"description\":\"Veja todas as not\u00edcias sobre o Flamengo: Contrata\u00e7\u00f5es, categorias de base, resultados das partidas, tabela de classifica\u00e7\u00e3o, pr\u00f3ximos jogos!\",\"potentialAction\":[{\"@type\":\"SearchAction\",\"target\":{\"@type\":\"EntryPoint\",\"urlTemplate\":\"https:\/\/www.gaveanews.com\/?s={search_term_string}\"},\"query-input\":{\"@type\":\"PropertyValueSpecification\",\"valueRequired\":true,\"valueName\":\"search_term_string\"}}],\"inLanguage\":\"pt-BR\"},{\"@type\":\"Person\",\"@id\":\"https:\/\/www.gaveanews.com\/#\/schema\/person\/3b19f7288b0ce20372991275e4f2e6c2\",\"name\":\"Ana Teixeira\",\"image\":{\"@type\":\"ImageObject\",\"inLanguage\":\"pt-BR\",\"@id\":\"https:\/\/www.gaveanews.com\/#\/schema\/person\/image\/\",\"url\":\"https:\/\/secure.gravatar.com\/avatar\/0a73f5a5258f3fed37fc2fa641892f3f7a4748456d4d4792f9bc550e6c19e06c?s=96&d=mm&r=g\",\"contentUrl\":\"https:\/\/secure.gravatar.com\/avatar\/0a73f5a5258f3fed37fc2fa641892f3f7a4748456d4d4792f9bc550e6c19e06c?s=96&d=mm&r=g\",\"caption\":\"Ana Teixeira\"}}]}<\/script>\n<!-- \/ Yoast SEO Premium plugin. -->","yoast_head_json":{"title":"Site afirma que Flamengo fez contato por jogador do Real Madrid","robots":{"index":"index","follow":"follow","max-snippet":"max-snippet:-1","max-image-preview":"max-image-preview:large","max-video-preview":"max-video-preview:-1"},"canonical":"https:\/\/www.gaveanews.com\/index.php\/2025\/10\/26\/site-afirma-que-flamengo-fez-contato-por-jogador-do-real-madrid\/","og_locale":"pt_BR","og_type":"article","og_title":"Site afirma que Flamengo fez contato por jogador do Real Madrid","og_description":"O Flamengo fez uma consulta recente pela situa\u00e7\u00e3o de Endrick, atacante do Real Madrid, visando um poss\u00edvel empr\u00e9stimo para 2026. A informa\u00e7\u00e3o foi revelada pelo jornalista Fabr\u00edcio Lopes e repercutida pelo portal BolaVip. A dire\u00e7\u00e3o rubro-negra enxerga a necessidade de refor\u00e7ar o setor ofensivo e avaliou o nome do ex-palmeirense como op\u00e7\u00e3o vi\u00e1vel para o [&hellip;]","og_url":"https:\/\/www.gaveanews.com\/index.php\/2025\/10\/26\/site-afirma-que-flamengo-fez-contato-por-jogador-do-real-madrid\/","og_site_name":"G\u00e1vea News","article_publisher":"https:\/\/facebook.com\/gaveaNews\/","article_published_time":"2025-10-26T23:30:00+00:00","og_image":[{"width":2048,"height":1362,"url":"https:\/\/www.gaveanews.com\/wp-content\/uploads\/Apresentacao-de-Jose-Boto-no-Flamengo-Foto_-Marcelo-Cortes_CRF.webp","type":"image\/webp"}],"author":"Ana Teixeira","twitter_card":"summary_large_image","twitter_misc":{"Escrito por":"Ana Teixeira","Est. tempo de leitura":"3 minutos"},"schema":{"@context":"https:\/\/schema.org","@graph":[{"@type":"NewsArticle","@id":"https:\/\/www.gaveanews.com\/index.php\/2025\/10\/26\/site-afirma-que-flamengo-fez-contato-por-jogador-do-real-madrid\/#article","isPartOf":{"@id":"https:\/\/www.gaveanews.com\/index.php\/2025\/10\/26\/site-afirma-que-flamengo-fez-contato-por-jogador-do-real-madrid\/"},"author":{"name":"Ana Teixeira","@id":"https:\/\/www.gaveanews.com\/#\/schema\/person\/3b19f7288b0ce20372991275e4f2e6c2"},"headline":"Site afirma que Flamengo fez contato por jogador do Real Madrid","datePublished":"2025-10-26T23:30:00+00:00","mainEntityOfPage":{"@id":"https:\/\/www.gaveanews.com\/index.php\/2025\/10\/26\/site-afirma-que-flamengo-fez-contato-por-jogador-do-real-madrid\/"},"wordCount":443,"commentCount":0,"image":{"@id":"https:\/\/www.gaveanews.com\/index.php\/2025\/10\/26\/site-afirma-que-flamengo-fez-contato-por-jogador-do-real-madrid\/#primaryimage"},"thumbnailUrl":"https:\/\/www.gaveanews.com\/wp-content\/uploads\/Apresentacao-de-Jose-Boto-no-Flamengo-Foto_-Marcelo-Cortes_CRF.webp","articleSection":["Flamengo"],"inLanguage":"pt-BR","potentialAction":[{"@type":"CommentAction","name":"Comment","target":["https:\/\/www.gaveanews.com\/index.php\/2025\/10\/26\/site-afirma-que-flamengo-fez-contato-por-jogador-do-real-madrid\/#respond"]}],"copyrightYear":"2025","copyrightHolder":{"@id":"https:\/\/www.gaveanews.com\/#organization"}},{"@type":"WebPage","@id":"https:\/\/www.gaveanews.com\/index.php\/2025\/10\/26\/site-afirma-que-flamengo-fez-contato-por-jogador-do-real-madrid\/","url":"https:\/\/www.gaveanews.com\/index.php\/2025\/10\/26\/site-afirma-que-flamengo-fez-contato-por-jogador-do-real-madrid\/","name":"Site afirma que Flamengo fez contato por jogador do Real Madrid","isPartOf":{"@id":"https:\/\/www.gaveanews.com\/#website"},"primaryImageOfPage":{"@id":"https:\/\/www.gaveanews.com\/index.php\/2025\/10\/26\/site-afirma-que-flamengo-fez-contato-por-jogador-do-real-madrid\/#primaryimage"},"image":{"@id":"https:\/\/www.gaveanews.com\/index.php\/2025\/10\/26\/site-afirma-que-flamengo-fez-contato-por-jogador-do-real-madrid\/#primaryimage"},"thumbnailUrl":"https:\/\/www.gaveanews.com\/wp-content\/uploads\/Apresentacao-de-Jose-Boto-no-Flamengo-Foto_-Marcelo-Cortes_CRF.webp","datePublished":"2025-10-26T23:30:00+00:00","author":{"@id":"https:\/\/www.gaveanews.com\/#\/schema\/person\/3b19f7288b0ce20372991275e4f2e6c2"},"breadcrumb":{"@id":"https:\/\/www.gaveanews.com\/index.php\/2025\/10\/26\/site-afirma-que-flamengo-fez-contato-por-jogador-do-real-madrid\/#breadcrumb"},"inLanguage":"pt-BR","potentialAction":[{"@type":"ReadAction","target":["https:\/\/www.gaveanews.com\/index.php\/2025\/10\/26\/site-afirma-que-flamengo-fez-contato-por-jogador-do-real-madrid\/"]}]},{"@type":"ImageObject","inLanguage":"pt-BR","@id":"https:\/\/www.gaveanews.com\/index.php\/2025\/10\/26\/site-afirma-que-flamengo-fez-contato-por-jogador-do-real-madrid\/#primaryimage","url":"https:\/\/www.gaveanews.com\/wp-content\/uploads\/Apresentacao-de-Jose-Boto-no-Flamengo-Foto_-Marcelo-Cortes_CRF.webp","contentUrl":"https:\/\/www.gaveanews.com\/wp-content\/uploads\/Apresentacao-de-Jose-Boto-no-Flamengo-Foto_-Marcelo-Cortes_CRF.webp","width":2048,"height":1362,"caption":"Entrevista coletiva de Jos\u00e9 Boto (Foto: Reprodu\u00e7\u00e3o\/FlaTV)"},{"@type":"BreadcrumbList","@id":"https:\/\/www.gaveanews.com\/index.php\/2025\/10\/26\/site-afirma-que-flamengo-fez-contato-por-jogador-do-real-madrid\/#breadcrumb","itemListElement":[{"@type":"ListItem","position":1,"name":"Home","item":"https:\/\/www.gaveanews.com\/"},{"@type":"ListItem","position":2,"name":"Site afirma que Flamengo fez contato por jogador do Real Madrid"}]},{"@type":"WebSite","@id":"https:\/\/www.gaveanews.com\/#website","url":"https:\/\/www.gaveanews.com\/","name":"G\u00e1vea News","description":"Veja todas as not\u00edcias sobre o Flamengo: Contrata\u00e7\u00f5es, categorias de base, resultados das partidas, tabela de classifica\u00e7\u00e3o, pr\u00f3ximos jogos!","potentialAction":[{"@type":"SearchAction","target":{"@type":"EntryPoint","urlTemplate":"https:\/\/www.gaveanews.com\/?s={search_term_string}"},"query-input":{"@type":"PropertyValueSpecification","valueRequired":true,"valueName":"search_term_string"}}],"inLanguage":"pt-BR"},{"@type":"Person","@id":"https:\/\/www.gaveanews.com\/#\/schema\/person\/3b19f7288b0ce20372991275e4f2e6c2","name":"Ana Teixeira","image":{"@type":"ImageObject","inLanguage":"pt-BR","@id":"https:\/\/www.gaveanews.com\/#\/schema\/person\/image\/","url":"https:\/\/secure.gravatar.com\/avatar\/0a73f5a5258f3fed37fc2fa641892f3f7a4748456d4d4792f9bc550e6c19e06c?s=96&d=mm&r=g","contentUrl":"https:\/\/secure.gravatar.com\/avatar\/0a73f5a5258f3fed37fc2fa641892f3f7a4748456d4d4792f9bc550e6c19e06c?s=96&d=mm&r=g","caption":"Ana Teixeira"}}]}},"_links":{"self":[{"href":"https:\/\/www.gaveanews.com\/index.php\/wp-json\/wp\/v2\/posts\/279354","targetHints":{"allow":["GET"]}}],"collection":[{"href":"https:\/\/www.gaveanews.com\/index.php\/wp-json\/wp\/v2\/posts"}],"about":[{"href":"https:\/\/www.gaveanews.com\/index.php\/wp-json\/wp\/v2\/types\/post"}],"author":[{"embeddable":true,"href":"https:\/\/www.gaveanews.com\/index.php\/wp-json\/wp\/v2\/users\/30"}],"replies":[{"embeddable":true,"href":"https:\/\/www.gaveanews.com\/index.php\/wp-json\/wp\/v2\/comments?post=279354"}],"version-history":[{"count":1,"href":"https:\/\/www.gaveanews.com\/index.php\/wp-json\/wp\/v2\/posts\/279354\/revisions"}],"predecessor-version":[{"id":279355,"href":"https:\/\/www.gaveanews.com\/index.php\/wp-json\/wp\/v2\/posts\/279354\/revisions\/279355"}],"wp:featuredmedia":[{"embeddable":true,"href":"https:\/\/www.gaveanews.com\/index.php\/wp-json\/wp\/v2\/media\/205638"}],"wp:attachment":[{"href":"https:\/\/www.gaveanews.com\/index.php\/wp-json\/wp\/v2\/media?parent=279354"}],"wp:term":[{"taxonomy":"category","embeddable":true,"href":"https:\/\/www.gaveanews.com\/index.php\/wp-json\/wp\/v2\/categories?post=279354"},{"taxonomy":"post_tag","embeddable":true,"href":"https:\/\/www.gaveanews.com\/index.php\/wp-json\/wp\/v2\/tags?post=279354"}],"curies":[{"name":"wp","href":"https:\/\/api.w.org\/{rel}","templated":true}]}}