{"id":279357,"date":"2025-10-26T23:30:00","date_gmt":"2025-10-27T02:30:00","guid":{"rendered":"https:\/\/www.gaveanews.com\/?p=279357"},"modified":"2025-10-27T08:19:25","modified_gmt":"2025-10-27T11:19:25","slug":"deixar-o-brasil-veja-o-que-leo-jardim-falou-apos-o-empate-entre-cruzeiro-e-palmeiras","status":"publish","type":"post","link":"https:\/\/www.gaveanews.com\/index.php\/2025\/10\/26\/deixar-o-brasil-veja-o-que-leo-jardim-falou-apos-o-empate-entre-cruzeiro-e-palmeiras\/","title":{"rendered":"Deixar o Brasil? Veja o que L\u00e9o Jardim falou ap\u00f3s o empate entre Cruzeiro e Palmeiras"},"content":{"rendered":"\n<p>O t\u00e9cnico Leonardo Jardim demonstrou forte insatisfa\u00e7\u00e3o com a arbitragem ap\u00f3s o empate sem gols entre Cruzeiro e Palmeiras, neste domingo (26), no Allianz Parque. Em coletiva, o portugu\u00eas afirmou que o cen\u00e1rio atual do futebol brasileiro o faz reconsiderar a continuidade do trabalho no pa\u00eds.<\/p>\n\n\n\n<p>Jardim expressou frustra\u00e7\u00e3o com a atua\u00e7\u00e3o do \u00e1rbitro Rafael Klein e citou lances espec\u00edficos da partida que, segundo ele, demonstram dualidade de crit\u00e9rios. Um dos pontos destacados foi o cart\u00e3o amarelo aplicado a Gustavo G\u00f3mez ap\u00f3s falta em Wanderson e a expuls\u00e3o de Fabr\u00edcio Bruno no segundo tempo.<\/p>\n\n\n\n<p>&#8220;Acho que muitas coisas aconteceram, n\u00e3o vale a pena relatar porque voc\u00eas viram. Desde o Kaiki que tem o l\u00e1bio todo inchado e n\u00e3o houve parada de jogo, qualquer lance da primeira parte, estava um jogador do advers\u00e1rio no ch\u00e3o. O Fabr\u00edcio, acho que n\u00e3o fez falta nenhuma&#8221;, e completou:<\/p>\n\n\n\n<p>&#8220;Quem faz falta \u00e9 o advers\u00e1rio, que faz a falta, ele roda, bate nas pernas, a expuls\u00e3o, as dualidades de crit\u00e9rios&#8221;, declarou o treinador.<\/p>\n\n\n\n<h3 class=\"wp-block-heading\" id=\"h-reflexoes-sobre-seguir-no-futebol-brasileiro\">Reflex\u00f5es sobre seguir no futebol brasileiro<\/h3>\n\n\n\n<p>O comandante do Cruzeiro foi al\u00e9m da partida e questionou se vale a pena permanecer no futebol nacional. Ele explicou que, apesar da alegria de trabalhar com o elenco e com os torcedores, a sensa\u00e7\u00e3o de impot\u00eancia diante de decis\u00f5es externas tem pesado em sua experi\u00eancia no Brasil.<\/p>\n\n\n\n<p>&#8220;A alegria que eu tenho tido no Brasil, com o grupo fant\u00e1stico e os torcedores, estou frustrado. Se vale a pena continuar, quando na realidade n\u00e3o somos n\u00f3s que controlamos os jogos. Eu fico extremamente frustrado. O peso da insatisfa\u00e7\u00e3o est\u00e1 quase igualando o da satisfa\u00e7\u00e3o&#8221;, afirmou.<\/p>\n\n\n\n<p>O t\u00e9cnico revelou que, antes de assumir o Cruzeiro, foi alertado sobre situa\u00e7\u00f5es recorrentes no futebol brasileiro, mas n\u00e3o imaginava que enfrentaria tantos desafios fora das quatro linhas.<\/p>\n\n\n\n<p>&#8220;Dizem-me \u2018bem-vindo ao Brasil\u2019, mas eu n\u00e3o quero isto para mim, porque eu gosto de controlar o jogo, eu gosto que o papel dos jogadores seja o respons\u00e1vel dos resultados dentro de campo&#8221;, completou.<\/p>\n\n\n\n<h3 class=\"wp-block-heading\" id=\"h-conversa-com-gabigol-e-critica-estrutural\">Conversa com Gabigol e cr\u00edtica estrutural<\/h3>\n\n\n\n<p>Jardim compartilhou uma conversa que teve com o atacante Gabriel Barbosa, do Flamengo, na manh\u00e3 do jogo. Questionado por Gabigol sobre o Brasil estar entre as suas cinco melhores experi\u00eancias no futebol, o t\u00e9cnico respondeu negativamente e explicou os motivos.<\/p>\n\n\n\n<p>&#8220;Hoje de manh\u00e3 eu estava com o Gabriel, e ele perguntava se o Brasil est\u00e1 no top-5 das minhas experi\u00eancias internacionais. Eu disse n\u00e3o. N\u00e3o estou aqui para puxar o saco de ningu\u00e9m&#8221;, e prosseguiu: <\/p>\n\n\n\n<p>&#8220;Enquanto um grupo de profissionais tiver sendo gerido ou arbitrado dentro do campo com um conjunto de amadores, enquanto n\u00e3o houver um sindicato dos jogadores forte para defender os interesses dos atletas do calend\u00e1rio, enquanto n\u00e3o houver essas coisas todas, n\u00e3o vamos entrar no top 5&#8221;.<\/p>\n\n\n\n<p>Por fim, reconheceu o valor do futebol brasileiro em outros aspectos, mas voltou a colocar em d\u00favida sua perman\u00eancia no pa\u00eds.<\/p>\n\n\n\n<p>&#8220;Temos talento, temos emo\u00e7\u00e3o, temos os f\u00e3s mais espetaculares com quem trabalhei, os torcedores como voc\u00eas dizem, mas sinceramente n\u00e3o sei se tudo isto vale a pena&#8221;, concluiu.<\/p>\n","protected":false},"excerpt":{"rendered":"<p>O t\u00e9cnico Leonardo Jardim demonstrou forte insatisfa\u00e7\u00e3o com a arbitragem ap\u00f3s o empate sem gols entre Cruzeiro e Palmeiras, neste domingo (26), no Allianz Parque. Em coletiva, o portugu\u00eas afirmou que o cen\u00e1rio atual do futebol brasileiro o faz reconsiderar a continuidade do trabalho no pa\u00eds. Jardim expressou frustra\u00e7\u00e3o com a atua\u00e7\u00e3o do \u00e1rbitro Rafael [&hellip;]<\/p>\n","protected":false},"author":30,"featured_media":260825,"comment_status":"open","ping_status":"closed","sticky":false,"template":"","format":"standard","meta":{"footnotes":""},"categories":[133,143,1],"tags":[],"class_list":["post-279357","post","type-post","status-publish","format-standard","has-post-thumbnail","hentry","category-brasileirao","category-cruzeiro","category-flamengo"],"yoast_head":"<!-- This site is optimized with the Yoast SEO Premium plugin v24.2 (Yoast SEO v26.9) - https:\/\/yoast.com\/product\/yoast-seo-premium-wordpress\/ -->\n<title>Deixar o Brasil? Veja o que L\u00e9o Jardim falou ap\u00f3s o empate entre Cruzeiro e Palmeiras<\/title>\n<meta name=\"robots\" content=\"index, follow, max-snippet:-1, max-image-preview:large, max-video-preview:-1\" \/>\n<link rel=\"canonical\" href=\"https:\/\/www.gaveanews.com\/index.php\/2025\/10\/26\/deixar-o-brasil-veja-o-que-leo-jardim-falou-apos-o-empate-entre-cruzeiro-e-palmeiras\/\" \/>\n<meta property=\"og:locale\" content=\"pt_BR\" \/>\n<meta property=\"og:type\" content=\"article\" \/>\n<meta property=\"og:title\" content=\"Deixar o Brasil? Veja o que L\u00e9o Jardim falou ap\u00f3s o empate entre Cruzeiro e Palmeiras\" \/>\n<meta property=\"og:description\" content=\"O t\u00e9cnico Leonardo Jardim demonstrou forte insatisfa\u00e7\u00e3o com a arbitragem ap\u00f3s o empate sem gols entre Cruzeiro e Palmeiras, neste domingo (26), no Allianz Parque. Em coletiva, o portugu\u00eas afirmou que o cen\u00e1rio atual do futebol brasileiro o faz reconsiderar a continuidade do trabalho no pa\u00eds. Jardim expressou frustra\u00e7\u00e3o com a atua\u00e7\u00e3o do \u00e1rbitro Rafael [&hellip;]\" \/>\n<meta property=\"og:url\" content=\"https:\/\/www.gaveanews.com\/index.php\/2025\/10\/26\/deixar-o-brasil-veja-o-que-leo-jardim-falou-apos-o-empate-entre-cruzeiro-e-palmeiras\/\" \/>\n<meta property=\"og:site_name\" content=\"G\u00e1vea News\" \/>\n<meta property=\"article:publisher\" content=\"https:\/\/facebook.com\/gaveaNews\/\" \/>\n<meta property=\"article:published_time\" content=\"2025-10-27T02:30:00+00:00\" \/>\n<meta property=\"article:modified_time\" content=\"2025-10-27T11:19:25+00:00\" \/>\n<meta property=\"og:image\" content=\"http:\/\/www.gaveanews.com\/wp-content\/uploads\/Leonardo-Jardim-Cruzeiro.webp\" \/>\n\t<meta property=\"og:image:width\" content=\"1200\" \/>\n\t<meta property=\"og:image:height\" content=\"900\" \/>\n\t<meta property=\"og:image:type\" content=\"image\/webp\" \/>\n<meta name=\"author\" content=\"Ana Teixeira\" \/>\n<meta name=\"twitter:card\" content=\"summary_large_image\" \/>\n<meta name=\"twitter:label1\" content=\"Escrito por\" \/>\n\t<meta name=\"twitter:data1\" content=\"Ana Teixeira\" \/>\n\t<meta name=\"twitter:label2\" content=\"Est. tempo de leitura\" \/>\n\t<meta name=\"twitter:data2\" content=\"4 minutos\" \/>\n<script type=\"application\/ld+json\" class=\"yoast-schema-graph\">{\"@context\":\"https:\/\/schema.org\",\"@graph\":[{\"@type\":\"NewsArticle\",\"@id\":\"https:\/\/www.gaveanews.com\/index.php\/2025\/10\/26\/deixar-o-brasil-veja-o-que-leo-jardim-falou-apos-o-empate-entre-cruzeiro-e-palmeiras\/#article\",\"isPartOf\":{\"@id\":\"https:\/\/www.gaveanews.com\/index.php\/2025\/10\/26\/deixar-o-brasil-veja-o-que-leo-jardim-falou-apos-o-empate-entre-cruzeiro-e-palmeiras\/\"},\"author\":{\"name\":\"Ana Teixeira\",\"@id\":\"https:\/\/www.gaveanews.com\/#\/schema\/person\/3b19f7288b0ce20372991275e4f2e6c2\"},\"headline\":\"Deixar o Brasil? Veja o que L\u00e9o Jardim falou ap\u00f3s o empate entre Cruzeiro e Palmeiras\",\"datePublished\":\"2025-10-27T02:30:00+00:00\",\"dateModified\":\"2025-10-27T11:19:25+00:00\",\"mainEntityOfPage\":{\"@id\":\"https:\/\/www.gaveanews.com\/index.php\/2025\/10\/26\/deixar-o-brasil-veja-o-que-leo-jardim-falou-apos-o-empate-entre-cruzeiro-e-palmeiras\/\"},\"wordCount\":582,\"commentCount\":0,\"image\":{\"@id\":\"https:\/\/www.gaveanews.com\/index.php\/2025\/10\/26\/deixar-o-brasil-veja-o-que-leo-jardim-falou-apos-o-empate-entre-cruzeiro-e-palmeiras\/#primaryimage\"},\"thumbnailUrl\":\"https:\/\/www.gaveanews.com\/wp-content\/uploads\/Leonardo-Jardim-Cruzeiro.webp\",\"articleSection\":[\"Brasileir\u00e3o\",\"Cruzeiro\",\"Flamengo\"],\"inLanguage\":\"pt-BR\",\"potentialAction\":[{\"@type\":\"CommentAction\",\"name\":\"Comment\",\"target\":[\"https:\/\/www.gaveanews.com\/index.php\/2025\/10\/26\/deixar-o-brasil-veja-o-que-leo-jardim-falou-apos-o-empate-entre-cruzeiro-e-palmeiras\/#respond\"]}],\"copyrightYear\":\"2025\",\"copyrightHolder\":{\"@id\":\"https:\/\/www.gaveanews.com\/#organization\"}},{\"@type\":\"WebPage\",\"@id\":\"https:\/\/www.gaveanews.com\/index.php\/2025\/10\/26\/deixar-o-brasil-veja-o-que-leo-jardim-falou-apos-o-empate-entre-cruzeiro-e-palmeiras\/\",\"url\":\"https:\/\/www.gaveanews.com\/index.php\/2025\/10\/26\/deixar-o-brasil-veja-o-que-leo-jardim-falou-apos-o-empate-entre-cruzeiro-e-palmeiras\/\",\"name\":\"Deixar o Brasil? Veja o que L\u00e9o Jardim falou ap\u00f3s o empate entre Cruzeiro e Palmeiras\",\"isPartOf\":{\"@id\":\"https:\/\/www.gaveanews.com\/#website\"},\"primaryImageOfPage\":{\"@id\":\"https:\/\/www.gaveanews.com\/index.php\/2025\/10\/26\/deixar-o-brasil-veja-o-que-leo-jardim-falou-apos-o-empate-entre-cruzeiro-e-palmeiras\/#primaryimage\"},\"image\":{\"@id\":\"https:\/\/www.gaveanews.com\/index.php\/2025\/10\/26\/deixar-o-brasil-veja-o-que-leo-jardim-falou-apos-o-empate-entre-cruzeiro-e-palmeiras\/#primaryimage\"},\"thumbnailUrl\":\"https:\/\/www.gaveanews.com\/wp-content\/uploads\/Leonardo-Jardim-Cruzeiro.webp\",\"datePublished\":\"2025-10-27T02:30:00+00:00\",\"dateModified\":\"2025-10-27T11:19:25+00:00\",\"author\":{\"@id\":\"https:\/\/www.gaveanews.com\/#\/schema\/person\/3b19f7288b0ce20372991275e4f2e6c2\"},\"breadcrumb\":{\"@id\":\"https:\/\/www.gaveanews.com\/index.php\/2025\/10\/26\/deixar-o-brasil-veja-o-que-leo-jardim-falou-apos-o-empate-entre-cruzeiro-e-palmeiras\/#breadcrumb\"},\"inLanguage\":\"pt-BR\",\"potentialAction\":[{\"@type\":\"ReadAction\",\"target\":[\"https:\/\/www.gaveanews.com\/index.php\/2025\/10\/26\/deixar-o-brasil-veja-o-que-leo-jardim-falou-apos-o-empate-entre-cruzeiro-e-palmeiras\/\"]}]},{\"@type\":\"ImageObject\",\"inLanguage\":\"pt-BR\",\"@id\":\"https:\/\/www.gaveanews.com\/index.php\/2025\/10\/26\/deixar-o-brasil-veja-o-que-leo-jardim-falou-apos-o-empate-entre-cruzeiro-e-palmeiras\/#primaryimage\",\"url\":\"https:\/\/www.gaveanews.com\/wp-content\/uploads\/Leonardo-Jardim-Cruzeiro.webp\",\"contentUrl\":\"https:\/\/www.gaveanews.com\/wp-content\/uploads\/Leonardo-Jardim-Cruzeiro.webp\",\"width\":1200,\"height\":900,\"caption\":\"Leonardo Jardim Cruzeiro (Foto: Gustavo Aleixo\/Cruzeiro)\"},{\"@type\":\"BreadcrumbList\",\"@id\":\"https:\/\/www.gaveanews.com\/index.php\/2025\/10\/26\/deixar-o-brasil-veja-o-que-leo-jardim-falou-apos-o-empate-entre-cruzeiro-e-palmeiras\/#breadcrumb\",\"itemListElement\":[{\"@type\":\"ListItem\",\"position\":1,\"name\":\"Home\",\"item\":\"https:\/\/www.gaveanews.com\/\"},{\"@type\":\"ListItem\",\"position\":2,\"name\":\"Deixar o Brasil? Veja o que L\u00e9o Jardim falou ap\u00f3s o empate entre Cruzeiro e Palmeiras\"}]},{\"@type\":\"WebSite\",\"@id\":\"https:\/\/www.gaveanews.com\/#website\",\"url\":\"https:\/\/www.gaveanews.com\/\",\"name\":\"G\u00e1vea News\",\"description\":\"Veja todas as not\u00edcias sobre o Flamengo: Contrata\u00e7\u00f5es, categorias de base, resultados das partidas, tabela de classifica\u00e7\u00e3o, pr\u00f3ximos jogos!\",\"potentialAction\":[{\"@type\":\"SearchAction\",\"target\":{\"@type\":\"EntryPoint\",\"urlTemplate\":\"https:\/\/www.gaveanews.com\/?s={search_term_string}\"},\"query-input\":{\"@type\":\"PropertyValueSpecification\",\"valueRequired\":true,\"valueName\":\"search_term_string\"}}],\"inLanguage\":\"pt-BR\"},{\"@type\":\"Person\",\"@id\":\"https:\/\/www.gaveanews.com\/#\/schema\/person\/3b19f7288b0ce20372991275e4f2e6c2\",\"name\":\"Ana Teixeira\",\"image\":{\"@type\":\"ImageObject\",\"inLanguage\":\"pt-BR\",\"@id\":\"https:\/\/www.gaveanews.com\/#\/schema\/person\/image\/\",\"url\":\"https:\/\/secure.gravatar.com\/avatar\/0a73f5a5258f3fed37fc2fa641892f3f7a4748456d4d4792f9bc550e6c19e06c?s=96&d=mm&r=g\",\"contentUrl\":\"https:\/\/secure.gravatar.com\/avatar\/0a73f5a5258f3fed37fc2fa641892f3f7a4748456d4d4792f9bc550e6c19e06c?s=96&d=mm&r=g\",\"caption\":\"Ana Teixeira\"}}]}<\/script>\n<!-- \/ Yoast SEO Premium plugin. -->","yoast_head_json":{"title":"Deixar o Brasil? Veja o que L\u00e9o Jardim falou ap\u00f3s o empate entre Cruzeiro e Palmeiras","robots":{"index":"index","follow":"follow","max-snippet":"max-snippet:-1","max-image-preview":"max-image-preview:large","max-video-preview":"max-video-preview:-1"},"canonical":"https:\/\/www.gaveanews.com\/index.php\/2025\/10\/26\/deixar-o-brasil-veja-o-que-leo-jardim-falou-apos-o-empate-entre-cruzeiro-e-palmeiras\/","og_locale":"pt_BR","og_type":"article","og_title":"Deixar o Brasil? Veja o que L\u00e9o Jardim falou ap\u00f3s o empate entre Cruzeiro e Palmeiras","og_description":"O t\u00e9cnico Leonardo Jardim demonstrou forte insatisfa\u00e7\u00e3o com a arbitragem ap\u00f3s o empate sem gols entre Cruzeiro e Palmeiras, neste domingo (26), no Allianz Parque. Em coletiva, o portugu\u00eas afirmou que o cen\u00e1rio atual do futebol brasileiro o faz reconsiderar a continuidade do trabalho no pa\u00eds. Jardim expressou frustra\u00e7\u00e3o com a atua\u00e7\u00e3o do \u00e1rbitro Rafael [&hellip;]","og_url":"https:\/\/www.gaveanews.com\/index.php\/2025\/10\/26\/deixar-o-brasil-veja-o-que-leo-jardim-falou-apos-o-empate-entre-cruzeiro-e-palmeiras\/","og_site_name":"G\u00e1vea News","article_publisher":"https:\/\/facebook.com\/gaveaNews\/","article_published_time":"2025-10-27T02:30:00+00:00","article_modified_time":"2025-10-27T11:19:25+00:00","og_image":[{"width":1200,"height":900,"url":"http:\/\/www.gaveanews.com\/wp-content\/uploads\/Leonardo-Jardim-Cruzeiro.webp","type":"image\/webp"}],"author":"Ana Teixeira","twitter_card":"summary_large_image","twitter_misc":{"Escrito por":"Ana Teixeira","Est. tempo de leitura":"4 minutos"},"schema":{"@context":"https:\/\/schema.org","@graph":[{"@type":"NewsArticle","@id":"https:\/\/www.gaveanews.com\/index.php\/2025\/10\/26\/deixar-o-brasil-veja-o-que-leo-jardim-falou-apos-o-empate-entre-cruzeiro-e-palmeiras\/#article","isPartOf":{"@id":"https:\/\/www.gaveanews.com\/index.php\/2025\/10\/26\/deixar-o-brasil-veja-o-que-leo-jardim-falou-apos-o-empate-entre-cruzeiro-e-palmeiras\/"},"author":{"name":"Ana Teixeira","@id":"https:\/\/www.gaveanews.com\/#\/schema\/person\/3b19f7288b0ce20372991275e4f2e6c2"},"headline":"Deixar o Brasil? Veja o que L\u00e9o Jardim falou ap\u00f3s o empate entre Cruzeiro e Palmeiras","datePublished":"2025-10-27T02:30:00+00:00","dateModified":"2025-10-27T11:19:25+00:00","mainEntityOfPage":{"@id":"https:\/\/www.gaveanews.com\/index.php\/2025\/10\/26\/deixar-o-brasil-veja-o-que-leo-jardim-falou-apos-o-empate-entre-cruzeiro-e-palmeiras\/"},"wordCount":582,"commentCount":0,"image":{"@id":"https:\/\/www.gaveanews.com\/index.php\/2025\/10\/26\/deixar-o-brasil-veja-o-que-leo-jardim-falou-apos-o-empate-entre-cruzeiro-e-palmeiras\/#primaryimage"},"thumbnailUrl":"https:\/\/www.gaveanews.com\/wp-content\/uploads\/Leonardo-Jardim-Cruzeiro.webp","articleSection":["Brasileir\u00e3o","Cruzeiro","Flamengo"],"inLanguage":"pt-BR","potentialAction":[{"@type":"CommentAction","name":"Comment","target":["https:\/\/www.gaveanews.com\/index.php\/2025\/10\/26\/deixar-o-brasil-veja-o-que-leo-jardim-falou-apos-o-empate-entre-cruzeiro-e-palmeiras\/#respond"]}],"copyrightYear":"2025","copyrightHolder":{"@id":"https:\/\/www.gaveanews.com\/#organization"}},{"@type":"WebPage","@id":"https:\/\/www.gaveanews.com\/index.php\/2025\/10\/26\/deixar-o-brasil-veja-o-que-leo-jardim-falou-apos-o-empate-entre-cruzeiro-e-palmeiras\/","url":"https:\/\/www.gaveanews.com\/index.php\/2025\/10\/26\/deixar-o-brasil-veja-o-que-leo-jardim-falou-apos-o-empate-entre-cruzeiro-e-palmeiras\/","name":"Deixar o Brasil? Veja o que L\u00e9o Jardim falou ap\u00f3s o empate entre Cruzeiro e Palmeiras","isPartOf":{"@id":"https:\/\/www.gaveanews.com\/#website"},"primaryImageOfPage":{"@id":"https:\/\/www.gaveanews.com\/index.php\/2025\/10\/26\/deixar-o-brasil-veja-o-que-leo-jardim-falou-apos-o-empate-entre-cruzeiro-e-palmeiras\/#primaryimage"},"image":{"@id":"https:\/\/www.gaveanews.com\/index.php\/2025\/10\/26\/deixar-o-brasil-veja-o-que-leo-jardim-falou-apos-o-empate-entre-cruzeiro-e-palmeiras\/#primaryimage"},"thumbnailUrl":"https:\/\/www.gaveanews.com\/wp-content\/uploads\/Leonardo-Jardim-Cruzeiro.webp","datePublished":"2025-10-27T02:30:00+00:00","dateModified":"2025-10-27T11:19:25+00:00","author":{"@id":"https:\/\/www.gaveanews.com\/#\/schema\/person\/3b19f7288b0ce20372991275e4f2e6c2"},"breadcrumb":{"@id":"https:\/\/www.gaveanews.com\/index.php\/2025\/10\/26\/deixar-o-brasil-veja-o-que-leo-jardim-falou-apos-o-empate-entre-cruzeiro-e-palmeiras\/#breadcrumb"},"inLanguage":"pt-BR","potentialAction":[{"@type":"ReadAction","target":["https:\/\/www.gaveanews.com\/index.php\/2025\/10\/26\/deixar-o-brasil-veja-o-que-leo-jardim-falou-apos-o-empate-entre-cruzeiro-e-palmeiras\/"]}]},{"@type":"ImageObject","inLanguage":"pt-BR","@id":"https:\/\/www.gaveanews.com\/index.php\/2025\/10\/26\/deixar-o-brasil-veja-o-que-leo-jardim-falou-apos-o-empate-entre-cruzeiro-e-palmeiras\/#primaryimage","url":"https:\/\/www.gaveanews.com\/wp-content\/uploads\/Leonardo-Jardim-Cruzeiro.webp","contentUrl":"https:\/\/www.gaveanews.com\/wp-content\/uploads\/Leonardo-Jardim-Cruzeiro.webp","width":1200,"height":900,"caption":"Leonardo Jardim Cruzeiro (Foto: Gustavo Aleixo\/Cruzeiro)"},{"@type":"BreadcrumbList","@id":"https:\/\/www.gaveanews.com\/index.php\/2025\/10\/26\/deixar-o-brasil-veja-o-que-leo-jardim-falou-apos-o-empate-entre-cruzeiro-e-palmeiras\/#breadcrumb","itemListElement":[{"@type":"ListItem","position":1,"name":"Home","item":"https:\/\/www.gaveanews.com\/"},{"@type":"ListItem","position":2,"name":"Deixar o Brasil? Veja o que L\u00e9o Jardim falou ap\u00f3s o empate entre Cruzeiro e Palmeiras"}]},{"@type":"WebSite","@id":"https:\/\/www.gaveanews.com\/#website","url":"https:\/\/www.gaveanews.com\/","name":"G\u00e1vea News","description":"Veja todas as not\u00edcias sobre o Flamengo: Contrata\u00e7\u00f5es, categorias de base, resultados das partidas, tabela de classifica\u00e7\u00e3o, pr\u00f3ximos jogos!","potentialAction":[{"@type":"SearchAction","target":{"@type":"EntryPoint","urlTemplate":"https:\/\/www.gaveanews.com\/?s={search_term_string}"},"query-input":{"@type":"PropertyValueSpecification","valueRequired":true,"valueName":"search_term_string"}}],"inLanguage":"pt-BR"},{"@type":"Person","@id":"https:\/\/www.gaveanews.com\/#\/schema\/person\/3b19f7288b0ce20372991275e4f2e6c2","name":"Ana Teixeira","image":{"@type":"ImageObject","inLanguage":"pt-BR","@id":"https:\/\/www.gaveanews.com\/#\/schema\/person\/image\/","url":"https:\/\/secure.gravatar.com\/avatar\/0a73f5a5258f3fed37fc2fa641892f3f7a4748456d4d4792f9bc550e6c19e06c?s=96&d=mm&r=g","contentUrl":"https:\/\/secure.gravatar.com\/avatar\/0a73f5a5258f3fed37fc2fa641892f3f7a4748456d4d4792f9bc550e6c19e06c?s=96&d=mm&r=g","caption":"Ana Teixeira"}}]}},"_links":{"self":[{"href":"https:\/\/www.gaveanews.com\/index.php\/wp-json\/wp\/v2\/posts\/279357","targetHints":{"allow":["GET"]}}],"collection":[{"href":"https:\/\/www.gaveanews.com\/index.php\/wp-json\/wp\/v2\/posts"}],"about":[{"href":"https:\/\/www.gaveanews.com\/index.php\/wp-json\/wp\/v2\/types\/post"}],"author":[{"embeddable":true,"href":"https:\/\/www.gaveanews.com\/index.php\/wp-json\/wp\/v2\/users\/30"}],"replies":[{"embeddable":true,"href":"https:\/\/www.gaveanews.com\/index.php\/wp-json\/wp\/v2\/comments?post=279357"}],"version-history":[{"count":1,"href":"https:\/\/www.gaveanews.com\/index.php\/wp-json\/wp\/v2\/posts\/279357\/revisions"}],"predecessor-version":[{"id":279358,"href":"https:\/\/www.gaveanews.com\/index.php\/wp-json\/wp\/v2\/posts\/279357\/revisions\/279358"}],"wp:featuredmedia":[{"embeddable":true,"href":"https:\/\/www.gaveanews.com\/index.php\/wp-json\/wp\/v2\/media\/260825"}],"wp:attachment":[{"href":"https:\/\/www.gaveanews.com\/index.php\/wp-json\/wp\/v2\/media?parent=279357"}],"wp:term":[{"taxonomy":"category","embeddable":true,"href":"https:\/\/www.gaveanews.com\/index.php\/wp-json\/wp\/v2\/categories?post=279357"},{"taxonomy":"post_tag","embeddable":true,"href":"https:\/\/www.gaveanews.com\/index.php\/wp-json\/wp\/v2\/tags?post=279357"}],"curies":[{"name":"wp","href":"https:\/\/api.w.org\/{rel}","templated":true}]}}