{"id":279371,"date":"2025-10-27T13:32:17","date_gmt":"2025-10-27T16:32:17","guid":{"rendered":"https:\/\/www.gaveanews.com\/?p=279371"},"modified":"2025-10-27T13:32:22","modified_gmt":"2025-10-27T16:32:22","slug":"adeus-pedro-do-flamengo-vira-prioridade-para-clube-da-europa","status":"publish","type":"post","link":"https:\/\/www.gaveanews.com\/index.php\/2025\/10\/27\/adeus-pedro-do-flamengo-vira-prioridade-para-clube-da-europa\/","title":{"rendered":"Adeus? Pedro, do Flamengo, vira prioridade para clube da Europa"},"content":{"rendered":"\n<p>O Flamengo vive uma fase decisiva na temporada, mas enfrenta nova preocupa\u00e7\u00e3o fora de campo. Enquanto o time se prepara para o duelo contra o Racing pela semifinal da Libertadores, o atacante Pedro voltou ao centro das aten\u00e7\u00f5es, desta vez por causa do interesse do Fenerbah\u00e7e, da Turquia, que o colocou como prioridade para 2026.<\/p>\n\n\n\n<p>Segundo informa\u00e7\u00f5es divulgadas nesta segunda-feira (27 de outubro), o clube turco pretende apresentar uma proposta oficial assim que a janela de transfer\u00eancias do pr\u00f3ximo ano for aberta. A diretoria do Fenerbah\u00e7e enxerga o camisa 9 como pe\u00e7a ideal para refor\u00e7ar o elenco e j\u00e1 estuda valores capazes de convencer o Flamengo a negociar.<\/p>\n\n\n\n<p>Pedro tem contrato com o Rubro-Negro at\u00e9 dezembro de 2027, e o clube demonstra pouca disposi\u00e7\u00e3o em liber\u00e1-lo. O Flamengo j\u00e1 recusou uma oferta de 20 milh\u00f5es de d\u00f3lares do Al-Rayyan, do Catar, o que indica que qualquer proposta turca dever\u00e1 superar esse valor para ser considerada.<\/p>\n\n\n\n<p>O atacante vive bom momento t\u00e9cnico, mas est\u00e1 afastado dos gramados por uma fratura no antebra\u00e7o direito. A les\u00e3o o tirou justamente da semifinal da Libertadores contra o Racing, na Argentina, e ainda n\u00e3o h\u00e1 previs\u00e3o para o retorno. O departamento m\u00e9dico segue acompanhando a recupera\u00e7\u00e3o do jogador.<\/p>\n\n\n\n<p>Na atual temporada, Pedro soma 15 gols e sete assist\u00eancias, n\u00fameros que refor\u00e7am sua import\u00e2ncia no elenco. Desde que voltou ao futebol brasileiro, tornou-se um dos principais nomes da equipe e s\u00edmbolo do ciclo vitorioso recente.<\/p>\n\n\n\n<p>A proximidade da Copa do Mundo de 2026 tamb\u00e9m pesa nas decis\u00f5es futuras. Caso receba proposta vantajosa, Pedro precisar\u00e1 equilibrar o desejo de disputar o torneio com a Sele\u00e7\u00e3o Brasileira e a chance de retomar a carreira europeia.<\/p>\n","protected":false},"excerpt":{"rendered":"<p>O Flamengo vive uma fase decisiva na temporada, mas enfrenta nova preocupa\u00e7\u00e3o fora de campo. Enquanto o time se prepara para o duelo contra o Racing pela semifinal da Libertadores, o atacante Pedro voltou ao centro das aten\u00e7\u00f5es, desta vez por causa do interesse do Fenerbah\u00e7e, da Turquia, que o colocou como prioridade para 2026. [&hellip;]<\/p>\n","protected":false},"author":15,"featured_media":158916,"comment_status":"open","ping_status":"closed","sticky":false,"template":"","format":"standard","meta":{"footnotes":""},"categories":[1],"tags":[],"class_list":["post-279371","post","type-post","status-publish","format-standard","has-post-thumbnail","hentry","category-flamengo"],"yoast_head":"<!-- This site is optimized with the Yoast SEO Premium plugin v24.2 (Yoast SEO v26.9) - https:\/\/yoast.com\/product\/yoast-seo-premium-wordpress\/ -->\n<title>Adeus? Pedro, do Flamengo, vira prioridade para clube da Europa<\/title>\n<meta name=\"robots\" content=\"index, follow, max-snippet:-1, max-image-preview:large, max-video-preview:-1\" \/>\n<link rel=\"canonical\" href=\"https:\/\/www.gaveanews.com\/index.php\/2025\/10\/27\/adeus-pedro-do-flamengo-vira-prioridade-para-clube-da-europa\/\" \/>\n<meta property=\"og:locale\" content=\"pt_BR\" \/>\n<meta property=\"og:type\" content=\"article\" \/>\n<meta property=\"og:title\" content=\"Adeus? Pedro, do Flamengo, vira prioridade para clube da Europa\" \/>\n<meta property=\"og:description\" content=\"O Flamengo vive uma fase decisiva na temporada, mas enfrenta nova preocupa\u00e7\u00e3o fora de campo. Enquanto o time se prepara para o duelo contra o Racing pela semifinal da Libertadores, o atacante Pedro voltou ao centro das aten\u00e7\u00f5es, desta vez por causa do interesse do Fenerbah\u00e7e, da Turquia, que o colocou como prioridade para 2026. [&hellip;]\" \/>\n<meta property=\"og:url\" content=\"https:\/\/www.gaveanews.com\/index.php\/2025\/10\/27\/adeus-pedro-do-flamengo-vira-prioridade-para-clube-da-europa\/\" \/>\n<meta property=\"og:site_name\" content=\"G\u00e1vea News\" \/>\n<meta property=\"article:publisher\" content=\"https:\/\/facebook.com\/gaveaNews\/\" \/>\n<meta property=\"article:published_time\" content=\"2025-10-27T16:32:17+00:00\" \/>\n<meta property=\"article:modified_time\" content=\"2025-10-27T16:32:22+00:00\" \/>\n<meta property=\"og:image\" content=\"http:\/\/www.gaveanews.com\/wp-content\/uploads\/Pedro-em-acao-pelo-Flamengo.webp\" \/>\n\t<meta property=\"og:image:width\" content=\"1600\" \/>\n\t<meta property=\"og:image:height\" content=\"999\" \/>\n\t<meta property=\"og:image:type\" content=\"image\/jpeg\" \/>\n<meta name=\"author\" content=\"Henrique Machado\" \/>\n<meta name=\"twitter:card\" content=\"summary_large_image\" \/>\n<meta name=\"twitter:label1\" content=\"Escrito por\" \/>\n\t<meta name=\"twitter:data1\" content=\"Henrique Machado\" \/>\n\t<meta name=\"twitter:label2\" content=\"Est. tempo de leitura\" \/>\n\t<meta name=\"twitter:data2\" content=\"2 minutos\" \/>\n<script type=\"application\/ld+json\" class=\"yoast-schema-graph\">{\"@context\":\"https:\/\/schema.org\",\"@graph\":[{\"@type\":\"NewsArticle\",\"@id\":\"https:\/\/www.gaveanews.com\/index.php\/2025\/10\/27\/adeus-pedro-do-flamengo-vira-prioridade-para-clube-da-europa\/#article\",\"isPartOf\":{\"@id\":\"https:\/\/www.gaveanews.com\/index.php\/2025\/10\/27\/adeus-pedro-do-flamengo-vira-prioridade-para-clube-da-europa\/\"},\"author\":{\"name\":\"Henrique Machado\",\"@id\":\"https:\/\/www.gaveanews.com\/#\/schema\/person\/fd07635ec039ec3ba74ad18ec8a6dbd6\"},\"headline\":\"Adeus? Pedro, do Flamengo, vira prioridade para clube da Europa\",\"datePublished\":\"2025-10-27T16:32:17+00:00\",\"dateModified\":\"2025-10-27T16:32:22+00:00\",\"mainEntityOfPage\":{\"@id\":\"https:\/\/www.gaveanews.com\/index.php\/2025\/10\/27\/adeus-pedro-do-flamengo-vira-prioridade-para-clube-da-europa\/\"},\"wordCount\":308,\"commentCount\":0,\"image\":{\"@id\":\"https:\/\/www.gaveanews.com\/index.php\/2025\/10\/27\/adeus-pedro-do-flamengo-vira-prioridade-para-clube-da-europa\/#primaryimage\"},\"thumbnailUrl\":\"https:\/\/www.gaveanews.com\/wp-content\/uploads\/Pedro-em-acao-pelo-Flamengo.webp\",\"articleSection\":[\"Flamengo\"],\"inLanguage\":\"pt-BR\",\"potentialAction\":[{\"@type\":\"CommentAction\",\"name\":\"Comment\",\"target\":[\"https:\/\/www.gaveanews.com\/index.php\/2025\/10\/27\/adeus-pedro-do-flamengo-vira-prioridade-para-clube-da-europa\/#respond\"]}],\"copyrightYear\":\"2025\",\"copyrightHolder\":{\"@id\":\"https:\/\/www.gaveanews.com\/#organization\"}},{\"@type\":\"WebPage\",\"@id\":\"https:\/\/www.gaveanews.com\/index.php\/2025\/10\/27\/adeus-pedro-do-flamengo-vira-prioridade-para-clube-da-europa\/\",\"url\":\"https:\/\/www.gaveanews.com\/index.php\/2025\/10\/27\/adeus-pedro-do-flamengo-vira-prioridade-para-clube-da-europa\/\",\"name\":\"Adeus? Pedro, do Flamengo, vira prioridade para clube da Europa\",\"isPartOf\":{\"@id\":\"https:\/\/www.gaveanews.com\/#website\"},\"primaryImageOfPage\":{\"@id\":\"https:\/\/www.gaveanews.com\/index.php\/2025\/10\/27\/adeus-pedro-do-flamengo-vira-prioridade-para-clube-da-europa\/#primaryimage\"},\"image\":{\"@id\":\"https:\/\/www.gaveanews.com\/index.php\/2025\/10\/27\/adeus-pedro-do-flamengo-vira-prioridade-para-clube-da-europa\/#primaryimage\"},\"thumbnailUrl\":\"https:\/\/www.gaveanews.com\/wp-content\/uploads\/Pedro-em-acao-pelo-Flamengo.webp\",\"datePublished\":\"2025-10-27T16:32:17+00:00\",\"dateModified\":\"2025-10-27T16:32:22+00:00\",\"author\":{\"@id\":\"https:\/\/www.gaveanews.com\/#\/schema\/person\/fd07635ec039ec3ba74ad18ec8a6dbd6\"},\"breadcrumb\":{\"@id\":\"https:\/\/www.gaveanews.com\/index.php\/2025\/10\/27\/adeus-pedro-do-flamengo-vira-prioridade-para-clube-da-europa\/#breadcrumb\"},\"inLanguage\":\"pt-BR\",\"potentialAction\":[{\"@type\":\"ReadAction\",\"target\":[\"https:\/\/www.gaveanews.com\/index.php\/2025\/10\/27\/adeus-pedro-do-flamengo-vira-prioridade-para-clube-da-europa\/\"]}]},{\"@type\":\"ImageObject\",\"inLanguage\":\"pt-BR\",\"@id\":\"https:\/\/www.gaveanews.com\/index.php\/2025\/10\/27\/adeus-pedro-do-flamengo-vira-prioridade-para-clube-da-europa\/#primaryimage\",\"url\":\"https:\/\/www.gaveanews.com\/wp-content\/uploads\/Pedro-em-acao-pelo-Flamengo.webp\",\"contentUrl\":\"https:\/\/www.gaveanews.com\/wp-content\/uploads\/Pedro-em-acao-pelo-Flamengo.webp\",\"width\":1600,\"height\":999,\"caption\":\"Pedro em a\u00e7\u00e3o pelo Flamengo (Foto: Divulga\u00e7\u00e3o\/Flamengo)\"},{\"@type\":\"BreadcrumbList\",\"@id\":\"https:\/\/www.gaveanews.com\/index.php\/2025\/10\/27\/adeus-pedro-do-flamengo-vira-prioridade-para-clube-da-europa\/#breadcrumb\",\"itemListElement\":[{\"@type\":\"ListItem\",\"position\":1,\"name\":\"Home\",\"item\":\"https:\/\/www.gaveanews.com\/\"},{\"@type\":\"ListItem\",\"position\":2,\"name\":\"Adeus? Pedro, do Flamengo, vira prioridade para clube da Europa\"}]},{\"@type\":\"WebSite\",\"@id\":\"https:\/\/www.gaveanews.com\/#website\",\"url\":\"https:\/\/www.gaveanews.com\/\",\"name\":\"G\u00e1vea News\",\"description\":\"Veja todas as not\u00edcias sobre o Flamengo: Contrata\u00e7\u00f5es, categorias de base, resultados das partidas, tabela de classifica\u00e7\u00e3o, pr\u00f3ximos jogos!\",\"potentialAction\":[{\"@type\":\"SearchAction\",\"target\":{\"@type\":\"EntryPoint\",\"urlTemplate\":\"https:\/\/www.gaveanews.com\/?s={search_term_string}\"},\"query-input\":{\"@type\":\"PropertyValueSpecification\",\"valueRequired\":true,\"valueName\":\"search_term_string\"}}],\"inLanguage\":\"pt-BR\"},{\"@type\":\"Person\",\"@id\":\"https:\/\/www.gaveanews.com\/#\/schema\/person\/fd07635ec039ec3ba74ad18ec8a6dbd6\",\"name\":\"Henrique Machado\",\"image\":{\"@type\":\"ImageObject\",\"inLanguage\":\"pt-BR\",\"@id\":\"https:\/\/www.gaveanews.com\/#\/schema\/person\/image\/\",\"url\":\"https:\/\/secure.gravatar.com\/avatar\/b95e35997e01d9800c1b6184bd79d4d898d370a3fce2584f5c77b907d5c7d9e9?s=96&d=mm&r=g\",\"contentUrl\":\"https:\/\/secure.gravatar.com\/avatar\/b95e35997e01d9800c1b6184bd79d4d898d370a3fce2584f5c77b907d5c7d9e9?s=96&d=mm&r=g\",\"caption\":\"Henrique Machado\"}}]}<\/script>\n<!-- \/ Yoast SEO Premium plugin. -->","yoast_head_json":{"title":"Adeus? Pedro, do Flamengo, vira prioridade para clube da Europa","robots":{"index":"index","follow":"follow","max-snippet":"max-snippet:-1","max-image-preview":"max-image-preview:large","max-video-preview":"max-video-preview:-1"},"canonical":"https:\/\/www.gaveanews.com\/index.php\/2025\/10\/27\/adeus-pedro-do-flamengo-vira-prioridade-para-clube-da-europa\/","og_locale":"pt_BR","og_type":"article","og_title":"Adeus? Pedro, do Flamengo, vira prioridade para clube da Europa","og_description":"O Flamengo vive uma fase decisiva na temporada, mas enfrenta nova preocupa\u00e7\u00e3o fora de campo. Enquanto o time se prepara para o duelo contra o Racing pela semifinal da Libertadores, o atacante Pedro voltou ao centro das aten\u00e7\u00f5es, desta vez por causa do interesse do Fenerbah\u00e7e, da Turquia, que o colocou como prioridade para 2026. [&hellip;]","og_url":"https:\/\/www.gaveanews.com\/index.php\/2025\/10\/27\/adeus-pedro-do-flamengo-vira-prioridade-para-clube-da-europa\/","og_site_name":"G\u00e1vea News","article_publisher":"https:\/\/facebook.com\/gaveaNews\/","article_published_time":"2025-10-27T16:32:17+00:00","article_modified_time":"2025-10-27T16:32:22+00:00","og_image":[{"width":1600,"height":999,"url":"http:\/\/www.gaveanews.com\/wp-content\/uploads\/Pedro-em-acao-pelo-Flamengo.webp","type":"image\/jpeg"}],"author":"Henrique Machado","twitter_card":"summary_large_image","twitter_misc":{"Escrito por":"Henrique Machado","Est. tempo de leitura":"2 minutos"},"schema":{"@context":"https:\/\/schema.org","@graph":[{"@type":"NewsArticle","@id":"https:\/\/www.gaveanews.com\/index.php\/2025\/10\/27\/adeus-pedro-do-flamengo-vira-prioridade-para-clube-da-europa\/#article","isPartOf":{"@id":"https:\/\/www.gaveanews.com\/index.php\/2025\/10\/27\/adeus-pedro-do-flamengo-vira-prioridade-para-clube-da-europa\/"},"author":{"name":"Henrique Machado","@id":"https:\/\/www.gaveanews.com\/#\/schema\/person\/fd07635ec039ec3ba74ad18ec8a6dbd6"},"headline":"Adeus? Pedro, do Flamengo, vira prioridade para clube da Europa","datePublished":"2025-10-27T16:32:17+00:00","dateModified":"2025-10-27T16:32:22+00:00","mainEntityOfPage":{"@id":"https:\/\/www.gaveanews.com\/index.php\/2025\/10\/27\/adeus-pedro-do-flamengo-vira-prioridade-para-clube-da-europa\/"},"wordCount":308,"commentCount":0,"image":{"@id":"https:\/\/www.gaveanews.com\/index.php\/2025\/10\/27\/adeus-pedro-do-flamengo-vira-prioridade-para-clube-da-europa\/#primaryimage"},"thumbnailUrl":"https:\/\/www.gaveanews.com\/wp-content\/uploads\/Pedro-em-acao-pelo-Flamengo.webp","articleSection":["Flamengo"],"inLanguage":"pt-BR","potentialAction":[{"@type":"CommentAction","name":"Comment","target":["https:\/\/www.gaveanews.com\/index.php\/2025\/10\/27\/adeus-pedro-do-flamengo-vira-prioridade-para-clube-da-europa\/#respond"]}],"copyrightYear":"2025","copyrightHolder":{"@id":"https:\/\/www.gaveanews.com\/#organization"}},{"@type":"WebPage","@id":"https:\/\/www.gaveanews.com\/index.php\/2025\/10\/27\/adeus-pedro-do-flamengo-vira-prioridade-para-clube-da-europa\/","url":"https:\/\/www.gaveanews.com\/index.php\/2025\/10\/27\/adeus-pedro-do-flamengo-vira-prioridade-para-clube-da-europa\/","name":"Adeus? Pedro, do Flamengo, vira prioridade para clube da Europa","isPartOf":{"@id":"https:\/\/www.gaveanews.com\/#website"},"primaryImageOfPage":{"@id":"https:\/\/www.gaveanews.com\/index.php\/2025\/10\/27\/adeus-pedro-do-flamengo-vira-prioridade-para-clube-da-europa\/#primaryimage"},"image":{"@id":"https:\/\/www.gaveanews.com\/index.php\/2025\/10\/27\/adeus-pedro-do-flamengo-vira-prioridade-para-clube-da-europa\/#primaryimage"},"thumbnailUrl":"https:\/\/www.gaveanews.com\/wp-content\/uploads\/Pedro-em-acao-pelo-Flamengo.webp","datePublished":"2025-10-27T16:32:17+00:00","dateModified":"2025-10-27T16:32:22+00:00","author":{"@id":"https:\/\/www.gaveanews.com\/#\/schema\/person\/fd07635ec039ec3ba74ad18ec8a6dbd6"},"breadcrumb":{"@id":"https:\/\/www.gaveanews.com\/index.php\/2025\/10\/27\/adeus-pedro-do-flamengo-vira-prioridade-para-clube-da-europa\/#breadcrumb"},"inLanguage":"pt-BR","potentialAction":[{"@type":"ReadAction","target":["https:\/\/www.gaveanews.com\/index.php\/2025\/10\/27\/adeus-pedro-do-flamengo-vira-prioridade-para-clube-da-europa\/"]}]},{"@type":"ImageObject","inLanguage":"pt-BR","@id":"https:\/\/www.gaveanews.com\/index.php\/2025\/10\/27\/adeus-pedro-do-flamengo-vira-prioridade-para-clube-da-europa\/#primaryimage","url":"https:\/\/www.gaveanews.com\/wp-content\/uploads\/Pedro-em-acao-pelo-Flamengo.webp","contentUrl":"https:\/\/www.gaveanews.com\/wp-content\/uploads\/Pedro-em-acao-pelo-Flamengo.webp","width":1600,"height":999,"caption":"Pedro em a\u00e7\u00e3o pelo Flamengo (Foto: Divulga\u00e7\u00e3o\/Flamengo)"},{"@type":"BreadcrumbList","@id":"https:\/\/www.gaveanews.com\/index.php\/2025\/10\/27\/adeus-pedro-do-flamengo-vira-prioridade-para-clube-da-europa\/#breadcrumb","itemListElement":[{"@type":"ListItem","position":1,"name":"Home","item":"https:\/\/www.gaveanews.com\/"},{"@type":"ListItem","position":2,"name":"Adeus? Pedro, do Flamengo, vira prioridade para clube da Europa"}]},{"@type":"WebSite","@id":"https:\/\/www.gaveanews.com\/#website","url":"https:\/\/www.gaveanews.com\/","name":"G\u00e1vea News","description":"Veja todas as not\u00edcias sobre o Flamengo: Contrata\u00e7\u00f5es, categorias de base, resultados das partidas, tabela de classifica\u00e7\u00e3o, pr\u00f3ximos jogos!","potentialAction":[{"@type":"SearchAction","target":{"@type":"EntryPoint","urlTemplate":"https:\/\/www.gaveanews.com\/?s={search_term_string}"},"query-input":{"@type":"PropertyValueSpecification","valueRequired":true,"valueName":"search_term_string"}}],"inLanguage":"pt-BR"},{"@type":"Person","@id":"https:\/\/www.gaveanews.com\/#\/schema\/person\/fd07635ec039ec3ba74ad18ec8a6dbd6","name":"Henrique Machado","image":{"@type":"ImageObject","inLanguage":"pt-BR","@id":"https:\/\/www.gaveanews.com\/#\/schema\/person\/image\/","url":"https:\/\/secure.gravatar.com\/avatar\/b95e35997e01d9800c1b6184bd79d4d898d370a3fce2584f5c77b907d5c7d9e9?s=96&d=mm&r=g","contentUrl":"https:\/\/secure.gravatar.com\/avatar\/b95e35997e01d9800c1b6184bd79d4d898d370a3fce2584f5c77b907d5c7d9e9?s=96&d=mm&r=g","caption":"Henrique Machado"}}]}},"_links":{"self":[{"href":"https:\/\/www.gaveanews.com\/index.php\/wp-json\/wp\/v2\/posts\/279371","targetHints":{"allow":["GET"]}}],"collection":[{"href":"https:\/\/www.gaveanews.com\/index.php\/wp-json\/wp\/v2\/posts"}],"about":[{"href":"https:\/\/www.gaveanews.com\/index.php\/wp-json\/wp\/v2\/types\/post"}],"author":[{"embeddable":true,"href":"https:\/\/www.gaveanews.com\/index.php\/wp-json\/wp\/v2\/users\/15"}],"replies":[{"embeddable":true,"href":"https:\/\/www.gaveanews.com\/index.php\/wp-json\/wp\/v2\/comments?post=279371"}],"version-history":[{"count":1,"href":"https:\/\/www.gaveanews.com\/index.php\/wp-json\/wp\/v2\/posts\/279371\/revisions"}],"predecessor-version":[{"id":279373,"href":"https:\/\/www.gaveanews.com\/index.php\/wp-json\/wp\/v2\/posts\/279371\/revisions\/279373"}],"wp:featuredmedia":[{"embeddable":true,"href":"https:\/\/www.gaveanews.com\/index.php\/wp-json\/wp\/v2\/media\/158916"}],"wp:attachment":[{"href":"https:\/\/www.gaveanews.com\/index.php\/wp-json\/wp\/v2\/media?parent=279371"}],"wp:term":[{"taxonomy":"category","embeddable":true,"href":"https:\/\/www.gaveanews.com\/index.php\/wp-json\/wp\/v2\/categories?post=279371"},{"taxonomy":"post_tag","embeddable":true,"href":"https:\/\/www.gaveanews.com\/index.php\/wp-json\/wp\/v2\/tags?post=279371"}],"curies":[{"name":"wp","href":"https:\/\/api.w.org\/{rel}","templated":true}]}}