{"id":279375,"date":"2025-10-27T13:37:21","date_gmt":"2025-10-27T16:37:21","guid":{"rendered":"https:\/\/www.gaveanews.com\/?p=279375"},"modified":"2025-10-27T13:37:24","modified_gmt":"2025-10-27T16:37:24","slug":"flamengo-ajuda-rival-cria-ganha-destaque-na-europa-e-declaracao-de-abel-ferreira-as-ultimas-noticias-do-mengao","status":"publish","type":"post","link":"https:\/\/www.gaveanews.com\/index.php\/2025\/10\/27\/flamengo-ajuda-rival-cria-ganha-destaque-na-europa-e-declaracao-de-abel-ferreira-as-ultimas-noticias-do-mengao\/","title":{"rendered":"Flamengo ajuda rival, cria ganha destaque na Europa e declara\u00e7\u00e3o de Abel Ferreira: as \u00faltimas not\u00edcias do Meng\u00e3o"},"content":{"rendered":"\n<p>No giro de hoje: Wesley, revelado pelo Flamengo, brilha na vit\u00f3ria da Roma e recebe elogios da torcida italiana pela atua\u00e7\u00e3o vers\u00e1til na S\u00e9rie A; Abel Ferreira reage a cr\u00edticas e cita o Flamengo ao rebater narrativas de favorecimento ao Palmeiras ap\u00f3s o empate contra o Cruzeiro; e, no Castel\u00e3o, o Fortaleza quebra recorde de arrecada\u00e7\u00e3o em 2025  com ajuda da torcida do Flamengo. Abaixo, os destaques que ajudam a entender os pr\u00f3ximos passos dentro e fora de campo.<\/p>\n\n\n\n<h2 class=\"wp-block-heading\" id=\"h-wesley-brilha-na-vitoria-da-roma-e-recebe-elogios-na-italia\">Wesley brilha na vit\u00f3ria da Roma e recebe elogios na It\u00e1lia<\/h2>\n\n\n\n<p>O lateral-direito Wesley, revelado pelo Flamengo, voltou \u00e0 titularidade pela Roma em vit\u00f3ria por 1 a 0 sobre o Sassuolo, fora de casa, pela Serie A italiana. Comandado por Gasperini, o jogador reassumiu sua posi\u00e7\u00e3o de origem ap\u00f3s atuar em partidas anteriores pela lateral esquerda. A mudan\u00e7a parece ter surtido efeito, j\u00e1 que Wesley demonstrou seguran\u00e7a defensiva e versatilidade ao alternar entre os lados do campo durante os 90 minutos.<\/p>\n\n\n\n<p>Durante o jogo, o camisa 43 foi pe\u00e7a importante na marca\u00e7\u00e3o e no apoio ao meio-campo, contribuindo para conter o avan\u00e7o advers\u00e1rio. No ataque, quase marcou em jogada individual, finalizando com perigo pr\u00f3ximo \u00e0 trave. Embora n\u00e3o tenha balan\u00e7ado as redes, foi essencial para a manuten\u00e7\u00e3o do resultado favor\u00e1vel \u00e0 equipe romana.<\/p>\n\n\n\n<p>A vit\u00f3ria colocou a Roma com os mesmos 18 pontos do l\u00edder Napoli, mas ainda na vice-lideran\u00e7a pelo crit\u00e9rio de saldo de gols. A consist\u00eancia t\u00e1tica sob o novo comando tem sido um diferencial, e Wesley se consolidou como pe\u00e7a-chave nesse esquema. A torcida italiana reconheceu a evolu\u00e7\u00e3o do brasileiro, que passou a receber elogios nas redes sociais por sua entrega e qualidade t\u00e9cnica.<\/p>\n\n\n\n<p>\u201cWesley \u00e0 direita \u00e9 uma f\u00faria. Por isso, \u00e9 ainda mais irritante t\u00ea-lo visto por duas partidas (importantes) seguidas na esquerda, onde parecia um completo incapaz. E ainda tem quem justifique essa escolha desastrosa\u201d, escreveu um torcedor. Outro comentou: \u201cWesley at\u00e9 agora \u00e9 a contrata\u00e7\u00e3o que mais me convenceu, belo jogador\u201d.<\/p>\n\n\n\n<h2 class=\"wp-block-heading\" id=\"h-abel-ferreira-rebate-criticas-e-cita-flamengo-em-coletiva\">Abel Ferreira rebate cr\u00edticas e cita Flamengo em coletiva<\/h2>\n\n\n\n<p>Ap\u00f3s o empate sem gols entre Palmeiras e Cruzeiro, pela 30\u00aa rodada do Brasileir\u00e3o, Abel Ferreira demonstrou inc\u00f4modo com as acusa\u00e7\u00f5es de favorecimento \u00e0 sua equipe e rebateu cr\u00edticas mencionando tamb\u00e9m o Flamengo. O t\u00e9cnico respondeu diretamente \u00e0s declara\u00e7\u00f5es anteriores de Filipe Lu\u00eds e Jos\u00e9 Boto, que afirmaram que o Palmeiras \u201cn\u00e3o pode reclamar de arbitragem\u201d.<\/p>\n\n\n\n<p>\u201cMuito antes do jogo contra o nosso advers\u00e1rio, voc\u00eas viram o que se come\u00e7ou a criar antes? Uma narrativa de que o Palmeiras era beneficiado. N\u00e3o \u00e9 o Palmeiras. S\u00e3o todas as equipes. Voc\u00eas viram o Gr\u00eamio reclamar. Todas as equipas reclamam sobre a arbitragem. N\u00e3o \u00e9 s\u00f3 o Palmeiras. \u00c0s vezes fazem bem, outras vezes fazem mal\u201d.<\/p>\n\n\n\n<p>Abel ainda estendeu a cr\u00edtica ao contexto geral do futebol brasileiro e apontou para o baixo tempo de bola rolando. Ele reclamou da atua\u00e7\u00e3o do \u00e1rbitro Rafael Rodrigo Klein no duelo contra o Cruzeiro e do lance envolvendo Gustavo G\u00f3mez, que acertou Wanderson com for\u00e7a excessiva. O lance gerou debate entre analistas e arbitragem.<\/p>\n\n\n\n<p>\u201cO Flamengo se calhar tamb\u00e9m tem a mesma raz\u00e3o de se queixar. Gr\u00eamio e S\u00e3o Paulo tamb\u00e9m. N\u00e3o criem narrativas hip\u00f3critas de que o Palmeiras \u00e9 a equipe beneficiada. O Palmeiras j\u00e1 foi beneficiado e prejudicado. O Flamengo j\u00e1 foi beneficiado e prejudicado. O Gr\u00eamio, Cruzeiro, todos\u201d.<\/p>\n\n\n\n<h2 class=\"wp-block-heading\" id=\"h-flamengo-garante-renda-recorde-ao-fortaleza-em-derrota-no-castelao\">Flamengo garante renda recorde ao Fortaleza em derrota no Castel\u00e3o<\/h2>\n\n\n\n<p>No s\u00e1bado, o Fortaleza venceu o Flamengo por 1 a 0 na Arena Castel\u00e3o, resultado que teve impacto al\u00e9m das quatro linhas. A partida registrou a maior renda bruta do clube cearense em 2025, somando R$ 2.717.748,00. O p\u00fablico pagante foi de 36.350 pessoas, com destaque para os quase 30 mil ingressos vendidos e a presen\u00e7a de s\u00f3cios-torcedores e projetos sociais.<\/p>\n\n\n\n<p>O bom desempenho financeiro foi impulsionado, principalmente, pela presen\u00e7a da torcida rubro-negra. Foram disponibilizados mais de 58 mil ingressos, com cerca de 16,5% reservados ao setor visitante. Antes da partida, alguns torcedores do Flamengo precisaram ser realocados por decis\u00e3o do Minist\u00e9rio P\u00fablico, j\u00e1 que ocupavam \u00e1reas destinadas \u00e0 torcida local.<\/p>\n\n\n\n<p>Em campo, o Fortaleza saiu do jejum e venceu com gol de Breno Lopes no primeiro tempo. O triunfo levou o time \u00e0 18\u00aa coloca\u00e7\u00e3o com 27 pontos, ultrapassando o Juventude e se aproximando de Santos e Vit\u00f3ria na luta contra o rebaixamento. O resultado trouxe novo \u00e2nimo para o grupo comandado por Mart\u00edn Palermo.<\/p>\n\n\n\n<p>Do lado flamenguista, a derrota foi sentida. A equipe perdeu a chance de assumir a lideran\u00e7a isolada do Brasileir\u00e3o. Com 61 pontos, permanece empatada com o Palmeiras, que ainda jogaria na rodada. A equipe de Filipe Lu\u00eds agora volta suas aten\u00e7\u00f5es para a semifinal da Libertadores contra o Racing, na Argentina.<\/p>\n","protected":false},"excerpt":{"rendered":"<p>No giro de hoje: Wesley, revelado pelo Flamengo, brilha na vit\u00f3ria da Roma e recebe elogios da torcida italiana pela atua\u00e7\u00e3o vers\u00e1til na S\u00e9rie A; Abel Ferreira reage a cr\u00edticas e cita o Flamengo ao rebater narrativas de favorecimento ao Palmeiras ap\u00f3s o empate contra o Cruzeiro; e, no Castel\u00e3o, o Fortaleza quebra recorde de [&hellip;]<\/p>\n","protected":false},"author":15,"featured_media":121425,"comment_status":"open","ping_status":"closed","sticky":false,"template":"","format":"standard","meta":{"footnotes":""},"categories":[1],"tags":[],"class_list":["post-279375","post","type-post","status-publish","format-standard","has-post-thumbnail","hentry","category-flamengo"],"yoast_head":"<!-- This site is optimized with the Yoast SEO Premium plugin v24.2 (Yoast SEO v26.9) - https:\/\/yoast.com\/product\/yoast-seo-premium-wordpress\/ -->\n<title>Flamengo ajuda rival, cria ganha destaque na Europa e declara\u00e7\u00e3o de Abel Ferreira: as \u00faltimas not\u00edcias do Meng\u00e3o<\/title>\n<meta name=\"robots\" content=\"index, follow, max-snippet:-1, max-image-preview:large, max-video-preview:-1\" \/>\n<link rel=\"canonical\" href=\"https:\/\/www.gaveanews.com\/index.php\/2025\/10\/27\/flamengo-ajuda-rival-cria-ganha-destaque-na-europa-e-declaracao-de-abel-ferreira-as-ultimas-noticias-do-mengao\/\" \/>\n<meta property=\"og:locale\" content=\"pt_BR\" \/>\n<meta property=\"og:type\" content=\"article\" \/>\n<meta property=\"og:title\" content=\"Flamengo ajuda rival, cria ganha destaque na Europa e declara\u00e7\u00e3o de Abel Ferreira: as \u00faltimas not\u00edcias do Meng\u00e3o\" \/>\n<meta property=\"og:description\" content=\"No giro de hoje: Wesley, revelado pelo Flamengo, brilha na vit\u00f3ria da Roma e recebe elogios da torcida italiana pela atua\u00e7\u00e3o vers\u00e1til na S\u00e9rie A; Abel Ferreira reage a cr\u00edticas e cita o Flamengo ao rebater narrativas de favorecimento ao Palmeiras ap\u00f3s o empate contra o Cruzeiro; e, no Castel\u00e3o, o Fortaleza quebra recorde de [&hellip;]\" \/>\n<meta property=\"og:url\" content=\"https:\/\/www.gaveanews.com\/index.php\/2025\/10\/27\/flamengo-ajuda-rival-cria-ganha-destaque-na-europa-e-declaracao-de-abel-ferreira-as-ultimas-noticias-do-mengao\/\" \/>\n<meta property=\"og:site_name\" content=\"G\u00e1vea News\" \/>\n<meta property=\"article:publisher\" content=\"https:\/\/facebook.com\/gaveaNews\/\" \/>\n<meta property=\"article:published_time\" content=\"2025-10-27T16:37:21+00:00\" \/>\n<meta property=\"article:modified_time\" content=\"2025-10-27T16:37:24+00:00\" \/>\n<meta property=\"og:image\" content=\"http:\/\/www.gaveanews.com\/wp-content\/uploads\/escudoFLA.webp\" \/>\n\t<meta property=\"og:image:width\" content=\"900\" \/>\n\t<meta property=\"og:image:height\" content=\"530\" \/>\n\t<meta property=\"og:image:type\" content=\"image\/webp\" \/>\n<meta name=\"author\" content=\"Henrique Machado\" \/>\n<meta name=\"twitter:card\" content=\"summary_large_image\" \/>\n<meta name=\"twitter:label1\" content=\"Escrito por\" \/>\n\t<meta name=\"twitter:data1\" content=\"Henrique Machado\" \/>\n\t<meta name=\"twitter:label2\" content=\"Est. tempo de leitura\" \/>\n\t<meta name=\"twitter:data2\" content=\"5 minutos\" \/>\n<script type=\"application\/ld+json\" class=\"yoast-schema-graph\">{\"@context\":\"https:\/\/schema.org\",\"@graph\":[{\"@type\":\"NewsArticle\",\"@id\":\"https:\/\/www.gaveanews.com\/index.php\/2025\/10\/27\/flamengo-ajuda-rival-cria-ganha-destaque-na-europa-e-declaracao-de-abel-ferreira-as-ultimas-noticias-do-mengao\/#article\",\"isPartOf\":{\"@id\":\"https:\/\/www.gaveanews.com\/index.php\/2025\/10\/27\/flamengo-ajuda-rival-cria-ganha-destaque-na-europa-e-declaracao-de-abel-ferreira-as-ultimas-noticias-do-mengao\/\"},\"author\":{\"name\":\"Henrique Machado\",\"@id\":\"https:\/\/www.gaveanews.com\/#\/schema\/person\/fd07635ec039ec3ba74ad18ec8a6dbd6\"},\"headline\":\"Flamengo ajuda rival, cria ganha destaque na Europa e declara\u00e7\u00e3o de Abel Ferreira: as \u00faltimas not\u00edcias do Meng\u00e3o\",\"datePublished\":\"2025-10-27T16:37:21+00:00\",\"dateModified\":\"2025-10-27T16:37:24+00:00\",\"mainEntityOfPage\":{\"@id\":\"https:\/\/www.gaveanews.com\/index.php\/2025\/10\/27\/flamengo-ajuda-rival-cria-ganha-destaque-na-europa-e-declaracao-de-abel-ferreira-as-ultimas-noticias-do-mengao\/\"},\"wordCount\":854,\"commentCount\":0,\"image\":{\"@id\":\"https:\/\/www.gaveanews.com\/index.php\/2025\/10\/27\/flamengo-ajuda-rival-cria-ganha-destaque-na-europa-e-declaracao-de-abel-ferreira-as-ultimas-noticias-do-mengao\/#primaryimage\"},\"thumbnailUrl\":\"https:\/\/www.gaveanews.com\/wp-content\/uploads\/escudoFLA.webp\",\"articleSection\":[\"Flamengo\"],\"inLanguage\":\"pt-BR\",\"potentialAction\":[{\"@type\":\"CommentAction\",\"name\":\"Comment\",\"target\":[\"https:\/\/www.gaveanews.com\/index.php\/2025\/10\/27\/flamengo-ajuda-rival-cria-ganha-destaque-na-europa-e-declaracao-de-abel-ferreira-as-ultimas-noticias-do-mengao\/#respond\"]}],\"copyrightYear\":\"2025\",\"copyrightHolder\":{\"@id\":\"https:\/\/www.gaveanews.com\/#organization\"}},{\"@type\":\"WebPage\",\"@id\":\"https:\/\/www.gaveanews.com\/index.php\/2025\/10\/27\/flamengo-ajuda-rival-cria-ganha-destaque-na-europa-e-declaracao-de-abel-ferreira-as-ultimas-noticias-do-mengao\/\",\"url\":\"https:\/\/www.gaveanews.com\/index.php\/2025\/10\/27\/flamengo-ajuda-rival-cria-ganha-destaque-na-europa-e-declaracao-de-abel-ferreira-as-ultimas-noticias-do-mengao\/\",\"name\":\"Flamengo ajuda rival, cria ganha destaque na Europa e declara\u00e7\u00e3o de Abel Ferreira: as \u00faltimas not\u00edcias do Meng\u00e3o\",\"isPartOf\":{\"@id\":\"https:\/\/www.gaveanews.com\/#website\"},\"primaryImageOfPage\":{\"@id\":\"https:\/\/www.gaveanews.com\/index.php\/2025\/10\/27\/flamengo-ajuda-rival-cria-ganha-destaque-na-europa-e-declaracao-de-abel-ferreira-as-ultimas-noticias-do-mengao\/#primaryimage\"},\"image\":{\"@id\":\"https:\/\/www.gaveanews.com\/index.php\/2025\/10\/27\/flamengo-ajuda-rival-cria-ganha-destaque-na-europa-e-declaracao-de-abel-ferreira-as-ultimas-noticias-do-mengao\/#primaryimage\"},\"thumbnailUrl\":\"https:\/\/www.gaveanews.com\/wp-content\/uploads\/escudoFLA.webp\",\"datePublished\":\"2025-10-27T16:37:21+00:00\",\"dateModified\":\"2025-10-27T16:37:24+00:00\",\"author\":{\"@id\":\"https:\/\/www.gaveanews.com\/#\/schema\/person\/fd07635ec039ec3ba74ad18ec8a6dbd6\"},\"breadcrumb\":{\"@id\":\"https:\/\/www.gaveanews.com\/index.php\/2025\/10\/27\/flamengo-ajuda-rival-cria-ganha-destaque-na-europa-e-declaracao-de-abel-ferreira-as-ultimas-noticias-do-mengao\/#breadcrumb\"},\"inLanguage\":\"pt-BR\",\"potentialAction\":[{\"@type\":\"ReadAction\",\"target\":[\"https:\/\/www.gaveanews.com\/index.php\/2025\/10\/27\/flamengo-ajuda-rival-cria-ganha-destaque-na-europa-e-declaracao-de-abel-ferreira-as-ultimas-noticias-do-mengao\/\"]}]},{\"@type\":\"ImageObject\",\"inLanguage\":\"pt-BR\",\"@id\":\"https:\/\/www.gaveanews.com\/index.php\/2025\/10\/27\/flamengo-ajuda-rival-cria-ganha-destaque-na-europa-e-declaracao-de-abel-ferreira-as-ultimas-noticias-do-mengao\/#primaryimage\",\"url\":\"https:\/\/www.gaveanews.com\/wp-content\/uploads\/escudoFLA.webp\",\"contentUrl\":\"https:\/\/www.gaveanews.com\/wp-content\/uploads\/escudoFLA.webp\",\"width\":900,\"height\":530,\"caption\":\"Escudo do Flamengo (Foto: Reprodu\u00e7\u00e3o)\"},{\"@type\":\"BreadcrumbList\",\"@id\":\"https:\/\/www.gaveanews.com\/index.php\/2025\/10\/27\/flamengo-ajuda-rival-cria-ganha-destaque-na-europa-e-declaracao-de-abel-ferreira-as-ultimas-noticias-do-mengao\/#breadcrumb\",\"itemListElement\":[{\"@type\":\"ListItem\",\"position\":1,\"name\":\"Home\",\"item\":\"https:\/\/www.gaveanews.com\/\"},{\"@type\":\"ListItem\",\"position\":2,\"name\":\"Flamengo ajuda rival, cria ganha destaque na Europa e declara\u00e7\u00e3o de Abel Ferreira: as \u00faltimas not\u00edcias do Meng\u00e3o\"}]},{\"@type\":\"WebSite\",\"@id\":\"https:\/\/www.gaveanews.com\/#website\",\"url\":\"https:\/\/www.gaveanews.com\/\",\"name\":\"G\u00e1vea News\",\"description\":\"Veja todas as not\u00edcias sobre o Flamengo: Contrata\u00e7\u00f5es, categorias de base, resultados das partidas, tabela de classifica\u00e7\u00e3o, pr\u00f3ximos jogos!\",\"potentialAction\":[{\"@type\":\"SearchAction\",\"target\":{\"@type\":\"EntryPoint\",\"urlTemplate\":\"https:\/\/www.gaveanews.com\/?s={search_term_string}\"},\"query-input\":{\"@type\":\"PropertyValueSpecification\",\"valueRequired\":true,\"valueName\":\"search_term_string\"}}],\"inLanguage\":\"pt-BR\"},{\"@type\":\"Person\",\"@id\":\"https:\/\/www.gaveanews.com\/#\/schema\/person\/fd07635ec039ec3ba74ad18ec8a6dbd6\",\"name\":\"Henrique Machado\",\"image\":{\"@type\":\"ImageObject\",\"inLanguage\":\"pt-BR\",\"@id\":\"https:\/\/www.gaveanews.com\/#\/schema\/person\/image\/\",\"url\":\"https:\/\/secure.gravatar.com\/avatar\/b95e35997e01d9800c1b6184bd79d4d898d370a3fce2584f5c77b907d5c7d9e9?s=96&d=mm&r=g\",\"contentUrl\":\"https:\/\/secure.gravatar.com\/avatar\/b95e35997e01d9800c1b6184bd79d4d898d370a3fce2584f5c77b907d5c7d9e9?s=96&d=mm&r=g\",\"caption\":\"Henrique Machado\"}}]}<\/script>\n<!-- \/ Yoast SEO Premium plugin. -->","yoast_head_json":{"title":"Flamengo ajuda rival, cria ganha destaque na Europa e declara\u00e7\u00e3o de Abel Ferreira: as \u00faltimas not\u00edcias do Meng\u00e3o","robots":{"index":"index","follow":"follow","max-snippet":"max-snippet:-1","max-image-preview":"max-image-preview:large","max-video-preview":"max-video-preview:-1"},"canonical":"https:\/\/www.gaveanews.com\/index.php\/2025\/10\/27\/flamengo-ajuda-rival-cria-ganha-destaque-na-europa-e-declaracao-de-abel-ferreira-as-ultimas-noticias-do-mengao\/","og_locale":"pt_BR","og_type":"article","og_title":"Flamengo ajuda rival, cria ganha destaque na Europa e declara\u00e7\u00e3o de Abel Ferreira: as \u00faltimas not\u00edcias do Meng\u00e3o","og_description":"No giro de hoje: Wesley, revelado pelo Flamengo, brilha na vit\u00f3ria da Roma e recebe elogios da torcida italiana pela atua\u00e7\u00e3o vers\u00e1til na S\u00e9rie A; Abel Ferreira reage a cr\u00edticas e cita o Flamengo ao rebater narrativas de favorecimento ao Palmeiras ap\u00f3s o empate contra o Cruzeiro; e, no Castel\u00e3o, o Fortaleza quebra recorde de [&hellip;]","og_url":"https:\/\/www.gaveanews.com\/index.php\/2025\/10\/27\/flamengo-ajuda-rival-cria-ganha-destaque-na-europa-e-declaracao-de-abel-ferreira-as-ultimas-noticias-do-mengao\/","og_site_name":"G\u00e1vea News","article_publisher":"https:\/\/facebook.com\/gaveaNews\/","article_published_time":"2025-10-27T16:37:21+00:00","article_modified_time":"2025-10-27T16:37:24+00:00","og_image":[{"width":900,"height":530,"url":"http:\/\/www.gaveanews.com\/wp-content\/uploads\/escudoFLA.webp","type":"image\/webp"}],"author":"Henrique Machado","twitter_card":"summary_large_image","twitter_misc":{"Escrito por":"Henrique Machado","Est. tempo de leitura":"5 minutos"},"schema":{"@context":"https:\/\/schema.org","@graph":[{"@type":"NewsArticle","@id":"https:\/\/www.gaveanews.com\/index.php\/2025\/10\/27\/flamengo-ajuda-rival-cria-ganha-destaque-na-europa-e-declaracao-de-abel-ferreira-as-ultimas-noticias-do-mengao\/#article","isPartOf":{"@id":"https:\/\/www.gaveanews.com\/index.php\/2025\/10\/27\/flamengo-ajuda-rival-cria-ganha-destaque-na-europa-e-declaracao-de-abel-ferreira-as-ultimas-noticias-do-mengao\/"},"author":{"name":"Henrique Machado","@id":"https:\/\/www.gaveanews.com\/#\/schema\/person\/fd07635ec039ec3ba74ad18ec8a6dbd6"},"headline":"Flamengo ajuda rival, cria ganha destaque na Europa e declara\u00e7\u00e3o de Abel Ferreira: as \u00faltimas not\u00edcias do Meng\u00e3o","datePublished":"2025-10-27T16:37:21+00:00","dateModified":"2025-10-27T16:37:24+00:00","mainEntityOfPage":{"@id":"https:\/\/www.gaveanews.com\/index.php\/2025\/10\/27\/flamengo-ajuda-rival-cria-ganha-destaque-na-europa-e-declaracao-de-abel-ferreira-as-ultimas-noticias-do-mengao\/"},"wordCount":854,"commentCount":0,"image":{"@id":"https:\/\/www.gaveanews.com\/index.php\/2025\/10\/27\/flamengo-ajuda-rival-cria-ganha-destaque-na-europa-e-declaracao-de-abel-ferreira-as-ultimas-noticias-do-mengao\/#primaryimage"},"thumbnailUrl":"https:\/\/www.gaveanews.com\/wp-content\/uploads\/escudoFLA.webp","articleSection":["Flamengo"],"inLanguage":"pt-BR","potentialAction":[{"@type":"CommentAction","name":"Comment","target":["https:\/\/www.gaveanews.com\/index.php\/2025\/10\/27\/flamengo-ajuda-rival-cria-ganha-destaque-na-europa-e-declaracao-de-abel-ferreira-as-ultimas-noticias-do-mengao\/#respond"]}],"copyrightYear":"2025","copyrightHolder":{"@id":"https:\/\/www.gaveanews.com\/#organization"}},{"@type":"WebPage","@id":"https:\/\/www.gaveanews.com\/index.php\/2025\/10\/27\/flamengo-ajuda-rival-cria-ganha-destaque-na-europa-e-declaracao-de-abel-ferreira-as-ultimas-noticias-do-mengao\/","url":"https:\/\/www.gaveanews.com\/index.php\/2025\/10\/27\/flamengo-ajuda-rival-cria-ganha-destaque-na-europa-e-declaracao-de-abel-ferreira-as-ultimas-noticias-do-mengao\/","name":"Flamengo ajuda rival, cria ganha destaque na Europa e declara\u00e7\u00e3o de Abel Ferreira: as \u00faltimas not\u00edcias do Meng\u00e3o","isPartOf":{"@id":"https:\/\/www.gaveanews.com\/#website"},"primaryImageOfPage":{"@id":"https:\/\/www.gaveanews.com\/index.php\/2025\/10\/27\/flamengo-ajuda-rival-cria-ganha-destaque-na-europa-e-declaracao-de-abel-ferreira-as-ultimas-noticias-do-mengao\/#primaryimage"},"image":{"@id":"https:\/\/www.gaveanews.com\/index.php\/2025\/10\/27\/flamengo-ajuda-rival-cria-ganha-destaque-na-europa-e-declaracao-de-abel-ferreira-as-ultimas-noticias-do-mengao\/#primaryimage"},"thumbnailUrl":"https:\/\/www.gaveanews.com\/wp-content\/uploads\/escudoFLA.webp","datePublished":"2025-10-27T16:37:21+00:00","dateModified":"2025-10-27T16:37:24+00:00","author":{"@id":"https:\/\/www.gaveanews.com\/#\/schema\/person\/fd07635ec039ec3ba74ad18ec8a6dbd6"},"breadcrumb":{"@id":"https:\/\/www.gaveanews.com\/index.php\/2025\/10\/27\/flamengo-ajuda-rival-cria-ganha-destaque-na-europa-e-declaracao-de-abel-ferreira-as-ultimas-noticias-do-mengao\/#breadcrumb"},"inLanguage":"pt-BR","potentialAction":[{"@type":"ReadAction","target":["https:\/\/www.gaveanews.com\/index.php\/2025\/10\/27\/flamengo-ajuda-rival-cria-ganha-destaque-na-europa-e-declaracao-de-abel-ferreira-as-ultimas-noticias-do-mengao\/"]}]},{"@type":"ImageObject","inLanguage":"pt-BR","@id":"https:\/\/www.gaveanews.com\/index.php\/2025\/10\/27\/flamengo-ajuda-rival-cria-ganha-destaque-na-europa-e-declaracao-de-abel-ferreira-as-ultimas-noticias-do-mengao\/#primaryimage","url":"https:\/\/www.gaveanews.com\/wp-content\/uploads\/escudoFLA.webp","contentUrl":"https:\/\/www.gaveanews.com\/wp-content\/uploads\/escudoFLA.webp","width":900,"height":530,"caption":"Escudo do Flamengo (Foto: Reprodu\u00e7\u00e3o)"},{"@type":"BreadcrumbList","@id":"https:\/\/www.gaveanews.com\/index.php\/2025\/10\/27\/flamengo-ajuda-rival-cria-ganha-destaque-na-europa-e-declaracao-de-abel-ferreira-as-ultimas-noticias-do-mengao\/#breadcrumb","itemListElement":[{"@type":"ListItem","position":1,"name":"Home","item":"https:\/\/www.gaveanews.com\/"},{"@type":"ListItem","position":2,"name":"Flamengo ajuda rival, cria ganha destaque na Europa e declara\u00e7\u00e3o de Abel Ferreira: as \u00faltimas not\u00edcias do Meng\u00e3o"}]},{"@type":"WebSite","@id":"https:\/\/www.gaveanews.com\/#website","url":"https:\/\/www.gaveanews.com\/","name":"G\u00e1vea News","description":"Veja todas as not\u00edcias sobre o Flamengo: Contrata\u00e7\u00f5es, categorias de base, resultados das partidas, tabela de classifica\u00e7\u00e3o, pr\u00f3ximos jogos!","potentialAction":[{"@type":"SearchAction","target":{"@type":"EntryPoint","urlTemplate":"https:\/\/www.gaveanews.com\/?s={search_term_string}"},"query-input":{"@type":"PropertyValueSpecification","valueRequired":true,"valueName":"search_term_string"}}],"inLanguage":"pt-BR"},{"@type":"Person","@id":"https:\/\/www.gaveanews.com\/#\/schema\/person\/fd07635ec039ec3ba74ad18ec8a6dbd6","name":"Henrique Machado","image":{"@type":"ImageObject","inLanguage":"pt-BR","@id":"https:\/\/www.gaveanews.com\/#\/schema\/person\/image\/","url":"https:\/\/secure.gravatar.com\/avatar\/b95e35997e01d9800c1b6184bd79d4d898d370a3fce2584f5c77b907d5c7d9e9?s=96&d=mm&r=g","contentUrl":"https:\/\/secure.gravatar.com\/avatar\/b95e35997e01d9800c1b6184bd79d4d898d370a3fce2584f5c77b907d5c7d9e9?s=96&d=mm&r=g","caption":"Henrique Machado"}}]}},"_links":{"self":[{"href":"https:\/\/www.gaveanews.com\/index.php\/wp-json\/wp\/v2\/posts\/279375","targetHints":{"allow":["GET"]}}],"collection":[{"href":"https:\/\/www.gaveanews.com\/index.php\/wp-json\/wp\/v2\/posts"}],"about":[{"href":"https:\/\/www.gaveanews.com\/index.php\/wp-json\/wp\/v2\/types\/post"}],"author":[{"embeddable":true,"href":"https:\/\/www.gaveanews.com\/index.php\/wp-json\/wp\/v2\/users\/15"}],"replies":[{"embeddable":true,"href":"https:\/\/www.gaveanews.com\/index.php\/wp-json\/wp\/v2\/comments?post=279375"}],"version-history":[{"count":1,"href":"https:\/\/www.gaveanews.com\/index.php\/wp-json\/wp\/v2\/posts\/279375\/revisions"}],"predecessor-version":[{"id":279379,"href":"https:\/\/www.gaveanews.com\/index.php\/wp-json\/wp\/v2\/posts\/279375\/revisions\/279379"}],"wp:featuredmedia":[{"embeddable":true,"href":"https:\/\/www.gaveanews.com\/index.php\/wp-json\/wp\/v2\/media\/121425"}],"wp:attachment":[{"href":"https:\/\/www.gaveanews.com\/index.php\/wp-json\/wp\/v2\/media?parent=279375"}],"wp:term":[{"taxonomy":"category","embeddable":true,"href":"https:\/\/www.gaveanews.com\/index.php\/wp-json\/wp\/v2\/categories?post=279375"},{"taxonomy":"post_tag","embeddable":true,"href":"https:\/\/www.gaveanews.com\/index.php\/wp-json\/wp\/v2\/tags?post=279375"}],"curies":[{"name":"wp","href":"https:\/\/api.w.org\/{rel}","templated":true}]}}