{"id":279385,"date":"2025-10-27T15:07:41","date_gmt":"2025-10-27T18:07:41","guid":{"rendered":"https:\/\/www.gaveanews.com\/?p=279385"},"modified":"2025-10-27T15:07:44","modified_gmt":"2025-10-27T18:07:44","slug":"flamengo-gonzalo-plata-se-pronuncia-apos-foto-vazada-em-balada","status":"publish","type":"post","link":"https:\/\/www.gaveanews.com\/index.php\/2025\/10\/27\/flamengo-gonzalo-plata-se-pronuncia-apos-foto-vazada-em-balada\/","title":{"rendered":"Flamengo: Gonzalo Plata se pronuncia ap\u00f3s foto vazada em balada"},"content":{"rendered":"\n<p>Horas ap\u00f3s a derrota do Flamengo por 1 a 0 para o Fortaleza, no \u00faltimo s\u00e1bado (25), uma foto do atacante Gonzalo Plata em uma balada no Rio de Janeiro repercutiu entre torcedores nas redes sociais. A imagem, registrada durante a madrugada de domingo, gerou cr\u00edticas ao comportamento do jogador.<\/p>\n\n\n\n<p>A revolta se deu, sobretudo, pelo momento delicado da temporada e pela proximidade da semifinal decisiva da Libertadores.<\/p>\n\n\n\n<p>Diante das rea\u00e7\u00f5es, Plata respondeu diretamente a um torcedor nas redes sociais para esclarecer o epis\u00f3dio. O equatoriano alegou que estava apenas acompanhando familiares rec\u00e9m-chegados ao Brasil e n\u00e3o houve qualquer conduta impr\u00f3pria.<\/p>\n\n\n\n<blockquote class=\"wp-block-quote is-layout-flow wp-block-quote-is-layout-flow\">\n<p>\u201cMinha fam\u00edlia chegou ontem ao Rio, meus irm\u00e3os est\u00e3o aqui. Eles queriam sair, queriam conhecer um pouco. Voc\u00ea acha que eu n\u00e3o vou levar eles para conhecerem n\u00e3o? Tem que ser mais s\u00e9rio, parar de postar essas coisas do nada\u201d, escreveu Plata em resposta.<\/p>\n\n\n\n<figure class=\"wp-block-embed is-type-rich is-provider-twitter wp-block-embed-twitter\"><div class=\"wp-block-embed__wrapper\">\n<blockquote class=\"twitter-tweet\" data-width=\"550\" data-dnt=\"true\"><p lang=\"pt\" dir=\"ltr\">Plata me mandou mensagem respondendo o stories que postei sobre a foto que vazou dele e explicou o contexto <a href=\"https:\/\/t.co\/SxTNrqAJda\">pic.twitter.com\/SxTNrqAJda<\/a><\/p>&mdash; TUDO SOBRE CRF | Flamengo (@tudosobrecrf) <a href=\"https:\/\/twitter.com\/tudosobrecrf\/status\/1982770221305000074?ref_src=twsrc%5Etfw\">October 27, 2025<\/a><\/blockquote><script async src=\"https:\/\/platform.twitter.com\/widgets.js\" charset=\"utf-8\"><\/script>\n<\/div><\/figure>\n<\/blockquote>\n\n\n\n<p>\u00c9 importante destacar que todo o elenco rubro-negro recebeu folga ap\u00f3s o compromisso contra o Fortaleza. Apesar disso, o momento da apari\u00e7\u00e3o do jogador dividiu opini\u00f5es entre os torcedores. <\/p>\n\n\n\n<p>Parte da torcida considerou a presen\u00e7a do atacante em um ambiente noturno inadequada, especialmente ap\u00f3s mais um trope\u00e7o no Campeonato Brasileiro e \u00e0s v\u00e9speras do jogo decisivo contra o Racing.<\/p>\n\n\n\n<h3 class=\"wp-block-heading\" id=\"h-diretoria-pretende-conversar-com-atleta\">Diretoria pretende conversar com atleta<\/h3>\n\n\n\n<p>Segundo o jornalista Mauro Cezar Pereira, durante participa\u00e7\u00e3o no programa <em>Posse de Bola<\/em>, do portal <em>UOL<\/em>, a diretoria do Flamengo planeja conversar com Gonzalo Plata para ouvir sua vers\u00e3o dos fatos e entender o contexto da situa\u00e7\u00e3o. <\/p>\n\n\n\n<p>A inten\u00e7\u00e3o do clube \u00e9 tratar o epis\u00f3dio com cautela, evitando desgaste p\u00fablico maior, mas refor\u00e7ando a responsabilidade dos atletas fora de campo.<\/p>\n\n\n\n<figure class=\"wp-block-image size-full\"><img loading=\"lazy\" decoding=\"async\" width=\"860\" height=\"484\" src=\"https:\/\/www.gaveanews.com\/wp-content\/uploads\/image-20.png\" alt=\"\" class=\"wp-image-279386\" srcset=\"https:\/\/www.gaveanews.com\/wp-content\/uploads\/image-20.png 860w, https:\/\/www.gaveanews.com\/wp-content\/uploads\/image-20-300x169.png 300w, https:\/\/www.gaveanews.com\/wp-content\/uploads\/image-20-768x432.png 768w, https:\/\/www.gaveanews.com\/wp-content\/uploads\/image-20-746x420.png 746w, https:\/\/www.gaveanews.com\/wp-content\/uploads\/image-20-640x360.png 640w, https:\/\/www.gaveanews.com\/wp-content\/uploads\/image-20-681x383.png 681w, https:\/\/www.gaveanews.com\/wp-content\/uploads\/image-20-100x56.png 100w\" sizes=\"auto, (max-width: 860px) 100vw, 860px\" \/><figcaption class=\"wp-element-caption\">Foto de Plata em balada no Rio (Foto: Reprodu\u00e7\u00e3o)<\/figcaption><\/figure>\n\n\n\n<h3 class=\"wp-block-heading\" id=\"h-plata-deve-ganhar-chance-entre-os-titulares\">Plata deve ganhar chance entre os titulares<\/h3>\n\n\n\n<p>Mesmo com a pol\u00eamica recente, Plata permanece \u00e0 disposi\u00e7\u00e3o do t\u00e9cnico Filipe Lu\u00eds para o confronto de volta da semifinal da Libertadores, nesta quarta-feira (29), contra o Racing, em Avellaneda, na Argentina. <\/p>\n\n\n\n<p>Com a les\u00e3o de Pedro \u2014 que sofreu uma fratura no bra\u00e7o no jogo de ida \u2014 o atacante equatoriano surge como principal op\u00e7\u00e3o para liderar o setor ofensivo como falso nove.<\/p>\n\n\n\n<p>Na primeira partida, o Flamengo venceu por 1 a 0 no Maracan\u00e3. Com o resultado, o time carioca joga por um empate para avan\u00e7ar \u00e0 final da competi\u00e7\u00e3o continental. A bola rola \u00e0s 21h30 (de Bras\u00edlia), no Est\u00e1dio Presidente Per\u00f3n, conhecido como El Cilindro.<\/p>\n","protected":false},"excerpt":{"rendered":"<p>Horas ap\u00f3s a derrota do Flamengo por 1 a 0 para o Fortaleza, no \u00faltimo s\u00e1bado (25), uma foto do atacante Gonzalo Plata em uma balada no Rio de Janeiro repercutiu entre torcedores nas redes sociais. A imagem, registrada durante a madrugada de domingo, gerou cr\u00edticas ao comportamento do jogador. A revolta se deu, sobretudo, [&hellip;]<\/p>\n","protected":false},"author":30,"featured_media":165205,"comment_status":"open","ping_status":"closed","sticky":false,"template":"","format":"standard","meta":{"footnotes":""},"categories":[1],"tags":[],"class_list":["post-279385","post","type-post","status-publish","format-standard","has-post-thumbnail","hentry","category-flamengo"],"yoast_head":"<!-- This site is optimized with the Yoast SEO Premium plugin v24.2 (Yoast SEO v26.9) - https:\/\/yoast.com\/product\/yoast-seo-premium-wordpress\/ -->\n<title>Flamengo: Gonzalo Plata se pronuncia ap\u00f3s foto vazada em balada<\/title>\n<meta name=\"robots\" content=\"index, follow, max-snippet:-1, max-image-preview:large, max-video-preview:-1\" \/>\n<link rel=\"canonical\" href=\"https:\/\/www.gaveanews.com\/index.php\/2025\/10\/27\/flamengo-gonzalo-plata-se-pronuncia-apos-foto-vazada-em-balada\/\" \/>\n<meta property=\"og:locale\" content=\"pt_BR\" \/>\n<meta property=\"og:type\" content=\"article\" \/>\n<meta property=\"og:title\" content=\"Flamengo: Gonzalo Plata se pronuncia ap\u00f3s foto vazada em balada\" \/>\n<meta property=\"og:description\" content=\"Horas ap\u00f3s a derrota do Flamengo por 1 a 0 para o Fortaleza, no \u00faltimo s\u00e1bado (25), uma foto do atacante Gonzalo Plata em uma balada no Rio de Janeiro repercutiu entre torcedores nas redes sociais. A imagem, registrada durante a madrugada de domingo, gerou cr\u00edticas ao comportamento do jogador. A revolta se deu, sobretudo, [&hellip;]\" \/>\n<meta property=\"og:url\" content=\"https:\/\/www.gaveanews.com\/index.php\/2025\/10\/27\/flamengo-gonzalo-plata-se-pronuncia-apos-foto-vazada-em-balada\/\" \/>\n<meta property=\"og:site_name\" content=\"G\u00e1vea News\" \/>\n<meta property=\"article:publisher\" content=\"https:\/\/facebook.com\/gaveaNews\/\" \/>\n<meta property=\"article:published_time\" content=\"2025-10-27T18:07:41+00:00\" \/>\n<meta property=\"article:modified_time\" content=\"2025-10-27T18:07:44+00:00\" \/>\n<meta property=\"og:image\" content=\"http:\/\/www.gaveanews.com\/wp-content\/uploads\/Gonzalo-Plata-em-apresentacao-no-Flamengo-no-CT-Ninho-do-Urubu.webp\" \/>\n\t<meta property=\"og:image:width\" content=\"581\" \/>\n\t<meta property=\"og:image:height\" content=\"466\" \/>\n\t<meta property=\"og:image:type\" content=\"image\/jpeg\" \/>\n<meta name=\"author\" content=\"Ana Teixeira\" \/>\n<meta name=\"twitter:card\" content=\"summary_large_image\" \/>\n<meta name=\"twitter:label1\" content=\"Escrito por\" \/>\n\t<meta name=\"twitter:data1\" content=\"Ana Teixeira\" \/>\n\t<meta name=\"twitter:label2\" content=\"Est. tempo de leitura\" \/>\n\t<meta name=\"twitter:data2\" content=\"3 minutos\" \/>\n<script type=\"application\/ld+json\" class=\"yoast-schema-graph\">{\"@context\":\"https:\/\/schema.org\",\"@graph\":[{\"@type\":\"NewsArticle\",\"@id\":\"https:\/\/www.gaveanews.com\/index.php\/2025\/10\/27\/flamengo-gonzalo-plata-se-pronuncia-apos-foto-vazada-em-balada\/#article\",\"isPartOf\":{\"@id\":\"https:\/\/www.gaveanews.com\/index.php\/2025\/10\/27\/flamengo-gonzalo-plata-se-pronuncia-apos-foto-vazada-em-balada\/\"},\"author\":{\"name\":\"Ana Teixeira\",\"@id\":\"https:\/\/www.gaveanews.com\/#\/schema\/person\/3b19f7288b0ce20372991275e4f2e6c2\"},\"headline\":\"Flamengo: Gonzalo Plata se pronuncia ap\u00f3s foto vazada em balada\",\"datePublished\":\"2025-10-27T18:07:41+00:00\",\"dateModified\":\"2025-10-27T18:07:44+00:00\",\"mainEntityOfPage\":{\"@id\":\"https:\/\/www.gaveanews.com\/index.php\/2025\/10\/27\/flamengo-gonzalo-plata-se-pronuncia-apos-foto-vazada-em-balada\/\"},\"wordCount\":438,\"commentCount\":0,\"image\":{\"@id\":\"https:\/\/www.gaveanews.com\/index.php\/2025\/10\/27\/flamengo-gonzalo-plata-se-pronuncia-apos-foto-vazada-em-balada\/#primaryimage\"},\"thumbnailUrl\":\"https:\/\/www.gaveanews.com\/wp-content\/uploads\/Gonzalo-Plata-em-apresentacao-no-Flamengo-no-CT-Ninho-do-Urubu.webp\",\"articleSection\":[\"Flamengo\"],\"inLanguage\":\"pt-BR\",\"potentialAction\":[{\"@type\":\"CommentAction\",\"name\":\"Comment\",\"target\":[\"https:\/\/www.gaveanews.com\/index.php\/2025\/10\/27\/flamengo-gonzalo-plata-se-pronuncia-apos-foto-vazada-em-balada\/#respond\"]}],\"copyrightYear\":\"2025\",\"copyrightHolder\":{\"@id\":\"https:\/\/www.gaveanews.com\/#organization\"}},{\"@type\":\"WebPage\",\"@id\":\"https:\/\/www.gaveanews.com\/index.php\/2025\/10\/27\/flamengo-gonzalo-plata-se-pronuncia-apos-foto-vazada-em-balada\/\",\"url\":\"https:\/\/www.gaveanews.com\/index.php\/2025\/10\/27\/flamengo-gonzalo-plata-se-pronuncia-apos-foto-vazada-em-balada\/\",\"name\":\"Flamengo: Gonzalo Plata se pronuncia ap\u00f3s foto vazada em balada\",\"isPartOf\":{\"@id\":\"https:\/\/www.gaveanews.com\/#website\"},\"primaryImageOfPage\":{\"@id\":\"https:\/\/www.gaveanews.com\/index.php\/2025\/10\/27\/flamengo-gonzalo-plata-se-pronuncia-apos-foto-vazada-em-balada\/#primaryimage\"},\"image\":{\"@id\":\"https:\/\/www.gaveanews.com\/index.php\/2025\/10\/27\/flamengo-gonzalo-plata-se-pronuncia-apos-foto-vazada-em-balada\/#primaryimage\"},\"thumbnailUrl\":\"https:\/\/www.gaveanews.com\/wp-content\/uploads\/Gonzalo-Plata-em-apresentacao-no-Flamengo-no-CT-Ninho-do-Urubu.webp\",\"datePublished\":\"2025-10-27T18:07:41+00:00\",\"dateModified\":\"2025-10-27T18:07:44+00:00\",\"author\":{\"@id\":\"https:\/\/www.gaveanews.com\/#\/schema\/person\/3b19f7288b0ce20372991275e4f2e6c2\"},\"breadcrumb\":{\"@id\":\"https:\/\/www.gaveanews.com\/index.php\/2025\/10\/27\/flamengo-gonzalo-plata-se-pronuncia-apos-foto-vazada-em-balada\/#breadcrumb\"},\"inLanguage\":\"pt-BR\",\"potentialAction\":[{\"@type\":\"ReadAction\",\"target\":[\"https:\/\/www.gaveanews.com\/index.php\/2025\/10\/27\/flamengo-gonzalo-plata-se-pronuncia-apos-foto-vazada-em-balada\/\"]}]},{\"@type\":\"ImageObject\",\"inLanguage\":\"pt-BR\",\"@id\":\"https:\/\/www.gaveanews.com\/index.php\/2025\/10\/27\/flamengo-gonzalo-plata-se-pronuncia-apos-foto-vazada-em-balada\/#primaryimage\",\"url\":\"https:\/\/www.gaveanews.com\/wp-content\/uploads\/Gonzalo-Plata-em-apresentacao-no-Flamengo-no-CT-Ninho-do-Urubu.webp\",\"contentUrl\":\"https:\/\/www.gaveanews.com\/wp-content\/uploads\/Gonzalo-Plata-em-apresentacao-no-Flamengo-no-CT-Ninho-do-Urubu.webp\",\"width\":581,\"height\":466,\"caption\":\"Gonzalo Plata em apresenta\u00e7\u00e3o no Flamengo, no CT Ninho do Urubu (Foto: Gilvan de Souza\/CRF)\"},{\"@type\":\"BreadcrumbList\",\"@id\":\"https:\/\/www.gaveanews.com\/index.php\/2025\/10\/27\/flamengo-gonzalo-plata-se-pronuncia-apos-foto-vazada-em-balada\/#breadcrumb\",\"itemListElement\":[{\"@type\":\"ListItem\",\"position\":1,\"name\":\"Home\",\"item\":\"https:\/\/www.gaveanews.com\/\"},{\"@type\":\"ListItem\",\"position\":2,\"name\":\"Flamengo: Gonzalo Plata se pronuncia ap\u00f3s foto vazada em balada\"}]},{\"@type\":\"WebSite\",\"@id\":\"https:\/\/www.gaveanews.com\/#website\",\"url\":\"https:\/\/www.gaveanews.com\/\",\"name\":\"G\u00e1vea News\",\"description\":\"Veja todas as not\u00edcias sobre o Flamengo: Contrata\u00e7\u00f5es, categorias de base, resultados das partidas, tabela de classifica\u00e7\u00e3o, pr\u00f3ximos jogos!\",\"potentialAction\":[{\"@type\":\"SearchAction\",\"target\":{\"@type\":\"EntryPoint\",\"urlTemplate\":\"https:\/\/www.gaveanews.com\/?s={search_term_string}\"},\"query-input\":{\"@type\":\"PropertyValueSpecification\",\"valueRequired\":true,\"valueName\":\"search_term_string\"}}],\"inLanguage\":\"pt-BR\"},{\"@type\":\"Person\",\"@id\":\"https:\/\/www.gaveanews.com\/#\/schema\/person\/3b19f7288b0ce20372991275e4f2e6c2\",\"name\":\"Ana Teixeira\",\"image\":{\"@type\":\"ImageObject\",\"inLanguage\":\"pt-BR\",\"@id\":\"https:\/\/www.gaveanews.com\/#\/schema\/person\/image\/\",\"url\":\"https:\/\/secure.gravatar.com\/avatar\/0a73f5a5258f3fed37fc2fa641892f3f7a4748456d4d4792f9bc550e6c19e06c?s=96&d=mm&r=g\",\"contentUrl\":\"https:\/\/secure.gravatar.com\/avatar\/0a73f5a5258f3fed37fc2fa641892f3f7a4748456d4d4792f9bc550e6c19e06c?s=96&d=mm&r=g\",\"caption\":\"Ana Teixeira\"}}]}<\/script>\n<!-- \/ Yoast SEO Premium plugin. -->","yoast_head_json":{"title":"Flamengo: Gonzalo Plata se pronuncia ap\u00f3s foto vazada em balada","robots":{"index":"index","follow":"follow","max-snippet":"max-snippet:-1","max-image-preview":"max-image-preview:large","max-video-preview":"max-video-preview:-1"},"canonical":"https:\/\/www.gaveanews.com\/index.php\/2025\/10\/27\/flamengo-gonzalo-plata-se-pronuncia-apos-foto-vazada-em-balada\/","og_locale":"pt_BR","og_type":"article","og_title":"Flamengo: Gonzalo Plata se pronuncia ap\u00f3s foto vazada em balada","og_description":"Horas ap\u00f3s a derrota do Flamengo por 1 a 0 para o Fortaleza, no \u00faltimo s\u00e1bado (25), uma foto do atacante Gonzalo Plata em uma balada no Rio de Janeiro repercutiu entre torcedores nas redes sociais. A imagem, registrada durante a madrugada de domingo, gerou cr\u00edticas ao comportamento do jogador. A revolta se deu, sobretudo, [&hellip;]","og_url":"https:\/\/www.gaveanews.com\/index.php\/2025\/10\/27\/flamengo-gonzalo-plata-se-pronuncia-apos-foto-vazada-em-balada\/","og_site_name":"G\u00e1vea News","article_publisher":"https:\/\/facebook.com\/gaveaNews\/","article_published_time":"2025-10-27T18:07:41+00:00","article_modified_time":"2025-10-27T18:07:44+00:00","og_image":[{"width":581,"height":466,"url":"http:\/\/www.gaveanews.com\/wp-content\/uploads\/Gonzalo-Plata-em-apresentacao-no-Flamengo-no-CT-Ninho-do-Urubu.webp","type":"image\/jpeg"}],"author":"Ana Teixeira","twitter_card":"summary_large_image","twitter_misc":{"Escrito por":"Ana Teixeira","Est. tempo de leitura":"3 minutos"},"schema":{"@context":"https:\/\/schema.org","@graph":[{"@type":"NewsArticle","@id":"https:\/\/www.gaveanews.com\/index.php\/2025\/10\/27\/flamengo-gonzalo-plata-se-pronuncia-apos-foto-vazada-em-balada\/#article","isPartOf":{"@id":"https:\/\/www.gaveanews.com\/index.php\/2025\/10\/27\/flamengo-gonzalo-plata-se-pronuncia-apos-foto-vazada-em-balada\/"},"author":{"name":"Ana Teixeira","@id":"https:\/\/www.gaveanews.com\/#\/schema\/person\/3b19f7288b0ce20372991275e4f2e6c2"},"headline":"Flamengo: Gonzalo Plata se pronuncia ap\u00f3s foto vazada em balada","datePublished":"2025-10-27T18:07:41+00:00","dateModified":"2025-10-27T18:07:44+00:00","mainEntityOfPage":{"@id":"https:\/\/www.gaveanews.com\/index.php\/2025\/10\/27\/flamengo-gonzalo-plata-se-pronuncia-apos-foto-vazada-em-balada\/"},"wordCount":438,"commentCount":0,"image":{"@id":"https:\/\/www.gaveanews.com\/index.php\/2025\/10\/27\/flamengo-gonzalo-plata-se-pronuncia-apos-foto-vazada-em-balada\/#primaryimage"},"thumbnailUrl":"https:\/\/www.gaveanews.com\/wp-content\/uploads\/Gonzalo-Plata-em-apresentacao-no-Flamengo-no-CT-Ninho-do-Urubu.webp","articleSection":["Flamengo"],"inLanguage":"pt-BR","potentialAction":[{"@type":"CommentAction","name":"Comment","target":["https:\/\/www.gaveanews.com\/index.php\/2025\/10\/27\/flamengo-gonzalo-plata-se-pronuncia-apos-foto-vazada-em-balada\/#respond"]}],"copyrightYear":"2025","copyrightHolder":{"@id":"https:\/\/www.gaveanews.com\/#organization"}},{"@type":"WebPage","@id":"https:\/\/www.gaveanews.com\/index.php\/2025\/10\/27\/flamengo-gonzalo-plata-se-pronuncia-apos-foto-vazada-em-balada\/","url":"https:\/\/www.gaveanews.com\/index.php\/2025\/10\/27\/flamengo-gonzalo-plata-se-pronuncia-apos-foto-vazada-em-balada\/","name":"Flamengo: Gonzalo Plata se pronuncia ap\u00f3s foto vazada em balada","isPartOf":{"@id":"https:\/\/www.gaveanews.com\/#website"},"primaryImageOfPage":{"@id":"https:\/\/www.gaveanews.com\/index.php\/2025\/10\/27\/flamengo-gonzalo-plata-se-pronuncia-apos-foto-vazada-em-balada\/#primaryimage"},"image":{"@id":"https:\/\/www.gaveanews.com\/index.php\/2025\/10\/27\/flamengo-gonzalo-plata-se-pronuncia-apos-foto-vazada-em-balada\/#primaryimage"},"thumbnailUrl":"https:\/\/www.gaveanews.com\/wp-content\/uploads\/Gonzalo-Plata-em-apresentacao-no-Flamengo-no-CT-Ninho-do-Urubu.webp","datePublished":"2025-10-27T18:07:41+00:00","dateModified":"2025-10-27T18:07:44+00:00","author":{"@id":"https:\/\/www.gaveanews.com\/#\/schema\/person\/3b19f7288b0ce20372991275e4f2e6c2"},"breadcrumb":{"@id":"https:\/\/www.gaveanews.com\/index.php\/2025\/10\/27\/flamengo-gonzalo-plata-se-pronuncia-apos-foto-vazada-em-balada\/#breadcrumb"},"inLanguage":"pt-BR","potentialAction":[{"@type":"ReadAction","target":["https:\/\/www.gaveanews.com\/index.php\/2025\/10\/27\/flamengo-gonzalo-plata-se-pronuncia-apos-foto-vazada-em-balada\/"]}]},{"@type":"ImageObject","inLanguage":"pt-BR","@id":"https:\/\/www.gaveanews.com\/index.php\/2025\/10\/27\/flamengo-gonzalo-plata-se-pronuncia-apos-foto-vazada-em-balada\/#primaryimage","url":"https:\/\/www.gaveanews.com\/wp-content\/uploads\/Gonzalo-Plata-em-apresentacao-no-Flamengo-no-CT-Ninho-do-Urubu.webp","contentUrl":"https:\/\/www.gaveanews.com\/wp-content\/uploads\/Gonzalo-Plata-em-apresentacao-no-Flamengo-no-CT-Ninho-do-Urubu.webp","width":581,"height":466,"caption":"Gonzalo Plata em apresenta\u00e7\u00e3o no Flamengo, no CT Ninho do Urubu (Foto: Gilvan de Souza\/CRF)"},{"@type":"BreadcrumbList","@id":"https:\/\/www.gaveanews.com\/index.php\/2025\/10\/27\/flamengo-gonzalo-plata-se-pronuncia-apos-foto-vazada-em-balada\/#breadcrumb","itemListElement":[{"@type":"ListItem","position":1,"name":"Home","item":"https:\/\/www.gaveanews.com\/"},{"@type":"ListItem","position":2,"name":"Flamengo: Gonzalo Plata se pronuncia ap\u00f3s foto vazada em balada"}]},{"@type":"WebSite","@id":"https:\/\/www.gaveanews.com\/#website","url":"https:\/\/www.gaveanews.com\/","name":"G\u00e1vea News","description":"Veja todas as not\u00edcias sobre o Flamengo: Contrata\u00e7\u00f5es, categorias de base, resultados das partidas, tabela de classifica\u00e7\u00e3o, pr\u00f3ximos jogos!","potentialAction":[{"@type":"SearchAction","target":{"@type":"EntryPoint","urlTemplate":"https:\/\/www.gaveanews.com\/?s={search_term_string}"},"query-input":{"@type":"PropertyValueSpecification","valueRequired":true,"valueName":"search_term_string"}}],"inLanguage":"pt-BR"},{"@type":"Person","@id":"https:\/\/www.gaveanews.com\/#\/schema\/person\/3b19f7288b0ce20372991275e4f2e6c2","name":"Ana Teixeira","image":{"@type":"ImageObject","inLanguage":"pt-BR","@id":"https:\/\/www.gaveanews.com\/#\/schema\/person\/image\/","url":"https:\/\/secure.gravatar.com\/avatar\/0a73f5a5258f3fed37fc2fa641892f3f7a4748456d4d4792f9bc550e6c19e06c?s=96&d=mm&r=g","contentUrl":"https:\/\/secure.gravatar.com\/avatar\/0a73f5a5258f3fed37fc2fa641892f3f7a4748456d4d4792f9bc550e6c19e06c?s=96&d=mm&r=g","caption":"Ana Teixeira"}}]}},"_links":{"self":[{"href":"https:\/\/www.gaveanews.com\/index.php\/wp-json\/wp\/v2\/posts\/279385","targetHints":{"allow":["GET"]}}],"collection":[{"href":"https:\/\/www.gaveanews.com\/index.php\/wp-json\/wp\/v2\/posts"}],"about":[{"href":"https:\/\/www.gaveanews.com\/index.php\/wp-json\/wp\/v2\/types\/post"}],"author":[{"embeddable":true,"href":"https:\/\/www.gaveanews.com\/index.php\/wp-json\/wp\/v2\/users\/30"}],"replies":[{"embeddable":true,"href":"https:\/\/www.gaveanews.com\/index.php\/wp-json\/wp\/v2\/comments?post=279385"}],"version-history":[{"count":1,"href":"https:\/\/www.gaveanews.com\/index.php\/wp-json\/wp\/v2\/posts\/279385\/revisions"}],"predecessor-version":[{"id":279387,"href":"https:\/\/www.gaveanews.com\/index.php\/wp-json\/wp\/v2\/posts\/279385\/revisions\/279387"}],"wp:featuredmedia":[{"embeddable":true,"href":"https:\/\/www.gaveanews.com\/index.php\/wp-json\/wp\/v2\/media\/165205"}],"wp:attachment":[{"href":"https:\/\/www.gaveanews.com\/index.php\/wp-json\/wp\/v2\/media?parent=279385"}],"wp:term":[{"taxonomy":"category","embeddable":true,"href":"https:\/\/www.gaveanews.com\/index.php\/wp-json\/wp\/v2\/categories?post=279385"},{"taxonomy":"post_tag","embeddable":true,"href":"https:\/\/www.gaveanews.com\/index.php\/wp-json\/wp\/v2\/tags?post=279385"}],"curies":[{"name":"wp","href":"https:\/\/api.w.org\/{rel}","templated":true}]}}