{"id":279398,"date":"2025-10-27T16:11:24","date_gmt":"2025-10-27T19:11:24","guid":{"rendered":"https:\/\/www.gaveanews.com\/?p=279398"},"modified":"2025-10-27T16:11:30","modified_gmt":"2025-10-27T19:11:30","slug":"ex-flamengo-pode-deixar-o-corinthians-por-conta-de-alto-salario","status":"publish","type":"post","link":"https:\/\/www.gaveanews.com\/index.php\/2025\/10\/27\/ex-flamengo-pode-deixar-o-corinthians-por-conta-de-alto-salario\/","title":{"rendered":"Ex-Flamengo pode deixar o Corinthians por conta de alto sal\u00e1rio"},"content":{"rendered":"\n<p>O futuro do diretor de futebol Fabinho Soldado no Corinthians ainda \u00e9 uma inc\u00f3gnita. Mesmo bem avaliado por jogadores e funcion\u00e1rios no CT Joaquim Grava, o dirigente tem sua perman\u00eancia em 2026 colocada em d\u00favida, principalmente por conta do alto sal\u00e1rio. <\/p>\n\n\n\n<p>O tema, que circula nos bastidores do clube, ser\u00e1 avaliado internamente em dezembro. Aliados do presidente Osmar Stabile veem com reservas a manuten\u00e7\u00e3o de Fabinho, que foi contratado durante a gest\u00e3o de Augusto Melo, anterior \u00e0 atual diretoria. <\/p>\n\n\n\n<p>Desde a posse, a nova administra\u00e7\u00e3o tem promovido uma ampla reformula\u00e7\u00e3o, com o afastamento de diversos profissionais ligados ao governo anterior. A informa\u00e7\u00e3o foi divulgada pela R\u00e1dio Itatiaia.<\/p>\n\n\n\n<p>Apesar do ambiente de incertezas, Fabinho adotou um tom sereno ao comentar o assunto. Ap\u00f3s a vit\u00f3ria por 1 a 0 sobre o Vit\u00f3ria, no domingo (25), no Barrad\u00e3o, ele falou na zona mista e reafirmou seu compromisso com o clube.<\/p>\n\n\n\n<p>&#8220;Eu tenho um compromisso com o Corinthians. Muito feliz de estar realizando esse trabalho, apesar da dificuldade. A gente acompanha o que falam. N\u00e3o tem como n\u00e3o ter as informa\u00e7\u00f5es, mas eu sou um profissional. Tenho contrato, vou cumprir, mas \u00e0s vezes se fala coisas que n\u00e3o s\u00e3o verdadeiras&#8221;, afirmou.<\/p>\n\n\n\n<figure class=\"wp-block-image size-full\"><img loading=\"lazy\" decoding=\"async\" width=\"1023\" height=\"1024\" src=\"http:\/\/www.gaveanews.com\/wp-content\/uploads\/Fabinho-Soldado-durante-treino-do-Corinthians.webp\" alt=\"\" class=\"wp-image-207953\" srcset=\"https:\/\/www.gaveanews.com\/wp-content\/uploads\/Fabinho-Soldado-durante-treino-do-Corinthians.webp 1023w, https:\/\/www.gaveanews.com\/wp-content\/uploads\/Fabinho-Soldado-durante-treino-do-Corinthians-300x300.webp 300w, https:\/\/www.gaveanews.com\/wp-content\/uploads\/Fabinho-Soldado-durante-treino-do-Corinthians-150x150.webp 150w, https:\/\/www.gaveanews.com\/wp-content\/uploads\/Fabinho-Soldado-durante-treino-do-Corinthians-768x769.webp 768w, https:\/\/www.gaveanews.com\/wp-content\/uploads\/Fabinho-Soldado-durante-treino-do-Corinthians-420x420.webp 420w, https:\/\/www.gaveanews.com\/wp-content\/uploads\/Fabinho-Soldado-durante-treino-do-Corinthians-839x840.webp 839w, https:\/\/www.gaveanews.com\/wp-content\/uploads\/Fabinho-Soldado-durante-treino-do-Corinthians-640x641.webp 640w, https:\/\/www.gaveanews.com\/wp-content\/uploads\/Fabinho-Soldado-durante-treino-do-Corinthians-681x682.webp 681w, https:\/\/www.gaveanews.com\/wp-content\/uploads\/Fabinho-Soldado-durante-treino-do-Corinthians-100x100.webp 100w\" sizes=\"auto, (max-width: 1023px) 100vw, 1023px\" \/><figcaption class=\"wp-element-caption\">Fabinho Soldado durante treino do Corinthians (Foto: Rodrigo Coca\/Ag\u00eancia Corinthians)<\/figcaption><\/figure>\n\n\n\n<h2 class=\"wp-block-heading\" id=\"h-elogios-no-ambiente-do-corinthians\">Elogios no ambiente do Corinthians<\/h2>\n\n\n\n<p>Desde sua chegada ao clube do Parque S\u00e3o Jorge, Fabinho apostou em nomes com os quais j\u00e1 havia trabalhado no Flamengo. Foram contratados, por exemplo, o goleiro Hugo Souza, o zagueiro Gustavo Henrique e o lateral-direito Matheuzinho. <\/p>\n\n\n\n<p>Todos os atletas tiveram passagens recentes pelo time carioca, com quem o executivo manteve boa rela\u00e7\u00e3o nos tempos de Rubro-Negro.<\/p>\n\n\n\n<p>Outro movimento relevante promovido por Fabinho foi a contrata\u00e7\u00e3o de Dorival. O treinador, com quem o dirigente conquistou a Copa do Brasil e a Libertadores pelo Flamengo, tamb\u00e9m chegou ao Corinthians sob sua articula\u00e7\u00e3o. \u00c0 \u00e9poca, Fabinho atuava como gerente de futebol na G\u00e1vea.<\/p>\n\n\n\n<p>A decis\u00e3o final sobre a continuidade do trabalho de Fabinho Soldado ser\u00e1 tomada ap\u00f3s a temporada. At\u00e9 l\u00e1, o executivo segue no cargo, com contrato vigente e fun\u00e7\u00f5es mantidas no comando do futebol alvinegro.<\/p>\n","protected":false},"excerpt":{"rendered":"<p>O futuro do diretor de futebol Fabinho Soldado no Corinthians ainda \u00e9 uma inc\u00f3gnita. Mesmo bem avaliado por jogadores e funcion\u00e1rios no CT Joaquim Grava, o dirigente tem sua perman\u00eancia em 2026 colocada em d\u00favida, principalmente por conta do alto sal\u00e1rio. O tema, que circula nos bastidores do clube, ser\u00e1 avaliado internamente em dezembro. Aliados [&hellip;]<\/p>\n","protected":false},"author":30,"featured_media":154473,"comment_status":"open","ping_status":"closed","sticky":false,"template":"","format":"standard","meta":{"footnotes":""},"categories":[141,1],"tags":[],"class_list":["post-279398","post","type-post","status-publish","format-standard","has-post-thumbnail","hentry","category-corinthians","category-flamengo"],"yoast_head":"<!-- This site is optimized with the Yoast SEO Premium plugin v24.2 (Yoast SEO v26.9) - https:\/\/yoast.com\/product\/yoast-seo-premium-wordpress\/ -->\n<title>Ex-Flamengo pode deixar o Corinthians por conta de alto sal\u00e1rio<\/title>\n<meta name=\"robots\" content=\"index, follow, max-snippet:-1, max-image-preview:large, max-video-preview:-1\" \/>\n<link rel=\"canonical\" href=\"https:\/\/www.gaveanews.com\/index.php\/2025\/10\/27\/ex-flamengo-pode-deixar-o-corinthians-por-conta-de-alto-salario\/\" \/>\n<meta property=\"og:locale\" content=\"pt_BR\" \/>\n<meta property=\"og:type\" content=\"article\" \/>\n<meta property=\"og:title\" content=\"Ex-Flamengo pode deixar o Corinthians por conta de alto sal\u00e1rio\" \/>\n<meta property=\"og:description\" content=\"O futuro do diretor de futebol Fabinho Soldado no Corinthians ainda \u00e9 uma inc\u00f3gnita. Mesmo bem avaliado por jogadores e funcion\u00e1rios no CT Joaquim Grava, o dirigente tem sua perman\u00eancia em 2026 colocada em d\u00favida, principalmente por conta do alto sal\u00e1rio. O tema, que circula nos bastidores do clube, ser\u00e1 avaliado internamente em dezembro. Aliados [&hellip;]\" \/>\n<meta property=\"og:url\" content=\"https:\/\/www.gaveanews.com\/index.php\/2025\/10\/27\/ex-flamengo-pode-deixar-o-corinthians-por-conta-de-alto-salario\/\" \/>\n<meta property=\"og:site_name\" content=\"G\u00e1vea News\" \/>\n<meta property=\"article:publisher\" content=\"https:\/\/facebook.com\/gaveaNews\/\" \/>\n<meta property=\"article:published_time\" content=\"2025-10-27T19:11:24+00:00\" \/>\n<meta property=\"article:modified_time\" content=\"2025-10-27T19:11:30+00:00\" \/>\n<meta property=\"og:image\" content=\"http:\/\/www.gaveanews.com\/wp-content\/uploads\/Escudo-do-Corinthians-na-Neo-Quimica-Arena.webp\" \/>\n\t<meta property=\"og:image:width\" content=\"1440\" \/>\n\t<meta property=\"og:image:height\" content=\"959\" \/>\n\t<meta property=\"og:image:type\" content=\"image\/jpeg\" \/>\n<meta name=\"author\" content=\"Ana Teixeira\" \/>\n<meta name=\"twitter:card\" content=\"summary_large_image\" \/>\n<meta name=\"twitter:label1\" content=\"Escrito por\" \/>\n\t<meta name=\"twitter:data1\" content=\"Ana Teixeira\" \/>\n\t<meta name=\"twitter:label2\" content=\"Est. tempo de leitura\" \/>\n\t<meta name=\"twitter:data2\" content=\"3 minutos\" \/>\n<script type=\"application\/ld+json\" class=\"yoast-schema-graph\">{\"@context\":\"https:\/\/schema.org\",\"@graph\":[{\"@type\":\"NewsArticle\",\"@id\":\"https:\/\/www.gaveanews.com\/index.php\/2025\/10\/27\/ex-flamengo-pode-deixar-o-corinthians-por-conta-de-alto-salario\/#article\",\"isPartOf\":{\"@id\":\"https:\/\/www.gaveanews.com\/index.php\/2025\/10\/27\/ex-flamengo-pode-deixar-o-corinthians-por-conta-de-alto-salario\/\"},\"author\":{\"name\":\"Ana Teixeira\",\"@id\":\"https:\/\/www.gaveanews.com\/#\/schema\/person\/3b19f7288b0ce20372991275e4f2e6c2\"},\"headline\":\"Ex-Flamengo pode deixar o Corinthians por conta de alto sal\u00e1rio\",\"datePublished\":\"2025-10-27T19:11:24+00:00\",\"dateModified\":\"2025-10-27T19:11:30+00:00\",\"mainEntityOfPage\":{\"@id\":\"https:\/\/www.gaveanews.com\/index.php\/2025\/10\/27\/ex-flamengo-pode-deixar-o-corinthians-por-conta-de-alto-salario\/\"},\"wordCount\":383,\"commentCount\":0,\"image\":{\"@id\":\"https:\/\/www.gaveanews.com\/index.php\/2025\/10\/27\/ex-flamengo-pode-deixar-o-corinthians-por-conta-de-alto-salario\/#primaryimage\"},\"thumbnailUrl\":\"https:\/\/www.gaveanews.com\/wp-content\/uploads\/Escudo-do-Corinthians-na-Neo-Quimica-Arena.webp\",\"articleSection\":[\"Corinthians\",\"Flamengo\"],\"inLanguage\":\"pt-BR\",\"potentialAction\":[{\"@type\":\"CommentAction\",\"name\":\"Comment\",\"target\":[\"https:\/\/www.gaveanews.com\/index.php\/2025\/10\/27\/ex-flamengo-pode-deixar-o-corinthians-por-conta-de-alto-salario\/#respond\"]}],\"copyrightYear\":\"2025\",\"copyrightHolder\":{\"@id\":\"https:\/\/www.gaveanews.com\/#organization\"}},{\"@type\":\"WebPage\",\"@id\":\"https:\/\/www.gaveanews.com\/index.php\/2025\/10\/27\/ex-flamengo-pode-deixar-o-corinthians-por-conta-de-alto-salario\/\",\"url\":\"https:\/\/www.gaveanews.com\/index.php\/2025\/10\/27\/ex-flamengo-pode-deixar-o-corinthians-por-conta-de-alto-salario\/\",\"name\":\"Ex-Flamengo pode deixar o Corinthians por conta de alto sal\u00e1rio\",\"isPartOf\":{\"@id\":\"https:\/\/www.gaveanews.com\/#website\"},\"primaryImageOfPage\":{\"@id\":\"https:\/\/www.gaveanews.com\/index.php\/2025\/10\/27\/ex-flamengo-pode-deixar-o-corinthians-por-conta-de-alto-salario\/#primaryimage\"},\"image\":{\"@id\":\"https:\/\/www.gaveanews.com\/index.php\/2025\/10\/27\/ex-flamengo-pode-deixar-o-corinthians-por-conta-de-alto-salario\/#primaryimage\"},\"thumbnailUrl\":\"https:\/\/www.gaveanews.com\/wp-content\/uploads\/Escudo-do-Corinthians-na-Neo-Quimica-Arena.webp\",\"datePublished\":\"2025-10-27T19:11:24+00:00\",\"dateModified\":\"2025-10-27T19:11:30+00:00\",\"author\":{\"@id\":\"https:\/\/www.gaveanews.com\/#\/schema\/person\/3b19f7288b0ce20372991275e4f2e6c2\"},\"breadcrumb\":{\"@id\":\"https:\/\/www.gaveanews.com\/index.php\/2025\/10\/27\/ex-flamengo-pode-deixar-o-corinthians-por-conta-de-alto-salario\/#breadcrumb\"},\"inLanguage\":\"pt-BR\",\"potentialAction\":[{\"@type\":\"ReadAction\",\"target\":[\"https:\/\/www.gaveanews.com\/index.php\/2025\/10\/27\/ex-flamengo-pode-deixar-o-corinthians-por-conta-de-alto-salario\/\"]}]},{\"@type\":\"ImageObject\",\"inLanguage\":\"pt-BR\",\"@id\":\"https:\/\/www.gaveanews.com\/index.php\/2025\/10\/27\/ex-flamengo-pode-deixar-o-corinthians-por-conta-de-alto-salario\/#primaryimage\",\"url\":\"https:\/\/www.gaveanews.com\/wp-content\/uploads\/Escudo-do-Corinthians-na-Neo-Quimica-Arena.webp\",\"contentUrl\":\"https:\/\/www.gaveanews.com\/wp-content\/uploads\/Escudo-do-Corinthians-na-Neo-Quimica-Arena.webp\",\"width\":1440,\"height\":959,\"caption\":\"Escudo do Corinthians na N\u00e9o Qu\u00edmica Arena (Foto Reprodu\u00e7\u00e3o\/Instagram)\"},{\"@type\":\"BreadcrumbList\",\"@id\":\"https:\/\/www.gaveanews.com\/index.php\/2025\/10\/27\/ex-flamengo-pode-deixar-o-corinthians-por-conta-de-alto-salario\/#breadcrumb\",\"itemListElement\":[{\"@type\":\"ListItem\",\"position\":1,\"name\":\"Home\",\"item\":\"https:\/\/www.gaveanews.com\/\"},{\"@type\":\"ListItem\",\"position\":2,\"name\":\"Ex-Flamengo pode deixar o Corinthians por conta de alto sal\u00e1rio\"}]},{\"@type\":\"WebSite\",\"@id\":\"https:\/\/www.gaveanews.com\/#website\",\"url\":\"https:\/\/www.gaveanews.com\/\",\"name\":\"G\u00e1vea News\",\"description\":\"Veja todas as not\u00edcias sobre o Flamengo: Contrata\u00e7\u00f5es, categorias de base, resultados das partidas, tabela de classifica\u00e7\u00e3o, pr\u00f3ximos jogos!\",\"potentialAction\":[{\"@type\":\"SearchAction\",\"target\":{\"@type\":\"EntryPoint\",\"urlTemplate\":\"https:\/\/www.gaveanews.com\/?s={search_term_string}\"},\"query-input\":{\"@type\":\"PropertyValueSpecification\",\"valueRequired\":true,\"valueName\":\"search_term_string\"}}],\"inLanguage\":\"pt-BR\"},{\"@type\":\"Person\",\"@id\":\"https:\/\/www.gaveanews.com\/#\/schema\/person\/3b19f7288b0ce20372991275e4f2e6c2\",\"name\":\"Ana Teixeira\",\"image\":{\"@type\":\"ImageObject\",\"inLanguage\":\"pt-BR\",\"@id\":\"https:\/\/www.gaveanews.com\/#\/schema\/person\/image\/\",\"url\":\"https:\/\/secure.gravatar.com\/avatar\/0a73f5a5258f3fed37fc2fa641892f3f7a4748456d4d4792f9bc550e6c19e06c?s=96&d=mm&r=g\",\"contentUrl\":\"https:\/\/secure.gravatar.com\/avatar\/0a73f5a5258f3fed37fc2fa641892f3f7a4748456d4d4792f9bc550e6c19e06c?s=96&d=mm&r=g\",\"caption\":\"Ana Teixeira\"}}]}<\/script>\n<!-- \/ Yoast SEO Premium plugin. -->","yoast_head_json":{"title":"Ex-Flamengo pode deixar o Corinthians por conta de alto sal\u00e1rio","robots":{"index":"index","follow":"follow","max-snippet":"max-snippet:-1","max-image-preview":"max-image-preview:large","max-video-preview":"max-video-preview:-1"},"canonical":"https:\/\/www.gaveanews.com\/index.php\/2025\/10\/27\/ex-flamengo-pode-deixar-o-corinthians-por-conta-de-alto-salario\/","og_locale":"pt_BR","og_type":"article","og_title":"Ex-Flamengo pode deixar o Corinthians por conta de alto sal\u00e1rio","og_description":"O futuro do diretor de futebol Fabinho Soldado no Corinthians ainda \u00e9 uma inc\u00f3gnita. Mesmo bem avaliado por jogadores e funcion\u00e1rios no CT Joaquim Grava, o dirigente tem sua perman\u00eancia em 2026 colocada em d\u00favida, principalmente por conta do alto sal\u00e1rio. O tema, que circula nos bastidores do clube, ser\u00e1 avaliado internamente em dezembro. Aliados [&hellip;]","og_url":"https:\/\/www.gaveanews.com\/index.php\/2025\/10\/27\/ex-flamengo-pode-deixar-o-corinthians-por-conta-de-alto-salario\/","og_site_name":"G\u00e1vea News","article_publisher":"https:\/\/facebook.com\/gaveaNews\/","article_published_time":"2025-10-27T19:11:24+00:00","article_modified_time":"2025-10-27T19:11:30+00:00","og_image":[{"width":1440,"height":959,"url":"http:\/\/www.gaveanews.com\/wp-content\/uploads\/Escudo-do-Corinthians-na-Neo-Quimica-Arena.webp","type":"image\/jpeg"}],"author":"Ana Teixeira","twitter_card":"summary_large_image","twitter_misc":{"Escrito por":"Ana Teixeira","Est. tempo de leitura":"3 minutos"},"schema":{"@context":"https:\/\/schema.org","@graph":[{"@type":"NewsArticle","@id":"https:\/\/www.gaveanews.com\/index.php\/2025\/10\/27\/ex-flamengo-pode-deixar-o-corinthians-por-conta-de-alto-salario\/#article","isPartOf":{"@id":"https:\/\/www.gaveanews.com\/index.php\/2025\/10\/27\/ex-flamengo-pode-deixar-o-corinthians-por-conta-de-alto-salario\/"},"author":{"name":"Ana Teixeira","@id":"https:\/\/www.gaveanews.com\/#\/schema\/person\/3b19f7288b0ce20372991275e4f2e6c2"},"headline":"Ex-Flamengo pode deixar o Corinthians por conta de alto sal\u00e1rio","datePublished":"2025-10-27T19:11:24+00:00","dateModified":"2025-10-27T19:11:30+00:00","mainEntityOfPage":{"@id":"https:\/\/www.gaveanews.com\/index.php\/2025\/10\/27\/ex-flamengo-pode-deixar-o-corinthians-por-conta-de-alto-salario\/"},"wordCount":383,"commentCount":0,"image":{"@id":"https:\/\/www.gaveanews.com\/index.php\/2025\/10\/27\/ex-flamengo-pode-deixar-o-corinthians-por-conta-de-alto-salario\/#primaryimage"},"thumbnailUrl":"https:\/\/www.gaveanews.com\/wp-content\/uploads\/Escudo-do-Corinthians-na-Neo-Quimica-Arena.webp","articleSection":["Corinthians","Flamengo"],"inLanguage":"pt-BR","potentialAction":[{"@type":"CommentAction","name":"Comment","target":["https:\/\/www.gaveanews.com\/index.php\/2025\/10\/27\/ex-flamengo-pode-deixar-o-corinthians-por-conta-de-alto-salario\/#respond"]}],"copyrightYear":"2025","copyrightHolder":{"@id":"https:\/\/www.gaveanews.com\/#organization"}},{"@type":"WebPage","@id":"https:\/\/www.gaveanews.com\/index.php\/2025\/10\/27\/ex-flamengo-pode-deixar-o-corinthians-por-conta-de-alto-salario\/","url":"https:\/\/www.gaveanews.com\/index.php\/2025\/10\/27\/ex-flamengo-pode-deixar-o-corinthians-por-conta-de-alto-salario\/","name":"Ex-Flamengo pode deixar o Corinthians por conta de alto sal\u00e1rio","isPartOf":{"@id":"https:\/\/www.gaveanews.com\/#website"},"primaryImageOfPage":{"@id":"https:\/\/www.gaveanews.com\/index.php\/2025\/10\/27\/ex-flamengo-pode-deixar-o-corinthians-por-conta-de-alto-salario\/#primaryimage"},"image":{"@id":"https:\/\/www.gaveanews.com\/index.php\/2025\/10\/27\/ex-flamengo-pode-deixar-o-corinthians-por-conta-de-alto-salario\/#primaryimage"},"thumbnailUrl":"https:\/\/www.gaveanews.com\/wp-content\/uploads\/Escudo-do-Corinthians-na-Neo-Quimica-Arena.webp","datePublished":"2025-10-27T19:11:24+00:00","dateModified":"2025-10-27T19:11:30+00:00","author":{"@id":"https:\/\/www.gaveanews.com\/#\/schema\/person\/3b19f7288b0ce20372991275e4f2e6c2"},"breadcrumb":{"@id":"https:\/\/www.gaveanews.com\/index.php\/2025\/10\/27\/ex-flamengo-pode-deixar-o-corinthians-por-conta-de-alto-salario\/#breadcrumb"},"inLanguage":"pt-BR","potentialAction":[{"@type":"ReadAction","target":["https:\/\/www.gaveanews.com\/index.php\/2025\/10\/27\/ex-flamengo-pode-deixar-o-corinthians-por-conta-de-alto-salario\/"]}]},{"@type":"ImageObject","inLanguage":"pt-BR","@id":"https:\/\/www.gaveanews.com\/index.php\/2025\/10\/27\/ex-flamengo-pode-deixar-o-corinthians-por-conta-de-alto-salario\/#primaryimage","url":"https:\/\/www.gaveanews.com\/wp-content\/uploads\/Escudo-do-Corinthians-na-Neo-Quimica-Arena.webp","contentUrl":"https:\/\/www.gaveanews.com\/wp-content\/uploads\/Escudo-do-Corinthians-na-Neo-Quimica-Arena.webp","width":1440,"height":959,"caption":"Escudo do Corinthians na N\u00e9o Qu\u00edmica Arena (Foto Reprodu\u00e7\u00e3o\/Instagram)"},{"@type":"BreadcrumbList","@id":"https:\/\/www.gaveanews.com\/index.php\/2025\/10\/27\/ex-flamengo-pode-deixar-o-corinthians-por-conta-de-alto-salario\/#breadcrumb","itemListElement":[{"@type":"ListItem","position":1,"name":"Home","item":"https:\/\/www.gaveanews.com\/"},{"@type":"ListItem","position":2,"name":"Ex-Flamengo pode deixar o Corinthians por conta de alto sal\u00e1rio"}]},{"@type":"WebSite","@id":"https:\/\/www.gaveanews.com\/#website","url":"https:\/\/www.gaveanews.com\/","name":"G\u00e1vea News","description":"Veja todas as not\u00edcias sobre o Flamengo: Contrata\u00e7\u00f5es, categorias de base, resultados das partidas, tabela de classifica\u00e7\u00e3o, pr\u00f3ximos jogos!","potentialAction":[{"@type":"SearchAction","target":{"@type":"EntryPoint","urlTemplate":"https:\/\/www.gaveanews.com\/?s={search_term_string}"},"query-input":{"@type":"PropertyValueSpecification","valueRequired":true,"valueName":"search_term_string"}}],"inLanguage":"pt-BR"},{"@type":"Person","@id":"https:\/\/www.gaveanews.com\/#\/schema\/person\/3b19f7288b0ce20372991275e4f2e6c2","name":"Ana Teixeira","image":{"@type":"ImageObject","inLanguage":"pt-BR","@id":"https:\/\/www.gaveanews.com\/#\/schema\/person\/image\/","url":"https:\/\/secure.gravatar.com\/avatar\/0a73f5a5258f3fed37fc2fa641892f3f7a4748456d4d4792f9bc550e6c19e06c?s=96&d=mm&r=g","contentUrl":"https:\/\/secure.gravatar.com\/avatar\/0a73f5a5258f3fed37fc2fa641892f3f7a4748456d4d4792f9bc550e6c19e06c?s=96&d=mm&r=g","caption":"Ana Teixeira"}}]}},"_links":{"self":[{"href":"https:\/\/www.gaveanews.com\/index.php\/wp-json\/wp\/v2\/posts\/279398","targetHints":{"allow":["GET"]}}],"collection":[{"href":"https:\/\/www.gaveanews.com\/index.php\/wp-json\/wp\/v2\/posts"}],"about":[{"href":"https:\/\/www.gaveanews.com\/index.php\/wp-json\/wp\/v2\/types\/post"}],"author":[{"embeddable":true,"href":"https:\/\/www.gaveanews.com\/index.php\/wp-json\/wp\/v2\/users\/30"}],"replies":[{"embeddable":true,"href":"https:\/\/www.gaveanews.com\/index.php\/wp-json\/wp\/v2\/comments?post=279398"}],"version-history":[{"count":1,"href":"https:\/\/www.gaveanews.com\/index.php\/wp-json\/wp\/v2\/posts\/279398\/revisions"}],"predecessor-version":[{"id":279399,"href":"https:\/\/www.gaveanews.com\/index.php\/wp-json\/wp\/v2\/posts\/279398\/revisions\/279399"}],"wp:featuredmedia":[{"embeddable":true,"href":"https:\/\/www.gaveanews.com\/index.php\/wp-json\/wp\/v2\/media\/154473"}],"wp:attachment":[{"href":"https:\/\/www.gaveanews.com\/index.php\/wp-json\/wp\/v2\/media?parent=279398"}],"wp:term":[{"taxonomy":"category","embeddable":true,"href":"https:\/\/www.gaveanews.com\/index.php\/wp-json\/wp\/v2\/categories?post=279398"},{"taxonomy":"post_tag","embeddable":true,"href":"https:\/\/www.gaveanews.com\/index.php\/wp-json\/wp\/v2\/tags?post=279398"}],"curies":[{"name":"wp","href":"https:\/\/api.w.org\/{rel}","templated":true}]}}