{"id":279400,"date":"2025-10-27T16:16:23","date_gmt":"2025-10-27T19:16:23","guid":{"rendered":"https:\/\/www.gaveanews.com\/?p=279400"},"modified":"2025-10-27T16:16:31","modified_gmt":"2025-10-27T19:16:31","slug":"veja-onde-o-flamengo-ira-treinar-na-argentina-antes-de-partida-decisiva","status":"publish","type":"post","link":"https:\/\/www.gaveanews.com\/index.php\/2025\/10\/27\/veja-onde-o-flamengo-ira-treinar-na-argentina-antes-de-partida-decisiva\/","title":{"rendered":"Veja onde o Flamengo ir\u00e1 treinar na Argentina antes de partida decisiva"},"content":{"rendered":"\n<p>Ap\u00f3s a derrota por 2 a 1 para o Fortaleza, no s\u00e1bado (25), pelo Campeonato Brasileiro, o elenco do Flamengo ganhou folga no domingo (26) e se reapresentou nesta segunda-feira (27), no Ninho do Urubu. A atividade iniciou a prepara\u00e7\u00e3o para decis\u00e3o contra o Racing, pela volta da semifinal da Libertadores. <\/p>\n\n\n\n<p>A delega\u00e7\u00e3o embarcou nesta tarde para Buenos Aires, onde encerrar\u00e1 os ajustes antes da partida. O time carioca venceu o jogo de ida por 1 a 0 no Maracan\u00e3 e precisa apenas de um empate no El Cilindro, em Avellaneda, para garantir presen\u00e7a na final da competi\u00e7\u00e3o continental. <\/p>\n\n\n\n<p>O duelo de volta est\u00e1 marcado para esta quarta-feira (29), \u00e0s 21h30 (hor\u00e1rio de Bras\u00edlia).<\/p>\n\n\n\n<h3 class=\"wp-block-heading\" id=\"h-treino-na-argentina-sera-no-ct-do-defensa-y-justicia\">Treino na Argentina ser\u00e1 no CT do Defensa y Justicia<\/h3>\n\n\n\n<p>J\u00e1 em solo argentino, o grupo far\u00e1 o \u00faltimo treinamento na ter\u00e7a-feira (28), sob o comando de Filipe Lu\u00eds. A atividade ser\u00e1 realizada no centro de treinamentos do Defensa y Justicia, localizado no bairro Zeballos.<\/p>\n\n\n\n<p> O local \u00e9 o mesmo que o clube utilizou durante a prepara\u00e7\u00e3o para o confronto contra o Estudiantes, nas quartas de final. O Flamengo repetir\u00e1 a log\u00edstica adotada naquela ocasi\u00e3o, priorizando o isolamento e a privacidade. <\/p>\n\n\n\n<p>A equipe ficar\u00e1 hospedada em um hotel mais afastado do centro de Buenos Aires, o que, segundo o clube, facilita o foco dos atletas na v\u00e9spera da partida decisiva.<\/p>\n\n\n\n<h3 class=\"wp-block-heading\" id=\"h-estrutura-moderna-e-simbolica-no-ct-campeoes-do-mundo\">Estrutura moderna e simb\u00f3lica no CT &#8220;Campe\u00f5es do Mundo&#8221;<\/h3>\n\n\n\n<p>O centro de treinamentos escolhido para o trabalho em Buenos Aires \u00e9 conhecido como &#8220;Campe\u00f5es do Mundo&#8221;. O nome faz refer\u00eancia a quatro atletas que passaram pelo clube e conquistaram a Copa do Mundo de 2022 com a sele\u00e7\u00e3o argentina: Lisandro Mart\u00ednez, Enzo Fern\u00e1ndez, Guido Rodr\u00edguez e Nahuel Molina.<\/p>\n\n\n\n<figure class=\"wp-block-embed is-type-rich is-provider-twitter wp-block-embed-twitter\"><div class=\"wp-block-embed__wrapper\">\n<blockquote class=\"twitter-tweet\" data-width=\"550\" data-dnt=\"true\"><p lang=\"pt\" dir=\"ltr\">Imagens do CT do Defensa y Justicia intitulado &quot;Campe\u00f5es do Mundo&quot;, onde o Flamengo far\u00e1 sua \u00faltima atividade em prepara\u00e7\u00e3o para encarar o Racing, valendo vaga na final da Libertadores. <a href=\"https:\/\/t.co\/3tT1DjHYcK\">pic.twitter.com\/3tT1DjHYcK<\/a><\/p>&mdash; Marquinhos Assun\u00e7\u00e3o\u1d9c\u02b3\u1da0 (@MarquinhosAssu2) <a href=\"https:\/\/twitter.com\/MarquinhosAssu2\/status\/1982884144649777481?ref_src=twsrc%5Etfw\">October 27, 2025<\/a><\/blockquote><script async src=\"https:\/\/platform.twitter.com\/widgets.js\" charset=\"utf-8\"><\/script>\n<\/div><\/figure>\n\n\n\n<p>O espa\u00e7o foi constru\u00eddo com recursos obtidos na venda de Lisandro Mart\u00ednez ao Ajax, em 2019. Posteriormente, o zagueiro foi negociado com o Manchester United. <\/p>\n\n\n\n<p>O valor arrecadado nas duas transa\u00e7\u00f5es permitiu ao clube argentino investir em uma estrutura com quatro campos oficiais, atualmente utilizados tanto pelo time principal quanto pelas categorias de base.<\/p>\n\n\n\n<h3 class=\"wp-block-heading\" id=\"h-flamengo-pode-garantir-classificacao-com-empate\">Flamengo pode garantir classifica\u00e7\u00e3o com empate<\/h3>\n\n\n\n<p>Com vantagem no placar agregado, o Flamengo precisa apenas evitar a derrota na Argentina para avan\u00e7ar \u00e0 final da Libertadores. O Racing, por sua vez, joga em casa e busca reverter a desvantagem diante de sua torcida. <\/p>\n","protected":false},"excerpt":{"rendered":"<p>Ap\u00f3s a derrota por 2 a 1 para o Fortaleza, no s\u00e1bado (25), pelo Campeonato Brasileiro, o elenco do Flamengo ganhou folga no domingo (26) e se reapresentou nesta segunda-feira (27), no Ninho do Urubu. A atividade iniciou a prepara\u00e7\u00e3o para decis\u00e3o contra o Racing, pela volta da semifinal da Libertadores. A delega\u00e7\u00e3o embarcou nesta [&hellip;]<\/p>\n","protected":false},"author":30,"featured_media":255027,"comment_status":"open","ping_status":"closed","sticky":false,"template":"","format":"standard","meta":{"footnotes":""},"categories":[1],"tags":[],"class_list":["post-279400","post","type-post","status-publish","format-standard","has-post-thumbnail","hentry","category-flamengo"],"yoast_head":"<!-- This site is optimized with the Yoast SEO Premium plugin v24.2 (Yoast SEO v26.9) - https:\/\/yoast.com\/product\/yoast-seo-premium-wordpress\/ -->\n<title>Veja onde o Flamengo ir\u00e1 treinar na Argentina antes de partida decisiva<\/title>\n<meta name=\"robots\" content=\"index, follow, max-snippet:-1, max-image-preview:large, max-video-preview:-1\" \/>\n<link rel=\"canonical\" href=\"https:\/\/www.gaveanews.com\/index.php\/2025\/10\/27\/veja-onde-o-flamengo-ira-treinar-na-argentina-antes-de-partida-decisiva\/\" \/>\n<meta property=\"og:locale\" content=\"pt_BR\" \/>\n<meta property=\"og:type\" content=\"article\" \/>\n<meta property=\"og:title\" content=\"Veja onde o Flamengo ir\u00e1 treinar na Argentina antes de partida decisiva\" \/>\n<meta property=\"og:description\" content=\"Ap\u00f3s a derrota por 2 a 1 para o Fortaleza, no s\u00e1bado (25), pelo Campeonato Brasileiro, o elenco do Flamengo ganhou folga no domingo (26) e se reapresentou nesta segunda-feira (27), no Ninho do Urubu. A atividade iniciou a prepara\u00e7\u00e3o para decis\u00e3o contra o Racing, pela volta da semifinal da Libertadores. A delega\u00e7\u00e3o embarcou nesta [&hellip;]\" \/>\n<meta property=\"og:url\" content=\"https:\/\/www.gaveanews.com\/index.php\/2025\/10\/27\/veja-onde-o-flamengo-ira-treinar-na-argentina-antes-de-partida-decisiva\/\" \/>\n<meta property=\"og:site_name\" content=\"G\u00e1vea News\" \/>\n<meta property=\"article:publisher\" content=\"https:\/\/facebook.com\/gaveaNews\/\" \/>\n<meta property=\"article:published_time\" content=\"2025-10-27T19:16:23+00:00\" \/>\n<meta property=\"article:modified_time\" content=\"2025-10-27T19:16:31+00:00\" \/>\n<meta property=\"og:image\" content=\"http:\/\/www.gaveanews.com\/wp-content\/uploads\/Filipe-Luis-dando-treinamento-no-CT-Ninho-do-Urubu.webp\" \/>\n\t<meta property=\"og:image:width\" content=\"1200\" \/>\n\t<meta property=\"og:image:height\" content=\"800\" \/>\n\t<meta property=\"og:image:type\" content=\"image\/png\" \/>\n<meta name=\"author\" content=\"Ana Teixeira\" \/>\n<meta name=\"twitter:card\" content=\"summary_large_image\" \/>\n<meta name=\"twitter:label1\" content=\"Escrito por\" \/>\n\t<meta name=\"twitter:data1\" content=\"Ana Teixeira\" \/>\n\t<meta name=\"twitter:label2\" content=\"Est. tempo de leitura\" \/>\n\t<meta name=\"twitter:data2\" content=\"3 minutos\" \/>\n<script type=\"application\/ld+json\" class=\"yoast-schema-graph\">{\"@context\":\"https:\/\/schema.org\",\"@graph\":[{\"@type\":\"NewsArticle\",\"@id\":\"https:\/\/www.gaveanews.com\/index.php\/2025\/10\/27\/veja-onde-o-flamengo-ira-treinar-na-argentina-antes-de-partida-decisiva\/#article\",\"isPartOf\":{\"@id\":\"https:\/\/www.gaveanews.com\/index.php\/2025\/10\/27\/veja-onde-o-flamengo-ira-treinar-na-argentina-antes-de-partida-decisiva\/\"},\"author\":{\"name\":\"Ana Teixeira\",\"@id\":\"https:\/\/www.gaveanews.com\/#\/schema\/person\/3b19f7288b0ce20372991275e4f2e6c2\"},\"headline\":\"Veja onde o Flamengo ir\u00e1 treinar na Argentina antes de partida decisiva\",\"datePublished\":\"2025-10-27T19:16:23+00:00\",\"dateModified\":\"2025-10-27T19:16:31+00:00\",\"mainEntityOfPage\":{\"@id\":\"https:\/\/www.gaveanews.com\/index.php\/2025\/10\/27\/veja-onde-o-flamengo-ira-treinar-na-argentina-antes-de-partida-decisiva\/\"},\"wordCount\":411,\"commentCount\":0,\"image\":{\"@id\":\"https:\/\/www.gaveanews.com\/index.php\/2025\/10\/27\/veja-onde-o-flamengo-ira-treinar-na-argentina-antes-de-partida-decisiva\/#primaryimage\"},\"thumbnailUrl\":\"https:\/\/www.gaveanews.com\/wp-content\/uploads\/Filipe-Luis-dando-treinamento-no-CT-Ninho-do-Urubu.webp\",\"articleSection\":[\"Flamengo\"],\"inLanguage\":\"pt-BR\",\"potentialAction\":[{\"@type\":\"CommentAction\",\"name\":\"Comment\",\"target\":[\"https:\/\/www.gaveanews.com\/index.php\/2025\/10\/27\/veja-onde-o-flamengo-ira-treinar-na-argentina-antes-de-partida-decisiva\/#respond\"]}],\"copyrightYear\":\"2025\",\"copyrightHolder\":{\"@id\":\"https:\/\/www.gaveanews.com\/#organization\"}},{\"@type\":\"WebPage\",\"@id\":\"https:\/\/www.gaveanews.com\/index.php\/2025\/10\/27\/veja-onde-o-flamengo-ira-treinar-na-argentina-antes-de-partida-decisiva\/\",\"url\":\"https:\/\/www.gaveanews.com\/index.php\/2025\/10\/27\/veja-onde-o-flamengo-ira-treinar-na-argentina-antes-de-partida-decisiva\/\",\"name\":\"Veja onde o Flamengo ir\u00e1 treinar na Argentina antes de partida decisiva\",\"isPartOf\":{\"@id\":\"https:\/\/www.gaveanews.com\/#website\"},\"primaryImageOfPage\":{\"@id\":\"https:\/\/www.gaveanews.com\/index.php\/2025\/10\/27\/veja-onde-o-flamengo-ira-treinar-na-argentina-antes-de-partida-decisiva\/#primaryimage\"},\"image\":{\"@id\":\"https:\/\/www.gaveanews.com\/index.php\/2025\/10\/27\/veja-onde-o-flamengo-ira-treinar-na-argentina-antes-de-partida-decisiva\/#primaryimage\"},\"thumbnailUrl\":\"https:\/\/www.gaveanews.com\/wp-content\/uploads\/Filipe-Luis-dando-treinamento-no-CT-Ninho-do-Urubu.webp\",\"datePublished\":\"2025-10-27T19:16:23+00:00\",\"dateModified\":\"2025-10-27T19:16:31+00:00\",\"author\":{\"@id\":\"https:\/\/www.gaveanews.com\/#\/schema\/person\/3b19f7288b0ce20372991275e4f2e6c2\"},\"breadcrumb\":{\"@id\":\"https:\/\/www.gaveanews.com\/index.php\/2025\/10\/27\/veja-onde-o-flamengo-ira-treinar-na-argentina-antes-de-partida-decisiva\/#breadcrumb\"},\"inLanguage\":\"pt-BR\",\"potentialAction\":[{\"@type\":\"ReadAction\",\"target\":[\"https:\/\/www.gaveanews.com\/index.php\/2025\/10\/27\/veja-onde-o-flamengo-ira-treinar-na-argentina-antes-de-partida-decisiva\/\"]}]},{\"@type\":\"ImageObject\",\"inLanguage\":\"pt-BR\",\"@id\":\"https:\/\/www.gaveanews.com\/index.php\/2025\/10\/27\/veja-onde-o-flamengo-ira-treinar-na-argentina-antes-de-partida-decisiva\/#primaryimage\",\"url\":\"https:\/\/www.gaveanews.com\/wp-content\/uploads\/Filipe-Luis-dando-treinamento-no-CT-Ninho-do-Urubu.webp\",\"contentUrl\":\"https:\/\/www.gaveanews.com\/wp-content\/uploads\/Filipe-Luis-dando-treinamento-no-CT-Ninho-do-Urubu.webp\",\"width\":1200,\"height\":800,\"caption\":\"Filipe Lu\u00eds dando treinamento no CT Ninho do Urubu - Foto: Gilvan de Souza\/CRF\"},{\"@type\":\"BreadcrumbList\",\"@id\":\"https:\/\/www.gaveanews.com\/index.php\/2025\/10\/27\/veja-onde-o-flamengo-ira-treinar-na-argentina-antes-de-partida-decisiva\/#breadcrumb\",\"itemListElement\":[{\"@type\":\"ListItem\",\"position\":1,\"name\":\"Home\",\"item\":\"https:\/\/www.gaveanews.com\/\"},{\"@type\":\"ListItem\",\"position\":2,\"name\":\"Veja onde o Flamengo ir\u00e1 treinar na Argentina antes de partida decisiva\"}]},{\"@type\":\"WebSite\",\"@id\":\"https:\/\/www.gaveanews.com\/#website\",\"url\":\"https:\/\/www.gaveanews.com\/\",\"name\":\"G\u00e1vea News\",\"description\":\"Veja todas as not\u00edcias sobre o Flamengo: Contrata\u00e7\u00f5es, categorias de base, resultados das partidas, tabela de classifica\u00e7\u00e3o, pr\u00f3ximos jogos!\",\"potentialAction\":[{\"@type\":\"SearchAction\",\"target\":{\"@type\":\"EntryPoint\",\"urlTemplate\":\"https:\/\/www.gaveanews.com\/?s={search_term_string}\"},\"query-input\":{\"@type\":\"PropertyValueSpecification\",\"valueRequired\":true,\"valueName\":\"search_term_string\"}}],\"inLanguage\":\"pt-BR\"},{\"@type\":\"Person\",\"@id\":\"https:\/\/www.gaveanews.com\/#\/schema\/person\/3b19f7288b0ce20372991275e4f2e6c2\",\"name\":\"Ana Teixeira\",\"image\":{\"@type\":\"ImageObject\",\"inLanguage\":\"pt-BR\",\"@id\":\"https:\/\/www.gaveanews.com\/#\/schema\/person\/image\/\",\"url\":\"https:\/\/secure.gravatar.com\/avatar\/0a73f5a5258f3fed37fc2fa641892f3f7a4748456d4d4792f9bc550e6c19e06c?s=96&d=mm&r=g\",\"contentUrl\":\"https:\/\/secure.gravatar.com\/avatar\/0a73f5a5258f3fed37fc2fa641892f3f7a4748456d4d4792f9bc550e6c19e06c?s=96&d=mm&r=g\",\"caption\":\"Ana Teixeira\"}}]}<\/script>\n<!-- \/ Yoast SEO Premium plugin. -->","yoast_head_json":{"title":"Veja onde o Flamengo ir\u00e1 treinar na Argentina antes de partida decisiva","robots":{"index":"index","follow":"follow","max-snippet":"max-snippet:-1","max-image-preview":"max-image-preview:large","max-video-preview":"max-video-preview:-1"},"canonical":"https:\/\/www.gaveanews.com\/index.php\/2025\/10\/27\/veja-onde-o-flamengo-ira-treinar-na-argentina-antes-de-partida-decisiva\/","og_locale":"pt_BR","og_type":"article","og_title":"Veja onde o Flamengo ir\u00e1 treinar na Argentina antes de partida decisiva","og_description":"Ap\u00f3s a derrota por 2 a 1 para o Fortaleza, no s\u00e1bado (25), pelo Campeonato Brasileiro, o elenco do Flamengo ganhou folga no domingo (26) e se reapresentou nesta segunda-feira (27), no Ninho do Urubu. A atividade iniciou a prepara\u00e7\u00e3o para decis\u00e3o contra o Racing, pela volta da semifinal da Libertadores. A delega\u00e7\u00e3o embarcou nesta [&hellip;]","og_url":"https:\/\/www.gaveanews.com\/index.php\/2025\/10\/27\/veja-onde-o-flamengo-ira-treinar-na-argentina-antes-de-partida-decisiva\/","og_site_name":"G\u00e1vea News","article_publisher":"https:\/\/facebook.com\/gaveaNews\/","article_published_time":"2025-10-27T19:16:23+00:00","article_modified_time":"2025-10-27T19:16:31+00:00","og_image":[{"width":1200,"height":800,"url":"http:\/\/www.gaveanews.com\/wp-content\/uploads\/Filipe-Luis-dando-treinamento-no-CT-Ninho-do-Urubu.webp","type":"image\/png"}],"author":"Ana Teixeira","twitter_card":"summary_large_image","twitter_misc":{"Escrito por":"Ana Teixeira","Est. tempo de leitura":"3 minutos"},"schema":{"@context":"https:\/\/schema.org","@graph":[{"@type":"NewsArticle","@id":"https:\/\/www.gaveanews.com\/index.php\/2025\/10\/27\/veja-onde-o-flamengo-ira-treinar-na-argentina-antes-de-partida-decisiva\/#article","isPartOf":{"@id":"https:\/\/www.gaveanews.com\/index.php\/2025\/10\/27\/veja-onde-o-flamengo-ira-treinar-na-argentina-antes-de-partida-decisiva\/"},"author":{"name":"Ana Teixeira","@id":"https:\/\/www.gaveanews.com\/#\/schema\/person\/3b19f7288b0ce20372991275e4f2e6c2"},"headline":"Veja onde o Flamengo ir\u00e1 treinar na Argentina antes de partida decisiva","datePublished":"2025-10-27T19:16:23+00:00","dateModified":"2025-10-27T19:16:31+00:00","mainEntityOfPage":{"@id":"https:\/\/www.gaveanews.com\/index.php\/2025\/10\/27\/veja-onde-o-flamengo-ira-treinar-na-argentina-antes-de-partida-decisiva\/"},"wordCount":411,"commentCount":0,"image":{"@id":"https:\/\/www.gaveanews.com\/index.php\/2025\/10\/27\/veja-onde-o-flamengo-ira-treinar-na-argentina-antes-de-partida-decisiva\/#primaryimage"},"thumbnailUrl":"https:\/\/www.gaveanews.com\/wp-content\/uploads\/Filipe-Luis-dando-treinamento-no-CT-Ninho-do-Urubu.webp","articleSection":["Flamengo"],"inLanguage":"pt-BR","potentialAction":[{"@type":"CommentAction","name":"Comment","target":["https:\/\/www.gaveanews.com\/index.php\/2025\/10\/27\/veja-onde-o-flamengo-ira-treinar-na-argentina-antes-de-partida-decisiva\/#respond"]}],"copyrightYear":"2025","copyrightHolder":{"@id":"https:\/\/www.gaveanews.com\/#organization"}},{"@type":"WebPage","@id":"https:\/\/www.gaveanews.com\/index.php\/2025\/10\/27\/veja-onde-o-flamengo-ira-treinar-na-argentina-antes-de-partida-decisiva\/","url":"https:\/\/www.gaveanews.com\/index.php\/2025\/10\/27\/veja-onde-o-flamengo-ira-treinar-na-argentina-antes-de-partida-decisiva\/","name":"Veja onde o Flamengo ir\u00e1 treinar na Argentina antes de partida decisiva","isPartOf":{"@id":"https:\/\/www.gaveanews.com\/#website"},"primaryImageOfPage":{"@id":"https:\/\/www.gaveanews.com\/index.php\/2025\/10\/27\/veja-onde-o-flamengo-ira-treinar-na-argentina-antes-de-partida-decisiva\/#primaryimage"},"image":{"@id":"https:\/\/www.gaveanews.com\/index.php\/2025\/10\/27\/veja-onde-o-flamengo-ira-treinar-na-argentina-antes-de-partida-decisiva\/#primaryimage"},"thumbnailUrl":"https:\/\/www.gaveanews.com\/wp-content\/uploads\/Filipe-Luis-dando-treinamento-no-CT-Ninho-do-Urubu.webp","datePublished":"2025-10-27T19:16:23+00:00","dateModified":"2025-10-27T19:16:31+00:00","author":{"@id":"https:\/\/www.gaveanews.com\/#\/schema\/person\/3b19f7288b0ce20372991275e4f2e6c2"},"breadcrumb":{"@id":"https:\/\/www.gaveanews.com\/index.php\/2025\/10\/27\/veja-onde-o-flamengo-ira-treinar-na-argentina-antes-de-partida-decisiva\/#breadcrumb"},"inLanguage":"pt-BR","potentialAction":[{"@type":"ReadAction","target":["https:\/\/www.gaveanews.com\/index.php\/2025\/10\/27\/veja-onde-o-flamengo-ira-treinar-na-argentina-antes-de-partida-decisiva\/"]}]},{"@type":"ImageObject","inLanguage":"pt-BR","@id":"https:\/\/www.gaveanews.com\/index.php\/2025\/10\/27\/veja-onde-o-flamengo-ira-treinar-na-argentina-antes-de-partida-decisiva\/#primaryimage","url":"https:\/\/www.gaveanews.com\/wp-content\/uploads\/Filipe-Luis-dando-treinamento-no-CT-Ninho-do-Urubu.webp","contentUrl":"https:\/\/www.gaveanews.com\/wp-content\/uploads\/Filipe-Luis-dando-treinamento-no-CT-Ninho-do-Urubu.webp","width":1200,"height":800,"caption":"Filipe Lu\u00eds dando treinamento no CT Ninho do Urubu - Foto: Gilvan de Souza\/CRF"},{"@type":"BreadcrumbList","@id":"https:\/\/www.gaveanews.com\/index.php\/2025\/10\/27\/veja-onde-o-flamengo-ira-treinar-na-argentina-antes-de-partida-decisiva\/#breadcrumb","itemListElement":[{"@type":"ListItem","position":1,"name":"Home","item":"https:\/\/www.gaveanews.com\/"},{"@type":"ListItem","position":2,"name":"Veja onde o Flamengo ir\u00e1 treinar na Argentina antes de partida decisiva"}]},{"@type":"WebSite","@id":"https:\/\/www.gaveanews.com\/#website","url":"https:\/\/www.gaveanews.com\/","name":"G\u00e1vea News","description":"Veja todas as not\u00edcias sobre o Flamengo: Contrata\u00e7\u00f5es, categorias de base, resultados das partidas, tabela de classifica\u00e7\u00e3o, pr\u00f3ximos jogos!","potentialAction":[{"@type":"SearchAction","target":{"@type":"EntryPoint","urlTemplate":"https:\/\/www.gaveanews.com\/?s={search_term_string}"},"query-input":{"@type":"PropertyValueSpecification","valueRequired":true,"valueName":"search_term_string"}}],"inLanguage":"pt-BR"},{"@type":"Person","@id":"https:\/\/www.gaveanews.com\/#\/schema\/person\/3b19f7288b0ce20372991275e4f2e6c2","name":"Ana Teixeira","image":{"@type":"ImageObject","inLanguage":"pt-BR","@id":"https:\/\/www.gaveanews.com\/#\/schema\/person\/image\/","url":"https:\/\/secure.gravatar.com\/avatar\/0a73f5a5258f3fed37fc2fa641892f3f7a4748456d4d4792f9bc550e6c19e06c?s=96&d=mm&r=g","contentUrl":"https:\/\/secure.gravatar.com\/avatar\/0a73f5a5258f3fed37fc2fa641892f3f7a4748456d4d4792f9bc550e6c19e06c?s=96&d=mm&r=g","caption":"Ana Teixeira"}}]}},"_links":{"self":[{"href":"https:\/\/www.gaveanews.com\/index.php\/wp-json\/wp\/v2\/posts\/279400","targetHints":{"allow":["GET"]}}],"collection":[{"href":"https:\/\/www.gaveanews.com\/index.php\/wp-json\/wp\/v2\/posts"}],"about":[{"href":"https:\/\/www.gaveanews.com\/index.php\/wp-json\/wp\/v2\/types\/post"}],"author":[{"embeddable":true,"href":"https:\/\/www.gaveanews.com\/index.php\/wp-json\/wp\/v2\/users\/30"}],"replies":[{"embeddable":true,"href":"https:\/\/www.gaveanews.com\/index.php\/wp-json\/wp\/v2\/comments?post=279400"}],"version-history":[{"count":1,"href":"https:\/\/www.gaveanews.com\/index.php\/wp-json\/wp\/v2\/posts\/279400\/revisions"}],"predecessor-version":[{"id":279401,"href":"https:\/\/www.gaveanews.com\/index.php\/wp-json\/wp\/v2\/posts\/279400\/revisions\/279401"}],"wp:featuredmedia":[{"embeddable":true,"href":"https:\/\/www.gaveanews.com\/index.php\/wp-json\/wp\/v2\/media\/255027"}],"wp:attachment":[{"href":"https:\/\/www.gaveanews.com\/index.php\/wp-json\/wp\/v2\/media?parent=279400"}],"wp:term":[{"taxonomy":"category","embeddable":true,"href":"https:\/\/www.gaveanews.com\/index.php\/wp-json\/wp\/v2\/categories?post=279400"},{"taxonomy":"post_tag","embeddable":true,"href":"https:\/\/www.gaveanews.com\/index.php\/wp-json\/wp\/v2\/tags?post=279400"}],"curies":[{"name":"wp","href":"https:\/\/api.w.org\/{rel}","templated":true}]}}