{"id":279406,"date":"2025-10-27T16:33:00","date_gmt":"2025-10-27T19:33:00","guid":{"rendered":"https:\/\/www.gaveanews.com\/?p=279406"},"modified":"2025-10-27T16:32:39","modified_gmt":"2025-10-27T19:32:39","slug":"onibus-com-torcedores-do-flamengo-sofre-acidente-a-caminho-da-argentina","status":"publish","type":"post","link":"https:\/\/www.gaveanews.com\/index.php\/2025\/10\/27\/onibus-com-torcedores-do-flamengo-sofre-acidente-a-caminho-da-argentina\/","title":{"rendered":"\u00d4nibus com torcedores do Flamengo sofre acidente a caminho da Argentina"},"content":{"rendered":"\n<p>O Flamengo se prepara para um dos jogos mais importantes do ano, mas a mobiliza\u00e7\u00e3o da torcida rumo \u00e0 Argentina foi marcada por um grave incidente. Um \u00f4nibus com integrantes das torcidas organizadas Urubuzada e Na\u00e7\u00e3o 12 tombou na Rodovia Presidente Dutra, na altura do km 276, em Barra Mansa, sentido S\u00e3o Paulo. A informa\u00e7\u00e3o foi divulgada por Ven\u00ea Casagrande, que apontou o acidente como parte da viagem dos torcedores rumo a Avellaneda, onde o clube enfrentar\u00e1 o Racing pela volta da semifinal da Libertadores.<\/p>\n\n\n\n<p>O ocorrido envolveu membros de grupos que tradicionalmente acompanham o Flamengo em partidas fora do Rio de Janeiro e refor\u00e7a a presen\u00e7a da torcida rubro-negra mesmo em compromissos internacionais. Ainda n\u00e3o h\u00e1 informa\u00e7\u00f5es detalhadas sobre feridos ou o estado de sa\u00fade dos ocupantes do ve\u00edculo.<\/p>\n\n\n\n<p>Enquanto isso, dentro de campo, o Flamengo chega ao confronto decisivo contra o Racing com vantagem no placar agregado. Ap\u00f3s vencer o primeiro jogo por 1 a 0 no Maracan\u00e3, a equipe comandada por Filipe Lu\u00eds tenta assegurar a vaga na final da Libertadores na partida marcada para quarta-feira (29 de outubro), \u00e0s 21h30 (hor\u00e1rio de Bras\u00edlia), no Est\u00e1dio Presidente Per\u00f3n.<\/p>\n\n\n\n<p>A prepara\u00e7\u00e3o para o duelo, contudo, conta com uma aus\u00eancia significativa. O atacante Pedro, titular absoluto no setor ofensivo, sofreu uma fratura no bra\u00e7o na partida de ida e n\u00e3o viajou com o elenco. A les\u00e3o se soma a um hist\u00f3rico recente de problemas f\u00edsicos e extracampo envolvendo o jogador. Como alternativas, o treinador optou por incluir Juninho e Wallace Yan entre os relacionados, repetindo a convoca\u00e7\u00e3o feita no duelo contra o Fortaleza pelo Campeonato Brasileiro. <\/p>\n\n\n\n<p>Entre os refor\u00e7os dispon\u00edveis, L\u00e9o Ortiz \u00e9 destaque. O zagueiro se recuperou de um trauma sofrido na partida contra o Palmeiras e, ap\u00f3s ser poupado nos dois \u00faltimos compromissos, est\u00e1 novamente \u00e0 disposi\u00e7\u00e3o de Filipe Lu\u00eds. O defensor chegou a ficar no banco no jogo anterior contra o Racing, mas agora pode ser op\u00e7\u00e3o para o sistema defensivo rubro-negro.<\/p>\n\n\n\n<p>O elenco ainda conta com o retorno de nomes importantes como Alex Sandro, Carrascal, Erick Pulgar, De La Cruz e Everton Ara\u00fajo. A principal inc\u00f3gnita, no entanto, segue no ataque: Filipe Lu\u00eds ainda n\u00e3o confirmou quem assumir\u00e1 a vaga deixada por Pedro no comando da linha ofensiva.<\/p>\n\n\n\n<p>A aus\u00eancia do camisa 9 exp\u00f5e a dificuldade do time em encontrar uma refer\u00eancia de \u00e1rea confi\u00e1vel. Plata e Bruno Henrique ainda n\u00e3o conseguiram se firmar, e as op\u00e7\u00f5es da base, apesar de promissoras, carecem de experi\u00eancia em decis\u00f5es desse porte.<\/p>\n\n\n\n<p>O ambiente fora de campo, afetado pelo acidente com torcedores, certamente trar\u00e1 um componente emocional \u00e0 partida. A delega\u00e7\u00e3o e os atletas, cientes do ocorrido, buscar\u00e3o transformar a preocupa\u00e7\u00e3o em motiva\u00e7\u00e3o extra para buscar a classifica\u00e7\u00e3o \u00e0 final continental.<\/p>\n","protected":false},"excerpt":{"rendered":"<p>O Flamengo se prepara para um dos jogos mais importantes do ano, mas a mobiliza\u00e7\u00e3o da torcida rumo \u00e0 Argentina foi marcada por um grave incidente. Um \u00f4nibus com integrantes das torcidas organizadas Urubuzada e Na\u00e7\u00e3o 12 tombou na Rodovia Presidente Dutra, na altura do km 276, em Barra Mansa, sentido S\u00e3o Paulo. A informa\u00e7\u00e3o [&hellip;]<\/p>\n","protected":false},"author":18,"featured_media":279407,"comment_status":"open","ping_status":"closed","sticky":false,"template":"","format":"standard","meta":{"footnotes":""},"categories":[1],"tags":[],"class_list":["post-279406","post","type-post","status-publish","format-standard","has-post-thumbnail","hentry","category-flamengo"],"yoast_head":"<!-- This site is optimized with the Yoast SEO Premium plugin v24.2 (Yoast SEO v26.9) - https:\/\/yoast.com\/product\/yoast-seo-premium-wordpress\/ -->\n<title>\u00d4nibus com torcedores do Flamengo sofre acidente a caminho da Argentina<\/title>\n<meta name=\"robots\" content=\"index, follow, max-snippet:-1, max-image-preview:large, max-video-preview:-1\" \/>\n<link rel=\"canonical\" href=\"https:\/\/www.gaveanews.com\/index.php\/2025\/10\/27\/onibus-com-torcedores-do-flamengo-sofre-acidente-a-caminho-da-argentina\/\" \/>\n<meta property=\"og:locale\" content=\"pt_BR\" \/>\n<meta property=\"og:type\" content=\"article\" \/>\n<meta property=\"og:title\" content=\"\u00d4nibus com torcedores do Flamengo sofre acidente a caminho da Argentina\" \/>\n<meta property=\"og:description\" content=\"O Flamengo se prepara para um dos jogos mais importantes do ano, mas a mobiliza\u00e7\u00e3o da torcida rumo \u00e0 Argentina foi marcada por um grave incidente. Um \u00f4nibus com integrantes das torcidas organizadas Urubuzada e Na\u00e7\u00e3o 12 tombou na Rodovia Presidente Dutra, na altura do km 276, em Barra Mansa, sentido S\u00e3o Paulo. A informa\u00e7\u00e3o [&hellip;]\" \/>\n<meta property=\"og:url\" content=\"https:\/\/www.gaveanews.com\/index.php\/2025\/10\/27\/onibus-com-torcedores-do-flamengo-sofre-acidente-a-caminho-da-argentina\/\" \/>\n<meta property=\"og:site_name\" content=\"G\u00e1vea News\" \/>\n<meta property=\"article:publisher\" content=\"https:\/\/facebook.com\/gaveaNews\/\" \/>\n<meta property=\"article:published_time\" content=\"2025-10-27T19:33:00+00:00\" \/>\n<meta property=\"og:image\" content=\"http:\/\/www.gaveanews.com\/wp-content\/uploads\/onibus-com-torcedores-do-Flamengo-tomba.png\" \/>\n\t<meta property=\"og:image:width\" content=\"1200\" \/>\n\t<meta property=\"og:image:height\" content=\"900\" \/>\n\t<meta property=\"og:image:type\" content=\"image\/png\" \/>\n<meta name=\"author\" content=\"Paula Silva\" \/>\n<meta name=\"twitter:card\" content=\"summary_large_image\" \/>\n<meta name=\"twitter:label1\" content=\"Escrito por\" \/>\n\t<meta name=\"twitter:data1\" content=\"Paula Silva\" \/>\n\t<meta name=\"twitter:label2\" content=\"Est. tempo de leitura\" \/>\n\t<meta name=\"twitter:data2\" content=\"3 minutos\" \/>\n<script type=\"application\/ld+json\" class=\"yoast-schema-graph\">{\"@context\":\"https:\/\/schema.org\",\"@graph\":[{\"@type\":\"NewsArticle\",\"@id\":\"https:\/\/www.gaveanews.com\/index.php\/2025\/10\/27\/onibus-com-torcedores-do-flamengo-sofre-acidente-a-caminho-da-argentina\/#article\",\"isPartOf\":{\"@id\":\"https:\/\/www.gaveanews.com\/index.php\/2025\/10\/27\/onibus-com-torcedores-do-flamengo-sofre-acidente-a-caminho-da-argentina\/\"},\"author\":{\"name\":\"Paula Silva\",\"@id\":\"https:\/\/www.gaveanews.com\/#\/schema\/person\/daf63eec72e1164eb13dc35096c2b8da\"},\"headline\":\"\u00d4nibus com torcedores do Flamengo sofre acidente a caminho da Argentina\",\"datePublished\":\"2025-10-27T19:33:00+00:00\",\"mainEntityOfPage\":{\"@id\":\"https:\/\/www.gaveanews.com\/index.php\/2025\/10\/27\/onibus-com-torcedores-do-flamengo-sofre-acidente-a-caminho-da-argentina\/\"},\"wordCount\":501,\"commentCount\":0,\"image\":{\"@id\":\"https:\/\/www.gaveanews.com\/index.php\/2025\/10\/27\/onibus-com-torcedores-do-flamengo-sofre-acidente-a-caminho-da-argentina\/#primaryimage\"},\"thumbnailUrl\":\"https:\/\/www.gaveanews.com\/wp-content\/uploads\/onibus-com-torcedores-do-Flamengo-tomba.png\",\"articleSection\":[\"Flamengo\"],\"inLanguage\":\"pt-BR\",\"potentialAction\":[{\"@type\":\"CommentAction\",\"name\":\"Comment\",\"target\":[\"https:\/\/www.gaveanews.com\/index.php\/2025\/10\/27\/onibus-com-torcedores-do-flamengo-sofre-acidente-a-caminho-da-argentina\/#respond\"]}],\"copyrightYear\":\"2025\",\"copyrightHolder\":{\"@id\":\"https:\/\/www.gaveanews.com\/#organization\"}},{\"@type\":\"WebPage\",\"@id\":\"https:\/\/www.gaveanews.com\/index.php\/2025\/10\/27\/onibus-com-torcedores-do-flamengo-sofre-acidente-a-caminho-da-argentina\/\",\"url\":\"https:\/\/www.gaveanews.com\/index.php\/2025\/10\/27\/onibus-com-torcedores-do-flamengo-sofre-acidente-a-caminho-da-argentina\/\",\"name\":\"\u00d4nibus com torcedores do Flamengo sofre acidente a caminho da Argentina\",\"isPartOf\":{\"@id\":\"https:\/\/www.gaveanews.com\/#website\"},\"primaryImageOfPage\":{\"@id\":\"https:\/\/www.gaveanews.com\/index.php\/2025\/10\/27\/onibus-com-torcedores-do-flamengo-sofre-acidente-a-caminho-da-argentina\/#primaryimage\"},\"image\":{\"@id\":\"https:\/\/www.gaveanews.com\/index.php\/2025\/10\/27\/onibus-com-torcedores-do-flamengo-sofre-acidente-a-caminho-da-argentina\/#primaryimage\"},\"thumbnailUrl\":\"https:\/\/www.gaveanews.com\/wp-content\/uploads\/onibus-com-torcedores-do-Flamengo-tomba.png\",\"datePublished\":\"2025-10-27T19:33:00+00:00\",\"author\":{\"@id\":\"https:\/\/www.gaveanews.com\/#\/schema\/person\/daf63eec72e1164eb13dc35096c2b8da\"},\"breadcrumb\":{\"@id\":\"https:\/\/www.gaveanews.com\/index.php\/2025\/10\/27\/onibus-com-torcedores-do-flamengo-sofre-acidente-a-caminho-da-argentina\/#breadcrumb\"},\"inLanguage\":\"pt-BR\",\"potentialAction\":[{\"@type\":\"ReadAction\",\"target\":[\"https:\/\/www.gaveanews.com\/index.php\/2025\/10\/27\/onibus-com-torcedores-do-flamengo-sofre-acidente-a-caminho-da-argentina\/\"]}]},{\"@type\":\"ImageObject\",\"inLanguage\":\"pt-BR\",\"@id\":\"https:\/\/www.gaveanews.com\/index.php\/2025\/10\/27\/onibus-com-torcedores-do-flamengo-sofre-acidente-a-caminho-da-argentina\/#primaryimage\",\"url\":\"https:\/\/www.gaveanews.com\/wp-content\/uploads\/onibus-com-torcedores-do-Flamengo-tomba.png\",\"contentUrl\":\"https:\/\/www.gaveanews.com\/wp-content\/uploads\/onibus-com-torcedores-do-Flamengo-tomba.png\",\"width\":1200,\"height\":900,\"caption\":\"\u00f4nibus com torcedores do Flamengo tomba (Foto: Divulga\u00e7\u00e3o\/Ven\u00ea Casagrande)\"},{\"@type\":\"BreadcrumbList\",\"@id\":\"https:\/\/www.gaveanews.com\/index.php\/2025\/10\/27\/onibus-com-torcedores-do-flamengo-sofre-acidente-a-caminho-da-argentina\/#breadcrumb\",\"itemListElement\":[{\"@type\":\"ListItem\",\"position\":1,\"name\":\"Home\",\"item\":\"https:\/\/www.gaveanews.com\/\"},{\"@type\":\"ListItem\",\"position\":2,\"name\":\"\u00d4nibus com torcedores do Flamengo sofre acidente a caminho da Argentina\"}]},{\"@type\":\"WebSite\",\"@id\":\"https:\/\/www.gaveanews.com\/#website\",\"url\":\"https:\/\/www.gaveanews.com\/\",\"name\":\"G\u00e1vea News\",\"description\":\"Veja todas as not\u00edcias sobre o Flamengo: Contrata\u00e7\u00f5es, categorias de base, resultados das partidas, tabela de classifica\u00e7\u00e3o, pr\u00f3ximos jogos!\",\"potentialAction\":[{\"@type\":\"SearchAction\",\"target\":{\"@type\":\"EntryPoint\",\"urlTemplate\":\"https:\/\/www.gaveanews.com\/?s={search_term_string}\"},\"query-input\":{\"@type\":\"PropertyValueSpecification\",\"valueRequired\":true,\"valueName\":\"search_term_string\"}}],\"inLanguage\":\"pt-BR\"},{\"@type\":\"Person\",\"@id\":\"https:\/\/www.gaveanews.com\/#\/schema\/person\/daf63eec72e1164eb13dc35096c2b8da\",\"name\":\"Paula Silva\",\"image\":{\"@type\":\"ImageObject\",\"inLanguage\":\"pt-BR\",\"@id\":\"https:\/\/www.gaveanews.com\/#\/schema\/person\/image\/\",\"url\":\"https:\/\/secure.gravatar.com\/avatar\/eda381c845527cc5d64c13b901833cda29d97500ba040d3e6461f76f51d163bb?s=96&d=mm&r=g\",\"contentUrl\":\"https:\/\/secure.gravatar.com\/avatar\/eda381c845527cc5d64c13b901833cda29d97500ba040d3e6461f76f51d163bb?s=96&d=mm&r=g\",\"caption\":\"Paula Silva\"}}]}<\/script>\n<!-- \/ Yoast SEO Premium plugin. -->","yoast_head_json":{"title":"\u00d4nibus com torcedores do Flamengo sofre acidente a caminho da Argentina","robots":{"index":"index","follow":"follow","max-snippet":"max-snippet:-1","max-image-preview":"max-image-preview:large","max-video-preview":"max-video-preview:-1"},"canonical":"https:\/\/www.gaveanews.com\/index.php\/2025\/10\/27\/onibus-com-torcedores-do-flamengo-sofre-acidente-a-caminho-da-argentina\/","og_locale":"pt_BR","og_type":"article","og_title":"\u00d4nibus com torcedores do Flamengo sofre acidente a caminho da Argentina","og_description":"O Flamengo se prepara para um dos jogos mais importantes do ano, mas a mobiliza\u00e7\u00e3o da torcida rumo \u00e0 Argentina foi marcada por um grave incidente. Um \u00f4nibus com integrantes das torcidas organizadas Urubuzada e Na\u00e7\u00e3o 12 tombou na Rodovia Presidente Dutra, na altura do km 276, em Barra Mansa, sentido S\u00e3o Paulo. A informa\u00e7\u00e3o [&hellip;]","og_url":"https:\/\/www.gaveanews.com\/index.php\/2025\/10\/27\/onibus-com-torcedores-do-flamengo-sofre-acidente-a-caminho-da-argentina\/","og_site_name":"G\u00e1vea News","article_publisher":"https:\/\/facebook.com\/gaveaNews\/","article_published_time":"2025-10-27T19:33:00+00:00","og_image":[{"width":1200,"height":900,"url":"http:\/\/www.gaveanews.com\/wp-content\/uploads\/onibus-com-torcedores-do-Flamengo-tomba.png","type":"image\/png"}],"author":"Paula Silva","twitter_card":"summary_large_image","twitter_misc":{"Escrito por":"Paula Silva","Est. tempo de leitura":"3 minutos"},"schema":{"@context":"https:\/\/schema.org","@graph":[{"@type":"NewsArticle","@id":"https:\/\/www.gaveanews.com\/index.php\/2025\/10\/27\/onibus-com-torcedores-do-flamengo-sofre-acidente-a-caminho-da-argentina\/#article","isPartOf":{"@id":"https:\/\/www.gaveanews.com\/index.php\/2025\/10\/27\/onibus-com-torcedores-do-flamengo-sofre-acidente-a-caminho-da-argentina\/"},"author":{"name":"Paula Silva","@id":"https:\/\/www.gaveanews.com\/#\/schema\/person\/daf63eec72e1164eb13dc35096c2b8da"},"headline":"\u00d4nibus com torcedores do Flamengo sofre acidente a caminho da Argentina","datePublished":"2025-10-27T19:33:00+00:00","mainEntityOfPage":{"@id":"https:\/\/www.gaveanews.com\/index.php\/2025\/10\/27\/onibus-com-torcedores-do-flamengo-sofre-acidente-a-caminho-da-argentina\/"},"wordCount":501,"commentCount":0,"image":{"@id":"https:\/\/www.gaveanews.com\/index.php\/2025\/10\/27\/onibus-com-torcedores-do-flamengo-sofre-acidente-a-caminho-da-argentina\/#primaryimage"},"thumbnailUrl":"https:\/\/www.gaveanews.com\/wp-content\/uploads\/onibus-com-torcedores-do-Flamengo-tomba.png","articleSection":["Flamengo"],"inLanguage":"pt-BR","potentialAction":[{"@type":"CommentAction","name":"Comment","target":["https:\/\/www.gaveanews.com\/index.php\/2025\/10\/27\/onibus-com-torcedores-do-flamengo-sofre-acidente-a-caminho-da-argentina\/#respond"]}],"copyrightYear":"2025","copyrightHolder":{"@id":"https:\/\/www.gaveanews.com\/#organization"}},{"@type":"WebPage","@id":"https:\/\/www.gaveanews.com\/index.php\/2025\/10\/27\/onibus-com-torcedores-do-flamengo-sofre-acidente-a-caminho-da-argentina\/","url":"https:\/\/www.gaveanews.com\/index.php\/2025\/10\/27\/onibus-com-torcedores-do-flamengo-sofre-acidente-a-caminho-da-argentina\/","name":"\u00d4nibus com torcedores do Flamengo sofre acidente a caminho da Argentina","isPartOf":{"@id":"https:\/\/www.gaveanews.com\/#website"},"primaryImageOfPage":{"@id":"https:\/\/www.gaveanews.com\/index.php\/2025\/10\/27\/onibus-com-torcedores-do-flamengo-sofre-acidente-a-caminho-da-argentina\/#primaryimage"},"image":{"@id":"https:\/\/www.gaveanews.com\/index.php\/2025\/10\/27\/onibus-com-torcedores-do-flamengo-sofre-acidente-a-caminho-da-argentina\/#primaryimage"},"thumbnailUrl":"https:\/\/www.gaveanews.com\/wp-content\/uploads\/onibus-com-torcedores-do-Flamengo-tomba.png","datePublished":"2025-10-27T19:33:00+00:00","author":{"@id":"https:\/\/www.gaveanews.com\/#\/schema\/person\/daf63eec72e1164eb13dc35096c2b8da"},"breadcrumb":{"@id":"https:\/\/www.gaveanews.com\/index.php\/2025\/10\/27\/onibus-com-torcedores-do-flamengo-sofre-acidente-a-caminho-da-argentina\/#breadcrumb"},"inLanguage":"pt-BR","potentialAction":[{"@type":"ReadAction","target":["https:\/\/www.gaveanews.com\/index.php\/2025\/10\/27\/onibus-com-torcedores-do-flamengo-sofre-acidente-a-caminho-da-argentina\/"]}]},{"@type":"ImageObject","inLanguage":"pt-BR","@id":"https:\/\/www.gaveanews.com\/index.php\/2025\/10\/27\/onibus-com-torcedores-do-flamengo-sofre-acidente-a-caminho-da-argentina\/#primaryimage","url":"https:\/\/www.gaveanews.com\/wp-content\/uploads\/onibus-com-torcedores-do-Flamengo-tomba.png","contentUrl":"https:\/\/www.gaveanews.com\/wp-content\/uploads\/onibus-com-torcedores-do-Flamengo-tomba.png","width":1200,"height":900,"caption":"\u00f4nibus com torcedores do Flamengo tomba (Foto: Divulga\u00e7\u00e3o\/Ven\u00ea Casagrande)"},{"@type":"BreadcrumbList","@id":"https:\/\/www.gaveanews.com\/index.php\/2025\/10\/27\/onibus-com-torcedores-do-flamengo-sofre-acidente-a-caminho-da-argentina\/#breadcrumb","itemListElement":[{"@type":"ListItem","position":1,"name":"Home","item":"https:\/\/www.gaveanews.com\/"},{"@type":"ListItem","position":2,"name":"\u00d4nibus com torcedores do Flamengo sofre acidente a caminho da Argentina"}]},{"@type":"WebSite","@id":"https:\/\/www.gaveanews.com\/#website","url":"https:\/\/www.gaveanews.com\/","name":"G\u00e1vea News","description":"Veja todas as not\u00edcias sobre o Flamengo: Contrata\u00e7\u00f5es, categorias de base, resultados das partidas, tabela de classifica\u00e7\u00e3o, pr\u00f3ximos jogos!","potentialAction":[{"@type":"SearchAction","target":{"@type":"EntryPoint","urlTemplate":"https:\/\/www.gaveanews.com\/?s={search_term_string}"},"query-input":{"@type":"PropertyValueSpecification","valueRequired":true,"valueName":"search_term_string"}}],"inLanguage":"pt-BR"},{"@type":"Person","@id":"https:\/\/www.gaveanews.com\/#\/schema\/person\/daf63eec72e1164eb13dc35096c2b8da","name":"Paula Silva","image":{"@type":"ImageObject","inLanguage":"pt-BR","@id":"https:\/\/www.gaveanews.com\/#\/schema\/person\/image\/","url":"https:\/\/secure.gravatar.com\/avatar\/eda381c845527cc5d64c13b901833cda29d97500ba040d3e6461f76f51d163bb?s=96&d=mm&r=g","contentUrl":"https:\/\/secure.gravatar.com\/avatar\/eda381c845527cc5d64c13b901833cda29d97500ba040d3e6461f76f51d163bb?s=96&d=mm&r=g","caption":"Paula Silva"}}]}},"_links":{"self":[{"href":"https:\/\/www.gaveanews.com\/index.php\/wp-json\/wp\/v2\/posts\/279406","targetHints":{"allow":["GET"]}}],"collection":[{"href":"https:\/\/www.gaveanews.com\/index.php\/wp-json\/wp\/v2\/posts"}],"about":[{"href":"https:\/\/www.gaveanews.com\/index.php\/wp-json\/wp\/v2\/types\/post"}],"author":[{"embeddable":true,"href":"https:\/\/www.gaveanews.com\/index.php\/wp-json\/wp\/v2\/users\/18"}],"replies":[{"embeddable":true,"href":"https:\/\/www.gaveanews.com\/index.php\/wp-json\/wp\/v2\/comments?post=279406"}],"version-history":[{"count":1,"href":"https:\/\/www.gaveanews.com\/index.php\/wp-json\/wp\/v2\/posts\/279406\/revisions"}],"predecessor-version":[{"id":279408,"href":"https:\/\/www.gaveanews.com\/index.php\/wp-json\/wp\/v2\/posts\/279406\/revisions\/279408"}],"wp:featuredmedia":[{"embeddable":true,"href":"https:\/\/www.gaveanews.com\/index.php\/wp-json\/wp\/v2\/media\/279407"}],"wp:attachment":[{"href":"https:\/\/www.gaveanews.com\/index.php\/wp-json\/wp\/v2\/media?parent=279406"}],"wp:term":[{"taxonomy":"category","embeddable":true,"href":"https:\/\/www.gaveanews.com\/index.php\/wp-json\/wp\/v2\/categories?post=279406"},{"taxonomy":"post_tag","embeddable":true,"href":"https:\/\/www.gaveanews.com\/index.php\/wp-json\/wp\/v2\/tags?post=279406"}],"curies":[{"name":"wp","href":"https:\/\/api.w.org\/{rel}","templated":true}]}}