{"id":279414,"date":"2025-10-27T19:30:00","date_gmt":"2025-10-27T22:30:00","guid":{"rendered":"https:\/\/www.gaveanews.com\/?p=279414"},"modified":"2025-10-27T19:00:02","modified_gmt":"2025-10-27T22:00:02","slug":"a-declaracao-do-tecnico-do-racing-antes-de-partida-contra-o-flamengo","status":"publish","type":"post","link":"https:\/\/www.gaveanews.com\/index.php\/2025\/10\/27\/a-declaracao-do-tecnico-do-racing-antes-de-partida-contra-o-flamengo\/","title":{"rendered":"A declara\u00e7\u00e3o do t\u00e9cnico do Racing antes de partida contra o Flamengo"},"content":{"rendered":"\n<p>A prepara\u00e7\u00e3o do Racing para a partida decisiva contra o Flamengo, v\u00e1lida pela volta da semifinal da Libertadores, extrapolou os limites do campo e envolveu diretamente a mobiliza\u00e7\u00e3o da torcida. Com apoio da organizada \u201cLa Guardia Imperial\u201d, o clube argentino planeja reunir seus torcedores nas ruas de Avellaneda na segunda-feira (27), dois dias antes do confronto marcado para quarta-feira (29), \u00e0s 21h30 (hor\u00e1rio de Bras\u00edlia), no Est\u00e1dio Presidente Per\u00f3n.<\/p>\n\n\n\n<p>O ponto de encontro ser\u00e1 entre as ruas Col\u00f3n e Alsina, local hist\u00f3rico onde funcionou o primeiro est\u00e1dio do Racing, desativado em 1949. A mobiliza\u00e7\u00e3o tem como objetivo impulsionar o elenco antes do in\u00edcio da concentra\u00e7\u00e3o no centro de treinamento em Pilar. Conforme anunciado, a recep\u00e7\u00e3o aos jogadores deve ocorrer logo ap\u00f3s a atividade do dia.<\/p>\n\n\n\n<p>O t\u00e9cnico Gustavo Costas, que comanda a equipe nesta campanha continental, foi o respons\u00e1vel por convocar os torcedores para o ato de apoio. Em v\u00eddeo divulgado pela torcida, o treinador refor\u00e7ou a import\u00e2ncia da uni\u00e3o nas v\u00e9speras do duelo decisivo:<\/p>\n\n\n\n<p>&#8220;Ol\u00e1, fam\u00edlia racinguista. Quero convid\u00e1-los amanh\u00e3 \u00e0s 19h para se despedirem do elenco antes de seguirmos nos concentrarmos em Pilar (centro de treinamentos). Quero convid\u00e1-los a todos para dar apoio a esses jogadores que deixam a vida pelas nossas cores. Sabemos que juntos podemos realizar esse sonho que perseguimos h\u00e1 tantos anos e que, se estivermos juntos, conseguiremos. Vamos com tudo, Academia, por&#8230;&#8221;.<\/p>\n\n\n\n<p>O clima de confian\u00e7a j\u00e1 havia sido externado anteriormente pelo pr\u00f3prio Costas, logo ap\u00f3s o primeiro confronto no Maracan\u00e3. Apesar da derrota por 1 a 0, o treinador declarou que a equipe \u201cjogar\u00e1 a final\u201d da Libertadores. O zagueiro Marcos Rojo tamb\u00e9m seguiu a mesma linha, afirmando que o Flamengo enfrentar\u00e1 forte press\u00e3o em Avellaneda.<\/p>\n\n\n\n<p>Atualmente, o Racing precisa vencer por um gol de diferen\u00e7a para levar a decis\u00e3o para os p\u00eanaltis. Caso ven\u00e7a por dois ou mais gols, garante vaga direta na final. J\u00e1 o Flamengo, que levou a melhor no jogo de ida com gol de Carrascal nos minutos finais, pode empatar para avan\u00e7ar.<\/p>\n\n\n\n<p>Ali\u00e1s, a movimenta\u00e7\u00e3o da torcida argentina acontece enquanto o elenco rubro-negro, comandado por Filipe Lu\u00eds, j\u00e1 iniciou os treinamentos visando a partida decisiva. A comiss\u00e3o t\u00e9cnica mant\u00e9m o foco total para suportar a press\u00e3o advers\u00e1ria fora de casa.<\/p>\n\n\n\n<p>Por fim, vale lembrar que quem avan\u00e7ar nesse duelo enfrentar\u00e1 o vencedor da outra semifinal entre Palmeiras e LDU. Na ida, os equatorianos venceram por 3 a 0, colocando o time paulista em situa\u00e7\u00e3o complicada para a volta, marcada para quinta-feira (30).<\/p>\n","protected":false},"excerpt":{"rendered":"<p>A prepara\u00e7\u00e3o do Racing para a partida decisiva contra o Flamengo, v\u00e1lida pela volta da semifinal da Libertadores, extrapolou os limites do campo e envolveu diretamente a mobiliza\u00e7\u00e3o da torcida. Com apoio da organizada \u201cLa Guardia Imperial\u201d, o clube argentino planeja reunir seus torcedores nas ruas de Avellaneda na segunda-feira (27), dois dias antes do [&hellip;]<\/p>\n","protected":false},"author":18,"featured_media":278783,"comment_status":"open","ping_status":"closed","sticky":false,"template":"","format":"standard","meta":{"footnotes":""},"categories":[1],"tags":[],"class_list":["post-279414","post","type-post","status-publish","format-standard","has-post-thumbnail","hentry","category-flamengo"],"yoast_head":"<!-- This site is optimized with the Yoast SEO Premium plugin v24.2 (Yoast SEO v26.9) - https:\/\/yoast.com\/product\/yoast-seo-premium-wordpress\/ -->\n<title>A declara\u00e7\u00e3o do t\u00e9cnico do Racing antes de partida contra o Flamengo<\/title>\n<meta name=\"robots\" content=\"index, follow, max-snippet:-1, max-image-preview:large, max-video-preview:-1\" \/>\n<link rel=\"canonical\" href=\"https:\/\/www.gaveanews.com\/index.php\/2025\/10\/27\/a-declaracao-do-tecnico-do-racing-antes-de-partida-contra-o-flamengo\/\" \/>\n<meta property=\"og:locale\" content=\"pt_BR\" \/>\n<meta property=\"og:type\" content=\"article\" \/>\n<meta property=\"og:title\" content=\"A declara\u00e7\u00e3o do t\u00e9cnico do Racing antes de partida contra o Flamengo\" \/>\n<meta property=\"og:description\" content=\"A prepara\u00e7\u00e3o do Racing para a partida decisiva contra o Flamengo, v\u00e1lida pela volta da semifinal da Libertadores, extrapolou os limites do campo e envolveu diretamente a mobiliza\u00e7\u00e3o da torcida. Com apoio da organizada \u201cLa Guardia Imperial\u201d, o clube argentino planeja reunir seus torcedores nas ruas de Avellaneda na segunda-feira (27), dois dias antes do [&hellip;]\" \/>\n<meta property=\"og:url\" content=\"https:\/\/www.gaveanews.com\/index.php\/2025\/10\/27\/a-declaracao-do-tecnico-do-racing-antes-de-partida-contra-o-flamengo\/\" \/>\n<meta property=\"og:site_name\" content=\"G\u00e1vea News\" \/>\n<meta property=\"article:publisher\" content=\"https:\/\/facebook.com\/gaveaNews\/\" \/>\n<meta property=\"article:published_time\" content=\"2025-10-27T22:30:00+00:00\" \/>\n<meta property=\"og:image\" content=\"https:\/\/www.gaveanews.com\/wp-content\/uploads\/Gustavo-Costas-tecnico-do-Racing.png\" \/>\n\t<meta property=\"og:image:width\" content=\"1200\" \/>\n\t<meta property=\"og:image:height\" content=\"900\" \/>\n\t<meta property=\"og:image:type\" content=\"image\/png\" \/>\n<meta name=\"author\" content=\"Paula Silva\" \/>\n<meta name=\"twitter:card\" content=\"summary_large_image\" \/>\n<meta name=\"twitter:label1\" content=\"Escrito por\" \/>\n\t<meta name=\"twitter:data1\" content=\"Paula Silva\" \/>\n\t<meta name=\"twitter:label2\" content=\"Est. tempo de leitura\" \/>\n\t<meta name=\"twitter:data2\" content=\"3 minutos\" \/>\n<script type=\"application\/ld+json\" class=\"yoast-schema-graph\">{\"@context\":\"https:\/\/schema.org\",\"@graph\":[{\"@type\":\"NewsArticle\",\"@id\":\"https:\/\/www.gaveanews.com\/index.php\/2025\/10\/27\/a-declaracao-do-tecnico-do-racing-antes-de-partida-contra-o-flamengo\/#article\",\"isPartOf\":{\"@id\":\"https:\/\/www.gaveanews.com\/index.php\/2025\/10\/27\/a-declaracao-do-tecnico-do-racing-antes-de-partida-contra-o-flamengo\/\"},\"author\":{\"name\":\"Paula Silva\",\"@id\":\"https:\/\/www.gaveanews.com\/#\/schema\/person\/daf63eec72e1164eb13dc35096c2b8da\"},\"headline\":\"A declara\u00e7\u00e3o do t\u00e9cnico do Racing antes de partida contra o Flamengo\",\"datePublished\":\"2025-10-27T22:30:00+00:00\",\"mainEntityOfPage\":{\"@id\":\"https:\/\/www.gaveanews.com\/index.php\/2025\/10\/27\/a-declaracao-do-tecnico-do-racing-antes-de-partida-contra-o-flamengo\/\"},\"wordCount\":465,\"commentCount\":0,\"image\":{\"@id\":\"https:\/\/www.gaveanews.com\/index.php\/2025\/10\/27\/a-declaracao-do-tecnico-do-racing-antes-de-partida-contra-o-flamengo\/#primaryimage\"},\"thumbnailUrl\":\"https:\/\/www.gaveanews.com\/wp-content\/uploads\/Gustavo-Costas-tecnico-do-Racing.png\",\"articleSection\":[\"Flamengo\"],\"inLanguage\":\"pt-BR\",\"potentialAction\":[{\"@type\":\"CommentAction\",\"name\":\"Comment\",\"target\":[\"https:\/\/www.gaveanews.com\/index.php\/2025\/10\/27\/a-declaracao-do-tecnico-do-racing-antes-de-partida-contra-o-flamengo\/#respond\"]}],\"copyrightYear\":\"2025\",\"copyrightHolder\":{\"@id\":\"https:\/\/www.gaveanews.com\/#organization\"}},{\"@type\":\"WebPage\",\"@id\":\"https:\/\/www.gaveanews.com\/index.php\/2025\/10\/27\/a-declaracao-do-tecnico-do-racing-antes-de-partida-contra-o-flamengo\/\",\"url\":\"https:\/\/www.gaveanews.com\/index.php\/2025\/10\/27\/a-declaracao-do-tecnico-do-racing-antes-de-partida-contra-o-flamengo\/\",\"name\":\"A declara\u00e7\u00e3o do t\u00e9cnico do Racing antes de partida contra o Flamengo\",\"isPartOf\":{\"@id\":\"https:\/\/www.gaveanews.com\/#website\"},\"primaryImageOfPage\":{\"@id\":\"https:\/\/www.gaveanews.com\/index.php\/2025\/10\/27\/a-declaracao-do-tecnico-do-racing-antes-de-partida-contra-o-flamengo\/#primaryimage\"},\"image\":{\"@id\":\"https:\/\/www.gaveanews.com\/index.php\/2025\/10\/27\/a-declaracao-do-tecnico-do-racing-antes-de-partida-contra-o-flamengo\/#primaryimage\"},\"thumbnailUrl\":\"https:\/\/www.gaveanews.com\/wp-content\/uploads\/Gustavo-Costas-tecnico-do-Racing.png\",\"datePublished\":\"2025-10-27T22:30:00+00:00\",\"author\":{\"@id\":\"https:\/\/www.gaveanews.com\/#\/schema\/person\/daf63eec72e1164eb13dc35096c2b8da\"},\"breadcrumb\":{\"@id\":\"https:\/\/www.gaveanews.com\/index.php\/2025\/10\/27\/a-declaracao-do-tecnico-do-racing-antes-de-partida-contra-o-flamengo\/#breadcrumb\"},\"inLanguage\":\"pt-BR\",\"potentialAction\":[{\"@type\":\"ReadAction\",\"target\":[\"https:\/\/www.gaveanews.com\/index.php\/2025\/10\/27\/a-declaracao-do-tecnico-do-racing-antes-de-partida-contra-o-flamengo\/\"]}]},{\"@type\":\"ImageObject\",\"inLanguage\":\"pt-BR\",\"@id\":\"https:\/\/www.gaveanews.com\/index.php\/2025\/10\/27\/a-declaracao-do-tecnico-do-racing-antes-de-partida-contra-o-flamengo\/#primaryimage\",\"url\":\"https:\/\/www.gaveanews.com\/wp-content\/uploads\/Gustavo-Costas-tecnico-do-Racing.png\",\"contentUrl\":\"https:\/\/www.gaveanews.com\/wp-content\/uploads\/Gustavo-Costas-tecnico-do-Racing.png\",\"width\":1200,\"height\":900,\"caption\":\"Gustavo Costas, t\u00e9cnico do Racing (Foto: Reprodu\u00e7\u00e3o\/Instagram Racing)\"},{\"@type\":\"BreadcrumbList\",\"@id\":\"https:\/\/www.gaveanews.com\/index.php\/2025\/10\/27\/a-declaracao-do-tecnico-do-racing-antes-de-partida-contra-o-flamengo\/#breadcrumb\",\"itemListElement\":[{\"@type\":\"ListItem\",\"position\":1,\"name\":\"Home\",\"item\":\"https:\/\/www.gaveanews.com\/\"},{\"@type\":\"ListItem\",\"position\":2,\"name\":\"A declara\u00e7\u00e3o do t\u00e9cnico do Racing antes de partida contra o Flamengo\"}]},{\"@type\":\"WebSite\",\"@id\":\"https:\/\/www.gaveanews.com\/#website\",\"url\":\"https:\/\/www.gaveanews.com\/\",\"name\":\"G\u00e1vea News\",\"description\":\"Veja todas as not\u00edcias sobre o Flamengo: Contrata\u00e7\u00f5es, categorias de base, resultados das partidas, tabela de classifica\u00e7\u00e3o, pr\u00f3ximos jogos!\",\"potentialAction\":[{\"@type\":\"SearchAction\",\"target\":{\"@type\":\"EntryPoint\",\"urlTemplate\":\"https:\/\/www.gaveanews.com\/?s={search_term_string}\"},\"query-input\":{\"@type\":\"PropertyValueSpecification\",\"valueRequired\":true,\"valueName\":\"search_term_string\"}}],\"inLanguage\":\"pt-BR\"},{\"@type\":\"Person\",\"@id\":\"https:\/\/www.gaveanews.com\/#\/schema\/person\/daf63eec72e1164eb13dc35096c2b8da\",\"name\":\"Paula Silva\",\"image\":{\"@type\":\"ImageObject\",\"inLanguage\":\"pt-BR\",\"@id\":\"https:\/\/www.gaveanews.com\/#\/schema\/person\/image\/\",\"url\":\"https:\/\/secure.gravatar.com\/avatar\/eda381c845527cc5d64c13b901833cda29d97500ba040d3e6461f76f51d163bb?s=96&d=mm&r=g\",\"contentUrl\":\"https:\/\/secure.gravatar.com\/avatar\/eda381c845527cc5d64c13b901833cda29d97500ba040d3e6461f76f51d163bb?s=96&d=mm&r=g\",\"caption\":\"Paula Silva\"}}]}<\/script>\n<!-- \/ Yoast SEO Premium plugin. -->","yoast_head_json":{"title":"A declara\u00e7\u00e3o do t\u00e9cnico do Racing antes de partida contra o Flamengo","robots":{"index":"index","follow":"follow","max-snippet":"max-snippet:-1","max-image-preview":"max-image-preview:large","max-video-preview":"max-video-preview:-1"},"canonical":"https:\/\/www.gaveanews.com\/index.php\/2025\/10\/27\/a-declaracao-do-tecnico-do-racing-antes-de-partida-contra-o-flamengo\/","og_locale":"pt_BR","og_type":"article","og_title":"A declara\u00e7\u00e3o do t\u00e9cnico do Racing antes de partida contra o Flamengo","og_description":"A prepara\u00e7\u00e3o do Racing para a partida decisiva contra o Flamengo, v\u00e1lida pela volta da semifinal da Libertadores, extrapolou os limites do campo e envolveu diretamente a mobiliza\u00e7\u00e3o da torcida. Com apoio da organizada \u201cLa Guardia Imperial\u201d, o clube argentino planeja reunir seus torcedores nas ruas de Avellaneda na segunda-feira (27), dois dias antes do [&hellip;]","og_url":"https:\/\/www.gaveanews.com\/index.php\/2025\/10\/27\/a-declaracao-do-tecnico-do-racing-antes-de-partida-contra-o-flamengo\/","og_site_name":"G\u00e1vea News","article_publisher":"https:\/\/facebook.com\/gaveaNews\/","article_published_time":"2025-10-27T22:30:00+00:00","og_image":[{"width":1200,"height":900,"url":"https:\/\/www.gaveanews.com\/wp-content\/uploads\/Gustavo-Costas-tecnico-do-Racing.png","type":"image\/png"}],"author":"Paula Silva","twitter_card":"summary_large_image","twitter_misc":{"Escrito por":"Paula Silva","Est. tempo de leitura":"3 minutos"},"schema":{"@context":"https:\/\/schema.org","@graph":[{"@type":"NewsArticle","@id":"https:\/\/www.gaveanews.com\/index.php\/2025\/10\/27\/a-declaracao-do-tecnico-do-racing-antes-de-partida-contra-o-flamengo\/#article","isPartOf":{"@id":"https:\/\/www.gaveanews.com\/index.php\/2025\/10\/27\/a-declaracao-do-tecnico-do-racing-antes-de-partida-contra-o-flamengo\/"},"author":{"name":"Paula Silva","@id":"https:\/\/www.gaveanews.com\/#\/schema\/person\/daf63eec72e1164eb13dc35096c2b8da"},"headline":"A declara\u00e7\u00e3o do t\u00e9cnico do Racing antes de partida contra o Flamengo","datePublished":"2025-10-27T22:30:00+00:00","mainEntityOfPage":{"@id":"https:\/\/www.gaveanews.com\/index.php\/2025\/10\/27\/a-declaracao-do-tecnico-do-racing-antes-de-partida-contra-o-flamengo\/"},"wordCount":465,"commentCount":0,"image":{"@id":"https:\/\/www.gaveanews.com\/index.php\/2025\/10\/27\/a-declaracao-do-tecnico-do-racing-antes-de-partida-contra-o-flamengo\/#primaryimage"},"thumbnailUrl":"https:\/\/www.gaveanews.com\/wp-content\/uploads\/Gustavo-Costas-tecnico-do-Racing.png","articleSection":["Flamengo"],"inLanguage":"pt-BR","potentialAction":[{"@type":"CommentAction","name":"Comment","target":["https:\/\/www.gaveanews.com\/index.php\/2025\/10\/27\/a-declaracao-do-tecnico-do-racing-antes-de-partida-contra-o-flamengo\/#respond"]}],"copyrightYear":"2025","copyrightHolder":{"@id":"https:\/\/www.gaveanews.com\/#organization"}},{"@type":"WebPage","@id":"https:\/\/www.gaveanews.com\/index.php\/2025\/10\/27\/a-declaracao-do-tecnico-do-racing-antes-de-partida-contra-o-flamengo\/","url":"https:\/\/www.gaveanews.com\/index.php\/2025\/10\/27\/a-declaracao-do-tecnico-do-racing-antes-de-partida-contra-o-flamengo\/","name":"A declara\u00e7\u00e3o do t\u00e9cnico do Racing antes de partida contra o Flamengo","isPartOf":{"@id":"https:\/\/www.gaveanews.com\/#website"},"primaryImageOfPage":{"@id":"https:\/\/www.gaveanews.com\/index.php\/2025\/10\/27\/a-declaracao-do-tecnico-do-racing-antes-de-partida-contra-o-flamengo\/#primaryimage"},"image":{"@id":"https:\/\/www.gaveanews.com\/index.php\/2025\/10\/27\/a-declaracao-do-tecnico-do-racing-antes-de-partida-contra-o-flamengo\/#primaryimage"},"thumbnailUrl":"https:\/\/www.gaveanews.com\/wp-content\/uploads\/Gustavo-Costas-tecnico-do-Racing.png","datePublished":"2025-10-27T22:30:00+00:00","author":{"@id":"https:\/\/www.gaveanews.com\/#\/schema\/person\/daf63eec72e1164eb13dc35096c2b8da"},"breadcrumb":{"@id":"https:\/\/www.gaveanews.com\/index.php\/2025\/10\/27\/a-declaracao-do-tecnico-do-racing-antes-de-partida-contra-o-flamengo\/#breadcrumb"},"inLanguage":"pt-BR","potentialAction":[{"@type":"ReadAction","target":["https:\/\/www.gaveanews.com\/index.php\/2025\/10\/27\/a-declaracao-do-tecnico-do-racing-antes-de-partida-contra-o-flamengo\/"]}]},{"@type":"ImageObject","inLanguage":"pt-BR","@id":"https:\/\/www.gaveanews.com\/index.php\/2025\/10\/27\/a-declaracao-do-tecnico-do-racing-antes-de-partida-contra-o-flamengo\/#primaryimage","url":"https:\/\/www.gaveanews.com\/wp-content\/uploads\/Gustavo-Costas-tecnico-do-Racing.png","contentUrl":"https:\/\/www.gaveanews.com\/wp-content\/uploads\/Gustavo-Costas-tecnico-do-Racing.png","width":1200,"height":900,"caption":"Gustavo Costas, t\u00e9cnico do Racing (Foto: Reprodu\u00e7\u00e3o\/Instagram Racing)"},{"@type":"BreadcrumbList","@id":"https:\/\/www.gaveanews.com\/index.php\/2025\/10\/27\/a-declaracao-do-tecnico-do-racing-antes-de-partida-contra-o-flamengo\/#breadcrumb","itemListElement":[{"@type":"ListItem","position":1,"name":"Home","item":"https:\/\/www.gaveanews.com\/"},{"@type":"ListItem","position":2,"name":"A declara\u00e7\u00e3o do t\u00e9cnico do Racing antes de partida contra o Flamengo"}]},{"@type":"WebSite","@id":"https:\/\/www.gaveanews.com\/#website","url":"https:\/\/www.gaveanews.com\/","name":"G\u00e1vea News","description":"Veja todas as not\u00edcias sobre o Flamengo: Contrata\u00e7\u00f5es, categorias de base, resultados das partidas, tabela de classifica\u00e7\u00e3o, pr\u00f3ximos jogos!","potentialAction":[{"@type":"SearchAction","target":{"@type":"EntryPoint","urlTemplate":"https:\/\/www.gaveanews.com\/?s={search_term_string}"},"query-input":{"@type":"PropertyValueSpecification","valueRequired":true,"valueName":"search_term_string"}}],"inLanguage":"pt-BR"},{"@type":"Person","@id":"https:\/\/www.gaveanews.com\/#\/schema\/person\/daf63eec72e1164eb13dc35096c2b8da","name":"Paula Silva","image":{"@type":"ImageObject","inLanguage":"pt-BR","@id":"https:\/\/www.gaveanews.com\/#\/schema\/person\/image\/","url":"https:\/\/secure.gravatar.com\/avatar\/eda381c845527cc5d64c13b901833cda29d97500ba040d3e6461f76f51d163bb?s=96&d=mm&r=g","contentUrl":"https:\/\/secure.gravatar.com\/avatar\/eda381c845527cc5d64c13b901833cda29d97500ba040d3e6461f76f51d163bb?s=96&d=mm&r=g","caption":"Paula Silva"}}]}},"_links":{"self":[{"href":"https:\/\/www.gaveanews.com\/index.php\/wp-json\/wp\/v2\/posts\/279414","targetHints":{"allow":["GET"]}}],"collection":[{"href":"https:\/\/www.gaveanews.com\/index.php\/wp-json\/wp\/v2\/posts"}],"about":[{"href":"https:\/\/www.gaveanews.com\/index.php\/wp-json\/wp\/v2\/types\/post"}],"author":[{"embeddable":true,"href":"https:\/\/www.gaveanews.com\/index.php\/wp-json\/wp\/v2\/users\/18"}],"replies":[{"embeddable":true,"href":"https:\/\/www.gaveanews.com\/index.php\/wp-json\/wp\/v2\/comments?post=279414"}],"version-history":[{"count":1,"href":"https:\/\/www.gaveanews.com\/index.php\/wp-json\/wp\/v2\/posts\/279414\/revisions"}],"predecessor-version":[{"id":279415,"href":"https:\/\/www.gaveanews.com\/index.php\/wp-json\/wp\/v2\/posts\/279414\/revisions\/279415"}],"wp:featuredmedia":[{"embeddable":true,"href":"https:\/\/www.gaveanews.com\/index.php\/wp-json\/wp\/v2\/media\/278783"}],"wp:attachment":[{"href":"https:\/\/www.gaveanews.com\/index.php\/wp-json\/wp\/v2\/media?parent=279414"}],"wp:term":[{"taxonomy":"category","embeddable":true,"href":"https:\/\/www.gaveanews.com\/index.php\/wp-json\/wp\/v2\/categories?post=279414"},{"taxonomy":"post_tag","embeddable":true,"href":"https:\/\/www.gaveanews.com\/index.php\/wp-json\/wp\/v2\/tags?post=279414"}],"curies":[{"name":"wp","href":"https:\/\/api.w.org\/{rel}","templated":true}]}}