{"id":279416,"date":"2025-10-27T19:45:00","date_gmt":"2025-10-27T22:45:00","guid":{"rendered":"https:\/\/www.gaveanews.com\/?p=279416"},"modified":"2025-10-27T19:05:44","modified_gmt":"2025-10-27T22:05:44","slug":"ele-e-a-esperanca-do-flamengo-contra-o-racing","status":"publish","type":"post","link":"https:\/\/www.gaveanews.com\/index.php\/2025\/10\/27\/ele-e-a-esperanca-do-flamengo-contra-o-racing\/","title":{"rendered":"Ele \u00e9 a esperan\u00e7a do Flamengo contra o Racing"},"content":{"rendered":"\n<p>A prepara\u00e7\u00e3o do Flamengo para a partida decisiva contra o Racing, v\u00e1lida pela volta da semifinal da Libertadores, ganhou novos contornos com o retorno de pe\u00e7as importantes e uma estrat\u00e9gia voltada \u00e0 recupera\u00e7\u00e3o f\u00edsica e emocional do elenco. O confronto ser\u00e1 realizado na quarta-feira (29), \u00e0s 21h30 (hor\u00e1rio de Bras\u00edlia), no est\u00e1dio Presidente Per\u00f3n, em Avellaneda.<\/p>\n\n\n\n<p>Principal refor\u00e7o do time para o duelo, o zagueiro L\u00e9o Ortiz volta a ficar \u00e0 disposi\u00e7\u00e3o ap\u00f3s se recuperar de um estiramento no tornozelo direito. A les\u00e3o foi sofrida durante a vit\u00f3ria sobre o Palmeiras, no dia 19 de outubro, ainda no primeiro tempo, quando o defensor foi substitu\u00eddo por Danilo. Desde ent\u00e3o, Ortiz permaneceu fora dos jogos, inclusive n\u00e3o foi relacionado para o duelo diante do Fortaleza, justamente para concentrar sua recupera\u00e7\u00e3o visando o reencontro com o Racing.<\/p>\n\n\n\n<p>Al\u00e9m de Ortiz, o t\u00e9cnico Filipe Lu\u00eds tamb\u00e9m contar\u00e1 com os retornos do volante Erick Pulgar e do meia Carrascal. Ambos cumpriram suspens\u00e3o no Campeonato Brasileiro e agora refor\u00e7am o meio-campo rubro-negro. Carrascal, ali\u00e1s, foi decisivo no jogo de ida, quando marcou o gol da vit\u00f3ria por 1 a 0 no Maracan\u00e3, resultado que garante ao Flamengo a vantagem do empate para chegar \u00e0 final da competi\u00e7\u00e3o continental.<\/p>\n\n\n\n<p>Entretanto, o momento f\u00edsico e emocional da equipe preocupa. O rev\u00e9s por 1 a 0 diante do Fortaleza no \u00faltimo s\u00e1bado (26), pelo Brasileir\u00e3o, foi atribu\u00eddo ao desgaste acumulado por jogos considerados pesados, como o cl\u00e1ssico contra o Botafogo e os confrontos recentes com Palmeiras e Racing. O pr\u00f3prio elenco reconheceu a queda de rendimento e aponta o tempo extra de descanso como fator determinante para reagir.<\/p>\n\n\n\n<figure class=\"wp-block-image size-full\"><img loading=\"lazy\" decoding=\"async\" width=\"900\" height=\"599\" src=\"http:\/\/www.gaveanews.com\/wp-content\/uploads\/leo-ortiz-flamengo.webp\" alt=\"\" class=\"wp-image-145524\" srcset=\"https:\/\/www.gaveanews.com\/wp-content\/uploads\/leo-ortiz-flamengo.webp 900w, https:\/\/www.gaveanews.com\/wp-content\/uploads\/leo-ortiz-flamengo-300x200.webp 300w, https:\/\/www.gaveanews.com\/wp-content\/uploads\/leo-ortiz-flamengo-768x511.webp 768w, https:\/\/www.gaveanews.com\/wp-content\/uploads\/leo-ortiz-flamengo-631x420.webp 631w, https:\/\/www.gaveanews.com\/wp-content\/uploads\/leo-ortiz-flamengo-640x426.webp 640w, https:\/\/www.gaveanews.com\/wp-content\/uploads\/leo-ortiz-flamengo-681x453.webp 681w, https:\/\/www.gaveanews.com\/wp-content\/uploads\/leo-ortiz-flamengo-100x67.webp 100w\" sizes=\"auto, (max-width: 900px) 100vw, 900px\" \/><figcaption class=\"wp-element-caption\">L\u00e9o Ortiz em a\u00e7\u00e3o pelo Flamengo (Foto: Marcelo Cortes\/Flamengo)<\/figcaption><\/figure>\n\n\n\n<p>&#8220;Quarta-feira temos o jogo mais importante da temporada. N\u00e3o tenho d\u00favida que a ambi\u00e7\u00e3o de todos \u00e9 estar nessa final em Lima. Nossa cabe\u00e7a vai estar focada&#8221;, afirmou Filipe Lu\u00eds, destacando a import\u00e2ncia dos quatro dias de prepara\u00e7\u00e3o entre os jogos.<\/p>\n\n\n\n<p>Os jogadores ganharam folga no domingo para descansar junto \u00e0s fam\u00edlias. A comiss\u00e3o t\u00e9cnica entende que o momento de recupera\u00e7\u00e3o vai al\u00e9m da parte f\u00edsica, incluindo tamb\u00e9m a recomposi\u00e7\u00e3o emocional ap\u00f3s semanas de intensidade competitiva.<\/p>\n\n\n\n<p>&#8220;N\u00e3o \u00e9 simples encontrar um motivo para a derrota para o Fortaleza, mas teve desgaste emocional. Sabemos que vai ser uma partida dura contra o Racing, com uma atmosfera quente. Temos que estar preparados&#8221;, declarou o meia Jorginho ap\u00f3s a partida no Castel\u00e3o.<\/p>\n\n\n\n<p>A delega\u00e7\u00e3o do Flamengo treinou na segunda-feira (27) no Ninho do Urubu e realizar\u00e1 a \u00faltima atividade em solo argentino, nesta ter\u00e7a-feira (28), no CT do Defensa y Justicia. A expectativa no clube \u00e9 de que o descanso e os refor\u00e7os aumentem as chances de garantir a vaga na final.<br><\/p>\n","protected":false},"excerpt":{"rendered":"<p>A prepara\u00e7\u00e3o do Flamengo para a partida decisiva contra o Racing, v\u00e1lida pela volta da semifinal da Libertadores, ganhou novos contornos com o retorno de pe\u00e7as importantes e uma estrat\u00e9gia voltada \u00e0 recupera\u00e7\u00e3o f\u00edsica e emocional do elenco. O confronto ser\u00e1 realizado na quarta-feira (29), \u00e0s 21h30 (hor\u00e1rio de Bras\u00edlia), no est\u00e1dio Presidente Per\u00f3n, em [&hellip;]<\/p>\n","protected":false},"author":18,"featured_media":122174,"comment_status":"open","ping_status":"closed","sticky":false,"template":"","format":"standard","meta":{"footnotes":""},"categories":[1],"tags":[],"class_list":["post-279416","post","type-post","status-publish","format-standard","has-post-thumbnail","hentry","category-flamengo"],"yoast_head":"<!-- This site is optimized with the Yoast SEO Premium plugin v24.2 (Yoast SEO v26.9) - https:\/\/yoast.com\/product\/yoast-seo-premium-wordpress\/ -->\n<title>Ele \u00e9 a esperan\u00e7a do Flamengo contra o Racing<\/title>\n<meta name=\"robots\" content=\"index, follow, max-snippet:-1, max-image-preview:large, max-video-preview:-1\" \/>\n<link rel=\"canonical\" href=\"https:\/\/www.gaveanews.com\/index.php\/2025\/10\/27\/ele-e-a-esperanca-do-flamengo-contra-o-racing\/\" \/>\n<meta property=\"og:locale\" content=\"pt_BR\" \/>\n<meta property=\"og:type\" content=\"article\" \/>\n<meta property=\"og:title\" content=\"Ele \u00e9 a esperan\u00e7a do Flamengo contra o Racing\" \/>\n<meta property=\"og:description\" content=\"A prepara\u00e7\u00e3o do Flamengo para a partida decisiva contra o Racing, v\u00e1lida pela volta da semifinal da Libertadores, ganhou novos contornos com o retorno de pe\u00e7as importantes e uma estrat\u00e9gia voltada \u00e0 recupera\u00e7\u00e3o f\u00edsica e emocional do elenco. O confronto ser\u00e1 realizado na quarta-feira (29), \u00e0s 21h30 (hor\u00e1rio de Bras\u00edlia), no est\u00e1dio Presidente Per\u00f3n, em [&hellip;]\" \/>\n<meta property=\"og:url\" content=\"https:\/\/www.gaveanews.com\/index.php\/2025\/10\/27\/ele-e-a-esperanca-do-flamengo-contra-o-racing\/\" \/>\n<meta property=\"og:site_name\" content=\"G\u00e1vea News\" \/>\n<meta property=\"article:publisher\" content=\"https:\/\/facebook.com\/gaveaNews\/\" \/>\n<meta property=\"article:published_time\" content=\"2025-10-27T22:45:00+00:00\" \/>\n<meta property=\"og:image\" content=\"https:\/\/www.gaveanews.com\/wp-content\/uploads\/ninhodourubu.webp\" \/>\n\t<meta property=\"og:image:width\" content=\"1218\" \/>\n\t<meta property=\"og:image:height\" content=\"812\" \/>\n\t<meta property=\"og:image:type\" content=\"image\/webp\" \/>\n<meta name=\"author\" content=\"Paula Silva\" \/>\n<meta name=\"twitter:card\" content=\"summary_large_image\" \/>\n<meta name=\"twitter:label1\" content=\"Escrito por\" \/>\n\t<meta name=\"twitter:data1\" content=\"Paula Silva\" \/>\n\t<meta name=\"twitter:label2\" content=\"Est. tempo de leitura\" \/>\n\t<meta name=\"twitter:data2\" content=\"3 minutos\" \/>\n<script type=\"application\/ld+json\" class=\"yoast-schema-graph\">{\"@context\":\"https:\/\/schema.org\",\"@graph\":[{\"@type\":\"NewsArticle\",\"@id\":\"https:\/\/www.gaveanews.com\/index.php\/2025\/10\/27\/ele-e-a-esperanca-do-flamengo-contra-o-racing\/#article\",\"isPartOf\":{\"@id\":\"https:\/\/www.gaveanews.com\/index.php\/2025\/10\/27\/ele-e-a-esperanca-do-flamengo-contra-o-racing\/\"},\"author\":{\"name\":\"Paula Silva\",\"@id\":\"https:\/\/www.gaveanews.com\/#\/schema\/person\/daf63eec72e1164eb13dc35096c2b8da\"},\"headline\":\"Ele \u00e9 a esperan\u00e7a do Flamengo contra o Racing\",\"datePublished\":\"2025-10-27T22:45:00+00:00\",\"mainEntityOfPage\":{\"@id\":\"https:\/\/www.gaveanews.com\/index.php\/2025\/10\/27\/ele-e-a-esperanca-do-flamengo-contra-o-racing\/\"},\"wordCount\":503,\"commentCount\":0,\"image\":{\"@id\":\"https:\/\/www.gaveanews.com\/index.php\/2025\/10\/27\/ele-e-a-esperanca-do-flamengo-contra-o-racing\/#primaryimage\"},\"thumbnailUrl\":\"https:\/\/www.gaveanews.com\/wp-content\/uploads\/ninhodourubu.webp\",\"articleSection\":[\"Flamengo\"],\"inLanguage\":\"pt-BR\",\"potentialAction\":[{\"@type\":\"CommentAction\",\"name\":\"Comment\",\"target\":[\"https:\/\/www.gaveanews.com\/index.php\/2025\/10\/27\/ele-e-a-esperanca-do-flamengo-contra-o-racing\/#respond\"]}],\"copyrightYear\":\"2025\",\"copyrightHolder\":{\"@id\":\"https:\/\/www.gaveanews.com\/#organization\"}},{\"@type\":\"WebPage\",\"@id\":\"https:\/\/www.gaveanews.com\/index.php\/2025\/10\/27\/ele-e-a-esperanca-do-flamengo-contra-o-racing\/\",\"url\":\"https:\/\/www.gaveanews.com\/index.php\/2025\/10\/27\/ele-e-a-esperanca-do-flamengo-contra-o-racing\/\",\"name\":\"Ele \u00e9 a esperan\u00e7a do Flamengo contra o Racing\",\"isPartOf\":{\"@id\":\"https:\/\/www.gaveanews.com\/#website\"},\"primaryImageOfPage\":{\"@id\":\"https:\/\/www.gaveanews.com\/index.php\/2025\/10\/27\/ele-e-a-esperanca-do-flamengo-contra-o-racing\/#primaryimage\"},\"image\":{\"@id\":\"https:\/\/www.gaveanews.com\/index.php\/2025\/10\/27\/ele-e-a-esperanca-do-flamengo-contra-o-racing\/#primaryimage\"},\"thumbnailUrl\":\"https:\/\/www.gaveanews.com\/wp-content\/uploads\/ninhodourubu.webp\",\"datePublished\":\"2025-10-27T22:45:00+00:00\",\"author\":{\"@id\":\"https:\/\/www.gaveanews.com\/#\/schema\/person\/daf63eec72e1164eb13dc35096c2b8da\"},\"breadcrumb\":{\"@id\":\"https:\/\/www.gaveanews.com\/index.php\/2025\/10\/27\/ele-e-a-esperanca-do-flamengo-contra-o-racing\/#breadcrumb\"},\"inLanguage\":\"pt-BR\",\"potentialAction\":[{\"@type\":\"ReadAction\",\"target\":[\"https:\/\/www.gaveanews.com\/index.php\/2025\/10\/27\/ele-e-a-esperanca-do-flamengo-contra-o-racing\/\"]}]},{\"@type\":\"ImageObject\",\"inLanguage\":\"pt-BR\",\"@id\":\"https:\/\/www.gaveanews.com\/index.php\/2025\/10\/27\/ele-e-a-esperanca-do-flamengo-contra-o-racing\/#primaryimage\",\"url\":\"https:\/\/www.gaveanews.com\/wp-content\/uploads\/ninhodourubu.webp\",\"contentUrl\":\"https:\/\/www.gaveanews.com\/wp-content\/uploads\/ninhodourubu.webp\",\"width\":1218,\"height\":812,\"caption\":\"Centro de treinamento do Flamengo (Foto: Reprodu\u00e7\u00e3o)\"},{\"@type\":\"BreadcrumbList\",\"@id\":\"https:\/\/www.gaveanews.com\/index.php\/2025\/10\/27\/ele-e-a-esperanca-do-flamengo-contra-o-racing\/#breadcrumb\",\"itemListElement\":[{\"@type\":\"ListItem\",\"position\":1,\"name\":\"Home\",\"item\":\"https:\/\/www.gaveanews.com\/\"},{\"@type\":\"ListItem\",\"position\":2,\"name\":\"Ele \u00e9 a esperan\u00e7a do Flamengo contra o Racing\"}]},{\"@type\":\"WebSite\",\"@id\":\"https:\/\/www.gaveanews.com\/#website\",\"url\":\"https:\/\/www.gaveanews.com\/\",\"name\":\"G\u00e1vea News\",\"description\":\"Veja todas as not\u00edcias sobre o Flamengo: Contrata\u00e7\u00f5es, categorias de base, resultados das partidas, tabela de classifica\u00e7\u00e3o, pr\u00f3ximos jogos!\",\"potentialAction\":[{\"@type\":\"SearchAction\",\"target\":{\"@type\":\"EntryPoint\",\"urlTemplate\":\"https:\/\/www.gaveanews.com\/?s={search_term_string}\"},\"query-input\":{\"@type\":\"PropertyValueSpecification\",\"valueRequired\":true,\"valueName\":\"search_term_string\"}}],\"inLanguage\":\"pt-BR\"},{\"@type\":\"Person\",\"@id\":\"https:\/\/www.gaveanews.com\/#\/schema\/person\/daf63eec72e1164eb13dc35096c2b8da\",\"name\":\"Paula Silva\",\"image\":{\"@type\":\"ImageObject\",\"inLanguage\":\"pt-BR\",\"@id\":\"https:\/\/www.gaveanews.com\/#\/schema\/person\/image\/\",\"url\":\"https:\/\/secure.gravatar.com\/avatar\/eda381c845527cc5d64c13b901833cda29d97500ba040d3e6461f76f51d163bb?s=96&d=mm&r=g\",\"contentUrl\":\"https:\/\/secure.gravatar.com\/avatar\/eda381c845527cc5d64c13b901833cda29d97500ba040d3e6461f76f51d163bb?s=96&d=mm&r=g\",\"caption\":\"Paula Silva\"}}]}<\/script>\n<!-- \/ Yoast SEO Premium plugin. -->","yoast_head_json":{"title":"Ele \u00e9 a esperan\u00e7a do Flamengo contra o Racing","robots":{"index":"index","follow":"follow","max-snippet":"max-snippet:-1","max-image-preview":"max-image-preview:large","max-video-preview":"max-video-preview:-1"},"canonical":"https:\/\/www.gaveanews.com\/index.php\/2025\/10\/27\/ele-e-a-esperanca-do-flamengo-contra-o-racing\/","og_locale":"pt_BR","og_type":"article","og_title":"Ele \u00e9 a esperan\u00e7a do Flamengo contra o Racing","og_description":"A prepara\u00e7\u00e3o do Flamengo para a partida decisiva contra o Racing, v\u00e1lida pela volta da semifinal da Libertadores, ganhou novos contornos com o retorno de pe\u00e7as importantes e uma estrat\u00e9gia voltada \u00e0 recupera\u00e7\u00e3o f\u00edsica e emocional do elenco. O confronto ser\u00e1 realizado na quarta-feira (29), \u00e0s 21h30 (hor\u00e1rio de Bras\u00edlia), no est\u00e1dio Presidente Per\u00f3n, em [&hellip;]","og_url":"https:\/\/www.gaveanews.com\/index.php\/2025\/10\/27\/ele-e-a-esperanca-do-flamengo-contra-o-racing\/","og_site_name":"G\u00e1vea News","article_publisher":"https:\/\/facebook.com\/gaveaNews\/","article_published_time":"2025-10-27T22:45:00+00:00","og_image":[{"width":1218,"height":812,"url":"https:\/\/www.gaveanews.com\/wp-content\/uploads\/ninhodourubu.webp","type":"image\/webp"}],"author":"Paula Silva","twitter_card":"summary_large_image","twitter_misc":{"Escrito por":"Paula Silva","Est. tempo de leitura":"3 minutos"},"schema":{"@context":"https:\/\/schema.org","@graph":[{"@type":"NewsArticle","@id":"https:\/\/www.gaveanews.com\/index.php\/2025\/10\/27\/ele-e-a-esperanca-do-flamengo-contra-o-racing\/#article","isPartOf":{"@id":"https:\/\/www.gaveanews.com\/index.php\/2025\/10\/27\/ele-e-a-esperanca-do-flamengo-contra-o-racing\/"},"author":{"name":"Paula Silva","@id":"https:\/\/www.gaveanews.com\/#\/schema\/person\/daf63eec72e1164eb13dc35096c2b8da"},"headline":"Ele \u00e9 a esperan\u00e7a do Flamengo contra o Racing","datePublished":"2025-10-27T22:45:00+00:00","mainEntityOfPage":{"@id":"https:\/\/www.gaveanews.com\/index.php\/2025\/10\/27\/ele-e-a-esperanca-do-flamengo-contra-o-racing\/"},"wordCount":503,"commentCount":0,"image":{"@id":"https:\/\/www.gaveanews.com\/index.php\/2025\/10\/27\/ele-e-a-esperanca-do-flamengo-contra-o-racing\/#primaryimage"},"thumbnailUrl":"https:\/\/www.gaveanews.com\/wp-content\/uploads\/ninhodourubu.webp","articleSection":["Flamengo"],"inLanguage":"pt-BR","potentialAction":[{"@type":"CommentAction","name":"Comment","target":["https:\/\/www.gaveanews.com\/index.php\/2025\/10\/27\/ele-e-a-esperanca-do-flamengo-contra-o-racing\/#respond"]}],"copyrightYear":"2025","copyrightHolder":{"@id":"https:\/\/www.gaveanews.com\/#organization"}},{"@type":"WebPage","@id":"https:\/\/www.gaveanews.com\/index.php\/2025\/10\/27\/ele-e-a-esperanca-do-flamengo-contra-o-racing\/","url":"https:\/\/www.gaveanews.com\/index.php\/2025\/10\/27\/ele-e-a-esperanca-do-flamengo-contra-o-racing\/","name":"Ele \u00e9 a esperan\u00e7a do Flamengo contra o Racing","isPartOf":{"@id":"https:\/\/www.gaveanews.com\/#website"},"primaryImageOfPage":{"@id":"https:\/\/www.gaveanews.com\/index.php\/2025\/10\/27\/ele-e-a-esperanca-do-flamengo-contra-o-racing\/#primaryimage"},"image":{"@id":"https:\/\/www.gaveanews.com\/index.php\/2025\/10\/27\/ele-e-a-esperanca-do-flamengo-contra-o-racing\/#primaryimage"},"thumbnailUrl":"https:\/\/www.gaveanews.com\/wp-content\/uploads\/ninhodourubu.webp","datePublished":"2025-10-27T22:45:00+00:00","author":{"@id":"https:\/\/www.gaveanews.com\/#\/schema\/person\/daf63eec72e1164eb13dc35096c2b8da"},"breadcrumb":{"@id":"https:\/\/www.gaveanews.com\/index.php\/2025\/10\/27\/ele-e-a-esperanca-do-flamengo-contra-o-racing\/#breadcrumb"},"inLanguage":"pt-BR","potentialAction":[{"@type":"ReadAction","target":["https:\/\/www.gaveanews.com\/index.php\/2025\/10\/27\/ele-e-a-esperanca-do-flamengo-contra-o-racing\/"]}]},{"@type":"ImageObject","inLanguage":"pt-BR","@id":"https:\/\/www.gaveanews.com\/index.php\/2025\/10\/27\/ele-e-a-esperanca-do-flamengo-contra-o-racing\/#primaryimage","url":"https:\/\/www.gaveanews.com\/wp-content\/uploads\/ninhodourubu.webp","contentUrl":"https:\/\/www.gaveanews.com\/wp-content\/uploads\/ninhodourubu.webp","width":1218,"height":812,"caption":"Centro de treinamento do Flamengo (Foto: Reprodu\u00e7\u00e3o)"},{"@type":"BreadcrumbList","@id":"https:\/\/www.gaveanews.com\/index.php\/2025\/10\/27\/ele-e-a-esperanca-do-flamengo-contra-o-racing\/#breadcrumb","itemListElement":[{"@type":"ListItem","position":1,"name":"Home","item":"https:\/\/www.gaveanews.com\/"},{"@type":"ListItem","position":2,"name":"Ele \u00e9 a esperan\u00e7a do Flamengo contra o Racing"}]},{"@type":"WebSite","@id":"https:\/\/www.gaveanews.com\/#website","url":"https:\/\/www.gaveanews.com\/","name":"G\u00e1vea News","description":"Veja todas as not\u00edcias sobre o Flamengo: Contrata\u00e7\u00f5es, categorias de base, resultados das partidas, tabela de classifica\u00e7\u00e3o, pr\u00f3ximos jogos!","potentialAction":[{"@type":"SearchAction","target":{"@type":"EntryPoint","urlTemplate":"https:\/\/www.gaveanews.com\/?s={search_term_string}"},"query-input":{"@type":"PropertyValueSpecification","valueRequired":true,"valueName":"search_term_string"}}],"inLanguage":"pt-BR"},{"@type":"Person","@id":"https:\/\/www.gaveanews.com\/#\/schema\/person\/daf63eec72e1164eb13dc35096c2b8da","name":"Paula Silva","image":{"@type":"ImageObject","inLanguage":"pt-BR","@id":"https:\/\/www.gaveanews.com\/#\/schema\/person\/image\/","url":"https:\/\/secure.gravatar.com\/avatar\/eda381c845527cc5d64c13b901833cda29d97500ba040d3e6461f76f51d163bb?s=96&d=mm&r=g","contentUrl":"https:\/\/secure.gravatar.com\/avatar\/eda381c845527cc5d64c13b901833cda29d97500ba040d3e6461f76f51d163bb?s=96&d=mm&r=g","caption":"Paula Silva"}}]}},"_links":{"self":[{"href":"https:\/\/www.gaveanews.com\/index.php\/wp-json\/wp\/v2\/posts\/279416","targetHints":{"allow":["GET"]}}],"collection":[{"href":"https:\/\/www.gaveanews.com\/index.php\/wp-json\/wp\/v2\/posts"}],"about":[{"href":"https:\/\/www.gaveanews.com\/index.php\/wp-json\/wp\/v2\/types\/post"}],"author":[{"embeddable":true,"href":"https:\/\/www.gaveanews.com\/index.php\/wp-json\/wp\/v2\/users\/18"}],"replies":[{"embeddable":true,"href":"https:\/\/www.gaveanews.com\/index.php\/wp-json\/wp\/v2\/comments?post=279416"}],"version-history":[{"count":1,"href":"https:\/\/www.gaveanews.com\/index.php\/wp-json\/wp\/v2\/posts\/279416\/revisions"}],"predecessor-version":[{"id":279417,"href":"https:\/\/www.gaveanews.com\/index.php\/wp-json\/wp\/v2\/posts\/279416\/revisions\/279417"}],"wp:featuredmedia":[{"embeddable":true,"href":"https:\/\/www.gaveanews.com\/index.php\/wp-json\/wp\/v2\/media\/122174"}],"wp:attachment":[{"href":"https:\/\/www.gaveanews.com\/index.php\/wp-json\/wp\/v2\/media?parent=279416"}],"wp:term":[{"taxonomy":"category","embeddable":true,"href":"https:\/\/www.gaveanews.com\/index.php\/wp-json\/wp\/v2\/categories?post=279416"},{"taxonomy":"post_tag","embeddable":true,"href":"https:\/\/www.gaveanews.com\/index.php\/wp-json\/wp\/v2\/tags?post=279416"}],"curies":[{"name":"wp","href":"https:\/\/api.w.org\/{rel}","templated":true}]}}