{"id":279418,"date":"2025-10-27T20:00:00","date_gmt":"2025-10-27T23:00:00","guid":{"rendered":"https:\/\/www.gaveanews.com\/?p=279418"},"modified":"2025-10-27T19:07:59","modified_gmt":"2025-10-27T22:07:59","slug":"confira-a-programacao-do-flamengo-para-semana-decisiva-na-libertadores","status":"publish","type":"post","link":"https:\/\/www.gaveanews.com\/index.php\/2025\/10\/27\/confira-a-programacao-do-flamengo-para-semana-decisiva-na-libertadores\/","title":{"rendered":"Confira a programa\u00e7\u00e3o do Flamengo para semana decisiva na Libertadores"},"content":{"rendered":"\n<p>O Flamengo j\u00e1 est\u00e1 com a programa\u00e7\u00e3o definida para a semana que pode selar sua classifica\u00e7\u00e3o \u00e0 final da Libertadores. A equipe embarcou na tarde desta segunda-feira (27 de outubro) rumo \u00e0 Argentina, onde enfrentar\u00e1 o Racing na quarta-feira (29 de outubro), \u00e0s 21h30 (hor\u00e1rio de Bras\u00edlia), no est\u00e1dio El Cilindro. O Rubro-Negro venceu a partida de ida por 1 a 0 e joga por um empate para garantir presen\u00e7a na decis\u00e3o continental.<\/p>\n\n\n\n<p>A delega\u00e7\u00e3o contou com 28 jogadores relacionados, incluindo o zagueiro L\u00e9o Ortiz, que retorna ap\u00f3s se recuperar de um estiramento no tornozelo direito. Ele n\u00e3o participou do duelo contra o Fortaleza pelo Campeonato Brasileiro. Em contrapartida, Pedro e Everton Cebolinha seguem em tratamento m\u00e9dico e ficaram no Rio de Janeiro. O atacante trata uma les\u00e3o no antebra\u00e7o, enquanto o ponta se recupera de um problema no quadril.<\/p>\n\n\n\n<p>Antes do embarque, o elenco realizou um treino matinal no Ninho do Urubu, \u00e0s 9h30 (hor\u00e1rio de Bras\u00edlia). A prepara\u00e7\u00e3o continua em solo argentino com uma atividade programada para ter\u00e7a-feira (28 de outubro), \u00e0s 15h30 (hor\u00e1rio de Bras\u00edlia), no CT do Defensa y Justicia. Essa estrutura foi a mesma utilizada anteriormente na viagem para enfrentar o Estudiantes, evidenciando um padr\u00e3o log\u00edstico adotado pelo clube em compromissos decisivos no pa\u00eds vizinho.<\/p>\n\n\n\n<p>Com o intuito de manter o foco e evitar interfer\u00eancias externas, o Flamengo optou por se hospedar em um hotel afastado da regi\u00e3o central de Buenos Aires. A estrat\u00e9gia visa repetir a tranquilidade e concentra\u00e7\u00e3o que marcaram outras viagens recentes da equipe em confrontos da competi\u00e7\u00e3o continental.<\/p>\n\n\n\n<p>O retorno ao Brasil est\u00e1 previsto para a madrugada de quinta-feira (30 de outubro), com voo programado para as 3h (hor\u00e1rio de Bras\u00edlia), saindo do Aeroporto Internacional de Ezeiza. Ap\u00f3s o desembarque, o elenco voltar\u00e1 ao Ninho do Urubu para um treino agendado \u00e0s 16h30 (hor\u00e1rio de Bras\u00edlia), j\u00e1 com foco na sequ\u00eancia do calend\u00e1rio nacional.<\/p>\n\n\n\n<p>Ali\u00e1s, o time ter\u00e1 pouco tempo para descansar. Isso porque, no s\u00e1bado (1\u00ba de novembro), enfrenta o Sport pelo Brasileir\u00e3o, \u00e0s 21h (hor\u00e1rio de Bras\u00edlia), no Maracan\u00e3. A prepara\u00e7\u00e3o para esse confronto incluir\u00e1 apenas mais uma atividade, marcada para sexta-feira (31 de outubro), \u00e0s 15h30 (hor\u00e1rio de Bras\u00edlia), no centro de treinamento rubro-negro.<\/p>\n\n\n\n<p>Entre os nomes relacionados para a viagem \u00e0 Argentina est\u00e3o titulares como De Arrascaeta, De la Cruz, Gerson, L\u00e9o Pereira e Rossi. Pulgar e Carrascal, que cumpriram suspens\u00e3o no fim de semana, tamb\u00e9m est\u00e3o novamente \u00e0 disposi\u00e7\u00e3o do t\u00e9cnico Filipe Lu\u00eds.<\/p>\n\n\n\n<p>Portanto, o Flamengo inicia uma semana intensa, com compromissos decisivos em diferentes frentes. A miss\u00e3o imediata \u00e9 consolidar a vantagem constru\u00edda no Maracan\u00e3 e confirmar a vaga na final da Libertadores, marcada para Lima.<\/p>\n","protected":false},"excerpt":{"rendered":"<p>O Flamengo j\u00e1 est\u00e1 com a programa\u00e7\u00e3o definida para a semana que pode selar sua classifica\u00e7\u00e3o \u00e0 final da Libertadores. A equipe embarcou na tarde desta segunda-feira (27 de outubro) rumo \u00e0 Argentina, onde enfrentar\u00e1 o Racing na quarta-feira (29 de outubro), \u00e0s 21h30 (hor\u00e1rio de Bras\u00edlia), no est\u00e1dio El Cilindro. O Rubro-Negro venceu a [&hellip;]<\/p>\n","protected":false},"author":18,"featured_media":256399,"comment_status":"open","ping_status":"closed","sticky":false,"template":"","format":"standard","meta":{"footnotes":""},"categories":[1],"tags":[],"class_list":["post-279418","post","type-post","status-publish","format-standard","has-post-thumbnail","hentry","category-flamengo"],"yoast_head":"<!-- This site is optimized with the Yoast SEO Premium plugin v24.2 (Yoast SEO v26.9) - https:\/\/yoast.com\/product\/yoast-seo-premium-wordpress\/ -->\n<title>Confira a programa\u00e7\u00e3o do Flamengo para semana decisiva na Libertadores<\/title>\n<meta name=\"robots\" content=\"index, follow, max-snippet:-1, max-image-preview:large, max-video-preview:-1\" \/>\n<link rel=\"canonical\" href=\"https:\/\/www.gaveanews.com\/index.php\/2025\/10\/27\/confira-a-programacao-do-flamengo-para-semana-decisiva-na-libertadores\/\" \/>\n<meta property=\"og:locale\" content=\"pt_BR\" \/>\n<meta property=\"og:type\" content=\"article\" \/>\n<meta property=\"og:title\" content=\"Confira a programa\u00e7\u00e3o do Flamengo para semana decisiva na Libertadores\" \/>\n<meta property=\"og:description\" content=\"O Flamengo j\u00e1 est\u00e1 com a programa\u00e7\u00e3o definida para a semana que pode selar sua classifica\u00e7\u00e3o \u00e0 final da Libertadores. A equipe embarcou na tarde desta segunda-feira (27 de outubro) rumo \u00e0 Argentina, onde enfrentar\u00e1 o Racing na quarta-feira (29 de outubro), \u00e0s 21h30 (hor\u00e1rio de Bras\u00edlia), no est\u00e1dio El Cilindro. O Rubro-Negro venceu a [&hellip;]\" \/>\n<meta property=\"og:url\" content=\"https:\/\/www.gaveanews.com\/index.php\/2025\/10\/27\/confira-a-programacao-do-flamengo-para-semana-decisiva-na-libertadores\/\" \/>\n<meta property=\"og:site_name\" content=\"G\u00e1vea News\" \/>\n<meta property=\"article:publisher\" content=\"https:\/\/facebook.com\/gaveaNews\/\" \/>\n<meta property=\"article:published_time\" content=\"2025-10-27T23:00:00+00:00\" \/>\n<meta property=\"og:image\" content=\"https:\/\/www.gaveanews.com\/wp-content\/uploads\/Design-sem-nome-5.webp\" \/>\n\t<meta property=\"og:image:width\" content=\"1200\" \/>\n\t<meta property=\"og:image:height\" content=\"800\" \/>\n\t<meta property=\"og:image:type\" content=\"image\/webp\" \/>\n<meta name=\"author\" content=\"Paula Silva\" \/>\n<meta name=\"twitter:card\" content=\"summary_large_image\" \/>\n<meta name=\"twitter:label1\" content=\"Escrito por\" \/>\n\t<meta name=\"twitter:data1\" content=\"Paula Silva\" \/>\n\t<meta name=\"twitter:label2\" content=\"Est. tempo de leitura\" \/>\n\t<meta name=\"twitter:data2\" content=\"3 minutos\" \/>\n<script type=\"application\/ld+json\" class=\"yoast-schema-graph\">{\"@context\":\"https:\/\/schema.org\",\"@graph\":[{\"@type\":\"NewsArticle\",\"@id\":\"https:\/\/www.gaveanews.com\/index.php\/2025\/10\/27\/confira-a-programacao-do-flamengo-para-semana-decisiva-na-libertadores\/#article\",\"isPartOf\":{\"@id\":\"https:\/\/www.gaveanews.com\/index.php\/2025\/10\/27\/confira-a-programacao-do-flamengo-para-semana-decisiva-na-libertadores\/\"},\"author\":{\"name\":\"Paula Silva\",\"@id\":\"https:\/\/www.gaveanews.com\/#\/schema\/person\/daf63eec72e1164eb13dc35096c2b8da\"},\"headline\":\"Confira a programa\u00e7\u00e3o do Flamengo para semana decisiva na Libertadores\",\"datePublished\":\"2025-10-27T23:00:00+00:00\",\"mainEntityOfPage\":{\"@id\":\"https:\/\/www.gaveanews.com\/index.php\/2025\/10\/27\/confira-a-programacao-do-flamengo-para-semana-decisiva-na-libertadores\/\"},\"wordCount\":491,\"commentCount\":0,\"image\":{\"@id\":\"https:\/\/www.gaveanews.com\/index.php\/2025\/10\/27\/confira-a-programacao-do-flamengo-para-semana-decisiva-na-libertadores\/#primaryimage\"},\"thumbnailUrl\":\"https:\/\/www.gaveanews.com\/wp-content\/uploads\/Design-sem-nome-5.webp\",\"articleSection\":[\"Flamengo\"],\"inLanguage\":\"pt-BR\",\"potentialAction\":[{\"@type\":\"CommentAction\",\"name\":\"Comment\",\"target\":[\"https:\/\/www.gaveanews.com\/index.php\/2025\/10\/27\/confira-a-programacao-do-flamengo-para-semana-decisiva-na-libertadores\/#respond\"]}],\"copyrightYear\":\"2025\",\"copyrightHolder\":{\"@id\":\"https:\/\/www.gaveanews.com\/#organization\"}},{\"@type\":\"WebPage\",\"@id\":\"https:\/\/www.gaveanews.com\/index.php\/2025\/10\/27\/confira-a-programacao-do-flamengo-para-semana-decisiva-na-libertadores\/\",\"url\":\"https:\/\/www.gaveanews.com\/index.php\/2025\/10\/27\/confira-a-programacao-do-flamengo-para-semana-decisiva-na-libertadores\/\",\"name\":\"Confira a programa\u00e7\u00e3o do Flamengo para semana decisiva na Libertadores\",\"isPartOf\":{\"@id\":\"https:\/\/www.gaveanews.com\/#website\"},\"primaryImageOfPage\":{\"@id\":\"https:\/\/www.gaveanews.com\/index.php\/2025\/10\/27\/confira-a-programacao-do-flamengo-para-semana-decisiva-na-libertadores\/#primaryimage\"},\"image\":{\"@id\":\"https:\/\/www.gaveanews.com\/index.php\/2025\/10\/27\/confira-a-programacao-do-flamengo-para-semana-decisiva-na-libertadores\/#primaryimage\"},\"thumbnailUrl\":\"https:\/\/www.gaveanews.com\/wp-content\/uploads\/Design-sem-nome-5.webp\",\"datePublished\":\"2025-10-27T23:00:00+00:00\",\"author\":{\"@id\":\"https:\/\/www.gaveanews.com\/#\/schema\/person\/daf63eec72e1164eb13dc35096c2b8da\"},\"breadcrumb\":{\"@id\":\"https:\/\/www.gaveanews.com\/index.php\/2025\/10\/27\/confira-a-programacao-do-flamengo-para-semana-decisiva-na-libertadores\/#breadcrumb\"},\"inLanguage\":\"pt-BR\",\"potentialAction\":[{\"@type\":\"ReadAction\",\"target\":[\"https:\/\/www.gaveanews.com\/index.php\/2025\/10\/27\/confira-a-programacao-do-flamengo-para-semana-decisiva-na-libertadores\/\"]}]},{\"@type\":\"ImageObject\",\"inLanguage\":\"pt-BR\",\"@id\":\"https:\/\/www.gaveanews.com\/index.php\/2025\/10\/27\/confira-a-programacao-do-flamengo-para-semana-decisiva-na-libertadores\/#primaryimage\",\"url\":\"https:\/\/www.gaveanews.com\/wp-content\/uploads\/Design-sem-nome-5.webp\",\"contentUrl\":\"https:\/\/www.gaveanews.com\/wp-content\/uploads\/Design-sem-nome-5.webp\",\"width\":1200,\"height\":800,\"caption\":\"Filipe Lu\u00eds desembarcando com a delega\u00e7\u00e3o do Flamengo - Foto: Gilvan de Souza\/CRF\"},{\"@type\":\"BreadcrumbList\",\"@id\":\"https:\/\/www.gaveanews.com\/index.php\/2025\/10\/27\/confira-a-programacao-do-flamengo-para-semana-decisiva-na-libertadores\/#breadcrumb\",\"itemListElement\":[{\"@type\":\"ListItem\",\"position\":1,\"name\":\"Home\",\"item\":\"https:\/\/www.gaveanews.com\/\"},{\"@type\":\"ListItem\",\"position\":2,\"name\":\"Confira a programa\u00e7\u00e3o do Flamengo para semana decisiva na Libertadores\"}]},{\"@type\":\"WebSite\",\"@id\":\"https:\/\/www.gaveanews.com\/#website\",\"url\":\"https:\/\/www.gaveanews.com\/\",\"name\":\"G\u00e1vea News\",\"description\":\"Veja todas as not\u00edcias sobre o Flamengo: Contrata\u00e7\u00f5es, categorias de base, resultados das partidas, tabela de classifica\u00e7\u00e3o, pr\u00f3ximos jogos!\",\"potentialAction\":[{\"@type\":\"SearchAction\",\"target\":{\"@type\":\"EntryPoint\",\"urlTemplate\":\"https:\/\/www.gaveanews.com\/?s={search_term_string}\"},\"query-input\":{\"@type\":\"PropertyValueSpecification\",\"valueRequired\":true,\"valueName\":\"search_term_string\"}}],\"inLanguage\":\"pt-BR\"},{\"@type\":\"Person\",\"@id\":\"https:\/\/www.gaveanews.com\/#\/schema\/person\/daf63eec72e1164eb13dc35096c2b8da\",\"name\":\"Paula Silva\",\"image\":{\"@type\":\"ImageObject\",\"inLanguage\":\"pt-BR\",\"@id\":\"https:\/\/www.gaveanews.com\/#\/schema\/person\/image\/\",\"url\":\"https:\/\/secure.gravatar.com\/avatar\/eda381c845527cc5d64c13b901833cda29d97500ba040d3e6461f76f51d163bb?s=96&d=mm&r=g\",\"contentUrl\":\"https:\/\/secure.gravatar.com\/avatar\/eda381c845527cc5d64c13b901833cda29d97500ba040d3e6461f76f51d163bb?s=96&d=mm&r=g\",\"caption\":\"Paula Silva\"}}]}<\/script>\n<!-- \/ Yoast SEO Premium plugin. -->","yoast_head_json":{"title":"Confira a programa\u00e7\u00e3o do Flamengo para semana decisiva na Libertadores","robots":{"index":"index","follow":"follow","max-snippet":"max-snippet:-1","max-image-preview":"max-image-preview:large","max-video-preview":"max-video-preview:-1"},"canonical":"https:\/\/www.gaveanews.com\/index.php\/2025\/10\/27\/confira-a-programacao-do-flamengo-para-semana-decisiva-na-libertadores\/","og_locale":"pt_BR","og_type":"article","og_title":"Confira a programa\u00e7\u00e3o do Flamengo para semana decisiva na Libertadores","og_description":"O Flamengo j\u00e1 est\u00e1 com a programa\u00e7\u00e3o definida para a semana que pode selar sua classifica\u00e7\u00e3o \u00e0 final da Libertadores. A equipe embarcou na tarde desta segunda-feira (27 de outubro) rumo \u00e0 Argentina, onde enfrentar\u00e1 o Racing na quarta-feira (29 de outubro), \u00e0s 21h30 (hor\u00e1rio de Bras\u00edlia), no est\u00e1dio El Cilindro. O Rubro-Negro venceu a [&hellip;]","og_url":"https:\/\/www.gaveanews.com\/index.php\/2025\/10\/27\/confira-a-programacao-do-flamengo-para-semana-decisiva-na-libertadores\/","og_site_name":"G\u00e1vea News","article_publisher":"https:\/\/facebook.com\/gaveaNews\/","article_published_time":"2025-10-27T23:00:00+00:00","og_image":[{"width":1200,"height":800,"url":"https:\/\/www.gaveanews.com\/wp-content\/uploads\/Design-sem-nome-5.webp","type":"image\/webp"}],"author":"Paula Silva","twitter_card":"summary_large_image","twitter_misc":{"Escrito por":"Paula Silva","Est. tempo de leitura":"3 minutos"},"schema":{"@context":"https:\/\/schema.org","@graph":[{"@type":"NewsArticle","@id":"https:\/\/www.gaveanews.com\/index.php\/2025\/10\/27\/confira-a-programacao-do-flamengo-para-semana-decisiva-na-libertadores\/#article","isPartOf":{"@id":"https:\/\/www.gaveanews.com\/index.php\/2025\/10\/27\/confira-a-programacao-do-flamengo-para-semana-decisiva-na-libertadores\/"},"author":{"name":"Paula Silva","@id":"https:\/\/www.gaveanews.com\/#\/schema\/person\/daf63eec72e1164eb13dc35096c2b8da"},"headline":"Confira a programa\u00e7\u00e3o do Flamengo para semana decisiva na Libertadores","datePublished":"2025-10-27T23:00:00+00:00","mainEntityOfPage":{"@id":"https:\/\/www.gaveanews.com\/index.php\/2025\/10\/27\/confira-a-programacao-do-flamengo-para-semana-decisiva-na-libertadores\/"},"wordCount":491,"commentCount":0,"image":{"@id":"https:\/\/www.gaveanews.com\/index.php\/2025\/10\/27\/confira-a-programacao-do-flamengo-para-semana-decisiva-na-libertadores\/#primaryimage"},"thumbnailUrl":"https:\/\/www.gaveanews.com\/wp-content\/uploads\/Design-sem-nome-5.webp","articleSection":["Flamengo"],"inLanguage":"pt-BR","potentialAction":[{"@type":"CommentAction","name":"Comment","target":["https:\/\/www.gaveanews.com\/index.php\/2025\/10\/27\/confira-a-programacao-do-flamengo-para-semana-decisiva-na-libertadores\/#respond"]}],"copyrightYear":"2025","copyrightHolder":{"@id":"https:\/\/www.gaveanews.com\/#organization"}},{"@type":"WebPage","@id":"https:\/\/www.gaveanews.com\/index.php\/2025\/10\/27\/confira-a-programacao-do-flamengo-para-semana-decisiva-na-libertadores\/","url":"https:\/\/www.gaveanews.com\/index.php\/2025\/10\/27\/confira-a-programacao-do-flamengo-para-semana-decisiva-na-libertadores\/","name":"Confira a programa\u00e7\u00e3o do Flamengo para semana decisiva na Libertadores","isPartOf":{"@id":"https:\/\/www.gaveanews.com\/#website"},"primaryImageOfPage":{"@id":"https:\/\/www.gaveanews.com\/index.php\/2025\/10\/27\/confira-a-programacao-do-flamengo-para-semana-decisiva-na-libertadores\/#primaryimage"},"image":{"@id":"https:\/\/www.gaveanews.com\/index.php\/2025\/10\/27\/confira-a-programacao-do-flamengo-para-semana-decisiva-na-libertadores\/#primaryimage"},"thumbnailUrl":"https:\/\/www.gaveanews.com\/wp-content\/uploads\/Design-sem-nome-5.webp","datePublished":"2025-10-27T23:00:00+00:00","author":{"@id":"https:\/\/www.gaveanews.com\/#\/schema\/person\/daf63eec72e1164eb13dc35096c2b8da"},"breadcrumb":{"@id":"https:\/\/www.gaveanews.com\/index.php\/2025\/10\/27\/confira-a-programacao-do-flamengo-para-semana-decisiva-na-libertadores\/#breadcrumb"},"inLanguage":"pt-BR","potentialAction":[{"@type":"ReadAction","target":["https:\/\/www.gaveanews.com\/index.php\/2025\/10\/27\/confira-a-programacao-do-flamengo-para-semana-decisiva-na-libertadores\/"]}]},{"@type":"ImageObject","inLanguage":"pt-BR","@id":"https:\/\/www.gaveanews.com\/index.php\/2025\/10\/27\/confira-a-programacao-do-flamengo-para-semana-decisiva-na-libertadores\/#primaryimage","url":"https:\/\/www.gaveanews.com\/wp-content\/uploads\/Design-sem-nome-5.webp","contentUrl":"https:\/\/www.gaveanews.com\/wp-content\/uploads\/Design-sem-nome-5.webp","width":1200,"height":800,"caption":"Filipe Lu\u00eds desembarcando com a delega\u00e7\u00e3o do Flamengo - Foto: Gilvan de Souza\/CRF"},{"@type":"BreadcrumbList","@id":"https:\/\/www.gaveanews.com\/index.php\/2025\/10\/27\/confira-a-programacao-do-flamengo-para-semana-decisiva-na-libertadores\/#breadcrumb","itemListElement":[{"@type":"ListItem","position":1,"name":"Home","item":"https:\/\/www.gaveanews.com\/"},{"@type":"ListItem","position":2,"name":"Confira a programa\u00e7\u00e3o do Flamengo para semana decisiva na Libertadores"}]},{"@type":"WebSite","@id":"https:\/\/www.gaveanews.com\/#website","url":"https:\/\/www.gaveanews.com\/","name":"G\u00e1vea News","description":"Veja todas as not\u00edcias sobre o Flamengo: Contrata\u00e7\u00f5es, categorias de base, resultados das partidas, tabela de classifica\u00e7\u00e3o, pr\u00f3ximos jogos!","potentialAction":[{"@type":"SearchAction","target":{"@type":"EntryPoint","urlTemplate":"https:\/\/www.gaveanews.com\/?s={search_term_string}"},"query-input":{"@type":"PropertyValueSpecification","valueRequired":true,"valueName":"search_term_string"}}],"inLanguage":"pt-BR"},{"@type":"Person","@id":"https:\/\/www.gaveanews.com\/#\/schema\/person\/daf63eec72e1164eb13dc35096c2b8da","name":"Paula Silva","image":{"@type":"ImageObject","inLanguage":"pt-BR","@id":"https:\/\/www.gaveanews.com\/#\/schema\/person\/image\/","url":"https:\/\/secure.gravatar.com\/avatar\/eda381c845527cc5d64c13b901833cda29d97500ba040d3e6461f76f51d163bb?s=96&d=mm&r=g","contentUrl":"https:\/\/secure.gravatar.com\/avatar\/eda381c845527cc5d64c13b901833cda29d97500ba040d3e6461f76f51d163bb?s=96&d=mm&r=g","caption":"Paula Silva"}}]}},"_links":{"self":[{"href":"https:\/\/www.gaveanews.com\/index.php\/wp-json\/wp\/v2\/posts\/279418","targetHints":{"allow":["GET"]}}],"collection":[{"href":"https:\/\/www.gaveanews.com\/index.php\/wp-json\/wp\/v2\/posts"}],"about":[{"href":"https:\/\/www.gaveanews.com\/index.php\/wp-json\/wp\/v2\/types\/post"}],"author":[{"embeddable":true,"href":"https:\/\/www.gaveanews.com\/index.php\/wp-json\/wp\/v2\/users\/18"}],"replies":[{"embeddable":true,"href":"https:\/\/www.gaveanews.com\/index.php\/wp-json\/wp\/v2\/comments?post=279418"}],"version-history":[{"count":1,"href":"https:\/\/www.gaveanews.com\/index.php\/wp-json\/wp\/v2\/posts\/279418\/revisions"}],"predecessor-version":[{"id":279419,"href":"https:\/\/www.gaveanews.com\/index.php\/wp-json\/wp\/v2\/posts\/279418\/revisions\/279419"}],"wp:featuredmedia":[{"embeddable":true,"href":"https:\/\/www.gaveanews.com\/index.php\/wp-json\/wp\/v2\/media\/256399"}],"wp:attachment":[{"href":"https:\/\/www.gaveanews.com\/index.php\/wp-json\/wp\/v2\/media?parent=279418"}],"wp:term":[{"taxonomy":"category","embeddable":true,"href":"https:\/\/www.gaveanews.com\/index.php\/wp-json\/wp\/v2\/categories?post=279418"},{"taxonomy":"post_tag","embeddable":true,"href":"https:\/\/www.gaveanews.com\/index.php\/wp-json\/wp\/v2\/tags?post=279418"}],"curies":[{"name":"wp","href":"https:\/\/api.w.org\/{rel}","templated":true}]}}