{"id":279420,"date":"2025-10-27T20:15:00","date_gmt":"2025-10-27T23:15:00","guid":{"rendered":"https:\/\/www.gaveanews.com\/?p=279420"},"modified":"2025-10-27T19:09:45","modified_gmt":"2025-10-27T22:09:45","slug":"torcida-do-flamengo-divulga-nota-oficial-sobre-acidente-durante-viagem-a-argentina","status":"publish","type":"post","link":"https:\/\/www.gaveanews.com\/index.php\/2025\/10\/27\/torcida-do-flamengo-divulga-nota-oficial-sobre-acidente-durante-viagem-a-argentina\/","title":{"rendered":"Torcida do Flamengo divulga nota oficial sobre acidente durante viagem \u00e0 Argentina"},"content":{"rendered":"\n<p>A torcida organizada Na\u00e7\u00e3o 12 divulgou uma nota oficial ap\u00f3s o acidente envolvendo um de seus \u00f4nibus, que levava torcedores do Flamengo para a Argentina. O ve\u00edculo tombou na tarde desta segunda-feira (27 de outubro), na Rodovia Presidente Dutra, na altura de Barra Mansa, enquanto seguia viagem rumo \u00e0 cidade de Avellaneda, onde o time enfrentar\u00e1 o Racing, pela semifinal da Libertadores.<\/p>\n\n\n\n<p>Na mensagem divulgada, a Na\u00e7\u00e3o 12 tranquilizou os torcedores e familiares ao informar que todos os passageiros estavam conscientes e fora de perigo. <strong>\u201cInfelizmente, o \u00f4nibus que levava torcedores da Na\u00e7\u00e3o 12 \u00e0 Argentina sofreu um acidente na tarde de hoje, na Via Dutra, altura de Barra Mansa. Todos os membros da torcida e demais torcedores que estavam presentes no \u00f4nibus se encontram bem. Alguns sofreram ferimentos e foram encaminhados \u00e0 Santa Casa de Barra Mansa, mas ningu\u00e9m corre risco de vida.\u201d<\/strong><\/p>\n\n\n\n<p>Ainda conforme a nota, os feridos receberam atendimento m\u00e9dico e est\u00e3o sob cuidados no munic\u00edpio fluminense. A torcida ressaltou que o foco, neste momento, \u00e9 garantir a r\u00e1pida recupera\u00e7\u00e3o dos atingidos e organizar o retorno dos envolvidos ao Rio de Janeiro.<\/p>\n\n\n\n<p>O grupo havia deixado a capital carioca no in\u00edcio da tarde e pretendia chegar \u00e0 Argentina a tempo da partida marcada para quarta-feira (29 de outubro), \u00e0s 21h30 (hor\u00e1rio de Bras\u00edlia), no Est\u00e1dio Presidente Per\u00f3n. Contudo, ap\u00f3s o acidente, a continua\u00e7\u00e3o da viagem foi descartada.<\/p>\n\n\n\n<p>O tombamento ocorreu por volta das 15h51 (hor\u00e1rio de Bras\u00edlia), no quil\u00f4metro 281 da via, sentido S\u00e3o Paulo. A pista precisou ser interditada, gerando cerca de quatro quil\u00f4metros de congestionamento. O resgate contou com apoio da Pol\u00edcia Rodovi\u00e1ria Federal, do Corpo de Bombeiros e de equipes da concession\u00e1ria Motiva Rodovias.<\/p>\n\n\n\n<p>A \u00faltima atualiza\u00e7\u00e3o da concession\u00e1ria apontou que 46 pessoas ficaram feridas no total: 32 com ferimentos leves, 10 em estado moderado e quatro em condi\u00e7\u00e3o considerada grave. Apesar disso, n\u00e3o houve registro de v\u00edtimas fatais at\u00e9 o momento.<\/p>\n\n\n\n<p>Enquanto isso, o Flamengo tamb\u00e9m se pronunciou sobre o caso e informou que est\u00e1 acompanhando a situa\u00e7\u00e3o de perto. O clube comunicou ter acionado autoridades locais e mantido contato com o prefeito de Barra Mansa, Luiz Furlani, que ofereceu suporte m\u00e9dico por meio do Hospital Municipal e da Santa Casa.<\/p>\n\n\n\n<p>O jogo entre Racing e Flamengo segue confirmado para quarta-feira, e o clube j\u00e1 se encontra em solo argentino para a prepara\u00e7\u00e3o final. J\u00e1 os torcedores da Na\u00e7\u00e3o 12 afetados pelo acidente permanecem sob cuidados m\u00e9dicos e n\u00e3o devem seguir viagem.<\/p>\n","protected":false},"excerpt":{"rendered":"<p>A torcida organizada Na\u00e7\u00e3o 12 divulgou uma nota oficial ap\u00f3s o acidente envolvendo um de seus \u00f4nibus, que levava torcedores do Flamengo para a Argentina. O ve\u00edculo tombou na tarde desta segunda-feira (27 de outubro), na Rodovia Presidente Dutra, na altura de Barra Mansa, enquanto seguia viagem rumo \u00e0 cidade de Avellaneda, onde o time [&hellip;]<\/p>\n","protected":false},"author":18,"featured_media":84758,"comment_status":"open","ping_status":"closed","sticky":false,"template":"","format":"standard","meta":{"footnotes":""},"categories":[1],"tags":[],"class_list":["post-279420","post","type-post","status-publish","format-standard","has-post-thumbnail","hentry","category-flamengo"],"yoast_head":"<!-- This site is optimized with the Yoast SEO Premium plugin v24.2 (Yoast SEO v26.9) - https:\/\/yoast.com\/product\/yoast-seo-premium-wordpress\/ -->\n<title>Torcida do Flamengo divulga nota oficial sobre acidente durante viagem \u00e0 Argentina<\/title>\n<meta name=\"robots\" content=\"index, follow, max-snippet:-1, max-image-preview:large, max-video-preview:-1\" \/>\n<link rel=\"canonical\" href=\"https:\/\/www.gaveanews.com\/index.php\/2025\/10\/27\/torcida-do-flamengo-divulga-nota-oficial-sobre-acidente-durante-viagem-a-argentina\/\" \/>\n<meta property=\"og:locale\" content=\"pt_BR\" \/>\n<meta property=\"og:type\" content=\"article\" \/>\n<meta property=\"og:title\" content=\"Torcida do Flamengo divulga nota oficial sobre acidente durante viagem \u00e0 Argentina\" \/>\n<meta property=\"og:description\" content=\"A torcida organizada Na\u00e7\u00e3o 12 divulgou uma nota oficial ap\u00f3s o acidente envolvendo um de seus \u00f4nibus, que levava torcedores do Flamengo para a Argentina. O ve\u00edculo tombou na tarde desta segunda-feira (27 de outubro), na Rodovia Presidente Dutra, na altura de Barra Mansa, enquanto seguia viagem rumo \u00e0 cidade de Avellaneda, onde o time [&hellip;]\" \/>\n<meta property=\"og:url\" content=\"https:\/\/www.gaveanews.com\/index.php\/2025\/10\/27\/torcida-do-flamengo-divulga-nota-oficial-sobre-acidente-durante-viagem-a-argentina\/\" \/>\n<meta property=\"og:site_name\" content=\"G\u00e1vea News\" \/>\n<meta property=\"article:publisher\" content=\"https:\/\/facebook.com\/gaveaNews\/\" \/>\n<meta property=\"article:published_time\" content=\"2025-10-27T23:15:00+00:00\" \/>\n<meta property=\"og:image\" content=\"https:\/\/www.gaveanews.com\/wp-content\/uploads\/Toricda-do-Flamengo-faz-a-festa-no-Maracana.webp\" \/>\n\t<meta property=\"og:image:width\" content=\"799\" \/>\n\t<meta property=\"og:image:height\" content=\"533\" \/>\n\t<meta property=\"og:image:type\" content=\"image\/jpeg\" \/>\n<meta name=\"author\" content=\"Paula Silva\" \/>\n<meta name=\"twitter:card\" content=\"summary_large_image\" \/>\n<meta name=\"twitter:label1\" content=\"Escrito por\" \/>\n\t<meta name=\"twitter:data1\" content=\"Paula Silva\" \/>\n\t<meta name=\"twitter:label2\" content=\"Est. tempo de leitura\" \/>\n\t<meta name=\"twitter:data2\" content=\"3 minutos\" \/>\n<script type=\"application\/ld+json\" class=\"yoast-schema-graph\">{\"@context\":\"https:\/\/schema.org\",\"@graph\":[{\"@type\":\"NewsArticle\",\"@id\":\"https:\/\/www.gaveanews.com\/index.php\/2025\/10\/27\/torcida-do-flamengo-divulga-nota-oficial-sobre-acidente-durante-viagem-a-argentina\/#article\",\"isPartOf\":{\"@id\":\"https:\/\/www.gaveanews.com\/index.php\/2025\/10\/27\/torcida-do-flamengo-divulga-nota-oficial-sobre-acidente-durante-viagem-a-argentina\/\"},\"author\":{\"name\":\"Paula Silva\",\"@id\":\"https:\/\/www.gaveanews.com\/#\/schema\/person\/daf63eec72e1164eb13dc35096c2b8da\"},\"headline\":\"Torcida do Flamengo divulga nota oficial sobre acidente durante viagem \u00e0 Argentina\",\"datePublished\":\"2025-10-27T23:15:00+00:00\",\"mainEntityOfPage\":{\"@id\":\"https:\/\/www.gaveanews.com\/index.php\/2025\/10\/27\/torcida-do-flamengo-divulga-nota-oficial-sobre-acidente-durante-viagem-a-argentina\/\"},\"wordCount\":443,\"commentCount\":0,\"image\":{\"@id\":\"https:\/\/www.gaveanews.com\/index.php\/2025\/10\/27\/torcida-do-flamengo-divulga-nota-oficial-sobre-acidente-durante-viagem-a-argentina\/#primaryimage\"},\"thumbnailUrl\":\"https:\/\/www.gaveanews.com\/wp-content\/uploads\/Toricda-do-Flamengo-faz-a-festa-no-Maracana.webp\",\"articleSection\":[\"Flamengo\"],\"inLanguage\":\"pt-BR\",\"potentialAction\":[{\"@type\":\"CommentAction\",\"name\":\"Comment\",\"target\":[\"https:\/\/www.gaveanews.com\/index.php\/2025\/10\/27\/torcida-do-flamengo-divulga-nota-oficial-sobre-acidente-durante-viagem-a-argentina\/#respond\"]}],\"copyrightYear\":\"2025\",\"copyrightHolder\":{\"@id\":\"https:\/\/www.gaveanews.com\/#organization\"}},{\"@type\":\"WebPage\",\"@id\":\"https:\/\/www.gaveanews.com\/index.php\/2025\/10\/27\/torcida-do-flamengo-divulga-nota-oficial-sobre-acidente-durante-viagem-a-argentina\/\",\"url\":\"https:\/\/www.gaveanews.com\/index.php\/2025\/10\/27\/torcida-do-flamengo-divulga-nota-oficial-sobre-acidente-durante-viagem-a-argentina\/\",\"name\":\"Torcida do Flamengo divulga nota oficial sobre acidente durante viagem \u00e0 Argentina\",\"isPartOf\":{\"@id\":\"https:\/\/www.gaveanews.com\/#website\"},\"primaryImageOfPage\":{\"@id\":\"https:\/\/www.gaveanews.com\/index.php\/2025\/10\/27\/torcida-do-flamengo-divulga-nota-oficial-sobre-acidente-durante-viagem-a-argentina\/#primaryimage\"},\"image\":{\"@id\":\"https:\/\/www.gaveanews.com\/index.php\/2025\/10\/27\/torcida-do-flamengo-divulga-nota-oficial-sobre-acidente-durante-viagem-a-argentina\/#primaryimage\"},\"thumbnailUrl\":\"https:\/\/www.gaveanews.com\/wp-content\/uploads\/Toricda-do-Flamengo-faz-a-festa-no-Maracana.webp\",\"datePublished\":\"2025-10-27T23:15:00+00:00\",\"author\":{\"@id\":\"https:\/\/www.gaveanews.com\/#\/schema\/person\/daf63eec72e1164eb13dc35096c2b8da\"},\"breadcrumb\":{\"@id\":\"https:\/\/www.gaveanews.com\/index.php\/2025\/10\/27\/torcida-do-flamengo-divulga-nota-oficial-sobre-acidente-durante-viagem-a-argentina\/#breadcrumb\"},\"inLanguage\":\"pt-BR\",\"potentialAction\":[{\"@type\":\"ReadAction\",\"target\":[\"https:\/\/www.gaveanews.com\/index.php\/2025\/10\/27\/torcida-do-flamengo-divulga-nota-oficial-sobre-acidente-durante-viagem-a-argentina\/\"]}]},{\"@type\":\"ImageObject\",\"inLanguage\":\"pt-BR\",\"@id\":\"https:\/\/www.gaveanews.com\/index.php\/2025\/10\/27\/torcida-do-flamengo-divulga-nota-oficial-sobre-acidente-durante-viagem-a-argentina\/#primaryimage\",\"url\":\"https:\/\/www.gaveanews.com\/wp-content\/uploads\/Toricda-do-Flamengo-faz-a-festa-no-Maracana.webp\",\"contentUrl\":\"https:\/\/www.gaveanews.com\/wp-content\/uploads\/Toricda-do-Flamengo-faz-a-festa-no-Maracana.webp\",\"width\":799,\"height\":533,\"caption\":\"Torcida do Flamengo faz a festa no Maracan\u00e3 (Foto: Marcelo Cortes\/Flamengo)\"},{\"@type\":\"BreadcrumbList\",\"@id\":\"https:\/\/www.gaveanews.com\/index.php\/2025\/10\/27\/torcida-do-flamengo-divulga-nota-oficial-sobre-acidente-durante-viagem-a-argentina\/#breadcrumb\",\"itemListElement\":[{\"@type\":\"ListItem\",\"position\":1,\"name\":\"Home\",\"item\":\"https:\/\/www.gaveanews.com\/\"},{\"@type\":\"ListItem\",\"position\":2,\"name\":\"Torcida do Flamengo divulga nota oficial sobre acidente durante viagem \u00e0 Argentina\"}]},{\"@type\":\"WebSite\",\"@id\":\"https:\/\/www.gaveanews.com\/#website\",\"url\":\"https:\/\/www.gaveanews.com\/\",\"name\":\"G\u00e1vea News\",\"description\":\"Veja todas as not\u00edcias sobre o Flamengo: Contrata\u00e7\u00f5es, categorias de base, resultados das partidas, tabela de classifica\u00e7\u00e3o, pr\u00f3ximos jogos!\",\"potentialAction\":[{\"@type\":\"SearchAction\",\"target\":{\"@type\":\"EntryPoint\",\"urlTemplate\":\"https:\/\/www.gaveanews.com\/?s={search_term_string}\"},\"query-input\":{\"@type\":\"PropertyValueSpecification\",\"valueRequired\":true,\"valueName\":\"search_term_string\"}}],\"inLanguage\":\"pt-BR\"},{\"@type\":\"Person\",\"@id\":\"https:\/\/www.gaveanews.com\/#\/schema\/person\/daf63eec72e1164eb13dc35096c2b8da\",\"name\":\"Paula Silva\",\"image\":{\"@type\":\"ImageObject\",\"inLanguage\":\"pt-BR\",\"@id\":\"https:\/\/www.gaveanews.com\/#\/schema\/person\/image\/\",\"url\":\"https:\/\/secure.gravatar.com\/avatar\/eda381c845527cc5d64c13b901833cda29d97500ba040d3e6461f76f51d163bb?s=96&d=mm&r=g\",\"contentUrl\":\"https:\/\/secure.gravatar.com\/avatar\/eda381c845527cc5d64c13b901833cda29d97500ba040d3e6461f76f51d163bb?s=96&d=mm&r=g\",\"caption\":\"Paula Silva\"}}]}<\/script>\n<!-- \/ Yoast SEO Premium plugin. -->","yoast_head_json":{"title":"Torcida do Flamengo divulga nota oficial sobre acidente durante viagem \u00e0 Argentina","robots":{"index":"index","follow":"follow","max-snippet":"max-snippet:-1","max-image-preview":"max-image-preview:large","max-video-preview":"max-video-preview:-1"},"canonical":"https:\/\/www.gaveanews.com\/index.php\/2025\/10\/27\/torcida-do-flamengo-divulga-nota-oficial-sobre-acidente-durante-viagem-a-argentina\/","og_locale":"pt_BR","og_type":"article","og_title":"Torcida do Flamengo divulga nota oficial sobre acidente durante viagem \u00e0 Argentina","og_description":"A torcida organizada Na\u00e7\u00e3o 12 divulgou uma nota oficial ap\u00f3s o acidente envolvendo um de seus \u00f4nibus, que levava torcedores do Flamengo para a Argentina. O ve\u00edculo tombou na tarde desta segunda-feira (27 de outubro), na Rodovia Presidente Dutra, na altura de Barra Mansa, enquanto seguia viagem rumo \u00e0 cidade de Avellaneda, onde o time [&hellip;]","og_url":"https:\/\/www.gaveanews.com\/index.php\/2025\/10\/27\/torcida-do-flamengo-divulga-nota-oficial-sobre-acidente-durante-viagem-a-argentina\/","og_site_name":"G\u00e1vea News","article_publisher":"https:\/\/facebook.com\/gaveaNews\/","article_published_time":"2025-10-27T23:15:00+00:00","og_image":[{"width":799,"height":533,"url":"https:\/\/www.gaveanews.com\/wp-content\/uploads\/Toricda-do-Flamengo-faz-a-festa-no-Maracana.webp","type":"image\/jpeg"}],"author":"Paula Silva","twitter_card":"summary_large_image","twitter_misc":{"Escrito por":"Paula Silva","Est. tempo de leitura":"3 minutos"},"schema":{"@context":"https:\/\/schema.org","@graph":[{"@type":"NewsArticle","@id":"https:\/\/www.gaveanews.com\/index.php\/2025\/10\/27\/torcida-do-flamengo-divulga-nota-oficial-sobre-acidente-durante-viagem-a-argentina\/#article","isPartOf":{"@id":"https:\/\/www.gaveanews.com\/index.php\/2025\/10\/27\/torcida-do-flamengo-divulga-nota-oficial-sobre-acidente-durante-viagem-a-argentina\/"},"author":{"name":"Paula Silva","@id":"https:\/\/www.gaveanews.com\/#\/schema\/person\/daf63eec72e1164eb13dc35096c2b8da"},"headline":"Torcida do Flamengo divulga nota oficial sobre acidente durante viagem \u00e0 Argentina","datePublished":"2025-10-27T23:15:00+00:00","mainEntityOfPage":{"@id":"https:\/\/www.gaveanews.com\/index.php\/2025\/10\/27\/torcida-do-flamengo-divulga-nota-oficial-sobre-acidente-durante-viagem-a-argentina\/"},"wordCount":443,"commentCount":0,"image":{"@id":"https:\/\/www.gaveanews.com\/index.php\/2025\/10\/27\/torcida-do-flamengo-divulga-nota-oficial-sobre-acidente-durante-viagem-a-argentina\/#primaryimage"},"thumbnailUrl":"https:\/\/www.gaveanews.com\/wp-content\/uploads\/Toricda-do-Flamengo-faz-a-festa-no-Maracana.webp","articleSection":["Flamengo"],"inLanguage":"pt-BR","potentialAction":[{"@type":"CommentAction","name":"Comment","target":["https:\/\/www.gaveanews.com\/index.php\/2025\/10\/27\/torcida-do-flamengo-divulga-nota-oficial-sobre-acidente-durante-viagem-a-argentina\/#respond"]}],"copyrightYear":"2025","copyrightHolder":{"@id":"https:\/\/www.gaveanews.com\/#organization"}},{"@type":"WebPage","@id":"https:\/\/www.gaveanews.com\/index.php\/2025\/10\/27\/torcida-do-flamengo-divulga-nota-oficial-sobre-acidente-durante-viagem-a-argentina\/","url":"https:\/\/www.gaveanews.com\/index.php\/2025\/10\/27\/torcida-do-flamengo-divulga-nota-oficial-sobre-acidente-durante-viagem-a-argentina\/","name":"Torcida do Flamengo divulga nota oficial sobre acidente durante viagem \u00e0 Argentina","isPartOf":{"@id":"https:\/\/www.gaveanews.com\/#website"},"primaryImageOfPage":{"@id":"https:\/\/www.gaveanews.com\/index.php\/2025\/10\/27\/torcida-do-flamengo-divulga-nota-oficial-sobre-acidente-durante-viagem-a-argentina\/#primaryimage"},"image":{"@id":"https:\/\/www.gaveanews.com\/index.php\/2025\/10\/27\/torcida-do-flamengo-divulga-nota-oficial-sobre-acidente-durante-viagem-a-argentina\/#primaryimage"},"thumbnailUrl":"https:\/\/www.gaveanews.com\/wp-content\/uploads\/Toricda-do-Flamengo-faz-a-festa-no-Maracana.webp","datePublished":"2025-10-27T23:15:00+00:00","author":{"@id":"https:\/\/www.gaveanews.com\/#\/schema\/person\/daf63eec72e1164eb13dc35096c2b8da"},"breadcrumb":{"@id":"https:\/\/www.gaveanews.com\/index.php\/2025\/10\/27\/torcida-do-flamengo-divulga-nota-oficial-sobre-acidente-durante-viagem-a-argentina\/#breadcrumb"},"inLanguage":"pt-BR","potentialAction":[{"@type":"ReadAction","target":["https:\/\/www.gaveanews.com\/index.php\/2025\/10\/27\/torcida-do-flamengo-divulga-nota-oficial-sobre-acidente-durante-viagem-a-argentina\/"]}]},{"@type":"ImageObject","inLanguage":"pt-BR","@id":"https:\/\/www.gaveanews.com\/index.php\/2025\/10\/27\/torcida-do-flamengo-divulga-nota-oficial-sobre-acidente-durante-viagem-a-argentina\/#primaryimage","url":"https:\/\/www.gaveanews.com\/wp-content\/uploads\/Toricda-do-Flamengo-faz-a-festa-no-Maracana.webp","contentUrl":"https:\/\/www.gaveanews.com\/wp-content\/uploads\/Toricda-do-Flamengo-faz-a-festa-no-Maracana.webp","width":799,"height":533,"caption":"Torcida do Flamengo faz a festa no Maracan\u00e3 (Foto: Marcelo Cortes\/Flamengo)"},{"@type":"BreadcrumbList","@id":"https:\/\/www.gaveanews.com\/index.php\/2025\/10\/27\/torcida-do-flamengo-divulga-nota-oficial-sobre-acidente-durante-viagem-a-argentina\/#breadcrumb","itemListElement":[{"@type":"ListItem","position":1,"name":"Home","item":"https:\/\/www.gaveanews.com\/"},{"@type":"ListItem","position":2,"name":"Torcida do Flamengo divulga nota oficial sobre acidente durante viagem \u00e0 Argentina"}]},{"@type":"WebSite","@id":"https:\/\/www.gaveanews.com\/#website","url":"https:\/\/www.gaveanews.com\/","name":"G\u00e1vea News","description":"Veja todas as not\u00edcias sobre o Flamengo: Contrata\u00e7\u00f5es, categorias de base, resultados das partidas, tabela de classifica\u00e7\u00e3o, pr\u00f3ximos jogos!","potentialAction":[{"@type":"SearchAction","target":{"@type":"EntryPoint","urlTemplate":"https:\/\/www.gaveanews.com\/?s={search_term_string}"},"query-input":{"@type":"PropertyValueSpecification","valueRequired":true,"valueName":"search_term_string"}}],"inLanguage":"pt-BR"},{"@type":"Person","@id":"https:\/\/www.gaveanews.com\/#\/schema\/person\/daf63eec72e1164eb13dc35096c2b8da","name":"Paula Silva","image":{"@type":"ImageObject","inLanguage":"pt-BR","@id":"https:\/\/www.gaveanews.com\/#\/schema\/person\/image\/","url":"https:\/\/secure.gravatar.com\/avatar\/eda381c845527cc5d64c13b901833cda29d97500ba040d3e6461f76f51d163bb?s=96&d=mm&r=g","contentUrl":"https:\/\/secure.gravatar.com\/avatar\/eda381c845527cc5d64c13b901833cda29d97500ba040d3e6461f76f51d163bb?s=96&d=mm&r=g","caption":"Paula Silva"}}]}},"_links":{"self":[{"href":"https:\/\/www.gaveanews.com\/index.php\/wp-json\/wp\/v2\/posts\/279420","targetHints":{"allow":["GET"]}}],"collection":[{"href":"https:\/\/www.gaveanews.com\/index.php\/wp-json\/wp\/v2\/posts"}],"about":[{"href":"https:\/\/www.gaveanews.com\/index.php\/wp-json\/wp\/v2\/types\/post"}],"author":[{"embeddable":true,"href":"https:\/\/www.gaveanews.com\/index.php\/wp-json\/wp\/v2\/users\/18"}],"replies":[{"embeddable":true,"href":"https:\/\/www.gaveanews.com\/index.php\/wp-json\/wp\/v2\/comments?post=279420"}],"version-history":[{"count":1,"href":"https:\/\/www.gaveanews.com\/index.php\/wp-json\/wp\/v2\/posts\/279420\/revisions"}],"predecessor-version":[{"id":279421,"href":"https:\/\/www.gaveanews.com\/index.php\/wp-json\/wp\/v2\/posts\/279420\/revisions\/279421"}],"wp:featuredmedia":[{"embeddable":true,"href":"https:\/\/www.gaveanews.com\/index.php\/wp-json\/wp\/v2\/media\/84758"}],"wp:attachment":[{"href":"https:\/\/www.gaveanews.com\/index.php\/wp-json\/wp\/v2\/media?parent=279420"}],"wp:term":[{"taxonomy":"category","embeddable":true,"href":"https:\/\/www.gaveanews.com\/index.php\/wp-json\/wp\/v2\/categories?post=279420"},{"taxonomy":"post_tag","embeddable":true,"href":"https:\/\/www.gaveanews.com\/index.php\/wp-json\/wp\/v2\/tags?post=279420"}],"curies":[{"name":"wp","href":"https:\/\/api.w.org\/{rel}","templated":true}]}}