{"id":279422,"date":"2025-10-28T11:00:00","date_gmt":"2025-10-28T14:00:00","guid":{"rendered":"https:\/\/www.gaveanews.com\/?p=279422"},"modified":"2025-10-28T11:01:59","modified_gmt":"2025-10-28T14:01:59","slug":"relembre-como-foi-a-ultima-partida-do-flamengo-no-estadio-do-racing","status":"publish","type":"post","link":"https:\/\/www.gaveanews.com\/index.php\/2025\/10\/28\/relembre-como-foi-a-ultima-partida-do-flamengo-no-estadio-do-racing\/","title":{"rendered":"Relembre como foi a \u00faltima partida do Flamengo no est\u00e1dio do Racing"},"content":{"rendered":"\n<p>Na \u00faltima vez em que visitou o Est\u00e1dio Presidente Per\u00f3n, conhecido como Cilindro, o <a href=\"https:\/\/www.gaveanews.com\/index.php\/category\/brasileirao\/flamengo\/\" target=\"_blank\" rel=\"noreferrer noopener\">Flamengo<\/a> saiu com um empate diante do Racing por 1 a 1. O resultado, conquistado na fase de grupos da Libertadores de 2023, seria suficiente para garantir a classifica\u00e7\u00e3o do time \u00e0 final da edi\u00e7\u00e3o atual.<\/p>\n\n\n\n<p>Flamengo e Racing se reencontram nesta quarta-feira (29), \u00e0s 21h30 (hor\u00e1rio de Bras\u00edlia). No jogo de ida da semifinal, realizado no Maracan\u00e3, a equipe rubro-negra venceu por 1 a 0.<\/p>\n\n\n\n<p>O duelo realizado em Avellaneda, em 4 de maio de 2023, ficou marcado por um feito hist\u00f3rico. Gabigol balan\u00e7ou as redes no \u00faltimo lance do primeiro tempo, ap\u00f3s jogada ensaiada em cobran\u00e7a de falta, e chegou a 30 gols na Libertadores.<\/p>\n\n\n\n<p>\u00c0 \u00e9poca, o artilheiro superou Luiz\u00e3o e se tornou o brasileiro com mais gols na hist\u00f3ria da competi\u00e7\u00e3o continental. Atualmente, o atacante soma 31 gols no torneio.<\/p>\n\n\n\n<figure class=\"wp-block-image size-large\"><img loading=\"lazy\" decoding=\"async\" width=\"1024\" height=\"768\" src=\"http:\/\/www.gaveanews.com\/wp-content\/uploads\/Gabigol-se-tornou-maior-artilheiro-brasileiro-da-historia-da-Libertadores-no-estadio-do-Racing-1024x768.jpg\" alt=\"\" class=\"wp-image-279438\" srcset=\"https:\/\/www.gaveanews.com\/wp-content\/uploads\/Gabigol-se-tornou-maior-artilheiro-brasileiro-da-historia-da-Libertadores-no-estadio-do-Racing-1024x768.jpg 1024w, https:\/\/www.gaveanews.com\/wp-content\/uploads\/Gabigol-se-tornou-maior-artilheiro-brasileiro-da-historia-da-Libertadores-no-estadio-do-Racing-300x225.jpg 300w, https:\/\/www.gaveanews.com\/wp-content\/uploads\/Gabigol-se-tornou-maior-artilheiro-brasileiro-da-historia-da-Libertadores-no-estadio-do-Racing-768x576.jpg 768w, https:\/\/www.gaveanews.com\/wp-content\/uploads\/Gabigol-se-tornou-maior-artilheiro-brasileiro-da-historia-da-Libertadores-no-estadio-do-Racing-560x420.jpg 560w, https:\/\/www.gaveanews.com\/wp-content\/uploads\/Gabigol-se-tornou-maior-artilheiro-brasileiro-da-historia-da-Libertadores-no-estadio-do-Racing-1120x840.jpg 1120w, https:\/\/www.gaveanews.com\/wp-content\/uploads\/Gabigol-se-tornou-maior-artilheiro-brasileiro-da-historia-da-Libertadores-no-estadio-do-Racing-80x60.jpg 80w, https:\/\/www.gaveanews.com\/wp-content\/uploads\/Gabigol-se-tornou-maior-artilheiro-brasileiro-da-historia-da-Libertadores-no-estadio-do-Racing-160x120.jpg 160w, https:\/\/www.gaveanews.com\/wp-content\/uploads\/Gabigol-se-tornou-maior-artilheiro-brasileiro-da-historia-da-Libertadores-no-estadio-do-Racing-100x75.jpg 100w, https:\/\/www.gaveanews.com\/wp-content\/uploads\/Gabigol-se-tornou-maior-artilheiro-brasileiro-da-historia-da-Libertadores-no-estadio-do-Racing-200x150.jpg 200w, https:\/\/www.gaveanews.com\/wp-content\/uploads\/Gabigol-se-tornou-maior-artilheiro-brasileiro-da-historia-da-Libertadores-no-estadio-do-Racing-180x135.jpg 180w, https:\/\/www.gaveanews.com\/wp-content\/uploads\/Gabigol-se-tornou-maior-artilheiro-brasileiro-da-historia-da-Libertadores-no-estadio-do-Racing-360x270.jpg 360w, https:\/\/www.gaveanews.com\/wp-content\/uploads\/Gabigol-se-tornou-maior-artilheiro-brasileiro-da-historia-da-Libertadores-no-estadio-do-Racing-238x178.jpg 238w, https:\/\/www.gaveanews.com\/wp-content\/uploads\/Gabigol-se-tornou-maior-artilheiro-brasileiro-da-historia-da-Libertadores-no-estadio-do-Racing-476x356.jpg 476w, https:\/\/www.gaveanews.com\/wp-content\/uploads\/Gabigol-se-tornou-maior-artilheiro-brasileiro-da-historia-da-Libertadores-no-estadio-do-Racing-640x480.jpg 640w, https:\/\/www.gaveanews.com\/wp-content\/uploads\/Gabigol-se-tornou-maior-artilheiro-brasileiro-da-historia-da-Libertadores-no-estadio-do-Racing-681x511.jpg 681w, https:\/\/www.gaveanews.com\/wp-content\/uploads\/Gabigol-se-tornou-maior-artilheiro-brasileiro-da-historia-da-Libertadores-no-estadio-do-Racing.jpg 1280w\" sizes=\"auto, (max-width: 1024px) 100vw, 1024px\" \/><figcaption class=\"wp-element-caption\">Gabigol se tornou maior artilheiro brasileiro da hist\u00f3ria da Libertadores no est\u00e1dio do Racing (Foto: Gilvan de Souza\/Flamengo)<\/figcaption><\/figure>\n\n\n\n<p>Ap\u00f3s a partida, o ex-camisa 10 comentou de forma ir\u00f4nica as cr\u00edticas recebidas sobre sua condi\u00e7\u00e3o f\u00edsica naquele in\u00edcio de temporada.<\/p>\n\n\n\n<p>\u201cS\u00f3 recebo elogio em casa, que estou muito gostoso. O pessoal d\u00e1 uma viajada, sinceramente n\u00e3o vejo (m\u00e1 forma f\u00edsica). Passam um pouquinho do ponto. Acho que \u00e9 inveja tamb\u00e9m\u201d.<\/p>\n\n\n\n<h3 class=\"wp-block-heading\" id=\"h-pulgar-ganha-espaco-apos-falha-no-mundial\">Pulgar ganha espa\u00e7o ap\u00f3s falha no Mundial<\/h3>\n\n\n\n<p>Apesar de ter sofrido o empate aos 27 minutos da etapa final, o Flamengo teve como ponto positivo naquela partida a atua\u00e7\u00e3o de Erick Pulgar. O volante foi o respons\u00e1vel pela assist\u00eancia no gol de Gabigol, ao tocar rasteiro para a \u00e1rea em jogada combinada. <\/p>\n\n\n\n<p>O atacante dominou, driblou o marcador e finalizou de canela no canto direito do goleiro Arias.<\/p>\n\n\n\n<p>Anteriormente, Pulgar vivia momento inst\u00e1vel no elenco. Em fevereiro, teve desempenho abaixo do esperado na semifinal do Mundial de Clubes, quando o Flamengo foi derrotado pelo Al Hilal por 3 a 2. O jogador falhou no terceiro gol da equipe saudita, que acabou eliminando o time brasileiro.<\/p>\n\n\n\n<p>A recupera\u00e7\u00e3o do volante ocorreu ap\u00f3s a sa\u00edda de V\u00edtor Pereira e a chegada de Sampaoli. O argentino concedeu mais espa\u00e7o a Pulgar, que, segundo o lateral Filipe Lu\u00eds, passou a ser um dos principais nomes do elenco rubro-negro.<\/p>\n\n\n\n<h3 class=\"wp-block-heading\" id=\"h-hostilidade-a-sampaoli-marcou-a-visita-ao-racing\">Hostilidade a Sampaoli marcou a visita ao Racing<\/h3>\n\n\n\n<p>Naquela noite, Sampaoli reencontrou torcedores argentinos em clima hostil. No est\u00e1dio, o ent\u00e3o treinador do Flamengo foi xingado por torcedores do Racing antes do in\u00edcio do jogo, que entoaram ofensas como forma de protesto contra o comandante.<\/p>\n\n\n\n<p>O ressentimento est\u00e1 relacionado \u00e0 sua passagem pela sele\u00e7\u00e3o argentina durante a Copa do Mundo de 2018. \u00c0 \u00e9poca, Sampaoli foi criticado por n\u00e3o convocar Lautaro Mart\u00ednez e Ricardo Centuri\u00f3n, ambos ex-jogadores do Racing. <\/p>\n\n\n\n<p>A equipe foi eliminada pela Fran\u00e7a nas oitavas de final, e o treinador foi demitido ap\u00f3s 15 partidas no comando da sele\u00e7\u00e3o. Na coletiva ap\u00f3s o empate em Avellaneda, a imprensa local insistiu em provoc\u00e1-lo, mantendo o tom cr\u00edtico.<\/p>\n\n\n\n<h3 class=\"wp-block-heading\" id=\"h-proximo-confronto-define-vaga-na-final\">Pr\u00f3ximo confronto define vaga na final<\/h3>\n\n\n\n<p>Com a vantagem constru\u00edda no Maracan\u00e3, o Flamengo precisa apenas de um empate nesta quarta-feira (29), \u00e0s 21h30 (hor\u00e1rio de Bras\u00edlia), para se garantir na decis\u00e3o da Libertadores. <\/p>\n\n\n\n<p>A partida ser\u00e1 novamente no Cilindro, palco do empate que, na temporada passada, teve recordes, cr\u00edticas e reviravoltas marcantes para o clube carioca.<\/p>\n","protected":false},"excerpt":{"rendered":"<p>Na \u00faltima vez em que visitou o Est\u00e1dio Presidente Per\u00f3n, conhecido como Cilindro, o Flamengo saiu com um empate diante do Racing por 1 a 1. O resultado, conquistado na fase de grupos da Libertadores de 2023, seria suficiente para garantir a classifica\u00e7\u00e3o do time \u00e0 final da edi\u00e7\u00e3o atual. Flamengo e Racing se reencontram [&hellip;]<\/p>\n","protected":false},"author":39,"featured_media":277238,"comment_status":"open","ping_status":"closed","sticky":false,"template":"","format":"standard","meta":{"footnotes":""},"categories":[1],"tags":[],"class_list":["post-279422","post","type-post","status-publish","format-standard","has-post-thumbnail","hentry","category-flamengo"],"yoast_head":"<!-- This site is optimized with the Yoast SEO Premium plugin v24.2 (Yoast SEO v26.9) - https:\/\/yoast.com\/product\/yoast-seo-premium-wordpress\/ -->\n<title>Relembre como foi a \u00faltima partida do Flamengo no est\u00e1dio do Racing<\/title>\n<meta name=\"robots\" content=\"index, follow, max-snippet:-1, max-image-preview:large, max-video-preview:-1\" \/>\n<link rel=\"canonical\" href=\"https:\/\/www.gaveanews.com\/index.php\/2025\/10\/28\/relembre-como-foi-a-ultima-partida-do-flamengo-no-estadio-do-racing\/\" \/>\n<meta property=\"og:locale\" content=\"pt_BR\" \/>\n<meta property=\"og:type\" content=\"article\" \/>\n<meta property=\"og:title\" content=\"Relembre como foi a \u00faltima partida do Flamengo no est\u00e1dio do Racing\" \/>\n<meta property=\"og:description\" content=\"Na \u00faltima vez em que visitou o Est\u00e1dio Presidente Per\u00f3n, conhecido como Cilindro, o Flamengo saiu com um empate diante do Racing por 1 a 1. O resultado, conquistado na fase de grupos da Libertadores de 2023, seria suficiente para garantir a classifica\u00e7\u00e3o do time \u00e0 final da edi\u00e7\u00e3o atual. Flamengo e Racing se reencontram [&hellip;]\" \/>\n<meta property=\"og:url\" content=\"https:\/\/www.gaveanews.com\/index.php\/2025\/10\/28\/relembre-como-foi-a-ultima-partida-do-flamengo-no-estadio-do-racing\/\" \/>\n<meta property=\"og:site_name\" content=\"G\u00e1vea News\" \/>\n<meta property=\"article:publisher\" content=\"https:\/\/facebook.com\/gaveaNews\/\" \/>\n<meta property=\"article:published_time\" content=\"2025-10-28T14:00:00+00:00\" \/>\n<meta property=\"article:modified_time\" content=\"2025-10-28T14:01:59+00:00\" \/>\n<meta property=\"og:image\" content=\"http:\/\/www.gaveanews.com\/wp-content\/uploads\/escudo-do-Racing.png\" \/>\n\t<meta property=\"og:image:width\" content=\"1200\" \/>\n\t<meta property=\"og:image:height\" content=\"900\" \/>\n\t<meta property=\"og:image:type\" content=\"image\/png\" \/>\n<meta name=\"author\" content=\"Reda\u00e7\u00e3o\" \/>\n<meta name=\"twitter:card\" content=\"summary_large_image\" \/>\n<meta name=\"twitter:label1\" content=\"Escrito por\" \/>\n\t<meta name=\"twitter:data1\" content=\"Reda\u00e7\u00e3o\" \/>\n\t<meta name=\"twitter:label2\" content=\"Est. tempo de leitura\" \/>\n\t<meta name=\"twitter:data2\" content=\"4 minutos\" \/>\n<script type=\"application\/ld+json\" class=\"yoast-schema-graph\">{\"@context\":\"https:\/\/schema.org\",\"@graph\":[{\"@type\":\"NewsArticle\",\"@id\":\"https:\/\/www.gaveanews.com\/index.php\/2025\/10\/28\/relembre-como-foi-a-ultima-partida-do-flamengo-no-estadio-do-racing\/#article\",\"isPartOf\":{\"@id\":\"https:\/\/www.gaveanews.com\/index.php\/2025\/10\/28\/relembre-como-foi-a-ultima-partida-do-flamengo-no-estadio-do-racing\/\"},\"author\":{\"name\":\"Reda\u00e7\u00e3o\",\"@id\":\"https:\/\/www.gaveanews.com\/#\/schema\/person\/c88645e3d550d0b6574305e67dd5a716\"},\"headline\":\"Relembre como foi a \u00faltima partida do Flamengo no est\u00e1dio do Racing\",\"datePublished\":\"2025-10-28T14:00:00+00:00\",\"dateModified\":\"2025-10-28T14:01:59+00:00\",\"mainEntityOfPage\":{\"@id\":\"https:\/\/www.gaveanews.com\/index.php\/2025\/10\/28\/relembre-como-foi-a-ultima-partida-do-flamengo-no-estadio-do-racing\/\"},\"wordCount\":593,\"commentCount\":0,\"image\":{\"@id\":\"https:\/\/www.gaveanews.com\/index.php\/2025\/10\/28\/relembre-como-foi-a-ultima-partida-do-flamengo-no-estadio-do-racing\/#primaryimage\"},\"thumbnailUrl\":\"https:\/\/www.gaveanews.com\/wp-content\/uploads\/escudo-do-Racing.png\",\"articleSection\":[\"Flamengo\"],\"inLanguage\":\"pt-BR\",\"potentialAction\":[{\"@type\":\"CommentAction\",\"name\":\"Comment\",\"target\":[\"https:\/\/www.gaveanews.com\/index.php\/2025\/10\/28\/relembre-como-foi-a-ultima-partida-do-flamengo-no-estadio-do-racing\/#respond\"]}],\"copyrightYear\":\"2025\",\"copyrightHolder\":{\"@id\":\"https:\/\/www.gaveanews.com\/#organization\"}},{\"@type\":\"WebPage\",\"@id\":\"https:\/\/www.gaveanews.com\/index.php\/2025\/10\/28\/relembre-como-foi-a-ultima-partida-do-flamengo-no-estadio-do-racing\/\",\"url\":\"https:\/\/www.gaveanews.com\/index.php\/2025\/10\/28\/relembre-como-foi-a-ultima-partida-do-flamengo-no-estadio-do-racing\/\",\"name\":\"Relembre como foi a \u00faltima partida do Flamengo no est\u00e1dio do Racing\",\"isPartOf\":{\"@id\":\"https:\/\/www.gaveanews.com\/#website\"},\"primaryImageOfPage\":{\"@id\":\"https:\/\/www.gaveanews.com\/index.php\/2025\/10\/28\/relembre-como-foi-a-ultima-partida-do-flamengo-no-estadio-do-racing\/#primaryimage\"},\"image\":{\"@id\":\"https:\/\/www.gaveanews.com\/index.php\/2025\/10\/28\/relembre-como-foi-a-ultima-partida-do-flamengo-no-estadio-do-racing\/#primaryimage\"},\"thumbnailUrl\":\"https:\/\/www.gaveanews.com\/wp-content\/uploads\/escudo-do-Racing.png\",\"datePublished\":\"2025-10-28T14:00:00+00:00\",\"dateModified\":\"2025-10-28T14:01:59+00:00\",\"author\":{\"@id\":\"https:\/\/www.gaveanews.com\/#\/schema\/person\/c88645e3d550d0b6574305e67dd5a716\"},\"breadcrumb\":{\"@id\":\"https:\/\/www.gaveanews.com\/index.php\/2025\/10\/28\/relembre-como-foi-a-ultima-partida-do-flamengo-no-estadio-do-racing\/#breadcrumb\"},\"inLanguage\":\"pt-BR\",\"potentialAction\":[{\"@type\":\"ReadAction\",\"target\":[\"https:\/\/www.gaveanews.com\/index.php\/2025\/10\/28\/relembre-como-foi-a-ultima-partida-do-flamengo-no-estadio-do-racing\/\"]}]},{\"@type\":\"ImageObject\",\"inLanguage\":\"pt-BR\",\"@id\":\"https:\/\/www.gaveanews.com\/index.php\/2025\/10\/28\/relembre-como-foi-a-ultima-partida-do-flamengo-no-estadio-do-racing\/#primaryimage\",\"url\":\"https:\/\/www.gaveanews.com\/wp-content\/uploads\/escudo-do-Racing.png\",\"contentUrl\":\"https:\/\/www.gaveanews.com\/wp-content\/uploads\/escudo-do-Racing.png\",\"width\":1200,\"height\":900,\"caption\":\"escudo do Racing (Foto: Reprodu\u00e7\u00e3o\/Instagram Racing)\"},{\"@type\":\"BreadcrumbList\",\"@id\":\"https:\/\/www.gaveanews.com\/index.php\/2025\/10\/28\/relembre-como-foi-a-ultima-partida-do-flamengo-no-estadio-do-racing\/#breadcrumb\",\"itemListElement\":[{\"@type\":\"ListItem\",\"position\":1,\"name\":\"Home\",\"item\":\"https:\/\/www.gaveanews.com\/\"},{\"@type\":\"ListItem\",\"position\":2,\"name\":\"Relembre como foi a \u00faltima partida do Flamengo no est\u00e1dio do Racing\"}]},{\"@type\":\"WebSite\",\"@id\":\"https:\/\/www.gaveanews.com\/#website\",\"url\":\"https:\/\/www.gaveanews.com\/\",\"name\":\"G\u00e1vea News\",\"description\":\"Veja todas as not\u00edcias sobre o Flamengo: Contrata\u00e7\u00f5es, categorias de base, resultados das partidas, tabela de classifica\u00e7\u00e3o, pr\u00f3ximos jogos!\",\"potentialAction\":[{\"@type\":\"SearchAction\",\"target\":{\"@type\":\"EntryPoint\",\"urlTemplate\":\"https:\/\/www.gaveanews.com\/?s={search_term_string}\"},\"query-input\":{\"@type\":\"PropertyValueSpecification\",\"valueRequired\":true,\"valueName\":\"search_term_string\"}}],\"inLanguage\":\"pt-BR\"},{\"@type\":\"Person\",\"@id\":\"https:\/\/www.gaveanews.com\/#\/schema\/person\/c88645e3d550d0b6574305e67dd5a716\",\"name\":\"Reda\u00e7\u00e3o\",\"image\":{\"@type\":\"ImageObject\",\"inLanguage\":\"pt-BR\",\"@id\":\"https:\/\/www.gaveanews.com\/#\/schema\/person\/image\/\",\"url\":\"https:\/\/secure.gravatar.com\/avatar\/434098fd823f0dc1b062d14ca22bacaa6e38de28d8c816bbef6fc2f8c44d8ba3?s=96&d=mm&r=g\",\"contentUrl\":\"https:\/\/secure.gravatar.com\/avatar\/434098fd823f0dc1b062d14ca22bacaa6e38de28d8c816bbef6fc2f8c44d8ba3?s=96&d=mm&r=g\",\"caption\":\"Reda\u00e7\u00e3o\"}}]}<\/script>\n<!-- \/ Yoast SEO Premium plugin. -->","yoast_head_json":{"title":"Relembre como foi a \u00faltima partida do Flamengo no est\u00e1dio do Racing","robots":{"index":"index","follow":"follow","max-snippet":"max-snippet:-1","max-image-preview":"max-image-preview:large","max-video-preview":"max-video-preview:-1"},"canonical":"https:\/\/www.gaveanews.com\/index.php\/2025\/10\/28\/relembre-como-foi-a-ultima-partida-do-flamengo-no-estadio-do-racing\/","og_locale":"pt_BR","og_type":"article","og_title":"Relembre como foi a \u00faltima partida do Flamengo no est\u00e1dio do Racing","og_description":"Na \u00faltima vez em que visitou o Est\u00e1dio Presidente Per\u00f3n, conhecido como Cilindro, o Flamengo saiu com um empate diante do Racing por 1 a 1. O resultado, conquistado na fase de grupos da Libertadores de 2023, seria suficiente para garantir a classifica\u00e7\u00e3o do time \u00e0 final da edi\u00e7\u00e3o atual. Flamengo e Racing se reencontram [&hellip;]","og_url":"https:\/\/www.gaveanews.com\/index.php\/2025\/10\/28\/relembre-como-foi-a-ultima-partida-do-flamengo-no-estadio-do-racing\/","og_site_name":"G\u00e1vea News","article_publisher":"https:\/\/facebook.com\/gaveaNews\/","article_published_time":"2025-10-28T14:00:00+00:00","article_modified_time":"2025-10-28T14:01:59+00:00","og_image":[{"width":1200,"height":900,"url":"http:\/\/www.gaveanews.com\/wp-content\/uploads\/escudo-do-Racing.png","type":"image\/png"}],"author":"Reda\u00e7\u00e3o","twitter_card":"summary_large_image","twitter_misc":{"Escrito por":"Reda\u00e7\u00e3o","Est. tempo de leitura":"4 minutos"},"schema":{"@context":"https:\/\/schema.org","@graph":[{"@type":"NewsArticle","@id":"https:\/\/www.gaveanews.com\/index.php\/2025\/10\/28\/relembre-como-foi-a-ultima-partida-do-flamengo-no-estadio-do-racing\/#article","isPartOf":{"@id":"https:\/\/www.gaveanews.com\/index.php\/2025\/10\/28\/relembre-como-foi-a-ultima-partida-do-flamengo-no-estadio-do-racing\/"},"author":{"name":"Reda\u00e7\u00e3o","@id":"https:\/\/www.gaveanews.com\/#\/schema\/person\/c88645e3d550d0b6574305e67dd5a716"},"headline":"Relembre como foi a \u00faltima partida do Flamengo no est\u00e1dio do Racing","datePublished":"2025-10-28T14:00:00+00:00","dateModified":"2025-10-28T14:01:59+00:00","mainEntityOfPage":{"@id":"https:\/\/www.gaveanews.com\/index.php\/2025\/10\/28\/relembre-como-foi-a-ultima-partida-do-flamengo-no-estadio-do-racing\/"},"wordCount":593,"commentCount":0,"image":{"@id":"https:\/\/www.gaveanews.com\/index.php\/2025\/10\/28\/relembre-como-foi-a-ultima-partida-do-flamengo-no-estadio-do-racing\/#primaryimage"},"thumbnailUrl":"https:\/\/www.gaveanews.com\/wp-content\/uploads\/escudo-do-Racing.png","articleSection":["Flamengo"],"inLanguage":"pt-BR","potentialAction":[{"@type":"CommentAction","name":"Comment","target":["https:\/\/www.gaveanews.com\/index.php\/2025\/10\/28\/relembre-como-foi-a-ultima-partida-do-flamengo-no-estadio-do-racing\/#respond"]}],"copyrightYear":"2025","copyrightHolder":{"@id":"https:\/\/www.gaveanews.com\/#organization"}},{"@type":"WebPage","@id":"https:\/\/www.gaveanews.com\/index.php\/2025\/10\/28\/relembre-como-foi-a-ultima-partida-do-flamengo-no-estadio-do-racing\/","url":"https:\/\/www.gaveanews.com\/index.php\/2025\/10\/28\/relembre-como-foi-a-ultima-partida-do-flamengo-no-estadio-do-racing\/","name":"Relembre como foi a \u00faltima partida do Flamengo no est\u00e1dio do Racing","isPartOf":{"@id":"https:\/\/www.gaveanews.com\/#website"},"primaryImageOfPage":{"@id":"https:\/\/www.gaveanews.com\/index.php\/2025\/10\/28\/relembre-como-foi-a-ultima-partida-do-flamengo-no-estadio-do-racing\/#primaryimage"},"image":{"@id":"https:\/\/www.gaveanews.com\/index.php\/2025\/10\/28\/relembre-como-foi-a-ultima-partida-do-flamengo-no-estadio-do-racing\/#primaryimage"},"thumbnailUrl":"https:\/\/www.gaveanews.com\/wp-content\/uploads\/escudo-do-Racing.png","datePublished":"2025-10-28T14:00:00+00:00","dateModified":"2025-10-28T14:01:59+00:00","author":{"@id":"https:\/\/www.gaveanews.com\/#\/schema\/person\/c88645e3d550d0b6574305e67dd5a716"},"breadcrumb":{"@id":"https:\/\/www.gaveanews.com\/index.php\/2025\/10\/28\/relembre-como-foi-a-ultima-partida-do-flamengo-no-estadio-do-racing\/#breadcrumb"},"inLanguage":"pt-BR","potentialAction":[{"@type":"ReadAction","target":["https:\/\/www.gaveanews.com\/index.php\/2025\/10\/28\/relembre-como-foi-a-ultima-partida-do-flamengo-no-estadio-do-racing\/"]}]},{"@type":"ImageObject","inLanguage":"pt-BR","@id":"https:\/\/www.gaveanews.com\/index.php\/2025\/10\/28\/relembre-como-foi-a-ultima-partida-do-flamengo-no-estadio-do-racing\/#primaryimage","url":"https:\/\/www.gaveanews.com\/wp-content\/uploads\/escudo-do-Racing.png","contentUrl":"https:\/\/www.gaveanews.com\/wp-content\/uploads\/escudo-do-Racing.png","width":1200,"height":900,"caption":"escudo do Racing (Foto: Reprodu\u00e7\u00e3o\/Instagram Racing)"},{"@type":"BreadcrumbList","@id":"https:\/\/www.gaveanews.com\/index.php\/2025\/10\/28\/relembre-como-foi-a-ultima-partida-do-flamengo-no-estadio-do-racing\/#breadcrumb","itemListElement":[{"@type":"ListItem","position":1,"name":"Home","item":"https:\/\/www.gaveanews.com\/"},{"@type":"ListItem","position":2,"name":"Relembre como foi a \u00faltima partida do Flamengo no est\u00e1dio do Racing"}]},{"@type":"WebSite","@id":"https:\/\/www.gaveanews.com\/#website","url":"https:\/\/www.gaveanews.com\/","name":"G\u00e1vea News","description":"Veja todas as not\u00edcias sobre o Flamengo: Contrata\u00e7\u00f5es, categorias de base, resultados das partidas, tabela de classifica\u00e7\u00e3o, pr\u00f3ximos jogos!","potentialAction":[{"@type":"SearchAction","target":{"@type":"EntryPoint","urlTemplate":"https:\/\/www.gaveanews.com\/?s={search_term_string}"},"query-input":{"@type":"PropertyValueSpecification","valueRequired":true,"valueName":"search_term_string"}}],"inLanguage":"pt-BR"},{"@type":"Person","@id":"https:\/\/www.gaveanews.com\/#\/schema\/person\/c88645e3d550d0b6574305e67dd5a716","name":"Reda\u00e7\u00e3o","image":{"@type":"ImageObject","inLanguage":"pt-BR","@id":"https:\/\/www.gaveanews.com\/#\/schema\/person\/image\/","url":"https:\/\/secure.gravatar.com\/avatar\/434098fd823f0dc1b062d14ca22bacaa6e38de28d8c816bbef6fc2f8c44d8ba3?s=96&d=mm&r=g","contentUrl":"https:\/\/secure.gravatar.com\/avatar\/434098fd823f0dc1b062d14ca22bacaa6e38de28d8c816bbef6fc2f8c44d8ba3?s=96&d=mm&r=g","caption":"Reda\u00e7\u00e3o"}}]}},"_links":{"self":[{"href":"https:\/\/www.gaveanews.com\/index.php\/wp-json\/wp\/v2\/posts\/279422","targetHints":{"allow":["GET"]}}],"collection":[{"href":"https:\/\/www.gaveanews.com\/index.php\/wp-json\/wp\/v2\/posts"}],"about":[{"href":"https:\/\/www.gaveanews.com\/index.php\/wp-json\/wp\/v2\/types\/post"}],"author":[{"embeddable":true,"href":"https:\/\/www.gaveanews.com\/index.php\/wp-json\/wp\/v2\/users\/39"}],"replies":[{"embeddable":true,"href":"https:\/\/www.gaveanews.com\/index.php\/wp-json\/wp\/v2\/comments?post=279422"}],"version-history":[{"count":1,"href":"https:\/\/www.gaveanews.com\/index.php\/wp-json\/wp\/v2\/posts\/279422\/revisions"}],"predecessor-version":[{"id":279439,"href":"https:\/\/www.gaveanews.com\/index.php\/wp-json\/wp\/v2\/posts\/279422\/revisions\/279439"}],"wp:featuredmedia":[{"embeddable":true,"href":"https:\/\/www.gaveanews.com\/index.php\/wp-json\/wp\/v2\/media\/277238"}],"wp:attachment":[{"href":"https:\/\/www.gaveanews.com\/index.php\/wp-json\/wp\/v2\/media?parent=279422"}],"wp:term":[{"taxonomy":"category","embeddable":true,"href":"https:\/\/www.gaveanews.com\/index.php\/wp-json\/wp\/v2\/categories?post=279422"},{"taxonomy":"post_tag","embeddable":true,"href":"https:\/\/www.gaveanews.com\/index.php\/wp-json\/wp\/v2\/tags?post=279422"}],"curies":[{"name":"wp","href":"https:\/\/api.w.org\/{rel}","templated":true}]}}