{"id":279423,"date":"2025-10-28T11:10:00","date_gmt":"2025-10-28T14:10:00","guid":{"rendered":"https:\/\/www.gaveanews.com\/?p=279423"},"modified":"2025-10-28T11:15:49","modified_gmt":"2025-10-28T14:15:49","slug":"a-declaracao-de-carrascal-antes-de-flamengo-x-racing","status":"publish","type":"post","link":"https:\/\/www.gaveanews.com\/index.php\/2025\/10\/28\/a-declaracao-de-carrascal-antes-de-flamengo-x-racing\/","title":{"rendered":"A declara\u00e7\u00e3o de Carrascal antes de Flamengo x Racing"},"content":{"rendered":"\n<p>Jorge Carrascal demonstrou confian\u00e7a ao projetar o confronto decisivo entre <a href=\"https:\/\/www.gaveanews.com\/index.php\/category\/brasileirao\/flamengo\/#google_vignette\" target=\"_blank\" rel=\"noreferrer noopener\">Flamengo <\/a>e Racing, pela volta da semifinal da Libertadores. Em entrevista \u00e0 <em>FlamengoTV<\/em>, o meio-campista refor\u00e7ou a import\u00e2ncia da entrega coletiva no duelo que define vaga na final do torneio continental.<\/p>\n\n\n\n<p>&#8220;Os jogadores v\u00e3o muito motivados, com muitas expectativas, com vontade de vencer. Sabemos que vai ser uma partida dif\u00edcil, contra um grande advers\u00e1rio. Espero que todos tenhamos energia para buscar o resultado&#8221;, afirmou o colombiano.<\/p>\n\n\n\n<p>Na primeira partida, disputada na quarta-feira (22), no Maracan\u00e3, Carrascal teve papel determinante. O jogador marcou o \u00fanico gol da vit\u00f3ria rubro-negra por 1 a 0, aos 43&#8242; do segundo tempo, ap\u00f3s aproveitar o rebote da finaliza\u00e7\u00e3o desperdi\u00e7ada de Bruno Henrique.<\/p>\n\n\n\n<p>Com o resultado, o Flamengo chega ao jogo de volta com a vantagem do empate. Caso o Racing ven\u00e7a por um gol de diferen\u00e7a, a defini\u00e7\u00e3o da vaga ser\u00e1 nos p\u00eanaltis.<\/p>\n\n\n\n<figure class=\"wp-block-image size-large\"><img loading=\"lazy\" decoding=\"async\" width=\"1024\" height=\"768\" src=\"http:\/\/www.gaveanews.com\/wp-content\/uploads\/Jorge-Carrascal-marca-primeiro-gol-pelo-Flamengo-1024x768.jpg\" alt=\"\" class=\"wp-image-277223\" srcset=\"https:\/\/www.gaveanews.com\/wp-content\/uploads\/Jorge-Carrascal-marca-primeiro-gol-pelo-Flamengo-1024x768.jpg 1024w, https:\/\/www.gaveanews.com\/wp-content\/uploads\/Jorge-Carrascal-marca-primeiro-gol-pelo-Flamengo-300x225.jpg 300w, https:\/\/www.gaveanews.com\/wp-content\/uploads\/Jorge-Carrascal-marca-primeiro-gol-pelo-Flamengo-768x576.jpg 768w, https:\/\/www.gaveanews.com\/wp-content\/uploads\/Jorge-Carrascal-marca-primeiro-gol-pelo-Flamengo-560x420.jpg 560w, https:\/\/www.gaveanews.com\/wp-content\/uploads\/Jorge-Carrascal-marca-primeiro-gol-pelo-Flamengo-1120x840.jpg 1120w, https:\/\/www.gaveanews.com\/wp-content\/uploads\/Jorge-Carrascal-marca-primeiro-gol-pelo-Flamengo-80x60.jpg 80w, https:\/\/www.gaveanews.com\/wp-content\/uploads\/Jorge-Carrascal-marca-primeiro-gol-pelo-Flamengo-160x120.jpg 160w, https:\/\/www.gaveanews.com\/wp-content\/uploads\/Jorge-Carrascal-marca-primeiro-gol-pelo-Flamengo-100x75.jpg 100w, https:\/\/www.gaveanews.com\/wp-content\/uploads\/Jorge-Carrascal-marca-primeiro-gol-pelo-Flamengo-200x150.jpg 200w, https:\/\/www.gaveanews.com\/wp-content\/uploads\/Jorge-Carrascal-marca-primeiro-gol-pelo-Flamengo-180x135.jpg 180w, https:\/\/www.gaveanews.com\/wp-content\/uploads\/Jorge-Carrascal-marca-primeiro-gol-pelo-Flamengo-360x270.jpg 360w, https:\/\/www.gaveanews.com\/wp-content\/uploads\/Jorge-Carrascal-marca-primeiro-gol-pelo-Flamengo-238x178.jpg 238w, https:\/\/www.gaveanews.com\/wp-content\/uploads\/Jorge-Carrascal-marca-primeiro-gol-pelo-Flamengo-476x356.jpg 476w, https:\/\/www.gaveanews.com\/wp-content\/uploads\/Jorge-Carrascal-marca-primeiro-gol-pelo-Flamengo-640x480.jpg 640w, https:\/\/www.gaveanews.com\/wp-content\/uploads\/Jorge-Carrascal-marca-primeiro-gol-pelo-Flamengo-681x511.jpg 681w, https:\/\/www.gaveanews.com\/wp-content\/uploads\/Jorge-Carrascal-marca-primeiro-gol-pelo-Flamengo.jpg 1280w\" sizes=\"auto, (max-width: 1024px) 100vw, 1024px\" \/><figcaption class=\"wp-element-caption\">Jorge Carrascal marca primeiro gol pelo Flamengo (Foto: Gilvan de Souz\/CRF)<\/figcaption><\/figure>\n\n\n\n<p><strong>Situa\u00e7\u00e3o atual do elenco rubro-negro<\/strong><\/p>\n\n\n\n<p>O treinador Filipe Lu\u00eds contar\u00e1 com Carrascal novamente como pe\u00e7a importante no meio-campo. Contudo, o t\u00e9cnico ter\u00e1 uma baixa de peso: Pedro est\u00e1 fora do confronto ap\u00f3s sofrer fratura no antebra\u00e7o durante a partida de ida, tamb\u00e9m no Maracan\u00e3.<\/p>\n\n\n\n<p><strong>Data, hor\u00e1rio e local do confronto<\/strong><\/p>\n\n\n\n<p>Flamengo e Racing voltam a se enfrentar nesta quarta-feira (29), \u00e0s 21h30 (hor\u00e1rio de Bras\u00edlia), no Est\u00e1dio Presidente Per\u00f3n, em Avellaneda, conhecido como El Cilindro. <\/p>\n\n\n\n<p>O jogo ter\u00e1 transmiss\u00e3o ao vivo pela TV Globo, logo ap\u00f3s a exibi\u00e7\u00e3o da novela <em>Tr\u00eas Gra\u00e7as<\/em>, com narra\u00e7\u00e3o de Luis Roberto e coment\u00e1rios de Junior e Roger Flores.<\/p>\n\n\n\n<p><strong>Arbitragem definida para o duelo<\/strong><\/p>\n\n\n\n<p>A Conmebol escalou o chileno Piero Maza como \u00e1rbitro principal da partida. Os assistentes ser\u00e3o Cl\u00e1udio Urrutia e Jos\u00e9 Retamal, tamb\u00e9m do Chile. <\/p>\n\n\n\n<p>A an\u00e1lise de v\u00eddeo ficar\u00e1 sob responsabilidade de Juan Lara, igualmente chileno.<\/p>\n\n\n\n<p><strong>Expectativa por mais um confronto equilibrado<\/strong><\/p>\n\n\n\n<p>Flamengo e Racing j\u00e1 protagonizaram confrontos acirrados em edi\u00e7\u00f5es passadas da Libertadores. Agora, com a vantagem no placar agregado, o time brasileiro tenta confirmar a classifica\u00e7\u00e3o diante da torcida advers\u00e1ria e garantir lugar na final do torneio sul-americano.<\/p>\n","protected":false},"excerpt":{"rendered":"<p>Jorge Carrascal demonstrou confian\u00e7a ao projetar o confronto decisivo entre Flamengo e Racing, pela volta da semifinal da Libertadores. Em entrevista \u00e0 FlamengoTV, o meio-campista refor\u00e7ou a import\u00e2ncia da entrega coletiva no duelo que define vaga na final do torneio continental. &#8220;Os jogadores v\u00e3o muito motivados, com muitas expectativas, com vontade de vencer. Sabemos que [&hellip;]<\/p>\n","protected":false},"author":39,"featured_media":277220,"comment_status":"open","ping_status":"closed","sticky":false,"template":"","format":"standard","meta":{"footnotes":""},"categories":[1],"tags":[],"class_list":["post-279423","post","type-post","status-publish","format-standard","has-post-thumbnail","hentry","category-flamengo"],"yoast_head":"<!-- This site is optimized with the Yoast SEO Premium plugin v24.2 (Yoast SEO v26.9) - https:\/\/yoast.com\/product\/yoast-seo-premium-wordpress\/ -->\n<title>A declara\u00e7\u00e3o de Carrascal antes de Flamengo x Racing<\/title>\n<meta name=\"robots\" content=\"index, follow, max-snippet:-1, max-image-preview:large, max-video-preview:-1\" \/>\n<link rel=\"canonical\" href=\"https:\/\/www.gaveanews.com\/index.php\/2025\/10\/28\/a-declaracao-de-carrascal-antes-de-flamengo-x-racing\/\" \/>\n<meta property=\"og:locale\" content=\"pt_BR\" \/>\n<meta property=\"og:type\" content=\"article\" \/>\n<meta property=\"og:title\" content=\"A declara\u00e7\u00e3o de Carrascal antes de Flamengo x Racing\" \/>\n<meta property=\"og:description\" content=\"Jorge Carrascal demonstrou confian\u00e7a ao projetar o confronto decisivo entre Flamengo e Racing, pela volta da semifinal da Libertadores. Em entrevista \u00e0 FlamengoTV, o meio-campista refor\u00e7ou a import\u00e2ncia da entrega coletiva no duelo que define vaga na final do torneio continental. &#8220;Os jogadores v\u00e3o muito motivados, com muitas expectativas, com vontade de vencer. Sabemos que [&hellip;]\" \/>\n<meta property=\"og:url\" content=\"https:\/\/www.gaveanews.com\/index.php\/2025\/10\/28\/a-declaracao-de-carrascal-antes-de-flamengo-x-racing\/\" \/>\n<meta property=\"og:site_name\" content=\"G\u00e1vea News\" \/>\n<meta property=\"article:publisher\" content=\"https:\/\/facebook.com\/gaveaNews\/\" \/>\n<meta property=\"article:published_time\" content=\"2025-10-28T14:10:00+00:00\" \/>\n<meta property=\"article:modified_time\" content=\"2025-10-28T14:15:49+00:00\" \/>\n<meta property=\"og:image\" content=\"http:\/\/www.gaveanews.com\/wp-content\/uploads\/Jorge-Carrascal.jpg\" \/>\n\t<meta property=\"og:image:width\" content=\"1280\" \/>\n\t<meta property=\"og:image:height\" content=\"960\" \/>\n\t<meta property=\"og:image:type\" content=\"image\/jpeg\" \/>\n<meta name=\"author\" content=\"Reda\u00e7\u00e3o\" \/>\n<meta name=\"twitter:card\" content=\"summary_large_image\" \/>\n<meta name=\"twitter:label1\" content=\"Escrito por\" \/>\n\t<meta name=\"twitter:data1\" content=\"Reda\u00e7\u00e3o\" \/>\n\t<meta name=\"twitter:label2\" content=\"Est. tempo de leitura\" \/>\n\t<meta name=\"twitter:data2\" content=\"3 minutos\" \/>\n<script type=\"application\/ld+json\" class=\"yoast-schema-graph\">{\"@context\":\"https:\/\/schema.org\",\"@graph\":[{\"@type\":\"NewsArticle\",\"@id\":\"https:\/\/www.gaveanews.com\/index.php\/2025\/10\/28\/a-declaracao-de-carrascal-antes-de-flamengo-x-racing\/#article\",\"isPartOf\":{\"@id\":\"https:\/\/www.gaveanews.com\/index.php\/2025\/10\/28\/a-declaracao-de-carrascal-antes-de-flamengo-x-racing\/\"},\"author\":{\"name\":\"Reda\u00e7\u00e3o\",\"@id\":\"https:\/\/www.gaveanews.com\/#\/schema\/person\/c88645e3d550d0b6574305e67dd5a716\"},\"headline\":\"A declara\u00e7\u00e3o de Carrascal antes de Flamengo x Racing\",\"datePublished\":\"2025-10-28T14:10:00+00:00\",\"dateModified\":\"2025-10-28T14:15:49+00:00\",\"mainEntityOfPage\":{\"@id\":\"https:\/\/www.gaveanews.com\/index.php\/2025\/10\/28\/a-declaracao-de-carrascal-antes-de-flamengo-x-racing\/\"},\"wordCount\":393,\"commentCount\":0,\"image\":{\"@id\":\"https:\/\/www.gaveanews.com\/index.php\/2025\/10\/28\/a-declaracao-de-carrascal-antes-de-flamengo-x-racing\/#primaryimage\"},\"thumbnailUrl\":\"https:\/\/www.gaveanews.com\/wp-content\/uploads\/Jorge-Carrascal.jpg\",\"articleSection\":[\"Flamengo\"],\"inLanguage\":\"pt-BR\",\"potentialAction\":[{\"@type\":\"CommentAction\",\"name\":\"Comment\",\"target\":[\"https:\/\/www.gaveanews.com\/index.php\/2025\/10\/28\/a-declaracao-de-carrascal-antes-de-flamengo-x-racing\/#respond\"]}],\"copyrightYear\":\"2025\",\"copyrightHolder\":{\"@id\":\"https:\/\/www.gaveanews.com\/#organization\"}},{\"@type\":\"WebPage\",\"@id\":\"https:\/\/www.gaveanews.com\/index.php\/2025\/10\/28\/a-declaracao-de-carrascal-antes-de-flamengo-x-racing\/\",\"url\":\"https:\/\/www.gaveanews.com\/index.php\/2025\/10\/28\/a-declaracao-de-carrascal-antes-de-flamengo-x-racing\/\",\"name\":\"A declara\u00e7\u00e3o de Carrascal antes de Flamengo x Racing\",\"isPartOf\":{\"@id\":\"https:\/\/www.gaveanews.com\/#website\"},\"primaryImageOfPage\":{\"@id\":\"https:\/\/www.gaveanews.com\/index.php\/2025\/10\/28\/a-declaracao-de-carrascal-antes-de-flamengo-x-racing\/#primaryimage\"},\"image\":{\"@id\":\"https:\/\/www.gaveanews.com\/index.php\/2025\/10\/28\/a-declaracao-de-carrascal-antes-de-flamengo-x-racing\/#primaryimage\"},\"thumbnailUrl\":\"https:\/\/www.gaveanews.com\/wp-content\/uploads\/Jorge-Carrascal.jpg\",\"datePublished\":\"2025-10-28T14:10:00+00:00\",\"dateModified\":\"2025-10-28T14:15:49+00:00\",\"author\":{\"@id\":\"https:\/\/www.gaveanews.com\/#\/schema\/person\/c88645e3d550d0b6574305e67dd5a716\"},\"breadcrumb\":{\"@id\":\"https:\/\/www.gaveanews.com\/index.php\/2025\/10\/28\/a-declaracao-de-carrascal-antes-de-flamengo-x-racing\/#breadcrumb\"},\"inLanguage\":\"pt-BR\",\"potentialAction\":[{\"@type\":\"ReadAction\",\"target\":[\"https:\/\/www.gaveanews.com\/index.php\/2025\/10\/28\/a-declaracao-de-carrascal-antes-de-flamengo-x-racing\/\"]}]},{\"@type\":\"ImageObject\",\"inLanguage\":\"pt-BR\",\"@id\":\"https:\/\/www.gaveanews.com\/index.php\/2025\/10\/28\/a-declaracao-de-carrascal-antes-de-flamengo-x-racing\/#primaryimage\",\"url\":\"https:\/\/www.gaveanews.com\/wp-content\/uploads\/Jorge-Carrascal.jpg\",\"contentUrl\":\"https:\/\/www.gaveanews.com\/wp-content\/uploads\/Jorge-Carrascal.jpg\",\"width\":1280,\"height\":960,\"caption\":\"Jorge Carrascal em viagem com a delega\u00e7\u00e3o (Foto: Gilvan de Souza\/Flamengo)\"},{\"@type\":\"BreadcrumbList\",\"@id\":\"https:\/\/www.gaveanews.com\/index.php\/2025\/10\/28\/a-declaracao-de-carrascal-antes-de-flamengo-x-racing\/#breadcrumb\",\"itemListElement\":[{\"@type\":\"ListItem\",\"position\":1,\"name\":\"Home\",\"item\":\"https:\/\/www.gaveanews.com\/\"},{\"@type\":\"ListItem\",\"position\":2,\"name\":\"A declara\u00e7\u00e3o de Carrascal antes de Flamengo x Racing\"}]},{\"@type\":\"WebSite\",\"@id\":\"https:\/\/www.gaveanews.com\/#website\",\"url\":\"https:\/\/www.gaveanews.com\/\",\"name\":\"G\u00e1vea News\",\"description\":\"Veja todas as not\u00edcias sobre o Flamengo: Contrata\u00e7\u00f5es, categorias de base, resultados das partidas, tabela de classifica\u00e7\u00e3o, pr\u00f3ximos jogos!\",\"potentialAction\":[{\"@type\":\"SearchAction\",\"target\":{\"@type\":\"EntryPoint\",\"urlTemplate\":\"https:\/\/www.gaveanews.com\/?s={search_term_string}\"},\"query-input\":{\"@type\":\"PropertyValueSpecification\",\"valueRequired\":true,\"valueName\":\"search_term_string\"}}],\"inLanguage\":\"pt-BR\"},{\"@type\":\"Person\",\"@id\":\"https:\/\/www.gaveanews.com\/#\/schema\/person\/c88645e3d550d0b6574305e67dd5a716\",\"name\":\"Reda\u00e7\u00e3o\",\"image\":{\"@type\":\"ImageObject\",\"inLanguage\":\"pt-BR\",\"@id\":\"https:\/\/www.gaveanews.com\/#\/schema\/person\/image\/\",\"url\":\"https:\/\/secure.gravatar.com\/avatar\/434098fd823f0dc1b062d14ca22bacaa6e38de28d8c816bbef6fc2f8c44d8ba3?s=96&d=mm&r=g\",\"contentUrl\":\"https:\/\/secure.gravatar.com\/avatar\/434098fd823f0dc1b062d14ca22bacaa6e38de28d8c816bbef6fc2f8c44d8ba3?s=96&d=mm&r=g\",\"caption\":\"Reda\u00e7\u00e3o\"}}]}<\/script>\n<!-- \/ Yoast SEO Premium plugin. -->","yoast_head_json":{"title":"A declara\u00e7\u00e3o de Carrascal antes de Flamengo x Racing","robots":{"index":"index","follow":"follow","max-snippet":"max-snippet:-1","max-image-preview":"max-image-preview:large","max-video-preview":"max-video-preview:-1"},"canonical":"https:\/\/www.gaveanews.com\/index.php\/2025\/10\/28\/a-declaracao-de-carrascal-antes-de-flamengo-x-racing\/","og_locale":"pt_BR","og_type":"article","og_title":"A declara\u00e7\u00e3o de Carrascal antes de Flamengo x Racing","og_description":"Jorge Carrascal demonstrou confian\u00e7a ao projetar o confronto decisivo entre Flamengo e Racing, pela volta da semifinal da Libertadores. Em entrevista \u00e0 FlamengoTV, o meio-campista refor\u00e7ou a import\u00e2ncia da entrega coletiva no duelo que define vaga na final do torneio continental. &#8220;Os jogadores v\u00e3o muito motivados, com muitas expectativas, com vontade de vencer. Sabemos que [&hellip;]","og_url":"https:\/\/www.gaveanews.com\/index.php\/2025\/10\/28\/a-declaracao-de-carrascal-antes-de-flamengo-x-racing\/","og_site_name":"G\u00e1vea News","article_publisher":"https:\/\/facebook.com\/gaveaNews\/","article_published_time":"2025-10-28T14:10:00+00:00","article_modified_time":"2025-10-28T14:15:49+00:00","og_image":[{"width":1280,"height":960,"url":"http:\/\/www.gaveanews.com\/wp-content\/uploads\/Jorge-Carrascal.jpg","type":"image\/jpeg"}],"author":"Reda\u00e7\u00e3o","twitter_card":"summary_large_image","twitter_misc":{"Escrito por":"Reda\u00e7\u00e3o","Est. tempo de leitura":"3 minutos"},"schema":{"@context":"https:\/\/schema.org","@graph":[{"@type":"NewsArticle","@id":"https:\/\/www.gaveanews.com\/index.php\/2025\/10\/28\/a-declaracao-de-carrascal-antes-de-flamengo-x-racing\/#article","isPartOf":{"@id":"https:\/\/www.gaveanews.com\/index.php\/2025\/10\/28\/a-declaracao-de-carrascal-antes-de-flamengo-x-racing\/"},"author":{"name":"Reda\u00e7\u00e3o","@id":"https:\/\/www.gaveanews.com\/#\/schema\/person\/c88645e3d550d0b6574305e67dd5a716"},"headline":"A declara\u00e7\u00e3o de Carrascal antes de Flamengo x Racing","datePublished":"2025-10-28T14:10:00+00:00","dateModified":"2025-10-28T14:15:49+00:00","mainEntityOfPage":{"@id":"https:\/\/www.gaveanews.com\/index.php\/2025\/10\/28\/a-declaracao-de-carrascal-antes-de-flamengo-x-racing\/"},"wordCount":393,"commentCount":0,"image":{"@id":"https:\/\/www.gaveanews.com\/index.php\/2025\/10\/28\/a-declaracao-de-carrascal-antes-de-flamengo-x-racing\/#primaryimage"},"thumbnailUrl":"https:\/\/www.gaveanews.com\/wp-content\/uploads\/Jorge-Carrascal.jpg","articleSection":["Flamengo"],"inLanguage":"pt-BR","potentialAction":[{"@type":"CommentAction","name":"Comment","target":["https:\/\/www.gaveanews.com\/index.php\/2025\/10\/28\/a-declaracao-de-carrascal-antes-de-flamengo-x-racing\/#respond"]}],"copyrightYear":"2025","copyrightHolder":{"@id":"https:\/\/www.gaveanews.com\/#organization"}},{"@type":"WebPage","@id":"https:\/\/www.gaveanews.com\/index.php\/2025\/10\/28\/a-declaracao-de-carrascal-antes-de-flamengo-x-racing\/","url":"https:\/\/www.gaveanews.com\/index.php\/2025\/10\/28\/a-declaracao-de-carrascal-antes-de-flamengo-x-racing\/","name":"A declara\u00e7\u00e3o de Carrascal antes de Flamengo x Racing","isPartOf":{"@id":"https:\/\/www.gaveanews.com\/#website"},"primaryImageOfPage":{"@id":"https:\/\/www.gaveanews.com\/index.php\/2025\/10\/28\/a-declaracao-de-carrascal-antes-de-flamengo-x-racing\/#primaryimage"},"image":{"@id":"https:\/\/www.gaveanews.com\/index.php\/2025\/10\/28\/a-declaracao-de-carrascal-antes-de-flamengo-x-racing\/#primaryimage"},"thumbnailUrl":"https:\/\/www.gaveanews.com\/wp-content\/uploads\/Jorge-Carrascal.jpg","datePublished":"2025-10-28T14:10:00+00:00","dateModified":"2025-10-28T14:15:49+00:00","author":{"@id":"https:\/\/www.gaveanews.com\/#\/schema\/person\/c88645e3d550d0b6574305e67dd5a716"},"breadcrumb":{"@id":"https:\/\/www.gaveanews.com\/index.php\/2025\/10\/28\/a-declaracao-de-carrascal-antes-de-flamengo-x-racing\/#breadcrumb"},"inLanguage":"pt-BR","potentialAction":[{"@type":"ReadAction","target":["https:\/\/www.gaveanews.com\/index.php\/2025\/10\/28\/a-declaracao-de-carrascal-antes-de-flamengo-x-racing\/"]}]},{"@type":"ImageObject","inLanguage":"pt-BR","@id":"https:\/\/www.gaveanews.com\/index.php\/2025\/10\/28\/a-declaracao-de-carrascal-antes-de-flamengo-x-racing\/#primaryimage","url":"https:\/\/www.gaveanews.com\/wp-content\/uploads\/Jorge-Carrascal.jpg","contentUrl":"https:\/\/www.gaveanews.com\/wp-content\/uploads\/Jorge-Carrascal.jpg","width":1280,"height":960,"caption":"Jorge Carrascal em viagem com a delega\u00e7\u00e3o (Foto: Gilvan de Souza\/Flamengo)"},{"@type":"BreadcrumbList","@id":"https:\/\/www.gaveanews.com\/index.php\/2025\/10\/28\/a-declaracao-de-carrascal-antes-de-flamengo-x-racing\/#breadcrumb","itemListElement":[{"@type":"ListItem","position":1,"name":"Home","item":"https:\/\/www.gaveanews.com\/"},{"@type":"ListItem","position":2,"name":"A declara\u00e7\u00e3o de Carrascal antes de Flamengo x Racing"}]},{"@type":"WebSite","@id":"https:\/\/www.gaveanews.com\/#website","url":"https:\/\/www.gaveanews.com\/","name":"G\u00e1vea News","description":"Veja todas as not\u00edcias sobre o Flamengo: Contrata\u00e7\u00f5es, categorias de base, resultados das partidas, tabela de classifica\u00e7\u00e3o, pr\u00f3ximos jogos!","potentialAction":[{"@type":"SearchAction","target":{"@type":"EntryPoint","urlTemplate":"https:\/\/www.gaveanews.com\/?s={search_term_string}"},"query-input":{"@type":"PropertyValueSpecification","valueRequired":true,"valueName":"search_term_string"}}],"inLanguage":"pt-BR"},{"@type":"Person","@id":"https:\/\/www.gaveanews.com\/#\/schema\/person\/c88645e3d550d0b6574305e67dd5a716","name":"Reda\u00e7\u00e3o","image":{"@type":"ImageObject","inLanguage":"pt-BR","@id":"https:\/\/www.gaveanews.com\/#\/schema\/person\/image\/","url":"https:\/\/secure.gravatar.com\/avatar\/434098fd823f0dc1b062d14ca22bacaa6e38de28d8c816bbef6fc2f8c44d8ba3?s=96&d=mm&r=g","contentUrl":"https:\/\/secure.gravatar.com\/avatar\/434098fd823f0dc1b062d14ca22bacaa6e38de28d8c816bbef6fc2f8c44d8ba3?s=96&d=mm&r=g","caption":"Reda\u00e7\u00e3o"}}]}},"_links":{"self":[{"href":"https:\/\/www.gaveanews.com\/index.php\/wp-json\/wp\/v2\/posts\/279423","targetHints":{"allow":["GET"]}}],"collection":[{"href":"https:\/\/www.gaveanews.com\/index.php\/wp-json\/wp\/v2\/posts"}],"about":[{"href":"https:\/\/www.gaveanews.com\/index.php\/wp-json\/wp\/v2\/types\/post"}],"author":[{"embeddable":true,"href":"https:\/\/www.gaveanews.com\/index.php\/wp-json\/wp\/v2\/users\/39"}],"replies":[{"embeddable":true,"href":"https:\/\/www.gaveanews.com\/index.php\/wp-json\/wp\/v2\/comments?post=279423"}],"version-history":[{"count":2,"href":"https:\/\/www.gaveanews.com\/index.php\/wp-json\/wp\/v2\/posts\/279423\/revisions"}],"predecessor-version":[{"id":279442,"href":"https:\/\/www.gaveanews.com\/index.php\/wp-json\/wp\/v2\/posts\/279423\/revisions\/279442"}],"wp:featuredmedia":[{"embeddable":true,"href":"https:\/\/www.gaveanews.com\/index.php\/wp-json\/wp\/v2\/media\/277220"}],"wp:attachment":[{"href":"https:\/\/www.gaveanews.com\/index.php\/wp-json\/wp\/v2\/media?parent=279423"}],"wp:term":[{"taxonomy":"category","embeddable":true,"href":"https:\/\/www.gaveanews.com\/index.php\/wp-json\/wp\/v2\/categories?post=279423"},{"taxonomy":"post_tag","embeddable":true,"href":"https:\/\/www.gaveanews.com\/index.php\/wp-json\/wp\/v2\/tags?post=279423"}],"curies":[{"name":"wp","href":"https:\/\/api.w.org\/{rel}","templated":true}]}}