{"id":279424,"date":"2025-10-28T11:20:00","date_gmt":"2025-10-28T14:20:00","guid":{"rendered":"https:\/\/www.gaveanews.com\/?p=279424"},"modified":"2025-10-28T11:21:16","modified_gmt":"2025-10-28T14:21:16","slug":"danilo-do-flamengo-volta-a-ser-alvo-de-criticas-da-imprensa","status":"publish","type":"post","link":"https:\/\/www.gaveanews.com\/index.php\/2025\/10\/28\/danilo-do-flamengo-volta-a-ser-alvo-de-criticas-da-imprensa\/","title":{"rendered":"Danilo, do Flamengo, volta a ser alvo de cr\u00edticas da imprensa"},"content":{"rendered":"\n<p>Durante o <em data-start=\"130\" data-end=\"143\">Sportv News<\/em> desta ter\u00e7a-feira (28), o comentarista Andr\u00e9 Loffredo analisou o momento defensivo do <a href=\"https:\/\/www.gaveanews.com\/index.php\/category\/brasileirao\/flamengo\/#google_vignette\" target=\"_blank\" rel=\"noopener\">Flamengo<\/a> e questionou o desempenho de Danilo como zagueiro. Para o jornalista, a aus\u00eancia de L\u00e9o Ortiz provoca uma queda consider\u00e1vel de rendimento no setor.<\/p>\n\n\n\n<p>&#8220;N\u00edvel da zaga cai muito sem o L\u00e9o Ortiz e com o Danilo&#8221;, afirmou Loffredo, ao comparar a performance do setor defensivo com e sem o titular habitual.<\/p>\n\n\n\n<p>O comentarista baseou sua avalia\u00e7\u00e3o na transi\u00e7\u00e3o de fun\u00e7\u00e3o feita por Danilo, que atuou a maior parte da carreira como lateral-direito. Conforme destacou, a mudan\u00e7a para a zaga exige mais do que apenas conhecimento b\u00e1sico da posi\u00e7\u00e3o, pois envolve adapta\u00e7\u00e3o ao ritmo e \u00e0 din\u00e2mica do setor.<\/p>\n\n\n\n<p>&#8220;Ent\u00e3o, \u00e9 assim, Danilo \u00e9 jogador, jogador de defesa, mas ele era lateral-direita a carreira inteira. A\u00ed \u00e9 um ano \u00fanico que ele vai para a zaga, \u00e9 diferente. Vai jogar de um modo diferente, vai ter um tempo diferente&#8221;, explicou Loffredo.<\/p>\n\n\n\n<figure class=\"wp-block-image size-full\"><img loading=\"lazy\" decoding=\"async\" width=\"1200\" height=\"800\" src=\"http:\/\/www.gaveanews.com\/wp-content\/uploads\/Danilo-balanca-as-redes-pela-primeira-vez-com-a-camisa-do-Flamengo.webp\" alt=\"Danilo balan\u00e7a as redes pela primeira vez com a camisa do Flamengo - Foto: Gilvan de Souza\/Flamengo\" class=\"wp-image-254994\"\/><figcaption class=\"wp-element-caption\">Danilo balan\u00e7a as redes pela primeira vez com a camisa do Flamengo &#8211; Foto: Gilvan de Souza\/Flamengo<\/figcaption><\/figure>\n\n\n\n<p><strong data-start=\"1231\" data-end=\"1278\">Analogia com o jornalismo refor\u00e7a argumento<\/strong><\/p>\n\n\n\n<p>Na tentativa de contextualizar sua opini\u00e3o, Loffredo utilizou uma analogia com o pr\u00f3prio exerc\u00edcio da profiss\u00e3o de comentarista esportivo. Segundo ele, mesmo um profissional experiente pode apresentar dificuldades se for deslocado de sua \u00e1rea de atua\u00e7\u00e3o habitual.<\/p>\n\n\n\n<p>&#8220;N\u00f3s todos aqui somos jornalistas, certo? (&#8230;) Eu tenho uma experi\u00eancia de&#8230; estou aqui sentado comentando h\u00e1 20 anos. Se pedir para eu fazer o que voc\u00ea faz, eu vou conseguir entregar, mas vai ficar bom? (&#8230;) N\u00e3o, n\u00e3o vai ficar. Eu sei, mas n\u00e3o vai ficar bom como deveria, entendeu?&#8221;, comparou.<\/p>\n\n\n\n<p><strong data-start=\"1846\" data-end=\"1874\">Adapta\u00e7\u00e3o ainda em curso<\/strong><\/p>\n\n\n\n<p>O jornalista observou que Danilo passou a atuar como zagueiro apenas nos \u00faltimos anos de sua trajet\u00f3ria na Europa. Para Loffredo, o curto per\u00edodo de experi\u00eancia no setor n\u00e3o tem sido suficiente para atingir mesmo n\u00edvel t\u00e9cnico de quando jogava pelas laterais.<\/p>\n\n\n\n<p>&#8220;E o Danilo tem dois anos, mais ou menos, que \u00e9 zagueiro e n\u00e3o sei, n\u00e9? \u00c9, n\u00e3o entregou no mesmo n\u00edvel que atuando pela lateral&#8221;, concluiu o comentarista.<\/p>\n\n\n\n<p><strong data-start=\"2353\" data-end=\"2393\">Situa\u00e7\u00e3o atual do Flamengo<\/strong><\/p>\n\n\n\n<p>Danilo foi titular nas partidas contra Racing e Fortaleza, ap\u00f3s L\u00e9o Ortiz sofrer uma les\u00e3o na partida diante do Palmeiras. <\/p>\n\n\n\n<p>O camisa 3, no entanto, est\u00e1 recuperado e deve reassumir a titularidade nesta quarta-feira (29), diante do Racing, \u00e0s 21h30 (de Bras\u00edlia), pela volta da semifinal da Libertadores, no Est\u00e1dio Presidente Per\u00f3n, em Avellaneda.<\/p>\n","protected":false},"excerpt":{"rendered":"<p>Durante o Sportv News desta ter\u00e7a-feira (28), o comentarista Andr\u00e9 Loffredo analisou o momento defensivo do Flamengo e questionou o desempenho de Danilo como zagueiro. Para o jornalista, a aus\u00eancia de L\u00e9o Ortiz provoca uma queda consider\u00e1vel de rendimento no setor. &#8220;N\u00edvel da zaga cai muito sem o L\u00e9o Ortiz e com o Danilo&#8221;, afirmou [&hellip;]<\/p>\n","protected":false},"author":39,"featured_media":222093,"comment_status":"open","ping_status":"closed","sticky":false,"template":"","format":"standard","meta":{"footnotes":""},"categories":[1],"tags":[],"class_list":["post-279424","post","type-post","status-publish","format-standard","has-post-thumbnail","hentry","category-flamengo"],"yoast_head":"<!-- This site is optimized with the Yoast SEO Premium plugin v24.2 (Yoast SEO v26.9) - https:\/\/yoast.com\/product\/yoast-seo-premium-wordpress\/ -->\n<title>Danilo, do Flamengo, volta a ser alvo de cr\u00edticas da imprensa<\/title>\n<meta name=\"robots\" content=\"index, follow, max-snippet:-1, max-image-preview:large, max-video-preview:-1\" \/>\n<link rel=\"canonical\" href=\"https:\/\/www.gaveanews.com\/index.php\/2025\/10\/28\/danilo-do-flamengo-volta-a-ser-alvo-de-criticas-da-imprensa\/\" \/>\n<meta property=\"og:locale\" content=\"pt_BR\" \/>\n<meta property=\"og:type\" content=\"article\" \/>\n<meta property=\"og:title\" content=\"Danilo, do Flamengo, volta a ser alvo de cr\u00edticas da imprensa\" \/>\n<meta property=\"og:description\" content=\"Durante o Sportv News desta ter\u00e7a-feira (28), o comentarista Andr\u00e9 Loffredo analisou o momento defensivo do Flamengo e questionou o desempenho de Danilo como zagueiro. Para o jornalista, a aus\u00eancia de L\u00e9o Ortiz provoca uma queda consider\u00e1vel de rendimento no setor. &#8220;N\u00edvel da zaga cai muito sem o L\u00e9o Ortiz e com o Danilo&#8221;, afirmou [&hellip;]\" \/>\n<meta property=\"og:url\" content=\"https:\/\/www.gaveanews.com\/index.php\/2025\/10\/28\/danilo-do-flamengo-volta-a-ser-alvo-de-criticas-da-imprensa\/\" \/>\n<meta property=\"og:site_name\" content=\"G\u00e1vea News\" \/>\n<meta property=\"article:publisher\" content=\"https:\/\/facebook.com\/gaveaNews\/\" \/>\n<meta property=\"article:published_time\" content=\"2025-10-28T14:20:00+00:00\" \/>\n<meta property=\"article:modified_time\" content=\"2025-10-28T14:21:16+00:00\" \/>\n<meta property=\"og:image\" content=\"http:\/\/www.gaveanews.com\/wp-content\/uploads\/Danilo-pelo-Flamengo.webp\" \/>\n\t<meta property=\"og:image:width\" content=\"622\" \/>\n\t<meta property=\"og:image:height\" content=\"519\" \/>\n\t<meta property=\"og:image:type\" content=\"image\/jpeg\" \/>\n<meta name=\"author\" content=\"Reda\u00e7\u00e3o\" \/>\n<meta name=\"twitter:card\" content=\"summary_large_image\" \/>\n<meta name=\"twitter:label1\" content=\"Escrito por\" \/>\n\t<meta name=\"twitter:data1\" content=\"Reda\u00e7\u00e3o\" \/>\n\t<meta name=\"twitter:label2\" content=\"Est. tempo de leitura\" \/>\n\t<meta name=\"twitter:data2\" content=\"3 minutos\" \/>\n<script type=\"application\/ld+json\" class=\"yoast-schema-graph\">{\"@context\":\"https:\/\/schema.org\",\"@graph\":[{\"@type\":\"NewsArticle\",\"@id\":\"https:\/\/www.gaveanews.com\/index.php\/2025\/10\/28\/danilo-do-flamengo-volta-a-ser-alvo-de-criticas-da-imprensa\/#article\",\"isPartOf\":{\"@id\":\"https:\/\/www.gaveanews.com\/index.php\/2025\/10\/28\/danilo-do-flamengo-volta-a-ser-alvo-de-criticas-da-imprensa\/\"},\"author\":{\"name\":\"Reda\u00e7\u00e3o\",\"@id\":\"https:\/\/www.gaveanews.com\/#\/schema\/person\/c88645e3d550d0b6574305e67dd5a716\"},\"headline\":\"Danilo, do Flamengo, volta a ser alvo de cr\u00edticas da imprensa\",\"datePublished\":\"2025-10-28T14:20:00+00:00\",\"dateModified\":\"2025-10-28T14:21:16+00:00\",\"mainEntityOfPage\":{\"@id\":\"https:\/\/www.gaveanews.com\/index.php\/2025\/10\/28\/danilo-do-flamengo-volta-a-ser-alvo-de-criticas-da-imprensa\/\"},\"wordCount\":447,\"commentCount\":0,\"image\":{\"@id\":\"https:\/\/www.gaveanews.com\/index.php\/2025\/10\/28\/danilo-do-flamengo-volta-a-ser-alvo-de-criticas-da-imprensa\/#primaryimage\"},\"thumbnailUrl\":\"https:\/\/www.gaveanews.com\/wp-content\/uploads\/Danilo-pelo-Flamengo.webp\",\"articleSection\":[\"Flamengo\"],\"inLanguage\":\"pt-BR\",\"potentialAction\":[{\"@type\":\"CommentAction\",\"name\":\"Comment\",\"target\":[\"https:\/\/www.gaveanews.com\/index.php\/2025\/10\/28\/danilo-do-flamengo-volta-a-ser-alvo-de-criticas-da-imprensa\/#respond\"]}],\"copyrightYear\":\"2025\",\"copyrightHolder\":{\"@id\":\"https:\/\/www.gaveanews.com\/#organization\"}},{\"@type\":\"WebPage\",\"@id\":\"https:\/\/www.gaveanews.com\/index.php\/2025\/10\/28\/danilo-do-flamengo-volta-a-ser-alvo-de-criticas-da-imprensa\/\",\"url\":\"https:\/\/www.gaveanews.com\/index.php\/2025\/10\/28\/danilo-do-flamengo-volta-a-ser-alvo-de-criticas-da-imprensa\/\",\"name\":\"Danilo, do Flamengo, volta a ser alvo de cr\u00edticas da imprensa\",\"isPartOf\":{\"@id\":\"https:\/\/www.gaveanews.com\/#website\"},\"primaryImageOfPage\":{\"@id\":\"https:\/\/www.gaveanews.com\/index.php\/2025\/10\/28\/danilo-do-flamengo-volta-a-ser-alvo-de-criticas-da-imprensa\/#primaryimage\"},\"image\":{\"@id\":\"https:\/\/www.gaveanews.com\/index.php\/2025\/10\/28\/danilo-do-flamengo-volta-a-ser-alvo-de-criticas-da-imprensa\/#primaryimage\"},\"thumbnailUrl\":\"https:\/\/www.gaveanews.com\/wp-content\/uploads\/Danilo-pelo-Flamengo.webp\",\"datePublished\":\"2025-10-28T14:20:00+00:00\",\"dateModified\":\"2025-10-28T14:21:16+00:00\",\"author\":{\"@id\":\"https:\/\/www.gaveanews.com\/#\/schema\/person\/c88645e3d550d0b6574305e67dd5a716\"},\"breadcrumb\":{\"@id\":\"https:\/\/www.gaveanews.com\/index.php\/2025\/10\/28\/danilo-do-flamengo-volta-a-ser-alvo-de-criticas-da-imprensa\/#breadcrumb\"},\"inLanguage\":\"pt-BR\",\"potentialAction\":[{\"@type\":\"ReadAction\",\"target\":[\"https:\/\/www.gaveanews.com\/index.php\/2025\/10\/28\/danilo-do-flamengo-volta-a-ser-alvo-de-criticas-da-imprensa\/\"]}]},{\"@type\":\"ImageObject\",\"inLanguage\":\"pt-BR\",\"@id\":\"https:\/\/www.gaveanews.com\/index.php\/2025\/10\/28\/danilo-do-flamengo-volta-a-ser-alvo-de-criticas-da-imprensa\/#primaryimage\",\"url\":\"https:\/\/www.gaveanews.com\/wp-content\/uploads\/Danilo-pelo-Flamengo.webp\",\"contentUrl\":\"https:\/\/www.gaveanews.com\/wp-content\/uploads\/Danilo-pelo-Flamengo.webp\",\"width\":622,\"height\":519,\"caption\":\"Danilo pelo Flamengo (Foto: Divulga\u00e7\u00e3o\/Flamengo)\"},{\"@type\":\"BreadcrumbList\",\"@id\":\"https:\/\/www.gaveanews.com\/index.php\/2025\/10\/28\/danilo-do-flamengo-volta-a-ser-alvo-de-criticas-da-imprensa\/#breadcrumb\",\"itemListElement\":[{\"@type\":\"ListItem\",\"position\":1,\"name\":\"Home\",\"item\":\"https:\/\/www.gaveanews.com\/\"},{\"@type\":\"ListItem\",\"position\":2,\"name\":\"Danilo, do Flamengo, volta a ser alvo de cr\u00edticas da imprensa\"}]},{\"@type\":\"WebSite\",\"@id\":\"https:\/\/www.gaveanews.com\/#website\",\"url\":\"https:\/\/www.gaveanews.com\/\",\"name\":\"G\u00e1vea News\",\"description\":\"Veja todas as not\u00edcias sobre o Flamengo: Contrata\u00e7\u00f5es, categorias de base, resultados das partidas, tabela de classifica\u00e7\u00e3o, pr\u00f3ximos jogos!\",\"potentialAction\":[{\"@type\":\"SearchAction\",\"target\":{\"@type\":\"EntryPoint\",\"urlTemplate\":\"https:\/\/www.gaveanews.com\/?s={search_term_string}\"},\"query-input\":{\"@type\":\"PropertyValueSpecification\",\"valueRequired\":true,\"valueName\":\"search_term_string\"}}],\"inLanguage\":\"pt-BR\"},{\"@type\":\"Person\",\"@id\":\"https:\/\/www.gaveanews.com\/#\/schema\/person\/c88645e3d550d0b6574305e67dd5a716\",\"name\":\"Reda\u00e7\u00e3o\",\"image\":{\"@type\":\"ImageObject\",\"inLanguage\":\"pt-BR\",\"@id\":\"https:\/\/www.gaveanews.com\/#\/schema\/person\/image\/\",\"url\":\"https:\/\/secure.gravatar.com\/avatar\/434098fd823f0dc1b062d14ca22bacaa6e38de28d8c816bbef6fc2f8c44d8ba3?s=96&d=mm&r=g\",\"contentUrl\":\"https:\/\/secure.gravatar.com\/avatar\/434098fd823f0dc1b062d14ca22bacaa6e38de28d8c816bbef6fc2f8c44d8ba3?s=96&d=mm&r=g\",\"caption\":\"Reda\u00e7\u00e3o\"}}]}<\/script>\n<!-- \/ Yoast SEO Premium plugin. -->","yoast_head_json":{"title":"Danilo, do Flamengo, volta a ser alvo de cr\u00edticas da imprensa","robots":{"index":"index","follow":"follow","max-snippet":"max-snippet:-1","max-image-preview":"max-image-preview:large","max-video-preview":"max-video-preview:-1"},"canonical":"https:\/\/www.gaveanews.com\/index.php\/2025\/10\/28\/danilo-do-flamengo-volta-a-ser-alvo-de-criticas-da-imprensa\/","og_locale":"pt_BR","og_type":"article","og_title":"Danilo, do Flamengo, volta a ser alvo de cr\u00edticas da imprensa","og_description":"Durante o Sportv News desta ter\u00e7a-feira (28), o comentarista Andr\u00e9 Loffredo analisou o momento defensivo do Flamengo e questionou o desempenho de Danilo como zagueiro. Para o jornalista, a aus\u00eancia de L\u00e9o Ortiz provoca uma queda consider\u00e1vel de rendimento no setor. &#8220;N\u00edvel da zaga cai muito sem o L\u00e9o Ortiz e com o Danilo&#8221;, afirmou [&hellip;]","og_url":"https:\/\/www.gaveanews.com\/index.php\/2025\/10\/28\/danilo-do-flamengo-volta-a-ser-alvo-de-criticas-da-imprensa\/","og_site_name":"G\u00e1vea News","article_publisher":"https:\/\/facebook.com\/gaveaNews\/","article_published_time":"2025-10-28T14:20:00+00:00","article_modified_time":"2025-10-28T14:21:16+00:00","og_image":[{"width":622,"height":519,"url":"http:\/\/www.gaveanews.com\/wp-content\/uploads\/Danilo-pelo-Flamengo.webp","type":"image\/jpeg"}],"author":"Reda\u00e7\u00e3o","twitter_card":"summary_large_image","twitter_misc":{"Escrito por":"Reda\u00e7\u00e3o","Est. tempo de leitura":"3 minutos"},"schema":{"@context":"https:\/\/schema.org","@graph":[{"@type":"NewsArticle","@id":"https:\/\/www.gaveanews.com\/index.php\/2025\/10\/28\/danilo-do-flamengo-volta-a-ser-alvo-de-criticas-da-imprensa\/#article","isPartOf":{"@id":"https:\/\/www.gaveanews.com\/index.php\/2025\/10\/28\/danilo-do-flamengo-volta-a-ser-alvo-de-criticas-da-imprensa\/"},"author":{"name":"Reda\u00e7\u00e3o","@id":"https:\/\/www.gaveanews.com\/#\/schema\/person\/c88645e3d550d0b6574305e67dd5a716"},"headline":"Danilo, do Flamengo, volta a ser alvo de cr\u00edticas da imprensa","datePublished":"2025-10-28T14:20:00+00:00","dateModified":"2025-10-28T14:21:16+00:00","mainEntityOfPage":{"@id":"https:\/\/www.gaveanews.com\/index.php\/2025\/10\/28\/danilo-do-flamengo-volta-a-ser-alvo-de-criticas-da-imprensa\/"},"wordCount":447,"commentCount":0,"image":{"@id":"https:\/\/www.gaveanews.com\/index.php\/2025\/10\/28\/danilo-do-flamengo-volta-a-ser-alvo-de-criticas-da-imprensa\/#primaryimage"},"thumbnailUrl":"https:\/\/www.gaveanews.com\/wp-content\/uploads\/Danilo-pelo-Flamengo.webp","articleSection":["Flamengo"],"inLanguage":"pt-BR","potentialAction":[{"@type":"CommentAction","name":"Comment","target":["https:\/\/www.gaveanews.com\/index.php\/2025\/10\/28\/danilo-do-flamengo-volta-a-ser-alvo-de-criticas-da-imprensa\/#respond"]}],"copyrightYear":"2025","copyrightHolder":{"@id":"https:\/\/www.gaveanews.com\/#organization"}},{"@type":"WebPage","@id":"https:\/\/www.gaveanews.com\/index.php\/2025\/10\/28\/danilo-do-flamengo-volta-a-ser-alvo-de-criticas-da-imprensa\/","url":"https:\/\/www.gaveanews.com\/index.php\/2025\/10\/28\/danilo-do-flamengo-volta-a-ser-alvo-de-criticas-da-imprensa\/","name":"Danilo, do Flamengo, volta a ser alvo de cr\u00edticas da imprensa","isPartOf":{"@id":"https:\/\/www.gaveanews.com\/#website"},"primaryImageOfPage":{"@id":"https:\/\/www.gaveanews.com\/index.php\/2025\/10\/28\/danilo-do-flamengo-volta-a-ser-alvo-de-criticas-da-imprensa\/#primaryimage"},"image":{"@id":"https:\/\/www.gaveanews.com\/index.php\/2025\/10\/28\/danilo-do-flamengo-volta-a-ser-alvo-de-criticas-da-imprensa\/#primaryimage"},"thumbnailUrl":"https:\/\/www.gaveanews.com\/wp-content\/uploads\/Danilo-pelo-Flamengo.webp","datePublished":"2025-10-28T14:20:00+00:00","dateModified":"2025-10-28T14:21:16+00:00","author":{"@id":"https:\/\/www.gaveanews.com\/#\/schema\/person\/c88645e3d550d0b6574305e67dd5a716"},"breadcrumb":{"@id":"https:\/\/www.gaveanews.com\/index.php\/2025\/10\/28\/danilo-do-flamengo-volta-a-ser-alvo-de-criticas-da-imprensa\/#breadcrumb"},"inLanguage":"pt-BR","potentialAction":[{"@type":"ReadAction","target":["https:\/\/www.gaveanews.com\/index.php\/2025\/10\/28\/danilo-do-flamengo-volta-a-ser-alvo-de-criticas-da-imprensa\/"]}]},{"@type":"ImageObject","inLanguage":"pt-BR","@id":"https:\/\/www.gaveanews.com\/index.php\/2025\/10\/28\/danilo-do-flamengo-volta-a-ser-alvo-de-criticas-da-imprensa\/#primaryimage","url":"https:\/\/www.gaveanews.com\/wp-content\/uploads\/Danilo-pelo-Flamengo.webp","contentUrl":"https:\/\/www.gaveanews.com\/wp-content\/uploads\/Danilo-pelo-Flamengo.webp","width":622,"height":519,"caption":"Danilo pelo Flamengo (Foto: Divulga\u00e7\u00e3o\/Flamengo)"},{"@type":"BreadcrumbList","@id":"https:\/\/www.gaveanews.com\/index.php\/2025\/10\/28\/danilo-do-flamengo-volta-a-ser-alvo-de-criticas-da-imprensa\/#breadcrumb","itemListElement":[{"@type":"ListItem","position":1,"name":"Home","item":"https:\/\/www.gaveanews.com\/"},{"@type":"ListItem","position":2,"name":"Danilo, do Flamengo, volta a ser alvo de cr\u00edticas da imprensa"}]},{"@type":"WebSite","@id":"https:\/\/www.gaveanews.com\/#website","url":"https:\/\/www.gaveanews.com\/","name":"G\u00e1vea News","description":"Veja todas as not\u00edcias sobre o Flamengo: Contrata\u00e7\u00f5es, categorias de base, resultados das partidas, tabela de classifica\u00e7\u00e3o, pr\u00f3ximos jogos!","potentialAction":[{"@type":"SearchAction","target":{"@type":"EntryPoint","urlTemplate":"https:\/\/www.gaveanews.com\/?s={search_term_string}"},"query-input":{"@type":"PropertyValueSpecification","valueRequired":true,"valueName":"search_term_string"}}],"inLanguage":"pt-BR"},{"@type":"Person","@id":"https:\/\/www.gaveanews.com\/#\/schema\/person\/c88645e3d550d0b6574305e67dd5a716","name":"Reda\u00e7\u00e3o","image":{"@type":"ImageObject","inLanguage":"pt-BR","@id":"https:\/\/www.gaveanews.com\/#\/schema\/person\/image\/","url":"https:\/\/secure.gravatar.com\/avatar\/434098fd823f0dc1b062d14ca22bacaa6e38de28d8c816bbef6fc2f8c44d8ba3?s=96&d=mm&r=g","contentUrl":"https:\/\/secure.gravatar.com\/avatar\/434098fd823f0dc1b062d14ca22bacaa6e38de28d8c816bbef6fc2f8c44d8ba3?s=96&d=mm&r=g","caption":"Reda\u00e7\u00e3o"}}]}},"_links":{"self":[{"href":"https:\/\/www.gaveanews.com\/index.php\/wp-json\/wp\/v2\/posts\/279424","targetHints":{"allow":["GET"]}}],"collection":[{"href":"https:\/\/www.gaveanews.com\/index.php\/wp-json\/wp\/v2\/posts"}],"about":[{"href":"https:\/\/www.gaveanews.com\/index.php\/wp-json\/wp\/v2\/types\/post"}],"author":[{"embeddable":true,"href":"https:\/\/www.gaveanews.com\/index.php\/wp-json\/wp\/v2\/users\/39"}],"replies":[{"embeddable":true,"href":"https:\/\/www.gaveanews.com\/index.php\/wp-json\/wp\/v2\/comments?post=279424"}],"version-history":[{"count":1,"href":"https:\/\/www.gaveanews.com\/index.php\/wp-json\/wp\/v2\/posts\/279424\/revisions"}],"predecessor-version":[{"id":279444,"href":"https:\/\/www.gaveanews.com\/index.php\/wp-json\/wp\/v2\/posts\/279424\/revisions\/279444"}],"wp:featuredmedia":[{"embeddable":true,"href":"https:\/\/www.gaveanews.com\/index.php\/wp-json\/wp\/v2\/media\/222093"}],"wp:attachment":[{"href":"https:\/\/www.gaveanews.com\/index.php\/wp-json\/wp\/v2\/media?parent=279424"}],"wp:term":[{"taxonomy":"category","embeddable":true,"href":"https:\/\/www.gaveanews.com\/index.php\/wp-json\/wp\/v2\/categories?post=279424"},{"taxonomy":"post_tag","embeddable":true,"href":"https:\/\/www.gaveanews.com\/index.php\/wp-json\/wp\/v2\/tags?post=279424"}],"curies":[{"name":"wp","href":"https:\/\/api.w.org\/{rel}","templated":true}]}}