{"id":279425,"date":"2025-10-28T11:30:00","date_gmt":"2025-10-28T14:30:00","guid":{"rendered":"https:\/\/www.gaveanews.com\/?p=279425"},"modified":"2025-10-28T11:35:25","modified_gmt":"2025-10-28T14:35:25","slug":"flamengo-lanca-uniforme-em-homenagem-ao-dia-do-flamenguista","status":"publish","type":"post","link":"https:\/\/www.gaveanews.com\/index.php\/2025\/10\/28\/flamengo-lanca-uniforme-em-homenagem-ao-dia-do-flamenguista\/","title":{"rendered":"Flamengo lan\u00e7a uniforme em homenagem ao Dia do Flamenguista"},"content":{"rendered":"\n<p>Nesta ter\u00e7a-feira (28), data em que se comemora o Dia do Flamenguista, o <a href=\"https:\/\/www.gaveanews.com\/index.php\/category\/brasileirao\/flamengo\/#google_vignette\" target=\"_blank\" rel=\"noreferrer noopener\">Flamengo<\/a> apresentou oficialmente sua nova camisa comemorativa: a \u201cPherusa\u201d. O lan\u00e7amento resgata um cap\u00edtulo marcante da funda\u00e7\u00e3o do clube e refor\u00e7a os valores de supera\u00e7\u00e3o que moldaram a hist\u00f3ria rubro-negra.<\/p>\n\n\n\n<p>A nova pe\u00e7a carrega o nome do primeiro barco utilizado pela equipe nas competi\u00e7\u00f5es de remo, ainda nos tempos do Grupo de Regatas do Flamengo. A embarca\u00e7\u00e3o \u201cPherusa\u201d, embora tenha naufragado em sua estreia, se tornou s\u00edmbolo da coragem dos remadores, que se uniram para sobreviver ao acidente. <\/p>\n\n\n\n<p>O epis\u00f3dio transformou-se em um marco do esp\u00edrito de luta e resili\u00eancia que acompanha a institui\u00e7\u00e3o at\u00e9 hoje.<\/p>\n\n\n\n<p>A campanha de divulga\u00e7\u00e3o associa o uniforme \u00e0 identidade do torcedor flamenguista. Em suas redes, o clube explicou o significado da nova camisa:<\/p>\n\n\n\n<blockquote class=\"twitter-tweet\"><p lang=\"pt\" dir=\"ltr\">Pherusa \u00e9 o nome do nosso primeiro barco que foi ao mar. Na primeira partida, ele naufragou, mas na luta, nos salvamos. <br>A camisa Pherusa \u00e9 a materializa\u00e7\u00e3o do que \u00e9 ser Rubro-Negro: \u00e9 lutar, \u00e9 se unir, \u00e9 acreditar at\u00e9 o \u00faltimo respiro quando todo Mundo acha imposs\u00edvel. <br>Vestir\u2026 <a href=\"https:\/\/t.co\/UecKjnbpzO\">pic.twitter.com\/UecKjnbpzO<\/a><\/p>&mdash; Flamengo (@Flamengo) <a href=\"https:\/\/twitter.com\/Flamengo\/status\/1983141975936123079?ref_src=twsrc%5Etfw\">October 28, 2025<\/a><\/blockquote> <script async src=\"https:\/\/platform.twitter.com\/widgets.js\" charset=\"utf-8\"><\/script>\n\n\n\n<p>&#8220;A camisa Pherusa \u00e9 a materializa\u00e7\u00e3o do que \u00e9 ser Rubro-Negro: \u00e9 lutar, \u00e9 se unir, \u00e9 acreditar at\u00e9 o \u00faltimo respiro quando todo mundo acha imposs\u00edvel&#8221;, publicou, conectando o lan\u00e7amento \u00e0 narrativa de supera\u00e7\u00e3o que permeia a trajet\u00f3ria do time.<\/p>\n\n\n\n<p>O slogan escolhido para o encerramento da campanha, \u201cVestir Pherusa \u00e9 vestir nossa hist\u00f3ria\u201d, reafirma o objetivo de aproximar a torcida moderna das ra\u00edzes fundadoras do clube.<\/p>\n\n\n\n<p><strong data-start=\"1403\" data-end=\"1441\">Comercializa\u00e7\u00e3o e acesso exclusivo<\/strong><\/p>\n\n\n\n<p>A camisa Pherusa j\u00e1 est\u00e1 \u00e0 venda por meio do <a href=\"https:\/\/loja.flamengo.com.br\/\" target=\"_blank\" rel=\"noreferrer noopener\"><strong>site oficial do clube<\/strong><\/a>. At\u00e9 s\u00e1bado (2), apenas os membros do programa Na\u00e7\u00e3o S\u00f3cio-Torcedor poder\u00e3o adquirir o novo modelo, que foi lan\u00e7ado de forma exclusiva para esse p\u00fablico.<\/p>\n\n\n\n<p><strong data-start=\"1700\" data-end=\"1733\">Significado da data escolhida<\/strong><\/p>\n\n\n\n<p>O Flamengo definiu o dia 28 de outubro para o lan\u00e7amento por sua import\u00e2ncia simb\u00f3lica. A data \u00e9 reconhecida como o Dia do Flamenguista por coincidir com a celebra\u00e7\u00e3o de S\u00e3o Judas Tadeu, conhecido como o padroeiro das causas imposs\u00edveis.<\/p>\n\n\n\n<p>A rela\u00e7\u00e3o entre o santo e o clube foi fortalecida ao longo das d\u00e9cadas, \u00e0 medida que o time protagonizou viradas e conquistas inesperadas, muitas vezes desafiando as probabilidades. <\/p>\n","protected":false},"excerpt":{"rendered":"<p>Nesta ter\u00e7a-feira (28), data em que se comemora o Dia do Flamenguista, o Flamengo apresentou oficialmente sua nova camisa comemorativa: a \u201cPherusa\u201d. O lan\u00e7amento resgata um cap\u00edtulo marcante da funda\u00e7\u00e3o do clube e refor\u00e7a os valores de supera\u00e7\u00e3o que moldaram a hist\u00f3ria rubro-negra. A nova pe\u00e7a carrega o nome do primeiro barco utilizado pela equipe [&hellip;]<\/p>\n","protected":false},"author":39,"featured_media":275129,"comment_status":"open","ping_status":"closed","sticky":false,"template":"","format":"standard","meta":{"footnotes":""},"categories":[1],"tags":[],"class_list":["post-279425","post","type-post","status-publish","format-standard","has-post-thumbnail","hentry","category-flamengo"],"yoast_head":"<!-- This site is optimized with the Yoast SEO Premium plugin v24.2 (Yoast SEO v26.9) - https:\/\/yoast.com\/product\/yoast-seo-premium-wordpress\/ -->\n<title>Flamengo lan\u00e7a uniforme em homenagem ao Dia do Flamenguista<\/title>\n<meta name=\"robots\" content=\"index, follow, max-snippet:-1, max-image-preview:large, max-video-preview:-1\" \/>\n<link rel=\"canonical\" href=\"https:\/\/www.gaveanews.com\/index.php\/2025\/10\/28\/flamengo-lanca-uniforme-em-homenagem-ao-dia-do-flamenguista\/\" \/>\n<meta property=\"og:locale\" content=\"pt_BR\" \/>\n<meta property=\"og:type\" content=\"article\" \/>\n<meta property=\"og:title\" content=\"Flamengo lan\u00e7a uniforme em homenagem ao Dia do Flamenguista\" \/>\n<meta property=\"og:description\" content=\"Nesta ter\u00e7a-feira (28), data em que se comemora o Dia do Flamenguista, o Flamengo apresentou oficialmente sua nova camisa comemorativa: a \u201cPherusa\u201d. O lan\u00e7amento resgata um cap\u00edtulo marcante da funda\u00e7\u00e3o do clube e refor\u00e7a os valores de supera\u00e7\u00e3o que moldaram a hist\u00f3ria rubro-negra. A nova pe\u00e7a carrega o nome do primeiro barco utilizado pela equipe [&hellip;]\" \/>\n<meta property=\"og:url\" content=\"https:\/\/www.gaveanews.com\/index.php\/2025\/10\/28\/flamengo-lanca-uniforme-em-homenagem-ao-dia-do-flamenguista\/\" \/>\n<meta property=\"og:site_name\" content=\"G\u00e1vea News\" \/>\n<meta property=\"article:publisher\" content=\"https:\/\/facebook.com\/gaveaNews\/\" \/>\n<meta property=\"article:published_time\" content=\"2025-10-28T14:30:00+00:00\" \/>\n<meta property=\"article:modified_time\" content=\"2025-10-28T14:35:25+00:00\" \/>\n<meta property=\"og:image\" content=\"http:\/\/www.gaveanews.com\/wp-content\/uploads\/Camisa-do-Flamengo-com-patrocinio-da-Betano.webp\" \/>\n\t<meta property=\"og:image:width\" content=\"969\" \/>\n\t<meta property=\"og:image:height\" content=\"726\" \/>\n\t<meta property=\"og:image:type\" content=\"image\/webp\" \/>\n<meta name=\"author\" content=\"Reda\u00e7\u00e3o\" \/>\n<meta name=\"twitter:card\" content=\"summary_large_image\" \/>\n<meta name=\"twitter:label1\" content=\"Escrito por\" \/>\n\t<meta name=\"twitter:data1\" content=\"Reda\u00e7\u00e3o\" \/>\n\t<meta name=\"twitter:label2\" content=\"Est. tempo de leitura\" \/>\n\t<meta name=\"twitter:data2\" content=\"2 minutos\" \/>\n<script type=\"application\/ld+json\" class=\"yoast-schema-graph\">{\"@context\":\"https:\/\/schema.org\",\"@graph\":[{\"@type\":\"NewsArticle\",\"@id\":\"https:\/\/www.gaveanews.com\/index.php\/2025\/10\/28\/flamengo-lanca-uniforme-em-homenagem-ao-dia-do-flamenguista\/#article\",\"isPartOf\":{\"@id\":\"https:\/\/www.gaveanews.com\/index.php\/2025\/10\/28\/flamengo-lanca-uniforme-em-homenagem-ao-dia-do-flamenguista\/\"},\"author\":{\"name\":\"Reda\u00e7\u00e3o\",\"@id\":\"https:\/\/www.gaveanews.com\/#\/schema\/person\/c88645e3d550d0b6574305e67dd5a716\"},\"headline\":\"Flamengo lan\u00e7a uniforme em homenagem ao Dia do Flamenguista\",\"datePublished\":\"2025-10-28T14:30:00+00:00\",\"dateModified\":\"2025-10-28T14:35:25+00:00\",\"mainEntityOfPage\":{\"@id\":\"https:\/\/www.gaveanews.com\/index.php\/2025\/10\/28\/flamengo-lanca-uniforme-em-homenagem-ao-dia-do-flamenguista\/\"},\"wordCount\":403,\"commentCount\":0,\"image\":{\"@id\":\"https:\/\/www.gaveanews.com\/index.php\/2025\/10\/28\/flamengo-lanca-uniforme-em-homenagem-ao-dia-do-flamenguista\/#primaryimage\"},\"thumbnailUrl\":\"https:\/\/www.gaveanews.com\/wp-content\/uploads\/Camisa-do-Flamengo-com-patrocinio-da-Betano.webp\",\"articleSection\":[\"Flamengo\"],\"inLanguage\":\"pt-BR\",\"potentialAction\":[{\"@type\":\"CommentAction\",\"name\":\"Comment\",\"target\":[\"https:\/\/www.gaveanews.com\/index.php\/2025\/10\/28\/flamengo-lanca-uniforme-em-homenagem-ao-dia-do-flamenguista\/#respond\"]}],\"copyrightYear\":\"2025\",\"copyrightHolder\":{\"@id\":\"https:\/\/www.gaveanews.com\/#organization\"}},{\"@type\":\"WebPage\",\"@id\":\"https:\/\/www.gaveanews.com\/index.php\/2025\/10\/28\/flamengo-lanca-uniforme-em-homenagem-ao-dia-do-flamenguista\/\",\"url\":\"https:\/\/www.gaveanews.com\/index.php\/2025\/10\/28\/flamengo-lanca-uniforme-em-homenagem-ao-dia-do-flamenguista\/\",\"name\":\"Flamengo lan\u00e7a uniforme em homenagem ao Dia do Flamenguista\",\"isPartOf\":{\"@id\":\"https:\/\/www.gaveanews.com\/#website\"},\"primaryImageOfPage\":{\"@id\":\"https:\/\/www.gaveanews.com\/index.php\/2025\/10\/28\/flamengo-lanca-uniforme-em-homenagem-ao-dia-do-flamenguista\/#primaryimage\"},\"image\":{\"@id\":\"https:\/\/www.gaveanews.com\/index.php\/2025\/10\/28\/flamengo-lanca-uniforme-em-homenagem-ao-dia-do-flamenguista\/#primaryimage\"},\"thumbnailUrl\":\"https:\/\/www.gaveanews.com\/wp-content\/uploads\/Camisa-do-Flamengo-com-patrocinio-da-Betano.webp\",\"datePublished\":\"2025-10-28T14:30:00+00:00\",\"dateModified\":\"2025-10-28T14:35:25+00:00\",\"author\":{\"@id\":\"https:\/\/www.gaveanews.com\/#\/schema\/person\/c88645e3d550d0b6574305e67dd5a716\"},\"breadcrumb\":{\"@id\":\"https:\/\/www.gaveanews.com\/index.php\/2025\/10\/28\/flamengo-lanca-uniforme-em-homenagem-ao-dia-do-flamenguista\/#breadcrumb\"},\"inLanguage\":\"pt-BR\",\"potentialAction\":[{\"@type\":\"ReadAction\",\"target\":[\"https:\/\/www.gaveanews.com\/index.php\/2025\/10\/28\/flamengo-lanca-uniforme-em-homenagem-ao-dia-do-flamenguista\/\"]}]},{\"@type\":\"ImageObject\",\"inLanguage\":\"pt-BR\",\"@id\":\"https:\/\/www.gaveanews.com\/index.php\/2025\/10\/28\/flamengo-lanca-uniforme-em-homenagem-ao-dia-do-flamenguista\/#primaryimage\",\"url\":\"https:\/\/www.gaveanews.com\/wp-content\/uploads\/Camisa-do-Flamengo-com-patrocinio-da-Betano.webp\",\"contentUrl\":\"https:\/\/www.gaveanews.com\/wp-content\/uploads\/Camisa-do-Flamengo-com-patrocinio-da-Betano.webp\",\"width\":969,\"height\":726,\"caption\":\"Camisa do Flamengo com patroc\u00ednio da Betano (Foto: Divulga\u00e7\u00e3o)\"},{\"@type\":\"BreadcrumbList\",\"@id\":\"https:\/\/www.gaveanews.com\/index.php\/2025\/10\/28\/flamengo-lanca-uniforme-em-homenagem-ao-dia-do-flamenguista\/#breadcrumb\",\"itemListElement\":[{\"@type\":\"ListItem\",\"position\":1,\"name\":\"Home\",\"item\":\"https:\/\/www.gaveanews.com\/\"},{\"@type\":\"ListItem\",\"position\":2,\"name\":\"Flamengo lan\u00e7a uniforme em homenagem ao Dia do Flamenguista\"}]},{\"@type\":\"WebSite\",\"@id\":\"https:\/\/www.gaveanews.com\/#website\",\"url\":\"https:\/\/www.gaveanews.com\/\",\"name\":\"G\u00e1vea News\",\"description\":\"Veja todas as not\u00edcias sobre o Flamengo: Contrata\u00e7\u00f5es, categorias de base, resultados das partidas, tabela de classifica\u00e7\u00e3o, pr\u00f3ximos jogos!\",\"potentialAction\":[{\"@type\":\"SearchAction\",\"target\":{\"@type\":\"EntryPoint\",\"urlTemplate\":\"https:\/\/www.gaveanews.com\/?s={search_term_string}\"},\"query-input\":{\"@type\":\"PropertyValueSpecification\",\"valueRequired\":true,\"valueName\":\"search_term_string\"}}],\"inLanguage\":\"pt-BR\"},{\"@type\":\"Person\",\"@id\":\"https:\/\/www.gaveanews.com\/#\/schema\/person\/c88645e3d550d0b6574305e67dd5a716\",\"name\":\"Reda\u00e7\u00e3o\",\"image\":{\"@type\":\"ImageObject\",\"inLanguage\":\"pt-BR\",\"@id\":\"https:\/\/www.gaveanews.com\/#\/schema\/person\/image\/\",\"url\":\"https:\/\/secure.gravatar.com\/avatar\/434098fd823f0dc1b062d14ca22bacaa6e38de28d8c816bbef6fc2f8c44d8ba3?s=96&d=mm&r=g\",\"contentUrl\":\"https:\/\/secure.gravatar.com\/avatar\/434098fd823f0dc1b062d14ca22bacaa6e38de28d8c816bbef6fc2f8c44d8ba3?s=96&d=mm&r=g\",\"caption\":\"Reda\u00e7\u00e3o\"}}]}<\/script>\n<!-- \/ Yoast SEO Premium plugin. -->","yoast_head_json":{"title":"Flamengo lan\u00e7a uniforme em homenagem ao Dia do Flamenguista","robots":{"index":"index","follow":"follow","max-snippet":"max-snippet:-1","max-image-preview":"max-image-preview:large","max-video-preview":"max-video-preview:-1"},"canonical":"https:\/\/www.gaveanews.com\/index.php\/2025\/10\/28\/flamengo-lanca-uniforme-em-homenagem-ao-dia-do-flamenguista\/","og_locale":"pt_BR","og_type":"article","og_title":"Flamengo lan\u00e7a uniforme em homenagem ao Dia do Flamenguista","og_description":"Nesta ter\u00e7a-feira (28), data em que se comemora o Dia do Flamenguista, o Flamengo apresentou oficialmente sua nova camisa comemorativa: a \u201cPherusa\u201d. O lan\u00e7amento resgata um cap\u00edtulo marcante da funda\u00e7\u00e3o do clube e refor\u00e7a os valores de supera\u00e7\u00e3o que moldaram a hist\u00f3ria rubro-negra. A nova pe\u00e7a carrega o nome do primeiro barco utilizado pela equipe [&hellip;]","og_url":"https:\/\/www.gaveanews.com\/index.php\/2025\/10\/28\/flamengo-lanca-uniforme-em-homenagem-ao-dia-do-flamenguista\/","og_site_name":"G\u00e1vea News","article_publisher":"https:\/\/facebook.com\/gaveaNews\/","article_published_time":"2025-10-28T14:30:00+00:00","article_modified_time":"2025-10-28T14:35:25+00:00","og_image":[{"width":969,"height":726,"url":"http:\/\/www.gaveanews.com\/wp-content\/uploads\/Camisa-do-Flamengo-com-patrocinio-da-Betano.webp","type":"image\/webp"}],"author":"Reda\u00e7\u00e3o","twitter_card":"summary_large_image","twitter_misc":{"Escrito por":"Reda\u00e7\u00e3o","Est. tempo de leitura":"2 minutos"},"schema":{"@context":"https:\/\/schema.org","@graph":[{"@type":"NewsArticle","@id":"https:\/\/www.gaveanews.com\/index.php\/2025\/10\/28\/flamengo-lanca-uniforme-em-homenagem-ao-dia-do-flamenguista\/#article","isPartOf":{"@id":"https:\/\/www.gaveanews.com\/index.php\/2025\/10\/28\/flamengo-lanca-uniforme-em-homenagem-ao-dia-do-flamenguista\/"},"author":{"name":"Reda\u00e7\u00e3o","@id":"https:\/\/www.gaveanews.com\/#\/schema\/person\/c88645e3d550d0b6574305e67dd5a716"},"headline":"Flamengo lan\u00e7a uniforme em homenagem ao Dia do Flamenguista","datePublished":"2025-10-28T14:30:00+00:00","dateModified":"2025-10-28T14:35:25+00:00","mainEntityOfPage":{"@id":"https:\/\/www.gaveanews.com\/index.php\/2025\/10\/28\/flamengo-lanca-uniforme-em-homenagem-ao-dia-do-flamenguista\/"},"wordCount":403,"commentCount":0,"image":{"@id":"https:\/\/www.gaveanews.com\/index.php\/2025\/10\/28\/flamengo-lanca-uniforme-em-homenagem-ao-dia-do-flamenguista\/#primaryimage"},"thumbnailUrl":"https:\/\/www.gaveanews.com\/wp-content\/uploads\/Camisa-do-Flamengo-com-patrocinio-da-Betano.webp","articleSection":["Flamengo"],"inLanguage":"pt-BR","potentialAction":[{"@type":"CommentAction","name":"Comment","target":["https:\/\/www.gaveanews.com\/index.php\/2025\/10\/28\/flamengo-lanca-uniforme-em-homenagem-ao-dia-do-flamenguista\/#respond"]}],"copyrightYear":"2025","copyrightHolder":{"@id":"https:\/\/www.gaveanews.com\/#organization"}},{"@type":"WebPage","@id":"https:\/\/www.gaveanews.com\/index.php\/2025\/10\/28\/flamengo-lanca-uniforme-em-homenagem-ao-dia-do-flamenguista\/","url":"https:\/\/www.gaveanews.com\/index.php\/2025\/10\/28\/flamengo-lanca-uniforme-em-homenagem-ao-dia-do-flamenguista\/","name":"Flamengo lan\u00e7a uniforme em homenagem ao Dia do Flamenguista","isPartOf":{"@id":"https:\/\/www.gaveanews.com\/#website"},"primaryImageOfPage":{"@id":"https:\/\/www.gaveanews.com\/index.php\/2025\/10\/28\/flamengo-lanca-uniforme-em-homenagem-ao-dia-do-flamenguista\/#primaryimage"},"image":{"@id":"https:\/\/www.gaveanews.com\/index.php\/2025\/10\/28\/flamengo-lanca-uniforme-em-homenagem-ao-dia-do-flamenguista\/#primaryimage"},"thumbnailUrl":"https:\/\/www.gaveanews.com\/wp-content\/uploads\/Camisa-do-Flamengo-com-patrocinio-da-Betano.webp","datePublished":"2025-10-28T14:30:00+00:00","dateModified":"2025-10-28T14:35:25+00:00","author":{"@id":"https:\/\/www.gaveanews.com\/#\/schema\/person\/c88645e3d550d0b6574305e67dd5a716"},"breadcrumb":{"@id":"https:\/\/www.gaveanews.com\/index.php\/2025\/10\/28\/flamengo-lanca-uniforme-em-homenagem-ao-dia-do-flamenguista\/#breadcrumb"},"inLanguage":"pt-BR","potentialAction":[{"@type":"ReadAction","target":["https:\/\/www.gaveanews.com\/index.php\/2025\/10\/28\/flamengo-lanca-uniforme-em-homenagem-ao-dia-do-flamenguista\/"]}]},{"@type":"ImageObject","inLanguage":"pt-BR","@id":"https:\/\/www.gaveanews.com\/index.php\/2025\/10\/28\/flamengo-lanca-uniforme-em-homenagem-ao-dia-do-flamenguista\/#primaryimage","url":"https:\/\/www.gaveanews.com\/wp-content\/uploads\/Camisa-do-Flamengo-com-patrocinio-da-Betano.webp","contentUrl":"https:\/\/www.gaveanews.com\/wp-content\/uploads\/Camisa-do-Flamengo-com-patrocinio-da-Betano.webp","width":969,"height":726,"caption":"Camisa do Flamengo com patroc\u00ednio da Betano (Foto: Divulga\u00e7\u00e3o)"},{"@type":"BreadcrumbList","@id":"https:\/\/www.gaveanews.com\/index.php\/2025\/10\/28\/flamengo-lanca-uniforme-em-homenagem-ao-dia-do-flamenguista\/#breadcrumb","itemListElement":[{"@type":"ListItem","position":1,"name":"Home","item":"https:\/\/www.gaveanews.com\/"},{"@type":"ListItem","position":2,"name":"Flamengo lan\u00e7a uniforme em homenagem ao Dia do Flamenguista"}]},{"@type":"WebSite","@id":"https:\/\/www.gaveanews.com\/#website","url":"https:\/\/www.gaveanews.com\/","name":"G\u00e1vea News","description":"Veja todas as not\u00edcias sobre o Flamengo: Contrata\u00e7\u00f5es, categorias de base, resultados das partidas, tabela de classifica\u00e7\u00e3o, pr\u00f3ximos jogos!","potentialAction":[{"@type":"SearchAction","target":{"@type":"EntryPoint","urlTemplate":"https:\/\/www.gaveanews.com\/?s={search_term_string}"},"query-input":{"@type":"PropertyValueSpecification","valueRequired":true,"valueName":"search_term_string"}}],"inLanguage":"pt-BR"},{"@type":"Person","@id":"https:\/\/www.gaveanews.com\/#\/schema\/person\/c88645e3d550d0b6574305e67dd5a716","name":"Reda\u00e7\u00e3o","image":{"@type":"ImageObject","inLanguage":"pt-BR","@id":"https:\/\/www.gaveanews.com\/#\/schema\/person\/image\/","url":"https:\/\/secure.gravatar.com\/avatar\/434098fd823f0dc1b062d14ca22bacaa6e38de28d8c816bbef6fc2f8c44d8ba3?s=96&d=mm&r=g","contentUrl":"https:\/\/secure.gravatar.com\/avatar\/434098fd823f0dc1b062d14ca22bacaa6e38de28d8c816bbef6fc2f8c44d8ba3?s=96&d=mm&r=g","caption":"Reda\u00e7\u00e3o"}}]}},"_links":{"self":[{"href":"https:\/\/www.gaveanews.com\/index.php\/wp-json\/wp\/v2\/posts\/279425","targetHints":{"allow":["GET"]}}],"collection":[{"href":"https:\/\/www.gaveanews.com\/index.php\/wp-json\/wp\/v2\/posts"}],"about":[{"href":"https:\/\/www.gaveanews.com\/index.php\/wp-json\/wp\/v2\/types\/post"}],"author":[{"embeddable":true,"href":"https:\/\/www.gaveanews.com\/index.php\/wp-json\/wp\/v2\/users\/39"}],"replies":[{"embeddable":true,"href":"https:\/\/www.gaveanews.com\/index.php\/wp-json\/wp\/v2\/comments?post=279425"}],"version-history":[{"count":1,"href":"https:\/\/www.gaveanews.com\/index.php\/wp-json\/wp\/v2\/posts\/279425\/revisions"}],"predecessor-version":[{"id":279446,"href":"https:\/\/www.gaveanews.com\/index.php\/wp-json\/wp\/v2\/posts\/279425\/revisions\/279446"}],"wp:featuredmedia":[{"embeddable":true,"href":"https:\/\/www.gaveanews.com\/index.php\/wp-json\/wp\/v2\/media\/275129"}],"wp:attachment":[{"href":"https:\/\/www.gaveanews.com\/index.php\/wp-json\/wp\/v2\/media?parent=279425"}],"wp:term":[{"taxonomy":"category","embeddable":true,"href":"https:\/\/www.gaveanews.com\/index.php\/wp-json\/wp\/v2\/categories?post=279425"},{"taxonomy":"post_tag","embeddable":true,"href":"https:\/\/www.gaveanews.com\/index.php\/wp-json\/wp\/v2\/tags?post=279425"}],"curies":[{"name":"wp","href":"https:\/\/api.w.org\/{rel}","templated":true}]}}