{"id":279459,"date":"2025-10-28T15:00:00","date_gmt":"2025-10-28T18:00:00","guid":{"rendered":"https:\/\/www.gaveanews.com\/?p=279459"},"modified":"2025-10-28T14:28:34","modified_gmt":"2025-10-28T17:28:34","slug":"recuperacao-de-pedro-do-flamengo-vai-durar-mais-tempo-do-que-o-esperado","status":"publish","type":"post","link":"https:\/\/www.gaveanews.com\/index.php\/2025\/10\/28\/recuperacao-de-pedro-do-flamengo-vai-durar-mais-tempo-do-que-o-esperado\/","title":{"rendered":"Recupera\u00e7\u00e3o de Pedro, do Flamengo, vai durar mais tempo do que o esperado"},"content":{"rendered":"\n<p>Com a fratura sofrida no antebra\u00e7o direito durante a semifinal da Libertadores, o atacante Pedro, do Flamengo, ser\u00e1 desfalque por um per\u00edodo mais longo do que o previsto inicialmente. A les\u00e3o ocorreu na quarta-feira (22 de outubro), na vit\u00f3ria por 1 a 0 sobre o Racing, no Maracan\u00e3, e exigiu a imobiliza\u00e7\u00e3o do bra\u00e7o do camisa 9 por at\u00e9 quatro semanas.<\/p>\n\n\n\n<p>Inicialmente, o departamento m\u00e9dico do clube trabalhava com a expectativa de uma recupera\u00e7\u00e3o r\u00e1pida, estimada em apenas quatro dias de uso da prote\u00e7\u00e3o. Contudo, ap\u00f3s reavalia\u00e7\u00f5es cl\u00ednicas, os m\u00e9dicos recomendaram que Pedro permane\u00e7a com o bra\u00e7o imobilizado por, no m\u00ednimo, tr\u00eas semanas. Essa orienta\u00e7\u00e3o altera os planos da comiss\u00e3o t\u00e9cnica, que agora projeta o retorno do atleta apenas na reta final do Campeonato Brasileiro ou, eventualmente, para uma poss\u00edvel decis\u00e3o da Libertadores.<\/p>\n\n\n\n<p>A contus\u00e3o aconteceu no in\u00edcio do segundo tempo do duelo com o Racing. Mesmo sentindo dores, Pedro tentou permanecer em campo, mas acabou substitu\u00eddo aos 26 minutos da etapa final. Desde ent\u00e3o, o atacante realiza tratamento intensivo, mas ainda sente desconforto na regi\u00e3o lesionada.<\/p>\n\n\n\n<p>Enquanto isso, o Flamengo se prepara para enfrentar novamente o Racing, desta vez em Avellaneda, nesta quarta-feira (29 de outubro), \u00e0s 21h30 (hor\u00e1rio de Bras\u00edlia), no jogo de volta da semifinal continental. O t\u00e9cnico Filipe Lu\u00eds, interinamente \u00e0 frente da equipe, precisar\u00e1 reformular o setor ofensivo tamb\u00e9m por conta da aus\u00eancia de Everton Cebolinha, que trata uma les\u00e3o muscular no quadril.<\/p>\n\n\n\n<p>Sem seus dois principais pontas de velocidade, o treinador tem testado diferentes forma\u00e7\u00f5es nos treinos. A participa\u00e7\u00e3o de Arrascaeta e Luiz Ara\u00fajo, que figuram entre os atletas mais efetivos do elenco na temporada, deve ser central para a estrat\u00e9gia ofensiva da equipe em solo argentino. A versatilidade de jogadores como Bruno Henrique e Gerson tamb\u00e9m est\u00e1 sendo considerada como alternativa para ocupar o setor de ataque.<\/p>\n\n\n\n<p>Ainda que o per\u00edodo de recupera\u00e7\u00e3o com o bra\u00e7o imobilizado n\u00e3o impe\u00e7a Pedro de voltar aos gramados antes da completa libera\u00e7\u00e3o m\u00e9dica, o clube adotar\u00e1 uma postura de cautela. A prioridade \u00e9 garantir que o jogador esteja apto para os confrontos decisivos que podem definir o futuro rubro-negro na temporada, sobretudo nas \u00faltimas rodadas do Brasileir\u00e3o.<\/p>\n\n\n\n<p>Por ora, a previs\u00e3o \u00e9 de que Pedro fique de fora de pelo menos tr\u00eas partidas: o jogo contra o Racing, nesta quarta, al\u00e9m dos confrontos com Sport, no s\u00e1bado (01 de novembro), e S\u00e3o Paulo, na quarta-feira seguinte (05 de novembro), ambos v\u00e1lidos pelo Campeonato Brasileiro.<\/p>\n","protected":false},"excerpt":{"rendered":"<p>Com a fratura sofrida no antebra\u00e7o direito durante a semifinal da Libertadores, o atacante Pedro, do Flamengo, ser\u00e1 desfalque por um per\u00edodo mais longo do que o previsto inicialmente. A les\u00e3o ocorreu na quarta-feira (22 de outubro), na vit\u00f3ria por 1 a 0 sobre o Racing, no Maracan\u00e3, e exigiu a imobiliza\u00e7\u00e3o do bra\u00e7o do [&hellip;]<\/p>\n","protected":false},"author":39,"featured_media":279264,"comment_status":"open","ping_status":"closed","sticky":false,"template":"","format":"standard","meta":{"footnotes":""},"categories":[1],"tags":[],"class_list":["post-279459","post","type-post","status-publish","format-standard","has-post-thumbnail","hentry","category-flamengo"],"yoast_head":"<!-- This site is optimized with the Yoast SEO Premium plugin v24.2 (Yoast SEO v26.9) - https:\/\/yoast.com\/product\/yoast-seo-premium-wordpress\/ -->\n<title>Recupera\u00e7\u00e3o de Pedro, do Flamengo, vai durar mais tempo do que o esperado<\/title>\n<meta name=\"robots\" content=\"index, follow, max-snippet:-1, max-image-preview:large, max-video-preview:-1\" \/>\n<link rel=\"canonical\" href=\"https:\/\/www.gaveanews.com\/index.php\/2025\/10\/28\/recuperacao-de-pedro-do-flamengo-vai-durar-mais-tempo-do-que-o-esperado\/\" \/>\n<meta property=\"og:locale\" content=\"pt_BR\" \/>\n<meta property=\"og:type\" content=\"article\" \/>\n<meta property=\"og:title\" content=\"Recupera\u00e7\u00e3o de Pedro, do Flamengo, vai durar mais tempo do que o esperado\" \/>\n<meta property=\"og:description\" content=\"Com a fratura sofrida no antebra\u00e7o direito durante a semifinal da Libertadores, o atacante Pedro, do Flamengo, ser\u00e1 desfalque por um per\u00edodo mais longo do que o previsto inicialmente. A les\u00e3o ocorreu na quarta-feira (22 de outubro), na vit\u00f3ria por 1 a 0 sobre o Racing, no Maracan\u00e3, e exigiu a imobiliza\u00e7\u00e3o do bra\u00e7o do [&hellip;]\" \/>\n<meta property=\"og:url\" content=\"https:\/\/www.gaveanews.com\/index.php\/2025\/10\/28\/recuperacao-de-pedro-do-flamengo-vai-durar-mais-tempo-do-que-o-esperado\/\" \/>\n<meta property=\"og:site_name\" content=\"G\u00e1vea News\" \/>\n<meta property=\"article:publisher\" content=\"https:\/\/facebook.com\/gaveaNews\/\" \/>\n<meta property=\"article:published_time\" content=\"2025-10-28T18:00:00+00:00\" \/>\n<meta property=\"og:image\" content=\"https:\/\/www.gaveanews.com\/wp-content\/uploads\/Pedro-pelo-Flamengo-1.png\" \/>\n\t<meta property=\"og:image:width\" content=\"1200\" \/>\n\t<meta property=\"og:image:height\" content=\"900\" \/>\n\t<meta property=\"og:image:type\" content=\"image\/png\" \/>\n<meta name=\"author\" content=\"Reda\u00e7\u00e3o\" \/>\n<meta name=\"twitter:card\" content=\"summary_large_image\" \/>\n<meta name=\"twitter:label1\" content=\"Escrito por\" \/>\n\t<meta name=\"twitter:data1\" content=\"Reda\u00e7\u00e3o\" \/>\n\t<meta name=\"twitter:label2\" content=\"Est. tempo de leitura\" \/>\n\t<meta name=\"twitter:data2\" content=\"3 minutos\" \/>\n<script type=\"application\/ld+json\" class=\"yoast-schema-graph\">{\"@context\":\"https:\/\/schema.org\",\"@graph\":[{\"@type\":\"NewsArticle\",\"@id\":\"https:\/\/www.gaveanews.com\/index.php\/2025\/10\/28\/recuperacao-de-pedro-do-flamengo-vai-durar-mais-tempo-do-que-o-esperado\/#article\",\"isPartOf\":{\"@id\":\"https:\/\/www.gaveanews.com\/index.php\/2025\/10\/28\/recuperacao-de-pedro-do-flamengo-vai-durar-mais-tempo-do-que-o-esperado\/\"},\"author\":{\"name\":\"Reda\u00e7\u00e3o\",\"@id\":\"https:\/\/www.gaveanews.com\/#\/schema\/person\/c88645e3d550d0b6574305e67dd5a716\"},\"headline\":\"Recupera\u00e7\u00e3o de Pedro, do Flamengo, vai durar mais tempo do que o esperado\",\"datePublished\":\"2025-10-28T18:00:00+00:00\",\"mainEntityOfPage\":{\"@id\":\"https:\/\/www.gaveanews.com\/index.php\/2025\/10\/28\/recuperacao-de-pedro-do-flamengo-vai-durar-mais-tempo-do-que-o-esperado\/\"},\"wordCount\":464,\"commentCount\":0,\"image\":{\"@id\":\"https:\/\/www.gaveanews.com\/index.php\/2025\/10\/28\/recuperacao-de-pedro-do-flamengo-vai-durar-mais-tempo-do-que-o-esperado\/#primaryimage\"},\"thumbnailUrl\":\"https:\/\/www.gaveanews.com\/wp-content\/uploads\/Pedro-pelo-Flamengo-1.png\",\"articleSection\":[\"Flamengo\"],\"inLanguage\":\"pt-BR\",\"potentialAction\":[{\"@type\":\"CommentAction\",\"name\":\"Comment\",\"target\":[\"https:\/\/www.gaveanews.com\/index.php\/2025\/10\/28\/recuperacao-de-pedro-do-flamengo-vai-durar-mais-tempo-do-que-o-esperado\/#respond\"]}],\"copyrightYear\":\"2025\",\"copyrightHolder\":{\"@id\":\"https:\/\/www.gaveanews.com\/#organization\"}},{\"@type\":\"WebPage\",\"@id\":\"https:\/\/www.gaveanews.com\/index.php\/2025\/10\/28\/recuperacao-de-pedro-do-flamengo-vai-durar-mais-tempo-do-que-o-esperado\/\",\"url\":\"https:\/\/www.gaveanews.com\/index.php\/2025\/10\/28\/recuperacao-de-pedro-do-flamengo-vai-durar-mais-tempo-do-que-o-esperado\/\",\"name\":\"Recupera\u00e7\u00e3o de Pedro, do Flamengo, vai durar mais tempo do que o esperado\",\"isPartOf\":{\"@id\":\"https:\/\/www.gaveanews.com\/#website\"},\"primaryImageOfPage\":{\"@id\":\"https:\/\/www.gaveanews.com\/index.php\/2025\/10\/28\/recuperacao-de-pedro-do-flamengo-vai-durar-mais-tempo-do-que-o-esperado\/#primaryimage\"},\"image\":{\"@id\":\"https:\/\/www.gaveanews.com\/index.php\/2025\/10\/28\/recuperacao-de-pedro-do-flamengo-vai-durar-mais-tempo-do-que-o-esperado\/#primaryimage\"},\"thumbnailUrl\":\"https:\/\/www.gaveanews.com\/wp-content\/uploads\/Pedro-pelo-Flamengo-1.png\",\"datePublished\":\"2025-10-28T18:00:00+00:00\",\"author\":{\"@id\":\"https:\/\/www.gaveanews.com\/#\/schema\/person\/c88645e3d550d0b6574305e67dd5a716\"},\"breadcrumb\":{\"@id\":\"https:\/\/www.gaveanews.com\/index.php\/2025\/10\/28\/recuperacao-de-pedro-do-flamengo-vai-durar-mais-tempo-do-que-o-esperado\/#breadcrumb\"},\"inLanguage\":\"pt-BR\",\"potentialAction\":[{\"@type\":\"ReadAction\",\"target\":[\"https:\/\/www.gaveanews.com\/index.php\/2025\/10\/28\/recuperacao-de-pedro-do-flamengo-vai-durar-mais-tempo-do-que-o-esperado\/\"]}]},{\"@type\":\"ImageObject\",\"inLanguage\":\"pt-BR\",\"@id\":\"https:\/\/www.gaveanews.com\/index.php\/2025\/10\/28\/recuperacao-de-pedro-do-flamengo-vai-durar-mais-tempo-do-que-o-esperado\/#primaryimage\",\"url\":\"https:\/\/www.gaveanews.com\/wp-content\/uploads\/Pedro-pelo-Flamengo-1.png\",\"contentUrl\":\"https:\/\/www.gaveanews.com\/wp-content\/uploads\/Pedro-pelo-Flamengo-1.png\",\"width\":1200,\"height\":900,\"caption\":\"(Fotos: Gilvan de Souza\/Flamengo)\"},{\"@type\":\"BreadcrumbList\",\"@id\":\"https:\/\/www.gaveanews.com\/index.php\/2025\/10\/28\/recuperacao-de-pedro-do-flamengo-vai-durar-mais-tempo-do-que-o-esperado\/#breadcrumb\",\"itemListElement\":[{\"@type\":\"ListItem\",\"position\":1,\"name\":\"Home\",\"item\":\"https:\/\/www.gaveanews.com\/\"},{\"@type\":\"ListItem\",\"position\":2,\"name\":\"Recupera\u00e7\u00e3o de Pedro, do Flamengo, vai durar mais tempo do que o esperado\"}]},{\"@type\":\"WebSite\",\"@id\":\"https:\/\/www.gaveanews.com\/#website\",\"url\":\"https:\/\/www.gaveanews.com\/\",\"name\":\"G\u00e1vea News\",\"description\":\"Veja todas as not\u00edcias sobre o Flamengo: Contrata\u00e7\u00f5es, categorias de base, resultados das partidas, tabela de classifica\u00e7\u00e3o, pr\u00f3ximos jogos!\",\"potentialAction\":[{\"@type\":\"SearchAction\",\"target\":{\"@type\":\"EntryPoint\",\"urlTemplate\":\"https:\/\/www.gaveanews.com\/?s={search_term_string}\"},\"query-input\":{\"@type\":\"PropertyValueSpecification\",\"valueRequired\":true,\"valueName\":\"search_term_string\"}}],\"inLanguage\":\"pt-BR\"},{\"@type\":\"Person\",\"@id\":\"https:\/\/www.gaveanews.com\/#\/schema\/person\/c88645e3d550d0b6574305e67dd5a716\",\"name\":\"Reda\u00e7\u00e3o\",\"image\":{\"@type\":\"ImageObject\",\"inLanguage\":\"pt-BR\",\"@id\":\"https:\/\/www.gaveanews.com\/#\/schema\/person\/image\/\",\"url\":\"https:\/\/secure.gravatar.com\/avatar\/434098fd823f0dc1b062d14ca22bacaa6e38de28d8c816bbef6fc2f8c44d8ba3?s=96&d=mm&r=g\",\"contentUrl\":\"https:\/\/secure.gravatar.com\/avatar\/434098fd823f0dc1b062d14ca22bacaa6e38de28d8c816bbef6fc2f8c44d8ba3?s=96&d=mm&r=g\",\"caption\":\"Reda\u00e7\u00e3o\"}}]}<\/script>\n<!-- \/ Yoast SEO Premium plugin. -->","yoast_head_json":{"title":"Recupera\u00e7\u00e3o de Pedro, do Flamengo, vai durar mais tempo do que o esperado","robots":{"index":"index","follow":"follow","max-snippet":"max-snippet:-1","max-image-preview":"max-image-preview:large","max-video-preview":"max-video-preview:-1"},"canonical":"https:\/\/www.gaveanews.com\/index.php\/2025\/10\/28\/recuperacao-de-pedro-do-flamengo-vai-durar-mais-tempo-do-que-o-esperado\/","og_locale":"pt_BR","og_type":"article","og_title":"Recupera\u00e7\u00e3o de Pedro, do Flamengo, vai durar mais tempo do que o esperado","og_description":"Com a fratura sofrida no antebra\u00e7o direito durante a semifinal da Libertadores, o atacante Pedro, do Flamengo, ser\u00e1 desfalque por um per\u00edodo mais longo do que o previsto inicialmente. A les\u00e3o ocorreu na quarta-feira (22 de outubro), na vit\u00f3ria por 1 a 0 sobre o Racing, no Maracan\u00e3, e exigiu a imobiliza\u00e7\u00e3o do bra\u00e7o do [&hellip;]","og_url":"https:\/\/www.gaveanews.com\/index.php\/2025\/10\/28\/recuperacao-de-pedro-do-flamengo-vai-durar-mais-tempo-do-que-o-esperado\/","og_site_name":"G\u00e1vea News","article_publisher":"https:\/\/facebook.com\/gaveaNews\/","article_published_time":"2025-10-28T18:00:00+00:00","og_image":[{"width":1200,"height":900,"url":"https:\/\/www.gaveanews.com\/wp-content\/uploads\/Pedro-pelo-Flamengo-1.png","type":"image\/png"}],"author":"Reda\u00e7\u00e3o","twitter_card":"summary_large_image","twitter_misc":{"Escrito por":"Reda\u00e7\u00e3o","Est. tempo de leitura":"3 minutos"},"schema":{"@context":"https:\/\/schema.org","@graph":[{"@type":"NewsArticle","@id":"https:\/\/www.gaveanews.com\/index.php\/2025\/10\/28\/recuperacao-de-pedro-do-flamengo-vai-durar-mais-tempo-do-que-o-esperado\/#article","isPartOf":{"@id":"https:\/\/www.gaveanews.com\/index.php\/2025\/10\/28\/recuperacao-de-pedro-do-flamengo-vai-durar-mais-tempo-do-que-o-esperado\/"},"author":{"name":"Reda\u00e7\u00e3o","@id":"https:\/\/www.gaveanews.com\/#\/schema\/person\/c88645e3d550d0b6574305e67dd5a716"},"headline":"Recupera\u00e7\u00e3o de Pedro, do Flamengo, vai durar mais tempo do que o esperado","datePublished":"2025-10-28T18:00:00+00:00","mainEntityOfPage":{"@id":"https:\/\/www.gaveanews.com\/index.php\/2025\/10\/28\/recuperacao-de-pedro-do-flamengo-vai-durar-mais-tempo-do-que-o-esperado\/"},"wordCount":464,"commentCount":0,"image":{"@id":"https:\/\/www.gaveanews.com\/index.php\/2025\/10\/28\/recuperacao-de-pedro-do-flamengo-vai-durar-mais-tempo-do-que-o-esperado\/#primaryimage"},"thumbnailUrl":"https:\/\/www.gaveanews.com\/wp-content\/uploads\/Pedro-pelo-Flamengo-1.png","articleSection":["Flamengo"],"inLanguage":"pt-BR","potentialAction":[{"@type":"CommentAction","name":"Comment","target":["https:\/\/www.gaveanews.com\/index.php\/2025\/10\/28\/recuperacao-de-pedro-do-flamengo-vai-durar-mais-tempo-do-que-o-esperado\/#respond"]}],"copyrightYear":"2025","copyrightHolder":{"@id":"https:\/\/www.gaveanews.com\/#organization"}},{"@type":"WebPage","@id":"https:\/\/www.gaveanews.com\/index.php\/2025\/10\/28\/recuperacao-de-pedro-do-flamengo-vai-durar-mais-tempo-do-que-o-esperado\/","url":"https:\/\/www.gaveanews.com\/index.php\/2025\/10\/28\/recuperacao-de-pedro-do-flamengo-vai-durar-mais-tempo-do-que-o-esperado\/","name":"Recupera\u00e7\u00e3o de Pedro, do Flamengo, vai durar mais tempo do que o esperado","isPartOf":{"@id":"https:\/\/www.gaveanews.com\/#website"},"primaryImageOfPage":{"@id":"https:\/\/www.gaveanews.com\/index.php\/2025\/10\/28\/recuperacao-de-pedro-do-flamengo-vai-durar-mais-tempo-do-que-o-esperado\/#primaryimage"},"image":{"@id":"https:\/\/www.gaveanews.com\/index.php\/2025\/10\/28\/recuperacao-de-pedro-do-flamengo-vai-durar-mais-tempo-do-que-o-esperado\/#primaryimage"},"thumbnailUrl":"https:\/\/www.gaveanews.com\/wp-content\/uploads\/Pedro-pelo-Flamengo-1.png","datePublished":"2025-10-28T18:00:00+00:00","author":{"@id":"https:\/\/www.gaveanews.com\/#\/schema\/person\/c88645e3d550d0b6574305e67dd5a716"},"breadcrumb":{"@id":"https:\/\/www.gaveanews.com\/index.php\/2025\/10\/28\/recuperacao-de-pedro-do-flamengo-vai-durar-mais-tempo-do-que-o-esperado\/#breadcrumb"},"inLanguage":"pt-BR","potentialAction":[{"@type":"ReadAction","target":["https:\/\/www.gaveanews.com\/index.php\/2025\/10\/28\/recuperacao-de-pedro-do-flamengo-vai-durar-mais-tempo-do-que-o-esperado\/"]}]},{"@type":"ImageObject","inLanguage":"pt-BR","@id":"https:\/\/www.gaveanews.com\/index.php\/2025\/10\/28\/recuperacao-de-pedro-do-flamengo-vai-durar-mais-tempo-do-que-o-esperado\/#primaryimage","url":"https:\/\/www.gaveanews.com\/wp-content\/uploads\/Pedro-pelo-Flamengo-1.png","contentUrl":"https:\/\/www.gaveanews.com\/wp-content\/uploads\/Pedro-pelo-Flamengo-1.png","width":1200,"height":900,"caption":"(Fotos: Gilvan de Souza\/Flamengo)"},{"@type":"BreadcrumbList","@id":"https:\/\/www.gaveanews.com\/index.php\/2025\/10\/28\/recuperacao-de-pedro-do-flamengo-vai-durar-mais-tempo-do-que-o-esperado\/#breadcrumb","itemListElement":[{"@type":"ListItem","position":1,"name":"Home","item":"https:\/\/www.gaveanews.com\/"},{"@type":"ListItem","position":2,"name":"Recupera\u00e7\u00e3o de Pedro, do Flamengo, vai durar mais tempo do que o esperado"}]},{"@type":"WebSite","@id":"https:\/\/www.gaveanews.com\/#website","url":"https:\/\/www.gaveanews.com\/","name":"G\u00e1vea News","description":"Veja todas as not\u00edcias sobre o Flamengo: Contrata\u00e7\u00f5es, categorias de base, resultados das partidas, tabela de classifica\u00e7\u00e3o, pr\u00f3ximos jogos!","potentialAction":[{"@type":"SearchAction","target":{"@type":"EntryPoint","urlTemplate":"https:\/\/www.gaveanews.com\/?s={search_term_string}"},"query-input":{"@type":"PropertyValueSpecification","valueRequired":true,"valueName":"search_term_string"}}],"inLanguage":"pt-BR"},{"@type":"Person","@id":"https:\/\/www.gaveanews.com\/#\/schema\/person\/c88645e3d550d0b6574305e67dd5a716","name":"Reda\u00e7\u00e3o","image":{"@type":"ImageObject","inLanguage":"pt-BR","@id":"https:\/\/www.gaveanews.com\/#\/schema\/person\/image\/","url":"https:\/\/secure.gravatar.com\/avatar\/434098fd823f0dc1b062d14ca22bacaa6e38de28d8c816bbef6fc2f8c44d8ba3?s=96&d=mm&r=g","contentUrl":"https:\/\/secure.gravatar.com\/avatar\/434098fd823f0dc1b062d14ca22bacaa6e38de28d8c816bbef6fc2f8c44d8ba3?s=96&d=mm&r=g","caption":"Reda\u00e7\u00e3o"}}]}},"_links":{"self":[{"href":"https:\/\/www.gaveanews.com\/index.php\/wp-json\/wp\/v2\/posts\/279459","targetHints":{"allow":["GET"]}}],"collection":[{"href":"https:\/\/www.gaveanews.com\/index.php\/wp-json\/wp\/v2\/posts"}],"about":[{"href":"https:\/\/www.gaveanews.com\/index.php\/wp-json\/wp\/v2\/types\/post"}],"author":[{"embeddable":true,"href":"https:\/\/www.gaveanews.com\/index.php\/wp-json\/wp\/v2\/users\/39"}],"replies":[{"embeddable":true,"href":"https:\/\/www.gaveanews.com\/index.php\/wp-json\/wp\/v2\/comments?post=279459"}],"version-history":[{"count":1,"href":"https:\/\/www.gaveanews.com\/index.php\/wp-json\/wp\/v2\/posts\/279459\/revisions"}],"predecessor-version":[{"id":279469,"href":"https:\/\/www.gaveanews.com\/index.php\/wp-json\/wp\/v2\/posts\/279459\/revisions\/279469"}],"wp:featuredmedia":[{"embeddable":true,"href":"https:\/\/www.gaveanews.com\/index.php\/wp-json\/wp\/v2\/media\/279264"}],"wp:attachment":[{"href":"https:\/\/www.gaveanews.com\/index.php\/wp-json\/wp\/v2\/media?parent=279459"}],"wp:term":[{"taxonomy":"category","embeddable":true,"href":"https:\/\/www.gaveanews.com\/index.php\/wp-json\/wp\/v2\/categories?post=279459"},{"taxonomy":"post_tag","embeddable":true,"href":"https:\/\/www.gaveanews.com\/index.php\/wp-json\/wp\/v2\/tags?post=279459"}],"curies":[{"name":"wp","href":"https:\/\/api.w.org\/{rel}","templated":true}]}}