{"id":279460,"date":"2025-10-28T15:15:00","date_gmt":"2025-10-28T18:15:00","guid":{"rendered":"https:\/\/www.gaveanews.com\/?p=279460"},"modified":"2025-10-28T14:34:54","modified_gmt":"2025-10-28T17:34:54","slug":"atletico-mg-faz-anuncio-importante-e-flamengo-tem-envolvimento","status":"publish","type":"post","link":"https:\/\/www.gaveanews.com\/index.php\/2025\/10\/28\/atletico-mg-faz-anuncio-importante-e-flamengo-tem-envolvimento\/","title":{"rendered":"Atl\u00e9tico-MG faz an\u00fancio importante, e Flamengo tem envolvimento"},"content":{"rendered":"\n<p>Nesta ter\u00e7a-feira (28 de outubro), o Atl\u00e9tico-MG anunciou que vai deixar a Libra e retornar \u00e0 Liga Forte Uni\u00e3o. O movimento ocorre ap\u00f3s o <a href=\"https:\/\/www.gaveanews.com\/index.php\/category\/brasileirao\/flamengo\/\" target=\"_blank\" rel=\"noopener noreferrer\">Flamengo<\/a> acionar a Justi\u00e7a e bloquear pagamentos da TV Globo \u00e0s equipes da Libra por discordar do formato de divis\u00e3o.<\/p>\n\n\n\n<p>No comunicado, o clube afirmou que negociar\u00e1 parte dos direitos econ\u00f4micos do Campeonato Brasileiro. Segundo a nota, a Sports Media Entertainment ficar\u00e1 respons\u00e1vel pela aquisi\u00e7\u00e3o, sem detalhar percentuais, valores ou prazos, e com respeito aos contratos vigentes. <\/p>\n\n\n\n<p>&#8220;A Sports Media Entertainment ir\u00e1 adquirir parte dos direitos econ\u00f4micos do Atl\u00e9tico relacionados ao Campeonato Brasileiro. A implementa\u00e7\u00e3o dessa transa\u00e7\u00e3o respeitar\u00e1 contratos vigentes e estar\u00e1 sujeita ao cumprimento de uma s\u00e9rie de condi\u00e7\u00f5es precedentes e obten\u00e7\u00e3o das aprova\u00e7\u00f5es necess\u00e1rias&#8221;.<\/p>\n\n\n\n<p>J\u00e1 a dire\u00e7\u00e3o destacou que a decis\u00e3o busca contribuir para uma liga unificada e promover equil\u00edbrio competitivo entre os clubes. O texto tamb\u00e9m ressalta governan\u00e7a consistente, vis\u00e3o de longo prazo e coopera\u00e7\u00e3o. A mensagem reafirma que o desenvolvimento do futebol depende da coopera\u00e7\u00e3o entre os clubes.<\/p>\n\n\n\n<p>&#8220;O Atl\u00e9tico dar\u00e1 esse passo para somar, liderar pelo exemplo e contribuir para uma liga unificada que promova equil\u00edbrio competitivo, crescimento dos clubes e sustentabilidade financeira&#8221;.<\/p>\n\n\n\n<p>Enquanto isso, o CEO Bruno Muzzi afirmou \u00e0 R\u00e1dio Itatiaia que a mudan\u00e7a vinha sendo avaliada e criticou postura individualista do Flamengo. &#8220;Essa \u00e9 uma decis\u00e3o que j\u00e1 vinha sendo pensada h\u00e1 um tempo. O Atl\u00e9tico n\u00e3o compactua com essa vis\u00e3o individualista que, principalmente, o Flamengo vem tendo&#8221;.<\/p>\n\n\n\n<p>Por fim, o Atl\u00e9tico-MG informou que cumprir\u00e1 o contrato atual com a Libra, com vig\u00eancia at\u00e9 o fim de 2029.<\/p>\n","protected":false},"excerpt":{"rendered":"<p>Nesta ter\u00e7a-feira (28 de outubro), o Atl\u00e9tico-MG anunciou que vai deixar a Libra e retornar \u00e0 Liga Forte Uni\u00e3o. O movimento ocorre ap\u00f3s o Flamengo acionar a Justi\u00e7a e bloquear pagamentos da TV Globo \u00e0s equipes da Libra por discordar do formato de divis\u00e3o. No comunicado, o clube afirmou que negociar\u00e1 parte dos direitos econ\u00f4micos [&hellip;]<\/p>\n","protected":false},"author":39,"featured_media":153999,"comment_status":"open","ping_status":"closed","sticky":false,"template":"","format":"standard","meta":{"footnotes":""},"categories":[1],"tags":[],"class_list":["post-279460","post","type-post","status-publish","format-standard","has-post-thumbnail","hentry","category-flamengo"],"yoast_head":"<!-- This site is optimized with the Yoast SEO Premium plugin v24.2 (Yoast SEO v26.9) - https:\/\/yoast.com\/product\/yoast-seo-premium-wordpress\/ -->\n<title>Atl\u00e9tico-MG faz an\u00fancio importante, e Flamengo tem envolvimento<\/title>\n<meta name=\"robots\" content=\"index, follow, max-snippet:-1, max-image-preview:large, max-video-preview:-1\" \/>\n<link rel=\"canonical\" href=\"https:\/\/www.gaveanews.com\/index.php\/2025\/10\/28\/atletico-mg-faz-anuncio-importante-e-flamengo-tem-envolvimento\/\" \/>\n<meta property=\"og:locale\" content=\"pt_BR\" \/>\n<meta property=\"og:type\" content=\"article\" \/>\n<meta property=\"og:title\" content=\"Atl\u00e9tico-MG faz an\u00fancio importante, e Flamengo tem envolvimento\" \/>\n<meta property=\"og:description\" content=\"Nesta ter\u00e7a-feira (28 de outubro), o Atl\u00e9tico-MG anunciou que vai deixar a Libra e retornar \u00e0 Liga Forte Uni\u00e3o. O movimento ocorre ap\u00f3s o Flamengo acionar a Justi\u00e7a e bloquear pagamentos da TV Globo \u00e0s equipes da Libra por discordar do formato de divis\u00e3o. No comunicado, o clube afirmou que negociar\u00e1 parte dos direitos econ\u00f4micos [&hellip;]\" \/>\n<meta property=\"og:url\" content=\"https:\/\/www.gaveanews.com\/index.php\/2025\/10\/28\/atletico-mg-faz-anuncio-importante-e-flamengo-tem-envolvimento\/\" \/>\n<meta property=\"og:site_name\" content=\"G\u00e1vea News\" \/>\n<meta property=\"article:publisher\" content=\"https:\/\/facebook.com\/gaveaNews\/\" \/>\n<meta property=\"article:published_time\" content=\"2025-10-28T18:15:00+00:00\" \/>\n<meta property=\"og:image\" content=\"https:\/\/www.gaveanews.com\/wp-content\/uploads\/Estadio-do-Atletico-MG.webp\" \/>\n\t<meta property=\"og:image:width\" content=\"900\" \/>\n\t<meta property=\"og:image:height\" content=\"600\" \/>\n\t<meta property=\"og:image:type\" content=\"image\/webp\" \/>\n<meta name=\"author\" content=\"Reda\u00e7\u00e3o\" \/>\n<meta name=\"twitter:card\" content=\"summary_large_image\" \/>\n<meta name=\"twitter:label1\" content=\"Escrito por\" \/>\n\t<meta name=\"twitter:data1\" content=\"Reda\u00e7\u00e3o\" \/>\n\t<meta name=\"twitter:label2\" content=\"Est. tempo de leitura\" \/>\n\t<meta name=\"twitter:data2\" content=\"2 minutos\" \/>\n<script type=\"application\/ld+json\" class=\"yoast-schema-graph\">{\"@context\":\"https:\/\/schema.org\",\"@graph\":[{\"@type\":\"NewsArticle\",\"@id\":\"https:\/\/www.gaveanews.com\/index.php\/2025\/10\/28\/atletico-mg-faz-anuncio-importante-e-flamengo-tem-envolvimento\/#article\",\"isPartOf\":{\"@id\":\"https:\/\/www.gaveanews.com\/index.php\/2025\/10\/28\/atletico-mg-faz-anuncio-importante-e-flamengo-tem-envolvimento\/\"},\"author\":{\"name\":\"Reda\u00e7\u00e3o\",\"@id\":\"https:\/\/www.gaveanews.com\/#\/schema\/person\/c88645e3d550d0b6574305e67dd5a716\"},\"headline\":\"Atl\u00e9tico-MG faz an\u00fancio importante, e Flamengo tem envolvimento\",\"datePublished\":\"2025-10-28T18:15:00+00:00\",\"mainEntityOfPage\":{\"@id\":\"https:\/\/www.gaveanews.com\/index.php\/2025\/10\/28\/atletico-mg-faz-anuncio-importante-e-flamengo-tem-envolvimento\/\"},\"wordCount\":301,\"commentCount\":0,\"image\":{\"@id\":\"https:\/\/www.gaveanews.com\/index.php\/2025\/10\/28\/atletico-mg-faz-anuncio-importante-e-flamengo-tem-envolvimento\/#primaryimage\"},\"thumbnailUrl\":\"https:\/\/www.gaveanews.com\/wp-content\/uploads\/Estadio-do-Atletico-MG.webp\",\"articleSection\":[\"Flamengo\"],\"inLanguage\":\"pt-BR\",\"potentialAction\":[{\"@type\":\"CommentAction\",\"name\":\"Comment\",\"target\":[\"https:\/\/www.gaveanews.com\/index.php\/2025\/10\/28\/atletico-mg-faz-anuncio-importante-e-flamengo-tem-envolvimento\/#respond\"]}],\"copyrightYear\":\"2025\",\"copyrightHolder\":{\"@id\":\"https:\/\/www.gaveanews.com\/#organization\"}},{\"@type\":\"WebPage\",\"@id\":\"https:\/\/www.gaveanews.com\/index.php\/2025\/10\/28\/atletico-mg-faz-anuncio-importante-e-flamengo-tem-envolvimento\/\",\"url\":\"https:\/\/www.gaveanews.com\/index.php\/2025\/10\/28\/atletico-mg-faz-anuncio-importante-e-flamengo-tem-envolvimento\/\",\"name\":\"Atl\u00e9tico-MG faz an\u00fancio importante, e Flamengo tem envolvimento\",\"isPartOf\":{\"@id\":\"https:\/\/www.gaveanews.com\/#website\"},\"primaryImageOfPage\":{\"@id\":\"https:\/\/www.gaveanews.com\/index.php\/2025\/10\/28\/atletico-mg-faz-anuncio-importante-e-flamengo-tem-envolvimento\/#primaryimage\"},\"image\":{\"@id\":\"https:\/\/www.gaveanews.com\/index.php\/2025\/10\/28\/atletico-mg-faz-anuncio-importante-e-flamengo-tem-envolvimento\/#primaryimage\"},\"thumbnailUrl\":\"https:\/\/www.gaveanews.com\/wp-content\/uploads\/Estadio-do-Atletico-MG.webp\",\"datePublished\":\"2025-10-28T18:15:00+00:00\",\"author\":{\"@id\":\"https:\/\/www.gaveanews.com\/#\/schema\/person\/c88645e3d550d0b6574305e67dd5a716\"},\"breadcrumb\":{\"@id\":\"https:\/\/www.gaveanews.com\/index.php\/2025\/10\/28\/atletico-mg-faz-anuncio-importante-e-flamengo-tem-envolvimento\/#breadcrumb\"},\"inLanguage\":\"pt-BR\",\"potentialAction\":[{\"@type\":\"ReadAction\",\"target\":[\"https:\/\/www.gaveanews.com\/index.php\/2025\/10\/28\/atletico-mg-faz-anuncio-importante-e-flamengo-tem-envolvimento\/\"]}]},{\"@type\":\"ImageObject\",\"inLanguage\":\"pt-BR\",\"@id\":\"https:\/\/www.gaveanews.com\/index.php\/2025\/10\/28\/atletico-mg-faz-anuncio-importante-e-flamengo-tem-envolvimento\/#primaryimage\",\"url\":\"https:\/\/www.gaveanews.com\/wp-content\/uploads\/Estadio-do-Atletico-MG.webp\",\"contentUrl\":\"https:\/\/www.gaveanews.com\/wp-content\/uploads\/Estadio-do-Atletico-MG.webp\",\"width\":900,\"height\":600,\"caption\":\"Arena MRV, est\u00e1dio do Atl\u00e9tico-MG (Foto: Reprodu\u00e7\u00e3o\/Atl\u00e9tico)\"},{\"@type\":\"BreadcrumbList\",\"@id\":\"https:\/\/www.gaveanews.com\/index.php\/2025\/10\/28\/atletico-mg-faz-anuncio-importante-e-flamengo-tem-envolvimento\/#breadcrumb\",\"itemListElement\":[{\"@type\":\"ListItem\",\"position\":1,\"name\":\"Home\",\"item\":\"https:\/\/www.gaveanews.com\/\"},{\"@type\":\"ListItem\",\"position\":2,\"name\":\"Atl\u00e9tico-MG faz an\u00fancio importante, e Flamengo tem envolvimento\"}]},{\"@type\":\"WebSite\",\"@id\":\"https:\/\/www.gaveanews.com\/#website\",\"url\":\"https:\/\/www.gaveanews.com\/\",\"name\":\"G\u00e1vea News\",\"description\":\"Veja todas as not\u00edcias sobre o Flamengo: Contrata\u00e7\u00f5es, categorias de base, resultados das partidas, tabela de classifica\u00e7\u00e3o, pr\u00f3ximos jogos!\",\"potentialAction\":[{\"@type\":\"SearchAction\",\"target\":{\"@type\":\"EntryPoint\",\"urlTemplate\":\"https:\/\/www.gaveanews.com\/?s={search_term_string}\"},\"query-input\":{\"@type\":\"PropertyValueSpecification\",\"valueRequired\":true,\"valueName\":\"search_term_string\"}}],\"inLanguage\":\"pt-BR\"},{\"@type\":\"Person\",\"@id\":\"https:\/\/www.gaveanews.com\/#\/schema\/person\/c88645e3d550d0b6574305e67dd5a716\",\"name\":\"Reda\u00e7\u00e3o\",\"image\":{\"@type\":\"ImageObject\",\"inLanguage\":\"pt-BR\",\"@id\":\"https:\/\/www.gaveanews.com\/#\/schema\/person\/image\/\",\"url\":\"https:\/\/secure.gravatar.com\/avatar\/434098fd823f0dc1b062d14ca22bacaa6e38de28d8c816bbef6fc2f8c44d8ba3?s=96&d=mm&r=g\",\"contentUrl\":\"https:\/\/secure.gravatar.com\/avatar\/434098fd823f0dc1b062d14ca22bacaa6e38de28d8c816bbef6fc2f8c44d8ba3?s=96&d=mm&r=g\",\"caption\":\"Reda\u00e7\u00e3o\"}}]}<\/script>\n<!-- \/ Yoast SEO Premium plugin. -->","yoast_head_json":{"title":"Atl\u00e9tico-MG faz an\u00fancio importante, e Flamengo tem envolvimento","robots":{"index":"index","follow":"follow","max-snippet":"max-snippet:-1","max-image-preview":"max-image-preview:large","max-video-preview":"max-video-preview:-1"},"canonical":"https:\/\/www.gaveanews.com\/index.php\/2025\/10\/28\/atletico-mg-faz-anuncio-importante-e-flamengo-tem-envolvimento\/","og_locale":"pt_BR","og_type":"article","og_title":"Atl\u00e9tico-MG faz an\u00fancio importante, e Flamengo tem envolvimento","og_description":"Nesta ter\u00e7a-feira (28 de outubro), o Atl\u00e9tico-MG anunciou que vai deixar a Libra e retornar \u00e0 Liga Forte Uni\u00e3o. O movimento ocorre ap\u00f3s o Flamengo acionar a Justi\u00e7a e bloquear pagamentos da TV Globo \u00e0s equipes da Libra por discordar do formato de divis\u00e3o. No comunicado, o clube afirmou que negociar\u00e1 parte dos direitos econ\u00f4micos [&hellip;]","og_url":"https:\/\/www.gaveanews.com\/index.php\/2025\/10\/28\/atletico-mg-faz-anuncio-importante-e-flamengo-tem-envolvimento\/","og_site_name":"G\u00e1vea News","article_publisher":"https:\/\/facebook.com\/gaveaNews\/","article_published_time":"2025-10-28T18:15:00+00:00","og_image":[{"width":900,"height":600,"url":"https:\/\/www.gaveanews.com\/wp-content\/uploads\/Estadio-do-Atletico-MG.webp","type":"image\/webp"}],"author":"Reda\u00e7\u00e3o","twitter_card":"summary_large_image","twitter_misc":{"Escrito por":"Reda\u00e7\u00e3o","Est. tempo de leitura":"2 minutos"},"schema":{"@context":"https:\/\/schema.org","@graph":[{"@type":"NewsArticle","@id":"https:\/\/www.gaveanews.com\/index.php\/2025\/10\/28\/atletico-mg-faz-anuncio-importante-e-flamengo-tem-envolvimento\/#article","isPartOf":{"@id":"https:\/\/www.gaveanews.com\/index.php\/2025\/10\/28\/atletico-mg-faz-anuncio-importante-e-flamengo-tem-envolvimento\/"},"author":{"name":"Reda\u00e7\u00e3o","@id":"https:\/\/www.gaveanews.com\/#\/schema\/person\/c88645e3d550d0b6574305e67dd5a716"},"headline":"Atl\u00e9tico-MG faz an\u00fancio importante, e Flamengo tem envolvimento","datePublished":"2025-10-28T18:15:00+00:00","mainEntityOfPage":{"@id":"https:\/\/www.gaveanews.com\/index.php\/2025\/10\/28\/atletico-mg-faz-anuncio-importante-e-flamengo-tem-envolvimento\/"},"wordCount":301,"commentCount":0,"image":{"@id":"https:\/\/www.gaveanews.com\/index.php\/2025\/10\/28\/atletico-mg-faz-anuncio-importante-e-flamengo-tem-envolvimento\/#primaryimage"},"thumbnailUrl":"https:\/\/www.gaveanews.com\/wp-content\/uploads\/Estadio-do-Atletico-MG.webp","articleSection":["Flamengo"],"inLanguage":"pt-BR","potentialAction":[{"@type":"CommentAction","name":"Comment","target":["https:\/\/www.gaveanews.com\/index.php\/2025\/10\/28\/atletico-mg-faz-anuncio-importante-e-flamengo-tem-envolvimento\/#respond"]}],"copyrightYear":"2025","copyrightHolder":{"@id":"https:\/\/www.gaveanews.com\/#organization"}},{"@type":"WebPage","@id":"https:\/\/www.gaveanews.com\/index.php\/2025\/10\/28\/atletico-mg-faz-anuncio-importante-e-flamengo-tem-envolvimento\/","url":"https:\/\/www.gaveanews.com\/index.php\/2025\/10\/28\/atletico-mg-faz-anuncio-importante-e-flamengo-tem-envolvimento\/","name":"Atl\u00e9tico-MG faz an\u00fancio importante, e Flamengo tem envolvimento","isPartOf":{"@id":"https:\/\/www.gaveanews.com\/#website"},"primaryImageOfPage":{"@id":"https:\/\/www.gaveanews.com\/index.php\/2025\/10\/28\/atletico-mg-faz-anuncio-importante-e-flamengo-tem-envolvimento\/#primaryimage"},"image":{"@id":"https:\/\/www.gaveanews.com\/index.php\/2025\/10\/28\/atletico-mg-faz-anuncio-importante-e-flamengo-tem-envolvimento\/#primaryimage"},"thumbnailUrl":"https:\/\/www.gaveanews.com\/wp-content\/uploads\/Estadio-do-Atletico-MG.webp","datePublished":"2025-10-28T18:15:00+00:00","author":{"@id":"https:\/\/www.gaveanews.com\/#\/schema\/person\/c88645e3d550d0b6574305e67dd5a716"},"breadcrumb":{"@id":"https:\/\/www.gaveanews.com\/index.php\/2025\/10\/28\/atletico-mg-faz-anuncio-importante-e-flamengo-tem-envolvimento\/#breadcrumb"},"inLanguage":"pt-BR","potentialAction":[{"@type":"ReadAction","target":["https:\/\/www.gaveanews.com\/index.php\/2025\/10\/28\/atletico-mg-faz-anuncio-importante-e-flamengo-tem-envolvimento\/"]}]},{"@type":"ImageObject","inLanguage":"pt-BR","@id":"https:\/\/www.gaveanews.com\/index.php\/2025\/10\/28\/atletico-mg-faz-anuncio-importante-e-flamengo-tem-envolvimento\/#primaryimage","url":"https:\/\/www.gaveanews.com\/wp-content\/uploads\/Estadio-do-Atletico-MG.webp","contentUrl":"https:\/\/www.gaveanews.com\/wp-content\/uploads\/Estadio-do-Atletico-MG.webp","width":900,"height":600,"caption":"Arena MRV, est\u00e1dio do Atl\u00e9tico-MG (Foto: Reprodu\u00e7\u00e3o\/Atl\u00e9tico)"},{"@type":"BreadcrumbList","@id":"https:\/\/www.gaveanews.com\/index.php\/2025\/10\/28\/atletico-mg-faz-anuncio-importante-e-flamengo-tem-envolvimento\/#breadcrumb","itemListElement":[{"@type":"ListItem","position":1,"name":"Home","item":"https:\/\/www.gaveanews.com\/"},{"@type":"ListItem","position":2,"name":"Atl\u00e9tico-MG faz an\u00fancio importante, e Flamengo tem envolvimento"}]},{"@type":"WebSite","@id":"https:\/\/www.gaveanews.com\/#website","url":"https:\/\/www.gaveanews.com\/","name":"G\u00e1vea News","description":"Veja todas as not\u00edcias sobre o Flamengo: Contrata\u00e7\u00f5es, categorias de base, resultados das partidas, tabela de classifica\u00e7\u00e3o, pr\u00f3ximos jogos!","potentialAction":[{"@type":"SearchAction","target":{"@type":"EntryPoint","urlTemplate":"https:\/\/www.gaveanews.com\/?s={search_term_string}"},"query-input":{"@type":"PropertyValueSpecification","valueRequired":true,"valueName":"search_term_string"}}],"inLanguage":"pt-BR"},{"@type":"Person","@id":"https:\/\/www.gaveanews.com\/#\/schema\/person\/c88645e3d550d0b6574305e67dd5a716","name":"Reda\u00e7\u00e3o","image":{"@type":"ImageObject","inLanguage":"pt-BR","@id":"https:\/\/www.gaveanews.com\/#\/schema\/person\/image\/","url":"https:\/\/secure.gravatar.com\/avatar\/434098fd823f0dc1b062d14ca22bacaa6e38de28d8c816bbef6fc2f8c44d8ba3?s=96&d=mm&r=g","contentUrl":"https:\/\/secure.gravatar.com\/avatar\/434098fd823f0dc1b062d14ca22bacaa6e38de28d8c816bbef6fc2f8c44d8ba3?s=96&d=mm&r=g","caption":"Reda\u00e7\u00e3o"}}]}},"_links":{"self":[{"href":"https:\/\/www.gaveanews.com\/index.php\/wp-json\/wp\/v2\/posts\/279460","targetHints":{"allow":["GET"]}}],"collection":[{"href":"https:\/\/www.gaveanews.com\/index.php\/wp-json\/wp\/v2\/posts"}],"about":[{"href":"https:\/\/www.gaveanews.com\/index.php\/wp-json\/wp\/v2\/types\/post"}],"author":[{"embeddable":true,"href":"https:\/\/www.gaveanews.com\/index.php\/wp-json\/wp\/v2\/users\/39"}],"replies":[{"embeddable":true,"href":"https:\/\/www.gaveanews.com\/index.php\/wp-json\/wp\/v2\/comments?post=279460"}],"version-history":[{"count":1,"href":"https:\/\/www.gaveanews.com\/index.php\/wp-json\/wp\/v2\/posts\/279460\/revisions"}],"predecessor-version":[{"id":279471,"href":"https:\/\/www.gaveanews.com\/index.php\/wp-json\/wp\/v2\/posts\/279460\/revisions\/279471"}],"wp:featuredmedia":[{"embeddable":true,"href":"https:\/\/www.gaveanews.com\/index.php\/wp-json\/wp\/v2\/media\/153999"}],"wp:attachment":[{"href":"https:\/\/www.gaveanews.com\/index.php\/wp-json\/wp\/v2\/media?parent=279460"}],"wp:term":[{"taxonomy":"category","embeddable":true,"href":"https:\/\/www.gaveanews.com\/index.php\/wp-json\/wp\/v2\/categories?post=279460"},{"taxonomy":"post_tag","embeddable":true,"href":"https:\/\/www.gaveanews.com\/index.php\/wp-json\/wp\/v2\/tags?post=279460"}],"curies":[{"name":"wp","href":"https:\/\/api.w.org\/{rel}","templated":true}]}}