{"id":279461,"date":"2025-10-28T14:45:00","date_gmt":"2025-10-28T17:45:00","guid":{"rendered":"https:\/\/www.gaveanews.com\/?p=279461"},"modified":"2025-10-28T14:20:57","modified_gmt":"2025-10-28T17:20:57","slug":"meia-campeao-do-mundo-coloca-o-flamengo-no-mesmo-patamar-do-real-madrid","status":"publish","type":"post","link":"https:\/\/www.gaveanews.com\/index.php\/2025\/10\/28\/meia-campeao-do-mundo-coloca-o-flamengo-no-mesmo-patamar-do-real-madrid\/","title":{"rendered":"Meia campe\u00e3o do mundo coloca o Flamengo no mesmo patamar do Real Madrid"},"content":{"rendered":"\n<p>Nesta ter\u00e7a-feira (28 de outubro), declara\u00e7\u00f5es de Claudio Borghi, campe\u00e3o mundial em 1986, comparando o <a href=\"https:\/\/www.gaveanews.com\/index.php\/category\/brasileirao\/flamengo\/\" target=\"_blank\" rel=\"noopener noreferrer\">Flamengo<\/a> ao Real Madrid, voltaram a pautar o debate. Em entrevista \u00e0 ESPN, o ex-meia destacou a dimens\u00e3o do clube na Am\u00e9rica do Sul.<\/p>\n\n\n\n<p>O coment\u00e1rio ganha for\u00e7a \u00e0s v\u00e9speras do duelo contra o Racing, que decide vaga no El Cilindro, em Avellaneda. A partida est\u00e1 marcada para quarta-feira (29 de outubro), \u00e0s 21h30 (hor\u00e1rio de Bras\u00edlia). Tricampe\u00e3o da Libertadores, o Flamengo lidera investimentos e encabe\u00e7a os elencos mais caros do continente.<\/p>\n\n\n\n<p>Sobre a identidade visual, Borghi ressaltou a facilidade de reconhecimento da camisa rubro-negra, sem deixar de citar rivais tradicionais do Brasil.<\/p>\n\n\n\n<p>&#8220;Se sairmos do Brasil &#8211; e eu n\u00e3o quero desrespeitar o S\u00e3o Paulo, <a href=\"https:\/\/www.gaveanews.com\/index.php\/category\/brasileirao\/palmeiras\/\" target=\"_blank\" rel=\"noopener noreferrer\">Palmeiras<\/a> e Santos, que s\u00e3o grandes clubes &#8211; isso tem muito a ver com a camisa (do Flamengo), com as cores, com o escudo. Qualquer estrangeiro reconhece imediatamente, seja no Brasil ou quando algu\u00e9m passa com a camisa do Flamengo por qualquer canto da Am\u00e9rica do Sul&#8221;.<\/p>\n\n\n\n<figure class=\"wp-block-image size-large\"><img loading=\"lazy\" decoding=\"async\" width=\"1024\" height=\"768\" src=\"http:\/\/www.gaveanews.com\/wp-content\/uploads\/Claudio-Bichi-Borghi-1024x768.png\" alt=\"\" class=\"wp-image-279464\" srcset=\"https:\/\/www.gaveanews.com\/wp-content\/uploads\/Claudio-Bichi-Borghi-1024x768.png 1024w, https:\/\/www.gaveanews.com\/wp-content\/uploads\/Claudio-Bichi-Borghi-300x225.png 300w, https:\/\/www.gaveanews.com\/wp-content\/uploads\/Claudio-Bichi-Borghi-768x576.png 768w, https:\/\/www.gaveanews.com\/wp-content\/uploads\/Claudio-Bichi-Borghi-560x420.png 560w, https:\/\/www.gaveanews.com\/wp-content\/uploads\/Claudio-Bichi-Borghi-1120x840.png 1120w, https:\/\/www.gaveanews.com\/wp-content\/uploads\/Claudio-Bichi-Borghi-80x60.png 80w, https:\/\/www.gaveanews.com\/wp-content\/uploads\/Claudio-Bichi-Borghi-160x120.png 160w, https:\/\/www.gaveanews.com\/wp-content\/uploads\/Claudio-Bichi-Borghi-100x75.png 100w, https:\/\/www.gaveanews.com\/wp-content\/uploads\/Claudio-Bichi-Borghi-200x150.png 200w, https:\/\/www.gaveanews.com\/wp-content\/uploads\/Claudio-Bichi-Borghi-180x135.png 180w, https:\/\/www.gaveanews.com\/wp-content\/uploads\/Claudio-Bichi-Borghi-360x270.png 360w, https:\/\/www.gaveanews.com\/wp-content\/uploads\/Claudio-Bichi-Borghi-238x178.png 238w, https:\/\/www.gaveanews.com\/wp-content\/uploads\/Claudio-Bichi-Borghi-476x356.png 476w, https:\/\/www.gaveanews.com\/wp-content\/uploads\/Claudio-Bichi-Borghi-640x480.png 640w, https:\/\/www.gaveanews.com\/wp-content\/uploads\/Claudio-Bichi-Borghi-681x511.png 681w, https:\/\/www.gaveanews.com\/wp-content\/uploads\/Claudio-Bichi-Borghi.png 1200w\" sizes=\"auto, (max-width: 1024px) 100vw, 1024px\" \/><figcaption class=\"wp-element-caption\">Claudio \u201cBichi\u201d Borghi (Foto: Reprodu\u00e7\u00e3o\/Instagram)<\/figcaption><\/figure>\n\n\n\n<p>Depois, o argentino explicou a compara\u00e7\u00e3o com o Real Madrid ao relacionar t\u00edtulos, estilo de jogo, nome e hist\u00f3ria do clube carioca.<\/p>\n\n\n\n<p>&#8220;Hoje, n\u00e3o sei como est\u00e3o as diferentes torcidas brasileiras em rela\u00e7\u00e3o \u00e0 quantidade de torcedores, mas por t\u00edtulos, forma de jogar, nome, hist\u00f3ria e por essa famosa camisa, acho que poderia ser como o Real Madrid. S\u00f3 n\u00e3o sei se economicamente. \u00c9 um dos times mais populares do mundo&#8221;.<\/p>\n\n\n\n<p>Por fim, o campe\u00e3o do mundo avaliou o respeito no continente e apontou uma diferen\u00e7a econ\u00f4mica entre brasileiros e um rival argentino.<\/p>\n\n\n\n<p>&#8220;N\u00e3o somente pelo futebol jogado, mas pelo poderio econ\u00f4mico. O restante dos times est\u00e1 muito longe do que estes dois times (Flamengo e Palmeiras) podem fazer. Quem mais se aproxima destes gastos importantes \u00e9 o River Plate, que investiu muito dinheiro para um time argentino e n\u00e3o fez uma boa Libertadores ou no Argentino&#8221;.<\/p>\n","protected":false},"excerpt":{"rendered":"<p>Nesta ter\u00e7a-feira (28 de outubro), declara\u00e7\u00f5es de Claudio Borghi, campe\u00e3o mundial em 1986, comparando o Flamengo ao Real Madrid, voltaram a pautar o debate. Em entrevista \u00e0 ESPN, o ex-meia destacou a dimens\u00e3o do clube na Am\u00e9rica do Sul. O coment\u00e1rio ganha for\u00e7a \u00e0s v\u00e9speras do duelo contra o Racing, que decide vaga no El [&hellip;]<\/p>\n","protected":false},"author":39,"featured_media":279128,"comment_status":"open","ping_status":"closed","sticky":false,"template":"","format":"standard","meta":{"footnotes":""},"categories":[1],"tags":[],"class_list":["post-279461","post","type-post","status-publish","format-standard","has-post-thumbnail","hentry","category-flamengo"],"yoast_head":"<!-- This site is optimized with the Yoast SEO Premium plugin v24.2 (Yoast SEO v26.9) - https:\/\/yoast.com\/product\/yoast-seo-premium-wordpress\/ -->\n<title>Meia campe\u00e3o do mundo coloca o Flamengo no mesmo patamar do Real Madrid<\/title>\n<meta name=\"robots\" content=\"index, follow, max-snippet:-1, max-image-preview:large, max-video-preview:-1\" \/>\n<link rel=\"canonical\" href=\"https:\/\/www.gaveanews.com\/index.php\/2025\/10\/28\/meia-campeao-do-mundo-coloca-o-flamengo-no-mesmo-patamar-do-real-madrid\/\" \/>\n<meta property=\"og:locale\" content=\"pt_BR\" \/>\n<meta property=\"og:type\" content=\"article\" \/>\n<meta property=\"og:title\" content=\"Meia campe\u00e3o do mundo coloca o Flamengo no mesmo patamar do Real Madrid\" \/>\n<meta property=\"og:description\" content=\"Nesta ter\u00e7a-feira (28 de outubro), declara\u00e7\u00f5es de Claudio Borghi, campe\u00e3o mundial em 1986, comparando o Flamengo ao Real Madrid, voltaram a pautar o debate. Em entrevista \u00e0 ESPN, o ex-meia destacou a dimens\u00e3o do clube na Am\u00e9rica do Sul. O coment\u00e1rio ganha for\u00e7a \u00e0s v\u00e9speras do duelo contra o Racing, que decide vaga no El [&hellip;]\" \/>\n<meta property=\"og:url\" content=\"https:\/\/www.gaveanews.com\/index.php\/2025\/10\/28\/meia-campeao-do-mundo-coloca-o-flamengo-no-mesmo-patamar-do-real-madrid\/\" \/>\n<meta property=\"og:site_name\" content=\"G\u00e1vea News\" \/>\n<meta property=\"article:publisher\" content=\"https:\/\/facebook.com\/gaveaNews\/\" \/>\n<meta property=\"article:published_time\" content=\"2025-10-28T17:45:00+00:00\" \/>\n<meta property=\"og:image\" content=\"https:\/\/www.gaveanews.com\/wp-content\/uploads\/Clube-de-Regatas-do-Flamengo.jpg\" \/>\n\t<meta property=\"og:image:width\" content=\"1280\" \/>\n\t<meta property=\"og:image:height\" content=\"960\" \/>\n\t<meta property=\"og:image:type\" content=\"image\/jpeg\" \/>\n<meta name=\"author\" content=\"Reda\u00e7\u00e3o\" \/>\n<meta name=\"twitter:card\" content=\"summary_large_image\" \/>\n<meta name=\"twitter:label1\" content=\"Escrito por\" \/>\n\t<meta name=\"twitter:data1\" content=\"Reda\u00e7\u00e3o\" \/>\n\t<meta name=\"twitter:label2\" content=\"Est. tempo de leitura\" \/>\n\t<meta name=\"twitter:data2\" content=\"3 minutos\" \/>\n<script type=\"application\/ld+json\" class=\"yoast-schema-graph\">{\"@context\":\"https:\/\/schema.org\",\"@graph\":[{\"@type\":\"NewsArticle\",\"@id\":\"https:\/\/www.gaveanews.com\/index.php\/2025\/10\/28\/meia-campeao-do-mundo-coloca-o-flamengo-no-mesmo-patamar-do-real-madrid\/#article\",\"isPartOf\":{\"@id\":\"https:\/\/www.gaveanews.com\/index.php\/2025\/10\/28\/meia-campeao-do-mundo-coloca-o-flamengo-no-mesmo-patamar-do-real-madrid\/\"},\"author\":{\"name\":\"Reda\u00e7\u00e3o\",\"@id\":\"https:\/\/www.gaveanews.com\/#\/schema\/person\/c88645e3d550d0b6574305e67dd5a716\"},\"headline\":\"Meia campe\u00e3o do mundo coloca o Flamengo no mesmo patamar do Real Madrid\",\"datePublished\":\"2025-10-28T17:45:00+00:00\",\"mainEntityOfPage\":{\"@id\":\"https:\/\/www.gaveanews.com\/index.php\/2025\/10\/28\/meia-campeao-do-mundo-coloca-o-flamengo-no-mesmo-patamar-do-real-madrid\/\"},\"wordCount\":361,\"commentCount\":0,\"image\":{\"@id\":\"https:\/\/www.gaveanews.com\/index.php\/2025\/10\/28\/meia-campeao-do-mundo-coloca-o-flamengo-no-mesmo-patamar-do-real-madrid\/#primaryimage\"},\"thumbnailUrl\":\"https:\/\/www.gaveanews.com\/wp-content\/uploads\/Clube-de-Regatas-do-Flamengo.jpg\",\"articleSection\":[\"Flamengo\"],\"inLanguage\":\"pt-BR\",\"potentialAction\":[{\"@type\":\"CommentAction\",\"name\":\"Comment\",\"target\":[\"https:\/\/www.gaveanews.com\/index.php\/2025\/10\/28\/meia-campeao-do-mundo-coloca-o-flamengo-no-mesmo-patamar-do-real-madrid\/#respond\"]}],\"copyrightYear\":\"2025\",\"copyrightHolder\":{\"@id\":\"https:\/\/www.gaveanews.com\/#organization\"}},{\"@type\":\"WebPage\",\"@id\":\"https:\/\/www.gaveanews.com\/index.php\/2025\/10\/28\/meia-campeao-do-mundo-coloca-o-flamengo-no-mesmo-patamar-do-real-madrid\/\",\"url\":\"https:\/\/www.gaveanews.com\/index.php\/2025\/10\/28\/meia-campeao-do-mundo-coloca-o-flamengo-no-mesmo-patamar-do-real-madrid\/\",\"name\":\"Meia campe\u00e3o do mundo coloca o Flamengo no mesmo patamar do Real Madrid\",\"isPartOf\":{\"@id\":\"https:\/\/www.gaveanews.com\/#website\"},\"primaryImageOfPage\":{\"@id\":\"https:\/\/www.gaveanews.com\/index.php\/2025\/10\/28\/meia-campeao-do-mundo-coloca-o-flamengo-no-mesmo-patamar-do-real-madrid\/#primaryimage\"},\"image\":{\"@id\":\"https:\/\/www.gaveanews.com\/index.php\/2025\/10\/28\/meia-campeao-do-mundo-coloca-o-flamengo-no-mesmo-patamar-do-real-madrid\/#primaryimage\"},\"thumbnailUrl\":\"https:\/\/www.gaveanews.com\/wp-content\/uploads\/Clube-de-Regatas-do-Flamengo.jpg\",\"datePublished\":\"2025-10-28T17:45:00+00:00\",\"author\":{\"@id\":\"https:\/\/www.gaveanews.com\/#\/schema\/person\/c88645e3d550d0b6574305e67dd5a716\"},\"breadcrumb\":{\"@id\":\"https:\/\/www.gaveanews.com\/index.php\/2025\/10\/28\/meia-campeao-do-mundo-coloca-o-flamengo-no-mesmo-patamar-do-real-madrid\/#breadcrumb\"},\"inLanguage\":\"pt-BR\",\"potentialAction\":[{\"@type\":\"ReadAction\",\"target\":[\"https:\/\/www.gaveanews.com\/index.php\/2025\/10\/28\/meia-campeao-do-mundo-coloca-o-flamengo-no-mesmo-patamar-do-real-madrid\/\"]}]},{\"@type\":\"ImageObject\",\"inLanguage\":\"pt-BR\",\"@id\":\"https:\/\/www.gaveanews.com\/index.php\/2025\/10\/28\/meia-campeao-do-mundo-coloca-o-flamengo-no-mesmo-patamar-do-real-madrid\/#primaryimage\",\"url\":\"https:\/\/www.gaveanews.com\/wp-content\/uploads\/Clube-de-Regatas-do-Flamengo.jpg\",\"contentUrl\":\"https:\/\/www.gaveanews.com\/wp-content\/uploads\/Clube-de-Regatas-do-Flamengo.jpg\",\"width\":1280,\"height\":960,\"caption\":\"Clube de Regatas do Flamengo (Foto: Adriano Fontes\/CRF)\"},{\"@type\":\"BreadcrumbList\",\"@id\":\"https:\/\/www.gaveanews.com\/index.php\/2025\/10\/28\/meia-campeao-do-mundo-coloca-o-flamengo-no-mesmo-patamar-do-real-madrid\/#breadcrumb\",\"itemListElement\":[{\"@type\":\"ListItem\",\"position\":1,\"name\":\"Home\",\"item\":\"https:\/\/www.gaveanews.com\/\"},{\"@type\":\"ListItem\",\"position\":2,\"name\":\"Meia campe\u00e3o do mundo coloca o Flamengo no mesmo patamar do Real Madrid\"}]},{\"@type\":\"WebSite\",\"@id\":\"https:\/\/www.gaveanews.com\/#website\",\"url\":\"https:\/\/www.gaveanews.com\/\",\"name\":\"G\u00e1vea News\",\"description\":\"Veja todas as not\u00edcias sobre o Flamengo: Contrata\u00e7\u00f5es, categorias de base, resultados das partidas, tabela de classifica\u00e7\u00e3o, pr\u00f3ximos jogos!\",\"potentialAction\":[{\"@type\":\"SearchAction\",\"target\":{\"@type\":\"EntryPoint\",\"urlTemplate\":\"https:\/\/www.gaveanews.com\/?s={search_term_string}\"},\"query-input\":{\"@type\":\"PropertyValueSpecification\",\"valueRequired\":true,\"valueName\":\"search_term_string\"}}],\"inLanguage\":\"pt-BR\"},{\"@type\":\"Person\",\"@id\":\"https:\/\/www.gaveanews.com\/#\/schema\/person\/c88645e3d550d0b6574305e67dd5a716\",\"name\":\"Reda\u00e7\u00e3o\",\"image\":{\"@type\":\"ImageObject\",\"inLanguage\":\"pt-BR\",\"@id\":\"https:\/\/www.gaveanews.com\/#\/schema\/person\/image\/\",\"url\":\"https:\/\/secure.gravatar.com\/avatar\/434098fd823f0dc1b062d14ca22bacaa6e38de28d8c816bbef6fc2f8c44d8ba3?s=96&d=mm&r=g\",\"contentUrl\":\"https:\/\/secure.gravatar.com\/avatar\/434098fd823f0dc1b062d14ca22bacaa6e38de28d8c816bbef6fc2f8c44d8ba3?s=96&d=mm&r=g\",\"caption\":\"Reda\u00e7\u00e3o\"}}]}<\/script>\n<!-- \/ Yoast SEO Premium plugin. -->","yoast_head_json":{"title":"Meia campe\u00e3o do mundo coloca o Flamengo no mesmo patamar do Real Madrid","robots":{"index":"index","follow":"follow","max-snippet":"max-snippet:-1","max-image-preview":"max-image-preview:large","max-video-preview":"max-video-preview:-1"},"canonical":"https:\/\/www.gaveanews.com\/index.php\/2025\/10\/28\/meia-campeao-do-mundo-coloca-o-flamengo-no-mesmo-patamar-do-real-madrid\/","og_locale":"pt_BR","og_type":"article","og_title":"Meia campe\u00e3o do mundo coloca o Flamengo no mesmo patamar do Real Madrid","og_description":"Nesta ter\u00e7a-feira (28 de outubro), declara\u00e7\u00f5es de Claudio Borghi, campe\u00e3o mundial em 1986, comparando o Flamengo ao Real Madrid, voltaram a pautar o debate. Em entrevista \u00e0 ESPN, o ex-meia destacou a dimens\u00e3o do clube na Am\u00e9rica do Sul. O coment\u00e1rio ganha for\u00e7a \u00e0s v\u00e9speras do duelo contra o Racing, que decide vaga no El [&hellip;]","og_url":"https:\/\/www.gaveanews.com\/index.php\/2025\/10\/28\/meia-campeao-do-mundo-coloca-o-flamengo-no-mesmo-patamar-do-real-madrid\/","og_site_name":"G\u00e1vea News","article_publisher":"https:\/\/facebook.com\/gaveaNews\/","article_published_time":"2025-10-28T17:45:00+00:00","og_image":[{"width":1280,"height":960,"url":"https:\/\/www.gaveanews.com\/wp-content\/uploads\/Clube-de-Regatas-do-Flamengo.jpg","type":"image\/jpeg"}],"author":"Reda\u00e7\u00e3o","twitter_card":"summary_large_image","twitter_misc":{"Escrito por":"Reda\u00e7\u00e3o","Est. tempo de leitura":"3 minutos"},"schema":{"@context":"https:\/\/schema.org","@graph":[{"@type":"NewsArticle","@id":"https:\/\/www.gaveanews.com\/index.php\/2025\/10\/28\/meia-campeao-do-mundo-coloca-o-flamengo-no-mesmo-patamar-do-real-madrid\/#article","isPartOf":{"@id":"https:\/\/www.gaveanews.com\/index.php\/2025\/10\/28\/meia-campeao-do-mundo-coloca-o-flamengo-no-mesmo-patamar-do-real-madrid\/"},"author":{"name":"Reda\u00e7\u00e3o","@id":"https:\/\/www.gaveanews.com\/#\/schema\/person\/c88645e3d550d0b6574305e67dd5a716"},"headline":"Meia campe\u00e3o do mundo coloca o Flamengo no mesmo patamar do Real Madrid","datePublished":"2025-10-28T17:45:00+00:00","mainEntityOfPage":{"@id":"https:\/\/www.gaveanews.com\/index.php\/2025\/10\/28\/meia-campeao-do-mundo-coloca-o-flamengo-no-mesmo-patamar-do-real-madrid\/"},"wordCount":361,"commentCount":0,"image":{"@id":"https:\/\/www.gaveanews.com\/index.php\/2025\/10\/28\/meia-campeao-do-mundo-coloca-o-flamengo-no-mesmo-patamar-do-real-madrid\/#primaryimage"},"thumbnailUrl":"https:\/\/www.gaveanews.com\/wp-content\/uploads\/Clube-de-Regatas-do-Flamengo.jpg","articleSection":["Flamengo"],"inLanguage":"pt-BR","potentialAction":[{"@type":"CommentAction","name":"Comment","target":["https:\/\/www.gaveanews.com\/index.php\/2025\/10\/28\/meia-campeao-do-mundo-coloca-o-flamengo-no-mesmo-patamar-do-real-madrid\/#respond"]}],"copyrightYear":"2025","copyrightHolder":{"@id":"https:\/\/www.gaveanews.com\/#organization"}},{"@type":"WebPage","@id":"https:\/\/www.gaveanews.com\/index.php\/2025\/10\/28\/meia-campeao-do-mundo-coloca-o-flamengo-no-mesmo-patamar-do-real-madrid\/","url":"https:\/\/www.gaveanews.com\/index.php\/2025\/10\/28\/meia-campeao-do-mundo-coloca-o-flamengo-no-mesmo-patamar-do-real-madrid\/","name":"Meia campe\u00e3o do mundo coloca o Flamengo no mesmo patamar do Real Madrid","isPartOf":{"@id":"https:\/\/www.gaveanews.com\/#website"},"primaryImageOfPage":{"@id":"https:\/\/www.gaveanews.com\/index.php\/2025\/10\/28\/meia-campeao-do-mundo-coloca-o-flamengo-no-mesmo-patamar-do-real-madrid\/#primaryimage"},"image":{"@id":"https:\/\/www.gaveanews.com\/index.php\/2025\/10\/28\/meia-campeao-do-mundo-coloca-o-flamengo-no-mesmo-patamar-do-real-madrid\/#primaryimage"},"thumbnailUrl":"https:\/\/www.gaveanews.com\/wp-content\/uploads\/Clube-de-Regatas-do-Flamengo.jpg","datePublished":"2025-10-28T17:45:00+00:00","author":{"@id":"https:\/\/www.gaveanews.com\/#\/schema\/person\/c88645e3d550d0b6574305e67dd5a716"},"breadcrumb":{"@id":"https:\/\/www.gaveanews.com\/index.php\/2025\/10\/28\/meia-campeao-do-mundo-coloca-o-flamengo-no-mesmo-patamar-do-real-madrid\/#breadcrumb"},"inLanguage":"pt-BR","potentialAction":[{"@type":"ReadAction","target":["https:\/\/www.gaveanews.com\/index.php\/2025\/10\/28\/meia-campeao-do-mundo-coloca-o-flamengo-no-mesmo-patamar-do-real-madrid\/"]}]},{"@type":"ImageObject","inLanguage":"pt-BR","@id":"https:\/\/www.gaveanews.com\/index.php\/2025\/10\/28\/meia-campeao-do-mundo-coloca-o-flamengo-no-mesmo-patamar-do-real-madrid\/#primaryimage","url":"https:\/\/www.gaveanews.com\/wp-content\/uploads\/Clube-de-Regatas-do-Flamengo.jpg","contentUrl":"https:\/\/www.gaveanews.com\/wp-content\/uploads\/Clube-de-Regatas-do-Flamengo.jpg","width":1280,"height":960,"caption":"Clube de Regatas do Flamengo (Foto: Adriano Fontes\/CRF)"},{"@type":"BreadcrumbList","@id":"https:\/\/www.gaveanews.com\/index.php\/2025\/10\/28\/meia-campeao-do-mundo-coloca-o-flamengo-no-mesmo-patamar-do-real-madrid\/#breadcrumb","itemListElement":[{"@type":"ListItem","position":1,"name":"Home","item":"https:\/\/www.gaveanews.com\/"},{"@type":"ListItem","position":2,"name":"Meia campe\u00e3o do mundo coloca o Flamengo no mesmo patamar do Real Madrid"}]},{"@type":"WebSite","@id":"https:\/\/www.gaveanews.com\/#website","url":"https:\/\/www.gaveanews.com\/","name":"G\u00e1vea News","description":"Veja todas as not\u00edcias sobre o Flamengo: Contrata\u00e7\u00f5es, categorias de base, resultados das partidas, tabela de classifica\u00e7\u00e3o, pr\u00f3ximos jogos!","potentialAction":[{"@type":"SearchAction","target":{"@type":"EntryPoint","urlTemplate":"https:\/\/www.gaveanews.com\/?s={search_term_string}"},"query-input":{"@type":"PropertyValueSpecification","valueRequired":true,"valueName":"search_term_string"}}],"inLanguage":"pt-BR"},{"@type":"Person","@id":"https:\/\/www.gaveanews.com\/#\/schema\/person\/c88645e3d550d0b6574305e67dd5a716","name":"Reda\u00e7\u00e3o","image":{"@type":"ImageObject","inLanguage":"pt-BR","@id":"https:\/\/www.gaveanews.com\/#\/schema\/person\/image\/","url":"https:\/\/secure.gravatar.com\/avatar\/434098fd823f0dc1b062d14ca22bacaa6e38de28d8c816bbef6fc2f8c44d8ba3?s=96&d=mm&r=g","contentUrl":"https:\/\/secure.gravatar.com\/avatar\/434098fd823f0dc1b062d14ca22bacaa6e38de28d8c816bbef6fc2f8c44d8ba3?s=96&d=mm&r=g","caption":"Reda\u00e7\u00e3o"}}]}},"_links":{"self":[{"href":"https:\/\/www.gaveanews.com\/index.php\/wp-json\/wp\/v2\/posts\/279461","targetHints":{"allow":["GET"]}}],"collection":[{"href":"https:\/\/www.gaveanews.com\/index.php\/wp-json\/wp\/v2\/posts"}],"about":[{"href":"https:\/\/www.gaveanews.com\/index.php\/wp-json\/wp\/v2\/types\/post"}],"author":[{"embeddable":true,"href":"https:\/\/www.gaveanews.com\/index.php\/wp-json\/wp\/v2\/users\/39"}],"replies":[{"embeddable":true,"href":"https:\/\/www.gaveanews.com\/index.php\/wp-json\/wp\/v2\/comments?post=279461"}],"version-history":[{"count":1,"href":"https:\/\/www.gaveanews.com\/index.php\/wp-json\/wp\/v2\/posts\/279461\/revisions"}],"predecessor-version":[{"id":279465,"href":"https:\/\/www.gaveanews.com\/index.php\/wp-json\/wp\/v2\/posts\/279461\/revisions\/279465"}],"wp:featuredmedia":[{"embeddable":true,"href":"https:\/\/www.gaveanews.com\/index.php\/wp-json\/wp\/v2\/media\/279128"}],"wp:attachment":[{"href":"https:\/\/www.gaveanews.com\/index.php\/wp-json\/wp\/v2\/media?parent=279461"}],"wp:term":[{"taxonomy":"category","embeddable":true,"href":"https:\/\/www.gaveanews.com\/index.php\/wp-json\/wp\/v2\/categories?post=279461"},{"taxonomy":"post_tag","embeddable":true,"href":"https:\/\/www.gaveanews.com\/index.php\/wp-json\/wp\/v2\/tags?post=279461"}],"curies":[{"name":"wp","href":"https:\/\/api.w.org\/{rel}","templated":true}]}}