{"id":279482,"date":"2025-10-28T18:00:00","date_gmt":"2025-10-28T21:00:00","guid":{"rendered":"https:\/\/www.gaveanews.com\/?p=279482"},"modified":"2025-10-28T17:32:00","modified_gmt":"2025-10-28T20:32:00","slug":"comentaristas-discordam-sobre-chances-de-classificacao-do-flamengo-contra-o-racing","status":"publish","type":"post","link":"https:\/\/www.gaveanews.com\/index.php\/2025\/10\/28\/comentaristas-discordam-sobre-chances-de-classificacao-do-flamengo-contra-o-racing\/","title":{"rendered":"Comentaristas discordam sobre chances de classifica\u00e7\u00e3o do Flamengo contra o Racing"},"content":{"rendered":"\n<p>\u00c0s v\u00e9speras da volta da semifinal da Libertadores, o <a href=\"https:\/\/www.gaveanews.com\/index.php\/category\/brasileirao\/flamengo\/\" target=\"_blank\" rel=\"noopener noreferrer\">Flamengo<\/a> chega ap\u00f3s perder para o Fortaleza e v\u00ea o debate sobre a classifica\u00e7\u00e3o esquentar. Osvaldo Pascoal demonstrou preocupa\u00e7\u00e3o, enquanto Zinho discordou e defendeu calma na an\u00e1lise.<\/p>\n\n\n\n<p>Pascoal apontou a aus\u00eancia de Pedro, lesionado no jogo de ida, como foco do problema. A expectativa \u00e9 que Pedro fique de fora por pelo menos um m\u00eas, e o fator inquieta o analista.<\/p>\n\n\n\n<p>&#8220;A derrota do Flamengo me deixa com resqu\u00edcios de preocupa\u00e7\u00e3o para o jogo de quarta-feira. Quem \u00e9 que vai chutar a bola no gol? Essa \u00e9 a pergunta que eu fa\u00e7o&#8221;, disse.<\/p>\n\n\n\n<p>J\u00e1 Zinho foi na contram\u00e3o e ressaltou a profundidade do elenco. O ex-jogador indicou Bruno Henrique como escolha no comando do ataque diante do Racing.<\/p>\n\n\n\n<p>&#8220;Parece que o desespero? Por que n\u00e3o tem o Pedro? Agora acabou o mundo? O Flamengo n\u00e3o vai classificar porque o Pedro n\u00e3o vai pro jogo? Espera a\u00ed, tem muitas op\u00e7\u00f5es no Flamengo, tem muitos bons jogadores. E a\u00ed eu vou usar a frase do Pascoal, o &#8216;incompar\u00e1vel&#8217; \u00e9 pra esse momento. N\u00e3o tem o Pedro, mas tem Bruno Henrique, tem Plata, tem Carrascal, tem Luiz Ara\u00fajo, tem Samuel Lino, ent\u00e3o tem muitas op\u00e7\u00f5es. Eu colocaria o Bruno Henrique&#8221;.<\/p>\n\n\n\n<p>Racing e Flamengo se enfrentam na quarta-feira (29 de outubro), no Est\u00e1dio Presidente Per\u00f3n, em Avellaneda, \u00e0s 21h30 (hor\u00e1rio de Bras\u00edlia). No Maracan\u00e3, o Flamengo venceu por 1 a 0, com gol de Carrascal e, portanto, um empate classifica o Rubro-Negro; vit\u00f3ria argentina por um gol leva aos p\u00eanaltis; por dois ou mais, avan\u00e7a o Racing.<\/p>\n\n\n\n<p>No Flamengo, L\u00e9o Ortiz \u00e9 d\u00favida ap\u00f3s tor\u00e7\u00e3o no tornozelo, mas cumpriu cronograma especial com foco na partida. Pedro, como citado, tem fratura no bra\u00e7o direito e n\u00e3o viajou; Everton Cebolinha, com problema no quadril, tamb\u00e9m est\u00e1 fora. <\/p>\n\n\n\n<p>Prov\u00e1vel time: Rossi; Varela, Danilo (L\u00e9o Ortiz), L\u00e9o Pereira e Alex Sandro; Pulgar, Jorginho e Arrascaeta; Luiz Ara\u00fajo, Bruno Henrique e Carrascal.<\/p>\n\n\n\n<p>O Racing perdeu Santiago Sosa por fratura no maxilar, mas o jogador j\u00e1 realizou cirurgia, com \u00eaxito. A prov\u00e1vel forma\u00e7\u00e3o tem: Cambeses; Martirena, Colombo, Marcos Rojo e Gabriel Rojas; Nardoni (Di C\u00e9sare), Zuculini e Almendra; Solari, Conechny e Adri\u00e1n Mart\u00ednez.<\/p>\n\n\n\n<p>Transmiss\u00e3o: Globo (TV aberta) e Paramount+ (streaming). O Ge TV (YouTube) tamb\u00e9m exibe. Arbitragem: Piero Maza (CHI); assistentes Cl\u00e1udio Urrutia e Jos\u00e9 Retamal; VAR de Juan Lara.<\/p>\n\n\n\n<p>Quem avan\u00e7ar enfrenta o classificado de <a href=\"https:\/\/www.gaveanews.com\/index.php\/category\/brasileirao\/palmeiras\/\" target=\"_blank\" rel=\"noopener noreferrer\">Palmeiras<\/a> x LDU, com defini\u00e7\u00e3o na quinta-feira (30 de outubro), no Allianz Parque. A ida terminou 3 a 0 para os equatorianos.<\/p>\n","protected":false},"excerpt":{"rendered":"<p>\u00c0s v\u00e9speras da volta da semifinal da Libertadores, o Flamengo chega ap\u00f3s perder para o Fortaleza e v\u00ea o debate sobre a classifica\u00e7\u00e3o esquentar. Osvaldo Pascoal demonstrou preocupa\u00e7\u00e3o, enquanto Zinho discordou e defendeu calma na an\u00e1lise. Pascoal apontou a aus\u00eancia de Pedro, lesionado no jogo de ida, como foco do problema. A expectativa \u00e9 que [&hellip;]<\/p>\n","protected":false},"author":39,"featured_media":251455,"comment_status":"open","ping_status":"closed","sticky":false,"template":"","format":"standard","meta":{"footnotes":""},"categories":[1],"tags":[],"class_list":["post-279482","post","type-post","status-publish","format-standard","has-post-thumbnail","hentry","category-flamengo"],"yoast_head":"<!-- This site is optimized with the Yoast SEO Premium plugin v24.2 (Yoast SEO v26.9) - https:\/\/yoast.com\/product\/yoast-seo-premium-wordpress\/ -->\n<title>Comentaristas discordam sobre chances de classifica\u00e7\u00e3o do Flamengo contra o Racing<\/title>\n<meta name=\"robots\" content=\"index, follow, max-snippet:-1, max-image-preview:large, max-video-preview:-1\" \/>\n<link rel=\"canonical\" href=\"https:\/\/www.gaveanews.com\/index.php\/2025\/10\/28\/comentaristas-discordam-sobre-chances-de-classificacao-do-flamengo-contra-o-racing\/\" \/>\n<meta property=\"og:locale\" content=\"pt_BR\" \/>\n<meta property=\"og:type\" content=\"article\" \/>\n<meta property=\"og:title\" content=\"Comentaristas discordam sobre chances de classifica\u00e7\u00e3o do Flamengo contra o Racing\" \/>\n<meta property=\"og:description\" content=\"\u00c0s v\u00e9speras da volta da semifinal da Libertadores, o Flamengo chega ap\u00f3s perder para o Fortaleza e v\u00ea o debate sobre a classifica\u00e7\u00e3o esquentar. Osvaldo Pascoal demonstrou preocupa\u00e7\u00e3o, enquanto Zinho discordou e defendeu calma na an\u00e1lise. Pascoal apontou a aus\u00eancia de Pedro, lesionado no jogo de ida, como foco do problema. A expectativa \u00e9 que [&hellip;]\" \/>\n<meta property=\"og:url\" content=\"https:\/\/www.gaveanews.com\/index.php\/2025\/10\/28\/comentaristas-discordam-sobre-chances-de-classificacao-do-flamengo-contra-o-racing\/\" \/>\n<meta property=\"og:site_name\" content=\"G\u00e1vea News\" \/>\n<meta property=\"article:publisher\" content=\"https:\/\/facebook.com\/gaveaNews\/\" \/>\n<meta property=\"article:published_time\" content=\"2025-10-28T21:00:00+00:00\" \/>\n<meta property=\"og:image\" content=\"https:\/\/www.gaveanews.com\/wp-content\/uploads\/Filipe-Luis-pelo-Flamengo.webp\" \/>\n\t<meta property=\"og:image:width\" content=\"477\" \/>\n\t<meta property=\"og:image:height\" content=\"291\" \/>\n\t<meta property=\"og:image:type\" content=\"image\/jpeg\" \/>\n<meta name=\"author\" content=\"Reda\u00e7\u00e3o\" \/>\n<meta name=\"twitter:card\" content=\"summary_large_image\" \/>\n<meta name=\"twitter:label1\" content=\"Escrito por\" \/>\n\t<meta name=\"twitter:data1\" content=\"Reda\u00e7\u00e3o\" \/>\n\t<meta name=\"twitter:label2\" content=\"Est. tempo de leitura\" \/>\n\t<meta name=\"twitter:data2\" content=\"3 minutos\" \/>\n<script type=\"application\/ld+json\" class=\"yoast-schema-graph\">{\"@context\":\"https:\/\/schema.org\",\"@graph\":[{\"@type\":\"NewsArticle\",\"@id\":\"https:\/\/www.gaveanews.com\/index.php\/2025\/10\/28\/comentaristas-discordam-sobre-chances-de-classificacao-do-flamengo-contra-o-racing\/#article\",\"isPartOf\":{\"@id\":\"https:\/\/www.gaveanews.com\/index.php\/2025\/10\/28\/comentaristas-discordam-sobre-chances-de-classificacao-do-flamengo-contra-o-racing\/\"},\"author\":{\"name\":\"Reda\u00e7\u00e3o\",\"@id\":\"https:\/\/www.gaveanews.com\/#\/schema\/person\/c88645e3d550d0b6574305e67dd5a716\"},\"headline\":\"Comentaristas discordam sobre chances de classifica\u00e7\u00e3o do Flamengo contra o Racing\",\"datePublished\":\"2025-10-28T21:00:00+00:00\",\"mainEntityOfPage\":{\"@id\":\"https:\/\/www.gaveanews.com\/index.php\/2025\/10\/28\/comentaristas-discordam-sobre-chances-de-classificacao-do-flamengo-contra-o-racing\/\"},\"wordCount\":466,\"commentCount\":0,\"image\":{\"@id\":\"https:\/\/www.gaveanews.com\/index.php\/2025\/10\/28\/comentaristas-discordam-sobre-chances-de-classificacao-do-flamengo-contra-o-racing\/#primaryimage\"},\"thumbnailUrl\":\"https:\/\/www.gaveanews.com\/wp-content\/uploads\/Filipe-Luis-pelo-Flamengo.webp\",\"articleSection\":[\"Flamengo\"],\"inLanguage\":\"pt-BR\",\"potentialAction\":[{\"@type\":\"CommentAction\",\"name\":\"Comment\",\"target\":[\"https:\/\/www.gaveanews.com\/index.php\/2025\/10\/28\/comentaristas-discordam-sobre-chances-de-classificacao-do-flamengo-contra-o-racing\/#respond\"]}],\"copyrightYear\":\"2025\",\"copyrightHolder\":{\"@id\":\"https:\/\/www.gaveanews.com\/#organization\"}},{\"@type\":\"WebPage\",\"@id\":\"https:\/\/www.gaveanews.com\/index.php\/2025\/10\/28\/comentaristas-discordam-sobre-chances-de-classificacao-do-flamengo-contra-o-racing\/\",\"url\":\"https:\/\/www.gaveanews.com\/index.php\/2025\/10\/28\/comentaristas-discordam-sobre-chances-de-classificacao-do-flamengo-contra-o-racing\/\",\"name\":\"Comentaristas discordam sobre chances de classifica\u00e7\u00e3o do Flamengo contra o Racing\",\"isPartOf\":{\"@id\":\"https:\/\/www.gaveanews.com\/#website\"},\"primaryImageOfPage\":{\"@id\":\"https:\/\/www.gaveanews.com\/index.php\/2025\/10\/28\/comentaristas-discordam-sobre-chances-de-classificacao-do-flamengo-contra-o-racing\/#primaryimage\"},\"image\":{\"@id\":\"https:\/\/www.gaveanews.com\/index.php\/2025\/10\/28\/comentaristas-discordam-sobre-chances-de-classificacao-do-flamengo-contra-o-racing\/#primaryimage\"},\"thumbnailUrl\":\"https:\/\/www.gaveanews.com\/wp-content\/uploads\/Filipe-Luis-pelo-Flamengo.webp\",\"datePublished\":\"2025-10-28T21:00:00+00:00\",\"author\":{\"@id\":\"https:\/\/www.gaveanews.com\/#\/schema\/person\/c88645e3d550d0b6574305e67dd5a716\"},\"breadcrumb\":{\"@id\":\"https:\/\/www.gaveanews.com\/index.php\/2025\/10\/28\/comentaristas-discordam-sobre-chances-de-classificacao-do-flamengo-contra-o-racing\/#breadcrumb\"},\"inLanguage\":\"pt-BR\",\"potentialAction\":[{\"@type\":\"ReadAction\",\"target\":[\"https:\/\/www.gaveanews.com\/index.php\/2025\/10\/28\/comentaristas-discordam-sobre-chances-de-classificacao-do-flamengo-contra-o-racing\/\"]}]},{\"@type\":\"ImageObject\",\"inLanguage\":\"pt-BR\",\"@id\":\"https:\/\/www.gaveanews.com\/index.php\/2025\/10\/28\/comentaristas-discordam-sobre-chances-de-classificacao-do-flamengo-contra-o-racing\/#primaryimage\",\"url\":\"https:\/\/www.gaveanews.com\/wp-content\/uploads\/Filipe-Luis-pelo-Flamengo.webp\",\"contentUrl\":\"https:\/\/www.gaveanews.com\/wp-content\/uploads\/Filipe-Luis-pelo-Flamengo.webp\",\"width\":477,\"height\":291,\"caption\":\"Filipe Lu\u00eds pelo Flamengo (Fotos: Gilvan de Souza\/Flamengo)\"},{\"@type\":\"BreadcrumbList\",\"@id\":\"https:\/\/www.gaveanews.com\/index.php\/2025\/10\/28\/comentaristas-discordam-sobre-chances-de-classificacao-do-flamengo-contra-o-racing\/#breadcrumb\",\"itemListElement\":[{\"@type\":\"ListItem\",\"position\":1,\"name\":\"Home\",\"item\":\"https:\/\/www.gaveanews.com\/\"},{\"@type\":\"ListItem\",\"position\":2,\"name\":\"Comentaristas discordam sobre chances de classifica\u00e7\u00e3o do Flamengo contra o Racing\"}]},{\"@type\":\"WebSite\",\"@id\":\"https:\/\/www.gaveanews.com\/#website\",\"url\":\"https:\/\/www.gaveanews.com\/\",\"name\":\"G\u00e1vea News\",\"description\":\"Veja todas as not\u00edcias sobre o Flamengo: Contrata\u00e7\u00f5es, categorias de base, resultados das partidas, tabela de classifica\u00e7\u00e3o, pr\u00f3ximos jogos!\",\"potentialAction\":[{\"@type\":\"SearchAction\",\"target\":{\"@type\":\"EntryPoint\",\"urlTemplate\":\"https:\/\/www.gaveanews.com\/?s={search_term_string}\"},\"query-input\":{\"@type\":\"PropertyValueSpecification\",\"valueRequired\":true,\"valueName\":\"search_term_string\"}}],\"inLanguage\":\"pt-BR\"},{\"@type\":\"Person\",\"@id\":\"https:\/\/www.gaveanews.com\/#\/schema\/person\/c88645e3d550d0b6574305e67dd5a716\",\"name\":\"Reda\u00e7\u00e3o\",\"image\":{\"@type\":\"ImageObject\",\"inLanguage\":\"pt-BR\",\"@id\":\"https:\/\/www.gaveanews.com\/#\/schema\/person\/image\/\",\"url\":\"https:\/\/secure.gravatar.com\/avatar\/434098fd823f0dc1b062d14ca22bacaa6e38de28d8c816bbef6fc2f8c44d8ba3?s=96&d=mm&r=g\",\"contentUrl\":\"https:\/\/secure.gravatar.com\/avatar\/434098fd823f0dc1b062d14ca22bacaa6e38de28d8c816bbef6fc2f8c44d8ba3?s=96&d=mm&r=g\",\"caption\":\"Reda\u00e7\u00e3o\"}}]}<\/script>\n<!-- \/ Yoast SEO Premium plugin. -->","yoast_head_json":{"title":"Comentaristas discordam sobre chances de classifica\u00e7\u00e3o do Flamengo contra o Racing","robots":{"index":"index","follow":"follow","max-snippet":"max-snippet:-1","max-image-preview":"max-image-preview:large","max-video-preview":"max-video-preview:-1"},"canonical":"https:\/\/www.gaveanews.com\/index.php\/2025\/10\/28\/comentaristas-discordam-sobre-chances-de-classificacao-do-flamengo-contra-o-racing\/","og_locale":"pt_BR","og_type":"article","og_title":"Comentaristas discordam sobre chances de classifica\u00e7\u00e3o do Flamengo contra o Racing","og_description":"\u00c0s v\u00e9speras da volta da semifinal da Libertadores, o Flamengo chega ap\u00f3s perder para o Fortaleza e v\u00ea o debate sobre a classifica\u00e7\u00e3o esquentar. Osvaldo Pascoal demonstrou preocupa\u00e7\u00e3o, enquanto Zinho discordou e defendeu calma na an\u00e1lise. Pascoal apontou a aus\u00eancia de Pedro, lesionado no jogo de ida, como foco do problema. A expectativa \u00e9 que [&hellip;]","og_url":"https:\/\/www.gaveanews.com\/index.php\/2025\/10\/28\/comentaristas-discordam-sobre-chances-de-classificacao-do-flamengo-contra-o-racing\/","og_site_name":"G\u00e1vea News","article_publisher":"https:\/\/facebook.com\/gaveaNews\/","article_published_time":"2025-10-28T21:00:00+00:00","og_image":[{"width":477,"height":291,"url":"https:\/\/www.gaveanews.com\/wp-content\/uploads\/Filipe-Luis-pelo-Flamengo.webp","type":"image\/jpeg"}],"author":"Reda\u00e7\u00e3o","twitter_card":"summary_large_image","twitter_misc":{"Escrito por":"Reda\u00e7\u00e3o","Est. tempo de leitura":"3 minutos"},"schema":{"@context":"https:\/\/schema.org","@graph":[{"@type":"NewsArticle","@id":"https:\/\/www.gaveanews.com\/index.php\/2025\/10\/28\/comentaristas-discordam-sobre-chances-de-classificacao-do-flamengo-contra-o-racing\/#article","isPartOf":{"@id":"https:\/\/www.gaveanews.com\/index.php\/2025\/10\/28\/comentaristas-discordam-sobre-chances-de-classificacao-do-flamengo-contra-o-racing\/"},"author":{"name":"Reda\u00e7\u00e3o","@id":"https:\/\/www.gaveanews.com\/#\/schema\/person\/c88645e3d550d0b6574305e67dd5a716"},"headline":"Comentaristas discordam sobre chances de classifica\u00e7\u00e3o do Flamengo contra o Racing","datePublished":"2025-10-28T21:00:00+00:00","mainEntityOfPage":{"@id":"https:\/\/www.gaveanews.com\/index.php\/2025\/10\/28\/comentaristas-discordam-sobre-chances-de-classificacao-do-flamengo-contra-o-racing\/"},"wordCount":466,"commentCount":0,"image":{"@id":"https:\/\/www.gaveanews.com\/index.php\/2025\/10\/28\/comentaristas-discordam-sobre-chances-de-classificacao-do-flamengo-contra-o-racing\/#primaryimage"},"thumbnailUrl":"https:\/\/www.gaveanews.com\/wp-content\/uploads\/Filipe-Luis-pelo-Flamengo.webp","articleSection":["Flamengo"],"inLanguage":"pt-BR","potentialAction":[{"@type":"CommentAction","name":"Comment","target":["https:\/\/www.gaveanews.com\/index.php\/2025\/10\/28\/comentaristas-discordam-sobre-chances-de-classificacao-do-flamengo-contra-o-racing\/#respond"]}],"copyrightYear":"2025","copyrightHolder":{"@id":"https:\/\/www.gaveanews.com\/#organization"}},{"@type":"WebPage","@id":"https:\/\/www.gaveanews.com\/index.php\/2025\/10\/28\/comentaristas-discordam-sobre-chances-de-classificacao-do-flamengo-contra-o-racing\/","url":"https:\/\/www.gaveanews.com\/index.php\/2025\/10\/28\/comentaristas-discordam-sobre-chances-de-classificacao-do-flamengo-contra-o-racing\/","name":"Comentaristas discordam sobre chances de classifica\u00e7\u00e3o do Flamengo contra o Racing","isPartOf":{"@id":"https:\/\/www.gaveanews.com\/#website"},"primaryImageOfPage":{"@id":"https:\/\/www.gaveanews.com\/index.php\/2025\/10\/28\/comentaristas-discordam-sobre-chances-de-classificacao-do-flamengo-contra-o-racing\/#primaryimage"},"image":{"@id":"https:\/\/www.gaveanews.com\/index.php\/2025\/10\/28\/comentaristas-discordam-sobre-chances-de-classificacao-do-flamengo-contra-o-racing\/#primaryimage"},"thumbnailUrl":"https:\/\/www.gaveanews.com\/wp-content\/uploads\/Filipe-Luis-pelo-Flamengo.webp","datePublished":"2025-10-28T21:00:00+00:00","author":{"@id":"https:\/\/www.gaveanews.com\/#\/schema\/person\/c88645e3d550d0b6574305e67dd5a716"},"breadcrumb":{"@id":"https:\/\/www.gaveanews.com\/index.php\/2025\/10\/28\/comentaristas-discordam-sobre-chances-de-classificacao-do-flamengo-contra-o-racing\/#breadcrumb"},"inLanguage":"pt-BR","potentialAction":[{"@type":"ReadAction","target":["https:\/\/www.gaveanews.com\/index.php\/2025\/10\/28\/comentaristas-discordam-sobre-chances-de-classificacao-do-flamengo-contra-o-racing\/"]}]},{"@type":"ImageObject","inLanguage":"pt-BR","@id":"https:\/\/www.gaveanews.com\/index.php\/2025\/10\/28\/comentaristas-discordam-sobre-chances-de-classificacao-do-flamengo-contra-o-racing\/#primaryimage","url":"https:\/\/www.gaveanews.com\/wp-content\/uploads\/Filipe-Luis-pelo-Flamengo.webp","contentUrl":"https:\/\/www.gaveanews.com\/wp-content\/uploads\/Filipe-Luis-pelo-Flamengo.webp","width":477,"height":291,"caption":"Filipe Lu\u00eds pelo Flamengo (Fotos: Gilvan de Souza\/Flamengo)"},{"@type":"BreadcrumbList","@id":"https:\/\/www.gaveanews.com\/index.php\/2025\/10\/28\/comentaristas-discordam-sobre-chances-de-classificacao-do-flamengo-contra-o-racing\/#breadcrumb","itemListElement":[{"@type":"ListItem","position":1,"name":"Home","item":"https:\/\/www.gaveanews.com\/"},{"@type":"ListItem","position":2,"name":"Comentaristas discordam sobre chances de classifica\u00e7\u00e3o do Flamengo contra o Racing"}]},{"@type":"WebSite","@id":"https:\/\/www.gaveanews.com\/#website","url":"https:\/\/www.gaveanews.com\/","name":"G\u00e1vea News","description":"Veja todas as not\u00edcias sobre o Flamengo: Contrata\u00e7\u00f5es, categorias de base, resultados das partidas, tabela de classifica\u00e7\u00e3o, pr\u00f3ximos jogos!","potentialAction":[{"@type":"SearchAction","target":{"@type":"EntryPoint","urlTemplate":"https:\/\/www.gaveanews.com\/?s={search_term_string}"},"query-input":{"@type":"PropertyValueSpecification","valueRequired":true,"valueName":"search_term_string"}}],"inLanguage":"pt-BR"},{"@type":"Person","@id":"https:\/\/www.gaveanews.com\/#\/schema\/person\/c88645e3d550d0b6574305e67dd5a716","name":"Reda\u00e7\u00e3o","image":{"@type":"ImageObject","inLanguage":"pt-BR","@id":"https:\/\/www.gaveanews.com\/#\/schema\/person\/image\/","url":"https:\/\/secure.gravatar.com\/avatar\/434098fd823f0dc1b062d14ca22bacaa6e38de28d8c816bbef6fc2f8c44d8ba3?s=96&d=mm&r=g","contentUrl":"https:\/\/secure.gravatar.com\/avatar\/434098fd823f0dc1b062d14ca22bacaa6e38de28d8c816bbef6fc2f8c44d8ba3?s=96&d=mm&r=g","caption":"Reda\u00e7\u00e3o"}}]}},"_links":{"self":[{"href":"https:\/\/www.gaveanews.com\/index.php\/wp-json\/wp\/v2\/posts\/279482","targetHints":{"allow":["GET"]}}],"collection":[{"href":"https:\/\/www.gaveanews.com\/index.php\/wp-json\/wp\/v2\/posts"}],"about":[{"href":"https:\/\/www.gaveanews.com\/index.php\/wp-json\/wp\/v2\/types\/post"}],"author":[{"embeddable":true,"href":"https:\/\/www.gaveanews.com\/index.php\/wp-json\/wp\/v2\/users\/39"}],"replies":[{"embeddable":true,"href":"https:\/\/www.gaveanews.com\/index.php\/wp-json\/wp\/v2\/comments?post=279482"}],"version-history":[{"count":1,"href":"https:\/\/www.gaveanews.com\/index.php\/wp-json\/wp\/v2\/posts\/279482\/revisions"}],"predecessor-version":[{"id":279500,"href":"https:\/\/www.gaveanews.com\/index.php\/wp-json\/wp\/v2\/posts\/279482\/revisions\/279500"}],"wp:featuredmedia":[{"embeddable":true,"href":"https:\/\/www.gaveanews.com\/index.php\/wp-json\/wp\/v2\/media\/251455"}],"wp:attachment":[{"href":"https:\/\/www.gaveanews.com\/index.php\/wp-json\/wp\/v2\/media?parent=279482"}],"wp:term":[{"taxonomy":"category","embeddable":true,"href":"https:\/\/www.gaveanews.com\/index.php\/wp-json\/wp\/v2\/categories?post=279482"},{"taxonomy":"post_tag","embeddable":true,"href":"https:\/\/www.gaveanews.com\/index.php\/wp-json\/wp\/v2\/tags?post=279482"}],"curies":[{"name":"wp","href":"https:\/\/api.w.org\/{rel}","templated":true}]}}