{"id":279483,"date":"2025-10-28T18:30:00","date_gmt":"2025-10-28T21:30:00","guid":{"rendered":"https:\/\/www.gaveanews.com\/?p=279483"},"modified":"2025-10-28T17:35:41","modified_gmt":"2025-10-28T20:35:41","slug":"atualizacao-sobre-o-estado-dos-torcedores-do-flamengo-envolvidos-em-acidente-de-onibus","status":"publish","type":"post","link":"https:\/\/www.gaveanews.com\/index.php\/2025\/10\/28\/atualizacao-sobre-o-estado-dos-torcedores-do-flamengo-envolvidos-em-acidente-de-onibus\/","title":{"rendered":"Atualiza\u00e7\u00e3o sobre o estado dos torcedores do Flamengo envolvidos em acidente de \u00f4nibus"},"content":{"rendered":"\n<p>Uma torcedora do <a href=\"https:\/\/www.gaveanews.com\/index.php\/category\/brasileirao\/flamengo\/\" target=\"_blank\" rel=\"noopener noreferrer\">Flamengo<\/a> recebeu alta nesta ter\u00e7a-feira (28 de outubro) ap\u00f3s o tombamento de um \u00f4nibus na Rodovia Presidente Dutra, em Barra Mansa (RJ). O acidente ocorreu na segunda-feira (27 de outubro).<\/p>\n\n\n\n<p>O ve\u00edculo levava membros de duas torcidas organizadas rumo \u00e0 Argentina para o jogo contra o Racing, na quarta-feira (29 de outubro). Segundo a CCR, houve 46 v\u00edtimas: 32 leves, 10 moderadas e quatro graves. O tombamento foi por volta das 15 horas e 40 minutos (hor\u00e1rio de Bras\u00edlia). Tr\u00eas rubro-negros seguem internados sob observa\u00e7\u00e3o em unidades da regi\u00e3o.<\/p>\n\n\n\n<p>A Santa Casa de Barra Mansa informou que Silvana Cordeiro, de 27 anos, com les\u00e3o na clav\u00edcula, passou a noite em observa\u00e7\u00e3o e recebeu alta pela manh\u00e3. A unidade recebeu 27 torcedores. <\/p>\n\n\n\n<p>Seguem sob cuidados: Matheus Frederico, de 29 anos, com les\u00e3o pulmonar e quadro est\u00e1vel, e o motorista Vitor, de 55 anos, internado na UTI, tamb\u00e9m est\u00e1vel. J\u00e1 Daniel Peixoto permanece no Hospital S\u00e3o Jo\u00e3o Batista, em Volta Redonda, ap\u00f3s cirurgia ortop\u00e9dica, com quadro est\u00e1vel.<\/p>\n\n\n\n<p>A Na\u00e7\u00e3o 12, uma das organizadoras da caravana, afirmou em nota que n\u00e3o houve mortes e agradeceu o apoio recebido no resgate. A torcida citou a Torcida Jovem do Flamengo.<\/p>\n\n\n\n<p>\u201cAgradecemos imensamente aos irm\u00e3os da Torcida Jovem do Flamengo pelo apoio sem precedentes no momento do acidente, carregando no sangue o lema de proteger todos os rubro-negros. Novas atualiza\u00e7\u00f5es ser\u00e3o divulgadas assim que houver informa\u00e7\u00f5es oficiais\u201d.<\/p>\n\n\n\n<p>O Flamengo tamb\u00e9m se posicionou nesta tarde sobre o acidente na altura de Barra Mansa. O clube relatou contatos com a prefeitura e com for\u00e7as de seguran\u00e7a para acompanhar o atendimento.<\/p>\n\n\n\n<p>\u201cO Flamengo tomou conhecimento do acidente que ocorreu com o \u00f4nibus de torcedores que seguiam para Buenos Aires e entrou em contato com o Prefeito de Barra Mansa, Luiz Furlani, que prontamente colocou \u00e0 disposi\u00e7\u00e3o o Hospital Municipal e a Santa Casa para atendimento aos acidentados.\u201d<\/p>\n","protected":false},"excerpt":{"rendered":"<p>Uma torcedora do Flamengo recebeu alta nesta ter\u00e7a-feira (28 de outubro) ap\u00f3s o tombamento de um \u00f4nibus na Rodovia Presidente Dutra, em Barra Mansa (RJ). O acidente ocorreu na segunda-feira (27 de outubro). O ve\u00edculo levava membros de duas torcidas organizadas rumo \u00e0 Argentina para o jogo contra o Racing, na quarta-feira (29 de outubro). [&hellip;]<\/p>\n","protected":false},"author":39,"featured_media":151089,"comment_status":"open","ping_status":"closed","sticky":false,"template":"","format":"standard","meta":{"footnotes":""},"categories":[1],"tags":[],"class_list":["post-279483","post","type-post","status-publish","format-standard","has-post-thumbnail","hentry","category-flamengo"],"yoast_head":"<!-- This site is optimized with the Yoast SEO Premium plugin v24.2 (Yoast SEO v26.9) - https:\/\/yoast.com\/product\/yoast-seo-premium-wordpress\/ -->\n<title>Atualiza\u00e7\u00e3o sobre o estado dos torcedores do Flamengo envolvidos em acidente de \u00f4nibus<\/title>\n<meta name=\"robots\" content=\"index, follow, max-snippet:-1, max-image-preview:large, max-video-preview:-1\" \/>\n<link rel=\"canonical\" href=\"https:\/\/www.gaveanews.com\/index.php\/2025\/10\/28\/atualizacao-sobre-o-estado-dos-torcedores-do-flamengo-envolvidos-em-acidente-de-onibus\/\" \/>\n<meta property=\"og:locale\" content=\"pt_BR\" \/>\n<meta property=\"og:type\" content=\"article\" \/>\n<meta property=\"og:title\" content=\"Atualiza\u00e7\u00e3o sobre o estado dos torcedores do Flamengo envolvidos em acidente de \u00f4nibus\" \/>\n<meta property=\"og:description\" content=\"Uma torcedora do Flamengo recebeu alta nesta ter\u00e7a-feira (28 de outubro) ap\u00f3s o tombamento de um \u00f4nibus na Rodovia Presidente Dutra, em Barra Mansa (RJ). O acidente ocorreu na segunda-feira (27 de outubro). O ve\u00edculo levava membros de duas torcidas organizadas rumo \u00e0 Argentina para o jogo contra o Racing, na quarta-feira (29 de outubro). [&hellip;]\" \/>\n<meta property=\"og:url\" content=\"https:\/\/www.gaveanews.com\/index.php\/2025\/10\/28\/atualizacao-sobre-o-estado-dos-torcedores-do-flamengo-envolvidos-em-acidente-de-onibus\/\" \/>\n<meta property=\"og:site_name\" content=\"G\u00e1vea News\" \/>\n<meta property=\"article:publisher\" content=\"https:\/\/facebook.com\/gaveaNews\/\" \/>\n<meta property=\"article:published_time\" content=\"2025-10-28T21:30:00+00:00\" \/>\n<meta property=\"og:image\" content=\"https:\/\/www.gaveanews.com\/wp-content\/uploads\/Torcida-do-Flamengo-no-estadio-do-Maracana.webp\" \/>\n\t<meta property=\"og:image:width\" content=\"1220\" \/>\n\t<meta property=\"og:image:height\" content=\"674\" \/>\n\t<meta property=\"og:image:type\" content=\"image\/jpeg\" \/>\n<meta name=\"author\" content=\"Reda\u00e7\u00e3o\" \/>\n<meta name=\"twitter:card\" content=\"summary_large_image\" \/>\n<meta name=\"twitter:label1\" content=\"Escrito por\" \/>\n\t<meta name=\"twitter:data1\" content=\"Reda\u00e7\u00e3o\" \/>\n\t<meta name=\"twitter:label2\" content=\"Est. tempo de leitura\" \/>\n\t<meta name=\"twitter:data2\" content=\"2 minutos\" \/>\n<script type=\"application\/ld+json\" class=\"yoast-schema-graph\">{\"@context\":\"https:\/\/schema.org\",\"@graph\":[{\"@type\":\"NewsArticle\",\"@id\":\"https:\/\/www.gaveanews.com\/index.php\/2025\/10\/28\/atualizacao-sobre-o-estado-dos-torcedores-do-flamengo-envolvidos-em-acidente-de-onibus\/#article\",\"isPartOf\":{\"@id\":\"https:\/\/www.gaveanews.com\/index.php\/2025\/10\/28\/atualizacao-sobre-o-estado-dos-torcedores-do-flamengo-envolvidos-em-acidente-de-onibus\/\"},\"author\":{\"name\":\"Reda\u00e7\u00e3o\",\"@id\":\"https:\/\/www.gaveanews.com\/#\/schema\/person\/c88645e3d550d0b6574305e67dd5a716\"},\"headline\":\"Atualiza\u00e7\u00e3o sobre o estado dos torcedores do Flamengo envolvidos em acidente de \u00f4nibus\",\"datePublished\":\"2025-10-28T21:30:00+00:00\",\"mainEntityOfPage\":{\"@id\":\"https:\/\/www.gaveanews.com\/index.php\/2025\/10\/28\/atualizacao-sobre-o-estado-dos-torcedores-do-flamengo-envolvidos-em-acidente-de-onibus\/\"},\"wordCount\":341,\"commentCount\":0,\"image\":{\"@id\":\"https:\/\/www.gaveanews.com\/index.php\/2025\/10\/28\/atualizacao-sobre-o-estado-dos-torcedores-do-flamengo-envolvidos-em-acidente-de-onibus\/#primaryimage\"},\"thumbnailUrl\":\"https:\/\/www.gaveanews.com\/wp-content\/uploads\/Torcida-do-Flamengo-no-estadio-do-Maracana.webp\",\"articleSection\":[\"Flamengo\"],\"inLanguage\":\"pt-BR\",\"potentialAction\":[{\"@type\":\"CommentAction\",\"name\":\"Comment\",\"target\":[\"https:\/\/www.gaveanews.com\/index.php\/2025\/10\/28\/atualizacao-sobre-o-estado-dos-torcedores-do-flamengo-envolvidos-em-acidente-de-onibus\/#respond\"]}],\"copyrightYear\":\"2025\",\"copyrightHolder\":{\"@id\":\"https:\/\/www.gaveanews.com\/#organization\"}},{\"@type\":\"WebPage\",\"@id\":\"https:\/\/www.gaveanews.com\/index.php\/2025\/10\/28\/atualizacao-sobre-o-estado-dos-torcedores-do-flamengo-envolvidos-em-acidente-de-onibus\/\",\"url\":\"https:\/\/www.gaveanews.com\/index.php\/2025\/10\/28\/atualizacao-sobre-o-estado-dos-torcedores-do-flamengo-envolvidos-em-acidente-de-onibus\/\",\"name\":\"Atualiza\u00e7\u00e3o sobre o estado dos torcedores do Flamengo envolvidos em acidente de \u00f4nibus\",\"isPartOf\":{\"@id\":\"https:\/\/www.gaveanews.com\/#website\"},\"primaryImageOfPage\":{\"@id\":\"https:\/\/www.gaveanews.com\/index.php\/2025\/10\/28\/atualizacao-sobre-o-estado-dos-torcedores-do-flamengo-envolvidos-em-acidente-de-onibus\/#primaryimage\"},\"image\":{\"@id\":\"https:\/\/www.gaveanews.com\/index.php\/2025\/10\/28\/atualizacao-sobre-o-estado-dos-torcedores-do-flamengo-envolvidos-em-acidente-de-onibus\/#primaryimage\"},\"thumbnailUrl\":\"https:\/\/www.gaveanews.com\/wp-content\/uploads\/Torcida-do-Flamengo-no-estadio-do-Maracana.webp\",\"datePublished\":\"2025-10-28T21:30:00+00:00\",\"author\":{\"@id\":\"https:\/\/www.gaveanews.com\/#\/schema\/person\/c88645e3d550d0b6574305e67dd5a716\"},\"breadcrumb\":{\"@id\":\"https:\/\/www.gaveanews.com\/index.php\/2025\/10\/28\/atualizacao-sobre-o-estado-dos-torcedores-do-flamengo-envolvidos-em-acidente-de-onibus\/#breadcrumb\"},\"inLanguage\":\"pt-BR\",\"potentialAction\":[{\"@type\":\"ReadAction\",\"target\":[\"https:\/\/www.gaveanews.com\/index.php\/2025\/10\/28\/atualizacao-sobre-o-estado-dos-torcedores-do-flamengo-envolvidos-em-acidente-de-onibus\/\"]}]},{\"@type\":\"ImageObject\",\"inLanguage\":\"pt-BR\",\"@id\":\"https:\/\/www.gaveanews.com\/index.php\/2025\/10\/28\/atualizacao-sobre-o-estado-dos-torcedores-do-flamengo-envolvidos-em-acidente-de-onibus\/#primaryimage\",\"url\":\"https:\/\/www.gaveanews.com\/wp-content\/uploads\/Torcida-do-Flamengo-no-estadio-do-Maracana.webp\",\"contentUrl\":\"https:\/\/www.gaveanews.com\/wp-content\/uploads\/Torcida-do-Flamengo-no-estadio-do-Maracana.webp\",\"width\":1220,\"height\":674,\"caption\":\"Torcida do Flamengo no est\u00e1dio do Maracan\u00e3 (Foto: Paula Reis)\"},{\"@type\":\"BreadcrumbList\",\"@id\":\"https:\/\/www.gaveanews.com\/index.php\/2025\/10\/28\/atualizacao-sobre-o-estado-dos-torcedores-do-flamengo-envolvidos-em-acidente-de-onibus\/#breadcrumb\",\"itemListElement\":[{\"@type\":\"ListItem\",\"position\":1,\"name\":\"Home\",\"item\":\"https:\/\/www.gaveanews.com\/\"},{\"@type\":\"ListItem\",\"position\":2,\"name\":\"Atualiza\u00e7\u00e3o sobre o estado dos torcedores do Flamengo envolvidos em acidente de \u00f4nibus\"}]},{\"@type\":\"WebSite\",\"@id\":\"https:\/\/www.gaveanews.com\/#website\",\"url\":\"https:\/\/www.gaveanews.com\/\",\"name\":\"G\u00e1vea News\",\"description\":\"Veja todas as not\u00edcias sobre o Flamengo: Contrata\u00e7\u00f5es, categorias de base, resultados das partidas, tabela de classifica\u00e7\u00e3o, pr\u00f3ximos jogos!\",\"potentialAction\":[{\"@type\":\"SearchAction\",\"target\":{\"@type\":\"EntryPoint\",\"urlTemplate\":\"https:\/\/www.gaveanews.com\/?s={search_term_string}\"},\"query-input\":{\"@type\":\"PropertyValueSpecification\",\"valueRequired\":true,\"valueName\":\"search_term_string\"}}],\"inLanguage\":\"pt-BR\"},{\"@type\":\"Person\",\"@id\":\"https:\/\/www.gaveanews.com\/#\/schema\/person\/c88645e3d550d0b6574305e67dd5a716\",\"name\":\"Reda\u00e7\u00e3o\",\"image\":{\"@type\":\"ImageObject\",\"inLanguage\":\"pt-BR\",\"@id\":\"https:\/\/www.gaveanews.com\/#\/schema\/person\/image\/\",\"url\":\"https:\/\/secure.gravatar.com\/avatar\/434098fd823f0dc1b062d14ca22bacaa6e38de28d8c816bbef6fc2f8c44d8ba3?s=96&d=mm&r=g\",\"contentUrl\":\"https:\/\/secure.gravatar.com\/avatar\/434098fd823f0dc1b062d14ca22bacaa6e38de28d8c816bbef6fc2f8c44d8ba3?s=96&d=mm&r=g\",\"caption\":\"Reda\u00e7\u00e3o\"}}]}<\/script>\n<!-- \/ Yoast SEO Premium plugin. -->","yoast_head_json":{"title":"Atualiza\u00e7\u00e3o sobre o estado dos torcedores do Flamengo envolvidos em acidente de \u00f4nibus","robots":{"index":"index","follow":"follow","max-snippet":"max-snippet:-1","max-image-preview":"max-image-preview:large","max-video-preview":"max-video-preview:-1"},"canonical":"https:\/\/www.gaveanews.com\/index.php\/2025\/10\/28\/atualizacao-sobre-o-estado-dos-torcedores-do-flamengo-envolvidos-em-acidente-de-onibus\/","og_locale":"pt_BR","og_type":"article","og_title":"Atualiza\u00e7\u00e3o sobre o estado dos torcedores do Flamengo envolvidos em acidente de \u00f4nibus","og_description":"Uma torcedora do Flamengo recebeu alta nesta ter\u00e7a-feira (28 de outubro) ap\u00f3s o tombamento de um \u00f4nibus na Rodovia Presidente Dutra, em Barra Mansa (RJ). O acidente ocorreu na segunda-feira (27 de outubro). O ve\u00edculo levava membros de duas torcidas organizadas rumo \u00e0 Argentina para o jogo contra o Racing, na quarta-feira (29 de outubro). [&hellip;]","og_url":"https:\/\/www.gaveanews.com\/index.php\/2025\/10\/28\/atualizacao-sobre-o-estado-dos-torcedores-do-flamengo-envolvidos-em-acidente-de-onibus\/","og_site_name":"G\u00e1vea News","article_publisher":"https:\/\/facebook.com\/gaveaNews\/","article_published_time":"2025-10-28T21:30:00+00:00","og_image":[{"width":1220,"height":674,"url":"https:\/\/www.gaveanews.com\/wp-content\/uploads\/Torcida-do-Flamengo-no-estadio-do-Maracana.webp","type":"image\/jpeg"}],"author":"Reda\u00e7\u00e3o","twitter_card":"summary_large_image","twitter_misc":{"Escrito por":"Reda\u00e7\u00e3o","Est. tempo de leitura":"2 minutos"},"schema":{"@context":"https:\/\/schema.org","@graph":[{"@type":"NewsArticle","@id":"https:\/\/www.gaveanews.com\/index.php\/2025\/10\/28\/atualizacao-sobre-o-estado-dos-torcedores-do-flamengo-envolvidos-em-acidente-de-onibus\/#article","isPartOf":{"@id":"https:\/\/www.gaveanews.com\/index.php\/2025\/10\/28\/atualizacao-sobre-o-estado-dos-torcedores-do-flamengo-envolvidos-em-acidente-de-onibus\/"},"author":{"name":"Reda\u00e7\u00e3o","@id":"https:\/\/www.gaveanews.com\/#\/schema\/person\/c88645e3d550d0b6574305e67dd5a716"},"headline":"Atualiza\u00e7\u00e3o sobre o estado dos torcedores do Flamengo envolvidos em acidente de \u00f4nibus","datePublished":"2025-10-28T21:30:00+00:00","mainEntityOfPage":{"@id":"https:\/\/www.gaveanews.com\/index.php\/2025\/10\/28\/atualizacao-sobre-o-estado-dos-torcedores-do-flamengo-envolvidos-em-acidente-de-onibus\/"},"wordCount":341,"commentCount":0,"image":{"@id":"https:\/\/www.gaveanews.com\/index.php\/2025\/10\/28\/atualizacao-sobre-o-estado-dos-torcedores-do-flamengo-envolvidos-em-acidente-de-onibus\/#primaryimage"},"thumbnailUrl":"https:\/\/www.gaveanews.com\/wp-content\/uploads\/Torcida-do-Flamengo-no-estadio-do-Maracana.webp","articleSection":["Flamengo"],"inLanguage":"pt-BR","potentialAction":[{"@type":"CommentAction","name":"Comment","target":["https:\/\/www.gaveanews.com\/index.php\/2025\/10\/28\/atualizacao-sobre-o-estado-dos-torcedores-do-flamengo-envolvidos-em-acidente-de-onibus\/#respond"]}],"copyrightYear":"2025","copyrightHolder":{"@id":"https:\/\/www.gaveanews.com\/#organization"}},{"@type":"WebPage","@id":"https:\/\/www.gaveanews.com\/index.php\/2025\/10\/28\/atualizacao-sobre-o-estado-dos-torcedores-do-flamengo-envolvidos-em-acidente-de-onibus\/","url":"https:\/\/www.gaveanews.com\/index.php\/2025\/10\/28\/atualizacao-sobre-o-estado-dos-torcedores-do-flamengo-envolvidos-em-acidente-de-onibus\/","name":"Atualiza\u00e7\u00e3o sobre o estado dos torcedores do Flamengo envolvidos em acidente de \u00f4nibus","isPartOf":{"@id":"https:\/\/www.gaveanews.com\/#website"},"primaryImageOfPage":{"@id":"https:\/\/www.gaveanews.com\/index.php\/2025\/10\/28\/atualizacao-sobre-o-estado-dos-torcedores-do-flamengo-envolvidos-em-acidente-de-onibus\/#primaryimage"},"image":{"@id":"https:\/\/www.gaveanews.com\/index.php\/2025\/10\/28\/atualizacao-sobre-o-estado-dos-torcedores-do-flamengo-envolvidos-em-acidente-de-onibus\/#primaryimage"},"thumbnailUrl":"https:\/\/www.gaveanews.com\/wp-content\/uploads\/Torcida-do-Flamengo-no-estadio-do-Maracana.webp","datePublished":"2025-10-28T21:30:00+00:00","author":{"@id":"https:\/\/www.gaveanews.com\/#\/schema\/person\/c88645e3d550d0b6574305e67dd5a716"},"breadcrumb":{"@id":"https:\/\/www.gaveanews.com\/index.php\/2025\/10\/28\/atualizacao-sobre-o-estado-dos-torcedores-do-flamengo-envolvidos-em-acidente-de-onibus\/#breadcrumb"},"inLanguage":"pt-BR","potentialAction":[{"@type":"ReadAction","target":["https:\/\/www.gaveanews.com\/index.php\/2025\/10\/28\/atualizacao-sobre-o-estado-dos-torcedores-do-flamengo-envolvidos-em-acidente-de-onibus\/"]}]},{"@type":"ImageObject","inLanguage":"pt-BR","@id":"https:\/\/www.gaveanews.com\/index.php\/2025\/10\/28\/atualizacao-sobre-o-estado-dos-torcedores-do-flamengo-envolvidos-em-acidente-de-onibus\/#primaryimage","url":"https:\/\/www.gaveanews.com\/wp-content\/uploads\/Torcida-do-Flamengo-no-estadio-do-Maracana.webp","contentUrl":"https:\/\/www.gaveanews.com\/wp-content\/uploads\/Torcida-do-Flamengo-no-estadio-do-Maracana.webp","width":1220,"height":674,"caption":"Torcida do Flamengo no est\u00e1dio do Maracan\u00e3 (Foto: Paula Reis)"},{"@type":"BreadcrumbList","@id":"https:\/\/www.gaveanews.com\/index.php\/2025\/10\/28\/atualizacao-sobre-o-estado-dos-torcedores-do-flamengo-envolvidos-em-acidente-de-onibus\/#breadcrumb","itemListElement":[{"@type":"ListItem","position":1,"name":"Home","item":"https:\/\/www.gaveanews.com\/"},{"@type":"ListItem","position":2,"name":"Atualiza\u00e7\u00e3o sobre o estado dos torcedores do Flamengo envolvidos em acidente de \u00f4nibus"}]},{"@type":"WebSite","@id":"https:\/\/www.gaveanews.com\/#website","url":"https:\/\/www.gaveanews.com\/","name":"G\u00e1vea News","description":"Veja todas as not\u00edcias sobre o Flamengo: Contrata\u00e7\u00f5es, categorias de base, resultados das partidas, tabela de classifica\u00e7\u00e3o, pr\u00f3ximos jogos!","potentialAction":[{"@type":"SearchAction","target":{"@type":"EntryPoint","urlTemplate":"https:\/\/www.gaveanews.com\/?s={search_term_string}"},"query-input":{"@type":"PropertyValueSpecification","valueRequired":true,"valueName":"search_term_string"}}],"inLanguage":"pt-BR"},{"@type":"Person","@id":"https:\/\/www.gaveanews.com\/#\/schema\/person\/c88645e3d550d0b6574305e67dd5a716","name":"Reda\u00e7\u00e3o","image":{"@type":"ImageObject","inLanguage":"pt-BR","@id":"https:\/\/www.gaveanews.com\/#\/schema\/person\/image\/","url":"https:\/\/secure.gravatar.com\/avatar\/434098fd823f0dc1b062d14ca22bacaa6e38de28d8c816bbef6fc2f8c44d8ba3?s=96&d=mm&r=g","contentUrl":"https:\/\/secure.gravatar.com\/avatar\/434098fd823f0dc1b062d14ca22bacaa6e38de28d8c816bbef6fc2f8c44d8ba3?s=96&d=mm&r=g","caption":"Reda\u00e7\u00e3o"}}]}},"_links":{"self":[{"href":"https:\/\/www.gaveanews.com\/index.php\/wp-json\/wp\/v2\/posts\/279483","targetHints":{"allow":["GET"]}}],"collection":[{"href":"https:\/\/www.gaveanews.com\/index.php\/wp-json\/wp\/v2\/posts"}],"about":[{"href":"https:\/\/www.gaveanews.com\/index.php\/wp-json\/wp\/v2\/types\/post"}],"author":[{"embeddable":true,"href":"https:\/\/www.gaveanews.com\/index.php\/wp-json\/wp\/v2\/users\/39"}],"replies":[{"embeddable":true,"href":"https:\/\/www.gaveanews.com\/index.php\/wp-json\/wp\/v2\/comments?post=279483"}],"version-history":[{"count":1,"href":"https:\/\/www.gaveanews.com\/index.php\/wp-json\/wp\/v2\/posts\/279483\/revisions"}],"predecessor-version":[{"id":279504,"href":"https:\/\/www.gaveanews.com\/index.php\/wp-json\/wp\/v2\/posts\/279483\/revisions\/279504"}],"wp:featuredmedia":[{"embeddable":true,"href":"https:\/\/www.gaveanews.com\/index.php\/wp-json\/wp\/v2\/media\/151089"}],"wp:attachment":[{"href":"https:\/\/www.gaveanews.com\/index.php\/wp-json\/wp\/v2\/media?parent=279483"}],"wp:term":[{"taxonomy":"category","embeddable":true,"href":"https:\/\/www.gaveanews.com\/index.php\/wp-json\/wp\/v2\/categories?post=279483"},{"taxonomy":"post_tag","embeddable":true,"href":"https:\/\/www.gaveanews.com\/index.php\/wp-json\/wp\/v2\/tags?post=279483"}],"curies":[{"name":"wp","href":"https:\/\/api.w.org\/{rel}","templated":true}]}}