{"id":279487,"date":"2025-10-28T19:00:00","date_gmt":"2025-10-28T22:00:00","guid":{"rendered":"https:\/\/www.gaveanews.com\/?p=279487"},"modified":"2025-10-28T17:39:13","modified_gmt":"2025-10-28T20:39:13","slug":"recuperacao-de-pedro-alerta-de-lugano-e-recado-para-arrascaeta-as-ultimas-noticias-do-flamengo","status":"publish","type":"post","link":"https:\/\/www.gaveanews.com\/index.php\/2025\/10\/28\/recuperacao-de-pedro-alerta-de-lugano-e-recado-para-arrascaeta-as-ultimas-noticias-do-flamengo\/","title":{"rendered":"Recupera\u00e7\u00e3o de Pedro, alerta de Lugano e recado para Arrascaeta: as \u00faltimas not\u00edcias do Flamengo"},"content":{"rendered":"\n<p>No resumo do dia: o <a href=\"https:\/\/www.gaveanews.com\/index.php\/category\/brasileirao\/flamengo\/\" target=\"_blank\" rel=\"noopener noreferrer\">Flamengo<\/a> perdeu Pedro por mais tempo do que o previsto e precisar\u00e1 redesenhar o ataque na sequ\u00eancia decisiva da temporada; a volta da semifinal da Libertadores, em Avellaneda, chega com vantagem rubro-negra, clima hostil e debate sobre a arbitragem ap\u00f3s declara\u00e7\u00f5es de Diego Lugano; e Ariel Cabral, ex-Cruzeiro, analisou a trajet\u00f3ria de Arrascaeta, exaltando o ambiente no clube carioca e a maturidade do uruguaio nos grandes jogos.<\/p>\n\n\n\n<h2 class=\"wp-block-heading\" id=\"h-pedro-desfalca-o-flamengo-e-muda-o-planejamento\">Pedro desfalca o Flamengo e muda o planejamento<\/h2>\n\n\n\n<p>A fratura no antebra\u00e7o direito sofrida por Pedro na semifinal da Libertadores alterou o cronograma do Flamengo. O que seria um uso de prote\u00e7\u00e3o por poucos dias virou imobiliza\u00e7\u00e3o por, no m\u00ednimo, tr\u00eas semanas, ap\u00f3s reavalia\u00e7\u00f5es m\u00e9dicas. A comiss\u00e3o t\u00e9cnica, assim, projeta o retorno do camisa 9 apenas para a reta final do Brasileir\u00e3o ou, no cen\u00e1rio mais otimista, para uma eventual decis\u00e3o continental.<\/p>\n\n\n\n<p>A contus\u00e3o ocorreu no in\u00edcio do segundo tempo contra o Racing, no Maracan\u00e3. O atacante ainda tentou seguir em campo, mas foi substitu\u00eddo aos 26 minutos. Desde ent\u00e3o, realiza tratamento intensivo e segue com desconforto na regi\u00e3o, o que refor\u00e7a a estrat\u00e9gia do clube de n\u00e3o acelerar etapas e resguardar o jogador.<\/p>\n\n\n\n<p>Sem Pedro \u2014 e tamb\u00e9m sem Everton Cebolinha, com les\u00e3o muscular no quadril \u2014, o interino Filipe Lu\u00eds tem testado alternativas para recompor o setor ofensivo. Arrascaeta e Luiz Ara\u00fajo tendem a concentrar responsabilidades criativas, enquanto a versatilidade de Bruno Henrique e Gerson entra no radar para ajustar ocupa\u00e7\u00e3o de espa\u00e7os e din\u00e2mica de press\u00e3o.<\/p>\n\n\n\n<p>A cautela pauta a condu\u00e7\u00e3o do caso. A prioridade \u00e9 ter o camisa 9 apto para os jogos que podem definir a temporada. No curto prazo, a previs\u00e3o \u00e9 de aus\u00eancia em ao menos tr\u00eas partidas: o Racing, nesta quarta (29), al\u00e9m de Sport (01\/11) e S\u00e3o Paulo (05\/11), ambas pelo Campeonato Brasileiro.<\/p>\n\n\n\n<h2 class=\"wp-block-heading\" id=\"h-clima-e-arbitragem-cercam-racing-x-flamengo\">Clima e arbitragem cercam Racing x Flamengo<\/h2>\n\n\n\n<p>A volta da semifinal entre Flamengo e Racing, \u00e0s 21h30 desta quarta (29), no Presidente Per\u00f3n, coloca o time carioca a um empate da final ap\u00f3s a vit\u00f3ria por 1 a 0 no Maracan\u00e3. O contexto, por\u00e9m, promete press\u00e3o: est\u00e1dio cheio, ambiente hostil e a nomea\u00e7\u00e3o do chileno Piero Maza \u2014 que apitou o tenso duelo com o Estudiantes \u2014 alimentam o debate \u00e0s v\u00e9speras do jogo. A diretoria rubro-negra, apesar das ressalvas, demonstra confian\u00e7a na condu\u00e7\u00e3o da partida pela Conmebol.<\/p>\n\n\n\n<p>\u201cO futebol argentino est\u00e1 apoiando o Racing. Faz tempo que o futebol argentino n\u00e3o compete em termos de clube. O Racing vai fazer press\u00e3o, n\u00e3o s\u00f3 no campo, como fora. O Flamengo n\u00e3o vai ter a tranquilidade que tem na hora do apito como tem no Brasil. Qualquer lance duvidoso, a probabilidade de ser contra \u00e9 muito grande\u201d.<\/p>\n\n\n\n<p>\u201cSe esperarem um \u00e1rbitro apitando como nos jogos do Brasileir\u00e3o, v\u00e3o sofrer. O Flamengo n\u00e3o est\u00e1 acostumado com esse tipo de arbitragem\u201d.<\/p>\n\n\n\n<p>Do lado de fora, a mobiliza\u00e7\u00e3o da torcida do Racing promete aquecer ainda mais o ambiente. Internamente, o Flamengo trabalha para blindar o elenco, aumentar o foco competitivo e reduzir ru\u00eddos antes dos 90 minutos que separam o clube de mais uma decis\u00e3o continental.<\/p>\n\n\n\n<h2 class=\"wp-block-heading\" id=\"h-ariel-cabral-exalta-arrascaeta-e-o-ambiente-no-flamengo\">Ariel Cabral exalta Arrascaeta e o ambiente no Flamengo<\/h2>\n\n\n\n<p>Ariel Cabral, ex-companheiro de Arrascaeta no Cruzeiro, v\u00ea no uruguaio um s\u00edmbolo de continuidade e maturidade desde 2015. Para o argentino, a escolha de permanecer no Brasil passa pela estrutura encontrada no Flamengo, que, em sua avalia\u00e7\u00e3o, oferece condi\u00e7\u00f5es de alto n\u00edvel e um cen\u00e1rio prop\u00edcio para evolu\u00e7\u00e3o t\u00e9cnica e lideran\u00e7a dentro do elenco.<\/p>\n\n\n\n<p>\u201cEle poderia tranquilamente jogar na Europa, mas est\u00e1 bem aqui. Se sente confort\u00e1vel, vai para a sele\u00e7\u00e3o, est\u00e1 feliz\u201d.<\/p>\n\n\n\n<p>Cabral relembra um in\u00edcio t\u00edmido do meia em Minas e destaca a adapta\u00e7\u00e3o gradual, hoje marcada por protagonismo e influ\u00eancia no vesti\u00e1rio rubro-negro. Na sua leitura, o desafio de atuar sob cobran\u00e7a permanente foi incorporado ao jogo do camisa 10, que amadureceu o suficiente para transitar entre clube e sele\u00e7\u00e3o mantendo rendimento.<\/p>\n\n\n\n<p>\u201cNas finais, ele n\u00e3o vai se esconder, vai pedir a bola e tentar resolver. Isso mostra o car\u00e1ter dele\u201d.<\/p>\n","protected":false},"excerpt":{"rendered":"<p>No resumo do dia: o Flamengo perdeu Pedro por mais tempo do que o previsto e precisar\u00e1 redesenhar o ataque na sequ\u00eancia decisiva da temporada; a volta da semifinal da Libertadores, em Avellaneda, chega com vantagem rubro-negra, clima hostil e debate sobre a arbitragem ap\u00f3s declara\u00e7\u00f5es de Diego Lugano; e Ariel Cabral, ex-Cruzeiro, analisou a [&hellip;]<\/p>\n","protected":false},"author":39,"featured_media":255013,"comment_status":"open","ping_status":"closed","sticky":false,"template":"","format":"standard","meta":{"footnotes":""},"categories":[1],"tags":[],"class_list":["post-279487","post","type-post","status-publish","format-standard","has-post-thumbnail","hentry","category-flamengo"],"yoast_head":"<!-- This site is optimized with the Yoast SEO Premium plugin v24.2 (Yoast SEO v26.9) - https:\/\/yoast.com\/product\/yoast-seo-premium-wordpress\/ -->\n<title>Recupera\u00e7\u00e3o de Pedro, alerta de Lugano e recado para Arrascaeta: as \u00faltimas not\u00edcias do Flamengo<\/title>\n<meta name=\"robots\" content=\"index, follow, max-snippet:-1, max-image-preview:large, max-video-preview:-1\" \/>\n<link rel=\"canonical\" href=\"https:\/\/www.gaveanews.com\/index.php\/2025\/10\/28\/recuperacao-de-pedro-alerta-de-lugano-e-recado-para-arrascaeta-as-ultimas-noticias-do-flamengo\/\" \/>\n<meta property=\"og:locale\" content=\"pt_BR\" \/>\n<meta property=\"og:type\" content=\"article\" \/>\n<meta property=\"og:title\" content=\"Recupera\u00e7\u00e3o de Pedro, alerta de Lugano e recado para Arrascaeta: as \u00faltimas not\u00edcias do Flamengo\" \/>\n<meta property=\"og:description\" content=\"No resumo do dia: o Flamengo perdeu Pedro por mais tempo do que o previsto e precisar\u00e1 redesenhar o ataque na sequ\u00eancia decisiva da temporada; a volta da semifinal da Libertadores, em Avellaneda, chega com vantagem rubro-negra, clima hostil e debate sobre a arbitragem ap\u00f3s declara\u00e7\u00f5es de Diego Lugano; e Ariel Cabral, ex-Cruzeiro, analisou a [&hellip;]\" \/>\n<meta property=\"og:url\" content=\"https:\/\/www.gaveanews.com\/index.php\/2025\/10\/28\/recuperacao-de-pedro-alerta-de-lugano-e-recado-para-arrascaeta-as-ultimas-noticias-do-flamengo\/\" \/>\n<meta property=\"og:site_name\" content=\"G\u00e1vea News\" \/>\n<meta property=\"article:publisher\" content=\"https:\/\/facebook.com\/gaveaNews\/\" \/>\n<meta property=\"article:published_time\" content=\"2025-10-28T22:00:00+00:00\" \/>\n<meta property=\"og:image\" content=\"https:\/\/www.gaveanews.com\/wp-content\/uploads\/Pedro-embarca-com-a-delegacao-do-Flamengo.webp\" \/>\n\t<meta property=\"og:image:width\" content=\"1200\" \/>\n\t<meta property=\"og:image:height\" content=\"800\" \/>\n\t<meta property=\"og:image:type\" content=\"image\/png\" \/>\n<meta name=\"author\" content=\"Reda\u00e7\u00e3o\" \/>\n<meta name=\"twitter:card\" content=\"summary_large_image\" \/>\n<meta name=\"twitter:label1\" content=\"Escrito por\" \/>\n\t<meta name=\"twitter:data1\" content=\"Reda\u00e7\u00e3o\" \/>\n\t<meta name=\"twitter:label2\" content=\"Est. tempo de leitura\" \/>\n\t<meta name=\"twitter:data2\" content=\"4 minutos\" \/>\n<script type=\"application\/ld+json\" class=\"yoast-schema-graph\">{\"@context\":\"https:\/\/schema.org\",\"@graph\":[{\"@type\":\"NewsArticle\",\"@id\":\"https:\/\/www.gaveanews.com\/index.php\/2025\/10\/28\/recuperacao-de-pedro-alerta-de-lugano-e-recado-para-arrascaeta-as-ultimas-noticias-do-flamengo\/#article\",\"isPartOf\":{\"@id\":\"https:\/\/www.gaveanews.com\/index.php\/2025\/10\/28\/recuperacao-de-pedro-alerta-de-lugano-e-recado-para-arrascaeta-as-ultimas-noticias-do-flamengo\/\"},\"author\":{\"name\":\"Reda\u00e7\u00e3o\",\"@id\":\"https:\/\/www.gaveanews.com\/#\/schema\/person\/c88645e3d550d0b6574305e67dd5a716\"},\"headline\":\"Recupera\u00e7\u00e3o de Pedro, alerta de Lugano e recado para Arrascaeta: as \u00faltimas not\u00edcias do Flamengo\",\"datePublished\":\"2025-10-28T22:00:00+00:00\",\"mainEntityOfPage\":{\"@id\":\"https:\/\/www.gaveanews.com\/index.php\/2025\/10\/28\/recuperacao-de-pedro-alerta-de-lugano-e-recado-para-arrascaeta-as-ultimas-noticias-do-flamengo\/\"},\"wordCount\":746,\"commentCount\":0,\"image\":{\"@id\":\"https:\/\/www.gaveanews.com\/index.php\/2025\/10\/28\/recuperacao-de-pedro-alerta-de-lugano-e-recado-para-arrascaeta-as-ultimas-noticias-do-flamengo\/#primaryimage\"},\"thumbnailUrl\":\"https:\/\/www.gaveanews.com\/wp-content\/uploads\/Pedro-embarca-com-a-delegacao-do-Flamengo.webp\",\"articleSection\":[\"Flamengo\"],\"inLanguage\":\"pt-BR\",\"potentialAction\":[{\"@type\":\"CommentAction\",\"name\":\"Comment\",\"target\":[\"https:\/\/www.gaveanews.com\/index.php\/2025\/10\/28\/recuperacao-de-pedro-alerta-de-lugano-e-recado-para-arrascaeta-as-ultimas-noticias-do-flamengo\/#respond\"]}],\"copyrightYear\":\"2025\",\"copyrightHolder\":{\"@id\":\"https:\/\/www.gaveanews.com\/#organization\"}},{\"@type\":\"WebPage\",\"@id\":\"https:\/\/www.gaveanews.com\/index.php\/2025\/10\/28\/recuperacao-de-pedro-alerta-de-lugano-e-recado-para-arrascaeta-as-ultimas-noticias-do-flamengo\/\",\"url\":\"https:\/\/www.gaveanews.com\/index.php\/2025\/10\/28\/recuperacao-de-pedro-alerta-de-lugano-e-recado-para-arrascaeta-as-ultimas-noticias-do-flamengo\/\",\"name\":\"Recupera\u00e7\u00e3o de Pedro, alerta de Lugano e recado para Arrascaeta: as \u00faltimas not\u00edcias do Flamengo\",\"isPartOf\":{\"@id\":\"https:\/\/www.gaveanews.com\/#website\"},\"primaryImageOfPage\":{\"@id\":\"https:\/\/www.gaveanews.com\/index.php\/2025\/10\/28\/recuperacao-de-pedro-alerta-de-lugano-e-recado-para-arrascaeta-as-ultimas-noticias-do-flamengo\/#primaryimage\"},\"image\":{\"@id\":\"https:\/\/www.gaveanews.com\/index.php\/2025\/10\/28\/recuperacao-de-pedro-alerta-de-lugano-e-recado-para-arrascaeta-as-ultimas-noticias-do-flamengo\/#primaryimage\"},\"thumbnailUrl\":\"https:\/\/www.gaveanews.com\/wp-content\/uploads\/Pedro-embarca-com-a-delegacao-do-Flamengo.webp\",\"datePublished\":\"2025-10-28T22:00:00+00:00\",\"author\":{\"@id\":\"https:\/\/www.gaveanews.com\/#\/schema\/person\/c88645e3d550d0b6574305e67dd5a716\"},\"breadcrumb\":{\"@id\":\"https:\/\/www.gaveanews.com\/index.php\/2025\/10\/28\/recuperacao-de-pedro-alerta-de-lugano-e-recado-para-arrascaeta-as-ultimas-noticias-do-flamengo\/#breadcrumb\"},\"inLanguage\":\"pt-BR\",\"potentialAction\":[{\"@type\":\"ReadAction\",\"target\":[\"https:\/\/www.gaveanews.com\/index.php\/2025\/10\/28\/recuperacao-de-pedro-alerta-de-lugano-e-recado-para-arrascaeta-as-ultimas-noticias-do-flamengo\/\"]}]},{\"@type\":\"ImageObject\",\"inLanguage\":\"pt-BR\",\"@id\":\"https:\/\/www.gaveanews.com\/index.php\/2025\/10\/28\/recuperacao-de-pedro-alerta-de-lugano-e-recado-para-arrascaeta-as-ultimas-noticias-do-flamengo\/#primaryimage\",\"url\":\"https:\/\/www.gaveanews.com\/wp-content\/uploads\/Pedro-embarca-com-a-delegacao-do-Flamengo.webp\",\"contentUrl\":\"https:\/\/www.gaveanews.com\/wp-content\/uploads\/Pedro-embarca-com-a-delegacao-do-Flamengo.webp\",\"width\":1200,\"height\":800,\"caption\":\"Pedro embarca com a delega\u00e7\u00e3o do Flamengo - Foto: Adriano Fontes\/Flamengo\"},{\"@type\":\"BreadcrumbList\",\"@id\":\"https:\/\/www.gaveanews.com\/index.php\/2025\/10\/28\/recuperacao-de-pedro-alerta-de-lugano-e-recado-para-arrascaeta-as-ultimas-noticias-do-flamengo\/#breadcrumb\",\"itemListElement\":[{\"@type\":\"ListItem\",\"position\":1,\"name\":\"Home\",\"item\":\"https:\/\/www.gaveanews.com\/\"},{\"@type\":\"ListItem\",\"position\":2,\"name\":\"Recupera\u00e7\u00e3o de Pedro, alerta de Lugano e recado para Arrascaeta: as \u00faltimas not\u00edcias do Flamengo\"}]},{\"@type\":\"WebSite\",\"@id\":\"https:\/\/www.gaveanews.com\/#website\",\"url\":\"https:\/\/www.gaveanews.com\/\",\"name\":\"G\u00e1vea News\",\"description\":\"Veja todas as not\u00edcias sobre o Flamengo: Contrata\u00e7\u00f5es, categorias de base, resultados das partidas, tabela de classifica\u00e7\u00e3o, pr\u00f3ximos jogos!\",\"potentialAction\":[{\"@type\":\"SearchAction\",\"target\":{\"@type\":\"EntryPoint\",\"urlTemplate\":\"https:\/\/www.gaveanews.com\/?s={search_term_string}\"},\"query-input\":{\"@type\":\"PropertyValueSpecification\",\"valueRequired\":true,\"valueName\":\"search_term_string\"}}],\"inLanguage\":\"pt-BR\"},{\"@type\":\"Person\",\"@id\":\"https:\/\/www.gaveanews.com\/#\/schema\/person\/c88645e3d550d0b6574305e67dd5a716\",\"name\":\"Reda\u00e7\u00e3o\",\"image\":{\"@type\":\"ImageObject\",\"inLanguage\":\"pt-BR\",\"@id\":\"https:\/\/www.gaveanews.com\/#\/schema\/person\/image\/\",\"url\":\"https:\/\/secure.gravatar.com\/avatar\/434098fd823f0dc1b062d14ca22bacaa6e38de28d8c816bbef6fc2f8c44d8ba3?s=96&d=mm&r=g\",\"contentUrl\":\"https:\/\/secure.gravatar.com\/avatar\/434098fd823f0dc1b062d14ca22bacaa6e38de28d8c816bbef6fc2f8c44d8ba3?s=96&d=mm&r=g\",\"caption\":\"Reda\u00e7\u00e3o\"}}]}<\/script>\n<!-- \/ Yoast SEO Premium plugin. -->","yoast_head_json":{"title":"Recupera\u00e7\u00e3o de Pedro, alerta de Lugano e recado para Arrascaeta: as \u00faltimas not\u00edcias do Flamengo","robots":{"index":"index","follow":"follow","max-snippet":"max-snippet:-1","max-image-preview":"max-image-preview:large","max-video-preview":"max-video-preview:-1"},"canonical":"https:\/\/www.gaveanews.com\/index.php\/2025\/10\/28\/recuperacao-de-pedro-alerta-de-lugano-e-recado-para-arrascaeta-as-ultimas-noticias-do-flamengo\/","og_locale":"pt_BR","og_type":"article","og_title":"Recupera\u00e7\u00e3o de Pedro, alerta de Lugano e recado para Arrascaeta: as \u00faltimas not\u00edcias do Flamengo","og_description":"No resumo do dia: o Flamengo perdeu Pedro por mais tempo do que o previsto e precisar\u00e1 redesenhar o ataque na sequ\u00eancia decisiva da temporada; a volta da semifinal da Libertadores, em Avellaneda, chega com vantagem rubro-negra, clima hostil e debate sobre a arbitragem ap\u00f3s declara\u00e7\u00f5es de Diego Lugano; e Ariel Cabral, ex-Cruzeiro, analisou a [&hellip;]","og_url":"https:\/\/www.gaveanews.com\/index.php\/2025\/10\/28\/recuperacao-de-pedro-alerta-de-lugano-e-recado-para-arrascaeta-as-ultimas-noticias-do-flamengo\/","og_site_name":"G\u00e1vea News","article_publisher":"https:\/\/facebook.com\/gaveaNews\/","article_published_time":"2025-10-28T22:00:00+00:00","og_image":[{"width":1200,"height":800,"url":"https:\/\/www.gaveanews.com\/wp-content\/uploads\/Pedro-embarca-com-a-delegacao-do-Flamengo.webp","type":"image\/png"}],"author":"Reda\u00e7\u00e3o","twitter_card":"summary_large_image","twitter_misc":{"Escrito por":"Reda\u00e7\u00e3o","Est. tempo de leitura":"4 minutos"},"schema":{"@context":"https:\/\/schema.org","@graph":[{"@type":"NewsArticle","@id":"https:\/\/www.gaveanews.com\/index.php\/2025\/10\/28\/recuperacao-de-pedro-alerta-de-lugano-e-recado-para-arrascaeta-as-ultimas-noticias-do-flamengo\/#article","isPartOf":{"@id":"https:\/\/www.gaveanews.com\/index.php\/2025\/10\/28\/recuperacao-de-pedro-alerta-de-lugano-e-recado-para-arrascaeta-as-ultimas-noticias-do-flamengo\/"},"author":{"name":"Reda\u00e7\u00e3o","@id":"https:\/\/www.gaveanews.com\/#\/schema\/person\/c88645e3d550d0b6574305e67dd5a716"},"headline":"Recupera\u00e7\u00e3o de Pedro, alerta de Lugano e recado para Arrascaeta: as \u00faltimas not\u00edcias do Flamengo","datePublished":"2025-10-28T22:00:00+00:00","mainEntityOfPage":{"@id":"https:\/\/www.gaveanews.com\/index.php\/2025\/10\/28\/recuperacao-de-pedro-alerta-de-lugano-e-recado-para-arrascaeta-as-ultimas-noticias-do-flamengo\/"},"wordCount":746,"commentCount":0,"image":{"@id":"https:\/\/www.gaveanews.com\/index.php\/2025\/10\/28\/recuperacao-de-pedro-alerta-de-lugano-e-recado-para-arrascaeta-as-ultimas-noticias-do-flamengo\/#primaryimage"},"thumbnailUrl":"https:\/\/www.gaveanews.com\/wp-content\/uploads\/Pedro-embarca-com-a-delegacao-do-Flamengo.webp","articleSection":["Flamengo"],"inLanguage":"pt-BR","potentialAction":[{"@type":"CommentAction","name":"Comment","target":["https:\/\/www.gaveanews.com\/index.php\/2025\/10\/28\/recuperacao-de-pedro-alerta-de-lugano-e-recado-para-arrascaeta-as-ultimas-noticias-do-flamengo\/#respond"]}],"copyrightYear":"2025","copyrightHolder":{"@id":"https:\/\/www.gaveanews.com\/#organization"}},{"@type":"WebPage","@id":"https:\/\/www.gaveanews.com\/index.php\/2025\/10\/28\/recuperacao-de-pedro-alerta-de-lugano-e-recado-para-arrascaeta-as-ultimas-noticias-do-flamengo\/","url":"https:\/\/www.gaveanews.com\/index.php\/2025\/10\/28\/recuperacao-de-pedro-alerta-de-lugano-e-recado-para-arrascaeta-as-ultimas-noticias-do-flamengo\/","name":"Recupera\u00e7\u00e3o de Pedro, alerta de Lugano e recado para Arrascaeta: as \u00faltimas not\u00edcias do Flamengo","isPartOf":{"@id":"https:\/\/www.gaveanews.com\/#website"},"primaryImageOfPage":{"@id":"https:\/\/www.gaveanews.com\/index.php\/2025\/10\/28\/recuperacao-de-pedro-alerta-de-lugano-e-recado-para-arrascaeta-as-ultimas-noticias-do-flamengo\/#primaryimage"},"image":{"@id":"https:\/\/www.gaveanews.com\/index.php\/2025\/10\/28\/recuperacao-de-pedro-alerta-de-lugano-e-recado-para-arrascaeta-as-ultimas-noticias-do-flamengo\/#primaryimage"},"thumbnailUrl":"https:\/\/www.gaveanews.com\/wp-content\/uploads\/Pedro-embarca-com-a-delegacao-do-Flamengo.webp","datePublished":"2025-10-28T22:00:00+00:00","author":{"@id":"https:\/\/www.gaveanews.com\/#\/schema\/person\/c88645e3d550d0b6574305e67dd5a716"},"breadcrumb":{"@id":"https:\/\/www.gaveanews.com\/index.php\/2025\/10\/28\/recuperacao-de-pedro-alerta-de-lugano-e-recado-para-arrascaeta-as-ultimas-noticias-do-flamengo\/#breadcrumb"},"inLanguage":"pt-BR","potentialAction":[{"@type":"ReadAction","target":["https:\/\/www.gaveanews.com\/index.php\/2025\/10\/28\/recuperacao-de-pedro-alerta-de-lugano-e-recado-para-arrascaeta-as-ultimas-noticias-do-flamengo\/"]}]},{"@type":"ImageObject","inLanguage":"pt-BR","@id":"https:\/\/www.gaveanews.com\/index.php\/2025\/10\/28\/recuperacao-de-pedro-alerta-de-lugano-e-recado-para-arrascaeta-as-ultimas-noticias-do-flamengo\/#primaryimage","url":"https:\/\/www.gaveanews.com\/wp-content\/uploads\/Pedro-embarca-com-a-delegacao-do-Flamengo.webp","contentUrl":"https:\/\/www.gaveanews.com\/wp-content\/uploads\/Pedro-embarca-com-a-delegacao-do-Flamengo.webp","width":1200,"height":800,"caption":"Pedro embarca com a delega\u00e7\u00e3o do Flamengo - Foto: Adriano Fontes\/Flamengo"},{"@type":"BreadcrumbList","@id":"https:\/\/www.gaveanews.com\/index.php\/2025\/10\/28\/recuperacao-de-pedro-alerta-de-lugano-e-recado-para-arrascaeta-as-ultimas-noticias-do-flamengo\/#breadcrumb","itemListElement":[{"@type":"ListItem","position":1,"name":"Home","item":"https:\/\/www.gaveanews.com\/"},{"@type":"ListItem","position":2,"name":"Recupera\u00e7\u00e3o de Pedro, alerta de Lugano e recado para Arrascaeta: as \u00faltimas not\u00edcias do Flamengo"}]},{"@type":"WebSite","@id":"https:\/\/www.gaveanews.com\/#website","url":"https:\/\/www.gaveanews.com\/","name":"G\u00e1vea News","description":"Veja todas as not\u00edcias sobre o Flamengo: Contrata\u00e7\u00f5es, categorias de base, resultados das partidas, tabela de classifica\u00e7\u00e3o, pr\u00f3ximos jogos!","potentialAction":[{"@type":"SearchAction","target":{"@type":"EntryPoint","urlTemplate":"https:\/\/www.gaveanews.com\/?s={search_term_string}"},"query-input":{"@type":"PropertyValueSpecification","valueRequired":true,"valueName":"search_term_string"}}],"inLanguage":"pt-BR"},{"@type":"Person","@id":"https:\/\/www.gaveanews.com\/#\/schema\/person\/c88645e3d550d0b6574305e67dd5a716","name":"Reda\u00e7\u00e3o","image":{"@type":"ImageObject","inLanguage":"pt-BR","@id":"https:\/\/www.gaveanews.com\/#\/schema\/person\/image\/","url":"https:\/\/secure.gravatar.com\/avatar\/434098fd823f0dc1b062d14ca22bacaa6e38de28d8c816bbef6fc2f8c44d8ba3?s=96&d=mm&r=g","contentUrl":"https:\/\/secure.gravatar.com\/avatar\/434098fd823f0dc1b062d14ca22bacaa6e38de28d8c816bbef6fc2f8c44d8ba3?s=96&d=mm&r=g","caption":"Reda\u00e7\u00e3o"}}]}},"_links":{"self":[{"href":"https:\/\/www.gaveanews.com\/index.php\/wp-json\/wp\/v2\/posts\/279487","targetHints":{"allow":["GET"]}}],"collection":[{"href":"https:\/\/www.gaveanews.com\/index.php\/wp-json\/wp\/v2\/posts"}],"about":[{"href":"https:\/\/www.gaveanews.com\/index.php\/wp-json\/wp\/v2\/types\/post"}],"author":[{"embeddable":true,"href":"https:\/\/www.gaveanews.com\/index.php\/wp-json\/wp\/v2\/users\/39"}],"replies":[{"embeddable":true,"href":"https:\/\/www.gaveanews.com\/index.php\/wp-json\/wp\/v2\/comments?post=279487"}],"version-history":[{"count":1,"href":"https:\/\/www.gaveanews.com\/index.php\/wp-json\/wp\/v2\/posts\/279487\/revisions"}],"predecessor-version":[{"id":279507,"href":"https:\/\/www.gaveanews.com\/index.php\/wp-json\/wp\/v2\/posts\/279487\/revisions\/279507"}],"wp:featuredmedia":[{"embeddable":true,"href":"https:\/\/www.gaveanews.com\/index.php\/wp-json\/wp\/v2\/media\/255013"}],"wp:attachment":[{"href":"https:\/\/www.gaveanews.com\/index.php\/wp-json\/wp\/v2\/media?parent=279487"}],"wp:term":[{"taxonomy":"category","embeddable":true,"href":"https:\/\/www.gaveanews.com\/index.php\/wp-json\/wp\/v2\/categories?post=279487"},{"taxonomy":"post_tag","embeddable":true,"href":"https:\/\/www.gaveanews.com\/index.php\/wp-json\/wp\/v2\/tags?post=279487"}],"curies":[{"name":"wp","href":"https:\/\/api.w.org\/{rel}","templated":true}]}}