{"id":279509,"date":"2025-10-29T12:10:00","date_gmt":"2025-10-29T15:10:00","guid":{"rendered":"https:\/\/www.gaveanews.com\/?p=279509"},"modified":"2025-10-29T12:04:49","modified_gmt":"2025-10-29T15:04:49","slug":"filipe-luis-deve-promover-mudancas-no-time-titular-do-flamengo","status":"publish","type":"post","link":"https:\/\/www.gaveanews.com\/index.php\/2025\/10\/29\/filipe-luis-deve-promover-mudancas-no-time-titular-do-flamengo\/","title":{"rendered":"Filipe Lu\u00eds deve promover mudan\u00e7as no time titular do Flamengo"},"content":{"rendered":"\n<p>Sem poder contar com Pedro, em recupera\u00e7\u00e3o de uma fratura no bra\u00e7o, o <a href=\"https:\/\/www.gaveanews.com\/index.php\/category\/brasileirao\/flamengo\/#google_vignette\" target=\"_blank\" rel=\"noreferrer noopener\">Flamengo<\/a> trabalha com alternativas para enfrentar o Racing nesta quarta-feira (29), \u00e0s 21h30 (de Bras\u00edlia), pela volta da semifinal da Libertadores. <\/p>\n\n\n\n<p>A aus\u00eancia do camisa 9 tem levado o t\u00e9cnico Filipe Lu\u00eds a testar forma\u00e7\u00f5es diferentes, e uma delas inclui Sa\u00fal \u00d1\u00edguez no meio-campo titular.<\/p>\n\n\n\n<p>Durante os treinamentos, Filipe avaliou a possibilidade de refor\u00e7ar a marca\u00e7\u00e3o no setor central com um trio formado por Erick Pulgar, Jorginho e Sa\u00fal \u00d1\u00edguez. Neste cen\u00e1rio, Arrascaeta seria adiantado, atuando mais pr\u00f3ximo dos atacantes. <\/p>\n\n\n\n<p>A mudan\u00e7a t\u00e1tica visa compensar a perda de refer\u00eancia ofensiva com maior controle de meio e dinamismo na cria\u00e7\u00e3o.<\/p>\n\n\n\n<figure class=\"wp-block-image size-large\"><img loading=\"lazy\" decoding=\"async\" width=\"1024\" height=\"768\" src=\"http:\/\/www.gaveanews.com\/wp-content\/uploads\/Filipe-Luis-Flamengo-1024x768.png\" alt=\"\" class=\"wp-image-274623\" srcset=\"https:\/\/www.gaveanews.com\/wp-content\/uploads\/Filipe-Luis-Flamengo-1024x768.png 1024w, https:\/\/www.gaveanews.com\/wp-content\/uploads\/Filipe-Luis-Flamengo-300x225.png 300w, https:\/\/www.gaveanews.com\/wp-content\/uploads\/Filipe-Luis-Flamengo-768x576.png 768w, https:\/\/www.gaveanews.com\/wp-content\/uploads\/Filipe-Luis-Flamengo-560x420.png 560w, https:\/\/www.gaveanews.com\/wp-content\/uploads\/Filipe-Luis-Flamengo-1120x840.png 1120w, https:\/\/www.gaveanews.com\/wp-content\/uploads\/Filipe-Luis-Flamengo-80x60.png 80w, https:\/\/www.gaveanews.com\/wp-content\/uploads\/Filipe-Luis-Flamengo-160x120.png 160w, https:\/\/www.gaveanews.com\/wp-content\/uploads\/Filipe-Luis-Flamengo-100x75.png 100w, https:\/\/www.gaveanews.com\/wp-content\/uploads\/Filipe-Luis-Flamengo-200x150.png 200w, https:\/\/www.gaveanews.com\/wp-content\/uploads\/Filipe-Luis-Flamengo-180x135.png 180w, https:\/\/www.gaveanews.com\/wp-content\/uploads\/Filipe-Luis-Flamengo-360x270.png 360w, https:\/\/www.gaveanews.com\/wp-content\/uploads\/Filipe-Luis-Flamengo-238x178.png 238w, https:\/\/www.gaveanews.com\/wp-content\/uploads\/Filipe-Luis-Flamengo-476x356.png 476w, https:\/\/www.gaveanews.com\/wp-content\/uploads\/Filipe-Luis-Flamengo-640x480.png 640w, https:\/\/www.gaveanews.com\/wp-content\/uploads\/Filipe-Luis-Flamengo-681x511.png 681w, https:\/\/www.gaveanews.com\/wp-content\/uploads\/Filipe-Luis-Flamengo.png 1200w\" sizes=\"auto, (max-width: 1024px) 100vw, 1024px\" \/><figcaption class=\"wp-element-caption\">Filipe Lu\u00eds &#8211; Flamengo (Foto: Adriano Fontes\/Flamengo)<\/figcaption><\/figure>\n\n\n\n<h3 class=\"wp-block-heading\" id=\"h-estrutura-tatica-pode-mudar\">Estrutura t\u00e1tica pode mudar<\/h3>\n\n\n\n<p>Com a altera\u00e7\u00e3o, a equipe teria como prov\u00e1vel escala\u00e7\u00e3o: <strong data-start=\"948\" data-end=\"1081\">Rossi; Varela, L\u00e9o Ortiz, L\u00e9o Pereira e Alex Sandro; Erick Pulgar, Jorginho, Sa\u00fal \u00d1\u00edguez e Arrascaeta; Carrascal e Gonzalo Plata.<\/strong><\/p>\n\n\n\n<p>Nessa forma\u00e7\u00e3o, Arrascaeta atua mais livre, podendo flutuar entre a linha de meio e o ataque. Isso permitiria varia\u00e7\u00f5es constantes, com Plata explorando os espa\u00e7os e Carrascal movimentando-se pelo lado oposto. <\/p>\n\n\n\n<p>A proposta amplia a capacidade de compacta\u00e7\u00e3o e transi\u00e7\u00e3o defensiva, ao mesmo tempo em que busca manter o poder de cria\u00e7\u00e3o ofensiva.<\/p>\n\n\n\n<h3 class=\"wp-block-heading\" id=\"h-alternativas-mantem-o-time-ofensivo\">Alternativas mant\u00eam o time ofensivo<\/h3>\n\n\n\n<p>Caso opte por manter a estrutura ofensiva mais pr\u00f3xima do que vinha sendo utilizada, Filipe Lu\u00eds pode lan\u00e7ar Samuel Lino no lugar de Sa\u00fal \u00d1\u00edguez. Assim, a equipe entraria com:<\/p>\n\n\n\n<p><strong data-start=\"1646\" data-end=\"1779\">Rossi; Varela, L\u00e9o Ortiz, L\u00e9o Pereira e Alex Sandro; Erick Pulgar, Jorginho e Arrascaeta; Carrascal, Samuel Lino e Gonzalo Plata.<\/strong><\/p>\n\n\n\n<p>Essa alternativa refor\u00e7a a presen\u00e7a ofensiva nas pontas, mas exige maior aten\u00e7\u00e3o na recomposi\u00e7\u00e3o, j\u00e1 que reduz a densidade no meio-campo. Luiz Ara\u00fajo tamb\u00e9m \u00e9 uma op\u00e7\u00e3o para o setor, oferecendo intensidade pelos lados e participa\u00e7\u00e3o na marca\u00e7\u00e3o.<\/p>\n\n\n\n<h3 class=\"wp-block-heading\" id=\"h-vantagem-no-placar-e-foco-na-decisao\">Vantagem no placar e foco na decis\u00e3o<\/h3>\n\n\n\n<p>Com a vit\u00f3ria por 1 a 0 no jogo de ida, no Maracan\u00e3, o Flamengo entra em campo no El Cilindro, em Avellaneda, precisando apenas de um empate para avan\u00e7ar \u00e0 final da Libertadores. O advers\u00e1rio sair\u00e1 do confronto entre Palmeiras e LDU.<\/p>\n\n\n\n<p>A comiss\u00e3o t\u00e9cnica ainda aguarda os ajustes finais nos treinos para definir a escala\u00e7\u00e3o. O foco, segundo os bastidores do clube, \u00e9 encontrar equil\u00edbrio entre solidez defensiva e capacidade de decidir, mesmo sem a presen\u00e7a de seu principal finalizador.<\/p>\n","protected":false},"excerpt":{"rendered":"<p>Sem poder contar com Pedro, em recupera\u00e7\u00e3o de uma fratura no bra\u00e7o, o Flamengo trabalha com alternativas para enfrentar o Racing nesta quarta-feira (29), \u00e0s 21h30 (de Bras\u00edlia), pela volta da semifinal da Libertadores. A aus\u00eancia do camisa 9 tem levado o t\u00e9cnico Filipe Lu\u00eds a testar forma\u00e7\u00f5es diferentes, e uma delas inclui Sa\u00fal \u00d1\u00edguez [&hellip;]<\/p>\n","protected":false},"author":39,"featured_media":251455,"comment_status":"open","ping_status":"closed","sticky":false,"template":"","format":"standard","meta":{"footnotes":""},"categories":[1],"tags":[],"class_list":["post-279509","post","type-post","status-publish","format-standard","has-post-thumbnail","hentry","category-flamengo"],"yoast_head":"<!-- This site is optimized with the Yoast SEO Premium plugin v24.2 (Yoast SEO v26.9) - https:\/\/yoast.com\/product\/yoast-seo-premium-wordpress\/ -->\n<title>Filipe Lu\u00eds deve promover mudan\u00e7as no time titular do Flamengo<\/title>\n<meta name=\"robots\" content=\"index, follow, max-snippet:-1, max-image-preview:large, max-video-preview:-1\" \/>\n<link rel=\"canonical\" href=\"https:\/\/www.gaveanews.com\/index.php\/2025\/10\/29\/filipe-luis-deve-promover-mudancas-no-time-titular-do-flamengo\/\" \/>\n<meta property=\"og:locale\" content=\"pt_BR\" \/>\n<meta property=\"og:type\" content=\"article\" \/>\n<meta property=\"og:title\" content=\"Filipe Lu\u00eds deve promover mudan\u00e7as no time titular do Flamengo\" \/>\n<meta property=\"og:description\" content=\"Sem poder contar com Pedro, em recupera\u00e7\u00e3o de uma fratura no bra\u00e7o, o Flamengo trabalha com alternativas para enfrentar o Racing nesta quarta-feira (29), \u00e0s 21h30 (de Bras\u00edlia), pela volta da semifinal da Libertadores. A aus\u00eancia do camisa 9 tem levado o t\u00e9cnico Filipe Lu\u00eds a testar forma\u00e7\u00f5es diferentes, e uma delas inclui Sa\u00fal \u00d1\u00edguez [&hellip;]\" \/>\n<meta property=\"og:url\" content=\"https:\/\/www.gaveanews.com\/index.php\/2025\/10\/29\/filipe-luis-deve-promover-mudancas-no-time-titular-do-flamengo\/\" \/>\n<meta property=\"og:site_name\" content=\"G\u00e1vea News\" \/>\n<meta property=\"article:publisher\" content=\"https:\/\/facebook.com\/gaveaNews\/\" \/>\n<meta property=\"article:published_time\" content=\"2025-10-29T15:10:00+00:00\" \/>\n<meta property=\"og:image\" content=\"https:\/\/www.gaveanews.com\/wp-content\/uploads\/Filipe-Luis-pelo-Flamengo.webp\" \/>\n\t<meta property=\"og:image:width\" content=\"477\" \/>\n\t<meta property=\"og:image:height\" content=\"291\" \/>\n\t<meta property=\"og:image:type\" content=\"image\/jpeg\" \/>\n<meta name=\"author\" content=\"Reda\u00e7\u00e3o\" \/>\n<meta name=\"twitter:card\" content=\"summary_large_image\" \/>\n<meta name=\"twitter:label1\" content=\"Escrito por\" \/>\n\t<meta name=\"twitter:data1\" content=\"Reda\u00e7\u00e3o\" \/>\n\t<meta name=\"twitter:label2\" content=\"Est. tempo de leitura\" \/>\n\t<meta name=\"twitter:data2\" content=\"3 minutos\" \/>\n<script type=\"application\/ld+json\" class=\"yoast-schema-graph\">{\"@context\":\"https:\/\/schema.org\",\"@graph\":[{\"@type\":\"NewsArticle\",\"@id\":\"https:\/\/www.gaveanews.com\/index.php\/2025\/10\/29\/filipe-luis-deve-promover-mudancas-no-time-titular-do-flamengo\/#article\",\"isPartOf\":{\"@id\":\"https:\/\/www.gaveanews.com\/index.php\/2025\/10\/29\/filipe-luis-deve-promover-mudancas-no-time-titular-do-flamengo\/\"},\"author\":{\"name\":\"Reda\u00e7\u00e3o\",\"@id\":\"https:\/\/www.gaveanews.com\/#\/schema\/person\/c88645e3d550d0b6574305e67dd5a716\"},\"headline\":\"Filipe Lu\u00eds deve promover mudan\u00e7as no time titular do Flamengo\",\"datePublished\":\"2025-10-29T15:10:00+00:00\",\"mainEntityOfPage\":{\"@id\":\"https:\/\/www.gaveanews.com\/index.php\/2025\/10\/29\/filipe-luis-deve-promover-mudancas-no-time-titular-do-flamengo\/\"},\"wordCount\":449,\"commentCount\":0,\"image\":{\"@id\":\"https:\/\/www.gaveanews.com\/index.php\/2025\/10\/29\/filipe-luis-deve-promover-mudancas-no-time-titular-do-flamengo\/#primaryimage\"},\"thumbnailUrl\":\"https:\/\/www.gaveanews.com\/wp-content\/uploads\/Filipe-Luis-pelo-Flamengo.webp\",\"articleSection\":[\"Flamengo\"],\"inLanguage\":\"pt-BR\",\"potentialAction\":[{\"@type\":\"CommentAction\",\"name\":\"Comment\",\"target\":[\"https:\/\/www.gaveanews.com\/index.php\/2025\/10\/29\/filipe-luis-deve-promover-mudancas-no-time-titular-do-flamengo\/#respond\"]}],\"copyrightYear\":\"2025\",\"copyrightHolder\":{\"@id\":\"https:\/\/www.gaveanews.com\/#organization\"}},{\"@type\":\"WebPage\",\"@id\":\"https:\/\/www.gaveanews.com\/index.php\/2025\/10\/29\/filipe-luis-deve-promover-mudancas-no-time-titular-do-flamengo\/\",\"url\":\"https:\/\/www.gaveanews.com\/index.php\/2025\/10\/29\/filipe-luis-deve-promover-mudancas-no-time-titular-do-flamengo\/\",\"name\":\"Filipe Lu\u00eds deve promover mudan\u00e7as no time titular do Flamengo\",\"isPartOf\":{\"@id\":\"https:\/\/www.gaveanews.com\/#website\"},\"primaryImageOfPage\":{\"@id\":\"https:\/\/www.gaveanews.com\/index.php\/2025\/10\/29\/filipe-luis-deve-promover-mudancas-no-time-titular-do-flamengo\/#primaryimage\"},\"image\":{\"@id\":\"https:\/\/www.gaveanews.com\/index.php\/2025\/10\/29\/filipe-luis-deve-promover-mudancas-no-time-titular-do-flamengo\/#primaryimage\"},\"thumbnailUrl\":\"https:\/\/www.gaveanews.com\/wp-content\/uploads\/Filipe-Luis-pelo-Flamengo.webp\",\"datePublished\":\"2025-10-29T15:10:00+00:00\",\"author\":{\"@id\":\"https:\/\/www.gaveanews.com\/#\/schema\/person\/c88645e3d550d0b6574305e67dd5a716\"},\"breadcrumb\":{\"@id\":\"https:\/\/www.gaveanews.com\/index.php\/2025\/10\/29\/filipe-luis-deve-promover-mudancas-no-time-titular-do-flamengo\/#breadcrumb\"},\"inLanguage\":\"pt-BR\",\"potentialAction\":[{\"@type\":\"ReadAction\",\"target\":[\"https:\/\/www.gaveanews.com\/index.php\/2025\/10\/29\/filipe-luis-deve-promover-mudancas-no-time-titular-do-flamengo\/\"]}]},{\"@type\":\"ImageObject\",\"inLanguage\":\"pt-BR\",\"@id\":\"https:\/\/www.gaveanews.com\/index.php\/2025\/10\/29\/filipe-luis-deve-promover-mudancas-no-time-titular-do-flamengo\/#primaryimage\",\"url\":\"https:\/\/www.gaveanews.com\/wp-content\/uploads\/Filipe-Luis-pelo-Flamengo.webp\",\"contentUrl\":\"https:\/\/www.gaveanews.com\/wp-content\/uploads\/Filipe-Luis-pelo-Flamengo.webp\",\"width\":477,\"height\":291,\"caption\":\"Filipe Lu\u00eds pelo Flamengo (Fotos: Gilvan de Souza\/Flamengo)\"},{\"@type\":\"BreadcrumbList\",\"@id\":\"https:\/\/www.gaveanews.com\/index.php\/2025\/10\/29\/filipe-luis-deve-promover-mudancas-no-time-titular-do-flamengo\/#breadcrumb\",\"itemListElement\":[{\"@type\":\"ListItem\",\"position\":1,\"name\":\"Home\",\"item\":\"https:\/\/www.gaveanews.com\/\"},{\"@type\":\"ListItem\",\"position\":2,\"name\":\"Filipe Lu\u00eds deve promover mudan\u00e7as no time titular do Flamengo\"}]},{\"@type\":\"WebSite\",\"@id\":\"https:\/\/www.gaveanews.com\/#website\",\"url\":\"https:\/\/www.gaveanews.com\/\",\"name\":\"G\u00e1vea News\",\"description\":\"Veja todas as not\u00edcias sobre o Flamengo: Contrata\u00e7\u00f5es, categorias de base, resultados das partidas, tabela de classifica\u00e7\u00e3o, pr\u00f3ximos jogos!\",\"potentialAction\":[{\"@type\":\"SearchAction\",\"target\":{\"@type\":\"EntryPoint\",\"urlTemplate\":\"https:\/\/www.gaveanews.com\/?s={search_term_string}\"},\"query-input\":{\"@type\":\"PropertyValueSpecification\",\"valueRequired\":true,\"valueName\":\"search_term_string\"}}],\"inLanguage\":\"pt-BR\"},{\"@type\":\"Person\",\"@id\":\"https:\/\/www.gaveanews.com\/#\/schema\/person\/c88645e3d550d0b6574305e67dd5a716\",\"name\":\"Reda\u00e7\u00e3o\",\"image\":{\"@type\":\"ImageObject\",\"inLanguage\":\"pt-BR\",\"@id\":\"https:\/\/www.gaveanews.com\/#\/schema\/person\/image\/\",\"url\":\"https:\/\/secure.gravatar.com\/avatar\/434098fd823f0dc1b062d14ca22bacaa6e38de28d8c816bbef6fc2f8c44d8ba3?s=96&d=mm&r=g\",\"contentUrl\":\"https:\/\/secure.gravatar.com\/avatar\/434098fd823f0dc1b062d14ca22bacaa6e38de28d8c816bbef6fc2f8c44d8ba3?s=96&d=mm&r=g\",\"caption\":\"Reda\u00e7\u00e3o\"}}]}<\/script>\n<!-- \/ Yoast SEO Premium plugin. -->","yoast_head_json":{"title":"Filipe Lu\u00eds deve promover mudan\u00e7as no time titular do Flamengo","robots":{"index":"index","follow":"follow","max-snippet":"max-snippet:-1","max-image-preview":"max-image-preview:large","max-video-preview":"max-video-preview:-1"},"canonical":"https:\/\/www.gaveanews.com\/index.php\/2025\/10\/29\/filipe-luis-deve-promover-mudancas-no-time-titular-do-flamengo\/","og_locale":"pt_BR","og_type":"article","og_title":"Filipe Lu\u00eds deve promover mudan\u00e7as no time titular do Flamengo","og_description":"Sem poder contar com Pedro, em recupera\u00e7\u00e3o de uma fratura no bra\u00e7o, o Flamengo trabalha com alternativas para enfrentar o Racing nesta quarta-feira (29), \u00e0s 21h30 (de Bras\u00edlia), pela volta da semifinal da Libertadores. A aus\u00eancia do camisa 9 tem levado o t\u00e9cnico Filipe Lu\u00eds a testar forma\u00e7\u00f5es diferentes, e uma delas inclui Sa\u00fal \u00d1\u00edguez [&hellip;]","og_url":"https:\/\/www.gaveanews.com\/index.php\/2025\/10\/29\/filipe-luis-deve-promover-mudancas-no-time-titular-do-flamengo\/","og_site_name":"G\u00e1vea News","article_publisher":"https:\/\/facebook.com\/gaveaNews\/","article_published_time":"2025-10-29T15:10:00+00:00","og_image":[{"width":477,"height":291,"url":"https:\/\/www.gaveanews.com\/wp-content\/uploads\/Filipe-Luis-pelo-Flamengo.webp","type":"image\/jpeg"}],"author":"Reda\u00e7\u00e3o","twitter_card":"summary_large_image","twitter_misc":{"Escrito por":"Reda\u00e7\u00e3o","Est. tempo de leitura":"3 minutos"},"schema":{"@context":"https:\/\/schema.org","@graph":[{"@type":"NewsArticle","@id":"https:\/\/www.gaveanews.com\/index.php\/2025\/10\/29\/filipe-luis-deve-promover-mudancas-no-time-titular-do-flamengo\/#article","isPartOf":{"@id":"https:\/\/www.gaveanews.com\/index.php\/2025\/10\/29\/filipe-luis-deve-promover-mudancas-no-time-titular-do-flamengo\/"},"author":{"name":"Reda\u00e7\u00e3o","@id":"https:\/\/www.gaveanews.com\/#\/schema\/person\/c88645e3d550d0b6574305e67dd5a716"},"headline":"Filipe Lu\u00eds deve promover mudan\u00e7as no time titular do Flamengo","datePublished":"2025-10-29T15:10:00+00:00","mainEntityOfPage":{"@id":"https:\/\/www.gaveanews.com\/index.php\/2025\/10\/29\/filipe-luis-deve-promover-mudancas-no-time-titular-do-flamengo\/"},"wordCount":449,"commentCount":0,"image":{"@id":"https:\/\/www.gaveanews.com\/index.php\/2025\/10\/29\/filipe-luis-deve-promover-mudancas-no-time-titular-do-flamengo\/#primaryimage"},"thumbnailUrl":"https:\/\/www.gaveanews.com\/wp-content\/uploads\/Filipe-Luis-pelo-Flamengo.webp","articleSection":["Flamengo"],"inLanguage":"pt-BR","potentialAction":[{"@type":"CommentAction","name":"Comment","target":["https:\/\/www.gaveanews.com\/index.php\/2025\/10\/29\/filipe-luis-deve-promover-mudancas-no-time-titular-do-flamengo\/#respond"]}],"copyrightYear":"2025","copyrightHolder":{"@id":"https:\/\/www.gaveanews.com\/#organization"}},{"@type":"WebPage","@id":"https:\/\/www.gaveanews.com\/index.php\/2025\/10\/29\/filipe-luis-deve-promover-mudancas-no-time-titular-do-flamengo\/","url":"https:\/\/www.gaveanews.com\/index.php\/2025\/10\/29\/filipe-luis-deve-promover-mudancas-no-time-titular-do-flamengo\/","name":"Filipe Lu\u00eds deve promover mudan\u00e7as no time titular do Flamengo","isPartOf":{"@id":"https:\/\/www.gaveanews.com\/#website"},"primaryImageOfPage":{"@id":"https:\/\/www.gaveanews.com\/index.php\/2025\/10\/29\/filipe-luis-deve-promover-mudancas-no-time-titular-do-flamengo\/#primaryimage"},"image":{"@id":"https:\/\/www.gaveanews.com\/index.php\/2025\/10\/29\/filipe-luis-deve-promover-mudancas-no-time-titular-do-flamengo\/#primaryimage"},"thumbnailUrl":"https:\/\/www.gaveanews.com\/wp-content\/uploads\/Filipe-Luis-pelo-Flamengo.webp","datePublished":"2025-10-29T15:10:00+00:00","author":{"@id":"https:\/\/www.gaveanews.com\/#\/schema\/person\/c88645e3d550d0b6574305e67dd5a716"},"breadcrumb":{"@id":"https:\/\/www.gaveanews.com\/index.php\/2025\/10\/29\/filipe-luis-deve-promover-mudancas-no-time-titular-do-flamengo\/#breadcrumb"},"inLanguage":"pt-BR","potentialAction":[{"@type":"ReadAction","target":["https:\/\/www.gaveanews.com\/index.php\/2025\/10\/29\/filipe-luis-deve-promover-mudancas-no-time-titular-do-flamengo\/"]}]},{"@type":"ImageObject","inLanguage":"pt-BR","@id":"https:\/\/www.gaveanews.com\/index.php\/2025\/10\/29\/filipe-luis-deve-promover-mudancas-no-time-titular-do-flamengo\/#primaryimage","url":"https:\/\/www.gaveanews.com\/wp-content\/uploads\/Filipe-Luis-pelo-Flamengo.webp","contentUrl":"https:\/\/www.gaveanews.com\/wp-content\/uploads\/Filipe-Luis-pelo-Flamengo.webp","width":477,"height":291,"caption":"Filipe Lu\u00eds pelo Flamengo (Fotos: Gilvan de Souza\/Flamengo)"},{"@type":"BreadcrumbList","@id":"https:\/\/www.gaveanews.com\/index.php\/2025\/10\/29\/filipe-luis-deve-promover-mudancas-no-time-titular-do-flamengo\/#breadcrumb","itemListElement":[{"@type":"ListItem","position":1,"name":"Home","item":"https:\/\/www.gaveanews.com\/"},{"@type":"ListItem","position":2,"name":"Filipe Lu\u00eds deve promover mudan\u00e7as no time titular do Flamengo"}]},{"@type":"WebSite","@id":"https:\/\/www.gaveanews.com\/#website","url":"https:\/\/www.gaveanews.com\/","name":"G\u00e1vea News","description":"Veja todas as not\u00edcias sobre o Flamengo: Contrata\u00e7\u00f5es, categorias de base, resultados das partidas, tabela de classifica\u00e7\u00e3o, pr\u00f3ximos jogos!","potentialAction":[{"@type":"SearchAction","target":{"@type":"EntryPoint","urlTemplate":"https:\/\/www.gaveanews.com\/?s={search_term_string}"},"query-input":{"@type":"PropertyValueSpecification","valueRequired":true,"valueName":"search_term_string"}}],"inLanguage":"pt-BR"},{"@type":"Person","@id":"https:\/\/www.gaveanews.com\/#\/schema\/person\/c88645e3d550d0b6574305e67dd5a716","name":"Reda\u00e7\u00e3o","image":{"@type":"ImageObject","inLanguage":"pt-BR","@id":"https:\/\/www.gaveanews.com\/#\/schema\/person\/image\/","url":"https:\/\/secure.gravatar.com\/avatar\/434098fd823f0dc1b062d14ca22bacaa6e38de28d8c816bbef6fc2f8c44d8ba3?s=96&d=mm&r=g","contentUrl":"https:\/\/secure.gravatar.com\/avatar\/434098fd823f0dc1b062d14ca22bacaa6e38de28d8c816bbef6fc2f8c44d8ba3?s=96&d=mm&r=g","caption":"Reda\u00e7\u00e3o"}}]}},"_links":{"self":[{"href":"https:\/\/www.gaveanews.com\/index.php\/wp-json\/wp\/v2\/posts\/279509","targetHints":{"allow":["GET"]}}],"collection":[{"href":"https:\/\/www.gaveanews.com\/index.php\/wp-json\/wp\/v2\/posts"}],"about":[{"href":"https:\/\/www.gaveanews.com\/index.php\/wp-json\/wp\/v2\/types\/post"}],"author":[{"embeddable":true,"href":"https:\/\/www.gaveanews.com\/index.php\/wp-json\/wp\/v2\/users\/39"}],"replies":[{"embeddable":true,"href":"https:\/\/www.gaveanews.com\/index.php\/wp-json\/wp\/v2\/comments?post=279509"}],"version-history":[{"count":1,"href":"https:\/\/www.gaveanews.com\/index.php\/wp-json\/wp\/v2\/posts\/279509\/revisions"}],"predecessor-version":[{"id":279517,"href":"https:\/\/www.gaveanews.com\/index.php\/wp-json\/wp\/v2\/posts\/279509\/revisions\/279517"}],"wp:featuredmedia":[{"embeddable":true,"href":"https:\/\/www.gaveanews.com\/index.php\/wp-json\/wp\/v2\/media\/251455"}],"wp:attachment":[{"href":"https:\/\/www.gaveanews.com\/index.php\/wp-json\/wp\/v2\/media?parent=279509"}],"wp:term":[{"taxonomy":"category","embeddable":true,"href":"https:\/\/www.gaveanews.com\/index.php\/wp-json\/wp\/v2\/categories?post=279509"},{"taxonomy":"post_tag","embeddable":true,"href":"https:\/\/www.gaveanews.com\/index.php\/wp-json\/wp\/v2\/tags?post=279509"}],"curies":[{"name":"wp","href":"https:\/\/api.w.org\/{rel}","templated":true}]}}