{"id":279510,"date":"2025-10-29T12:20:00","date_gmt":"2025-10-29T15:20:00","guid":{"rendered":"https:\/\/www.gaveanews.com\/?p=279510"},"modified":"2025-10-29T12:08:49","modified_gmt":"2025-10-29T15:08:49","slug":"flamengo-vai-atingir-marca-historica-contra-o-racing","status":"publish","type":"post","link":"https:\/\/www.gaveanews.com\/index.php\/2025\/10\/29\/flamengo-vai-atingir-marca-historica-contra-o-racing\/","title":{"rendered":"Flamengo vai atingir marca hist\u00f3rica contra o Racing"},"content":{"rendered":"\n<p>O <a href=\"https:\/\/www.gaveanews.com\/index.php\/category\/brasileirao\/flamengo\/#google_vignette\" target=\"_blank\" rel=\"noreferrer noopener\">Flamengo<\/a> entrar\u00e1 em campo nesta quarta-feira (29), \u00e0s 21h30 (de Bras\u00edlia), contra o Racing, em Avellaneda, n\u00e3o apenas em busca de uma vaga na final da Copa Libertadores, mas tamb\u00e9m para alcan\u00e7ar sua 60\u00aa partida disputada em solo argentino. <\/p>\n\n\n\n<p>O confronto no est\u00e1dio El Cilindro representa mais do que uma decis\u00e3o esportiva: marca a consolida\u00e7\u00e3o de uma longa trajet\u00f3ria do clube rubro-negro em territ\u00f3rio vizinho. Segundo dados do site <em data-start=\"553\" data-end=\"569\">Flaestat\u00edstica<\/em>, o Flamengo soma atualmente 59 jogos realizados na Argentina. <\/p>\n\n\n\n<p>O primeiro ocorreu em 1933, quando enfrentou a Sele\u00e7\u00e3o Argentina em um amistoso no Estadio Sportivo Barracas, encerrado com derrota por 2 a 1.<\/p>\n\n\n\n<h3 class=\"wp-block-heading\" id=\"h-historico-argentino-e-ultimos-confrontos\">Hist\u00f3rico argentino e \u00faltimos confrontos<\/h3>\n\n\n\n<p>Com tradi\u00e7\u00e3o constru\u00edda ao longo de d\u00e9cadas, o Flamengo tem se tornado presen\u00e7a constante no pa\u00eds em disputas internacionais. A \u00faltima visita foi decisiva: vit\u00f3ria nos p\u00eanaltis contra o Estudiantes, nas quartas de final da Libertadores, que garantiu a passagem \u00e0s semifinais da atual edi\u00e7\u00e3o. <\/p>\n\n\n\n<p>A equipe comandada por Filipe Lu\u00eds volta ao mesmo territ\u00f3rio para tentar mais uma classifica\u00e7\u00e3o, desta vez contra o Racing. <\/p>\n\n\n\n<p>No jogo de ida, realizado no Maracan\u00e3, o Flamengo venceu por 1 a 0 e conquistou a vantagem do empate no confronto de volta.<\/p>\n\n\n\n<h3 class=\"wp-block-heading\" id=\"h-marcas-que-podem-ser-atingidas\">Marcas que podem ser atingidas<\/h3>\n\n\n\n<p>Al\u00e9m da classifica\u00e7\u00e3o, o time carioca pode alcan\u00e7ar n\u00fameros importantes na hist\u00f3ria da competi\u00e7\u00e3o. Caso balance as redes nesta quarta-feira, o Flamengo chegar\u00e1 a 120 gols marcados como visitante na Libertadores. <\/p>\n\n\n\n<p>No total, seriam 355 gols anotados no torneio sul-americano, consolidando sua posi\u00e7\u00e3o entre os maiores clubes da hist\u00f3ria da competi\u00e7\u00e3o.<\/p>\n\n\n\n<p>Outro feito poss\u00edvel \u00e9 eliminar o Racing pela primeira vez em um confronto de mata-mata. At\u00e9 o momento, os argentinos n\u00e3o foram superados pelo Flamengo em fases eliminat\u00f3rias da Libertadores.<\/p>\n\n\n\n<figure class=\"wp-block-embed is-type-rich is-provider-twitter wp-block-embed-twitter\"><div class=\"wp-block-embed__wrapper\">\n<blockquote class=\"twitter-tweet\" data-width=\"550\" data-dnt=\"true\"><p lang=\"pt\" dir=\"ltr\">H\u00e1 exatos tr\u00eas anos, o Flamengo conquistava o tri da Libertadores! Invictos. Na melhor campanha da Am\u00e9rica dos \u00faltimos tempos!<br><br>Hoje \u00e9 dia de reviver esse esp\u00edrito, o da confian\u00e7a, da entrega e da f\u00e9 em cada jogador que veste o Manto.<br>Voc\u00eas j\u00e1 fizeram hist\u00f3ria. E hoje t\u00eam tudo\u2026 <a href=\"https:\/\/t.co\/x7cYGutfl7\">pic.twitter.com\/x7cYGutfl7<\/a><\/p>&mdash; Flamengo (@Flamengo) <a href=\"https:\/\/twitter.com\/Flamengo\/status\/1983542703435526261?ref_src=twsrc%5Etfw\">October 29, 2025<\/a><\/blockquote><script async src=\"https:\/\/platform.twitter.com\/widgets.js\" charset=\"utf-8\"><\/script>\n<\/div><\/figure>\n\n\n\n<h3 class=\"wp-block-heading\" id=\"h-tradicao-construida-com-presenca\">Tradi\u00e7\u00e3o constru\u00edda com presen\u00e7a<\/h3>\n\n\n\n<p>Disputar 60 partidas na Argentina refor\u00e7a o protagonismo do Flamengo no cen\u00e1rio continental. O clube acumula confrontos com diversos advers\u00e1rios tradicionais do pa\u00eds e demonstra, com frequ\u00eancia, sua capacidade de competir em ambientes historicamente desafiadores.<\/p>\n\n\n\n<p>Com um elenco experiente e vantagem no placar, o Rubro-Negro tenta confirmar a vaga na final, mantendo viva a busca por mais um t\u00edtulo da Libertadores e ampliando seu hist\u00f3rico em solo argentino.<\/p>\n","protected":false},"excerpt":{"rendered":"<p>O Flamengo entrar\u00e1 em campo nesta quarta-feira (29), \u00e0s 21h30 (de Bras\u00edlia), contra o Racing, em Avellaneda, n\u00e3o apenas em busca de uma vaga na final da Copa Libertadores, mas tamb\u00e9m para alcan\u00e7ar sua 60\u00aa partida disputada em solo argentino. O confronto no est\u00e1dio El Cilindro representa mais do que uma decis\u00e3o esportiva: marca a [&hellip;]<\/p>\n","protected":false},"author":39,"featured_media":279128,"comment_status":"open","ping_status":"closed","sticky":false,"template":"","format":"standard","meta":{"footnotes":""},"categories":[1],"tags":[],"class_list":["post-279510","post","type-post","status-publish","format-standard","has-post-thumbnail","hentry","category-flamengo"],"yoast_head":"<!-- This site is optimized with the Yoast SEO Premium plugin v24.2 (Yoast SEO v26.9) - https:\/\/yoast.com\/product\/yoast-seo-premium-wordpress\/ -->\n<title>Flamengo vai atingir marca hist\u00f3rica contra o Racing<\/title>\n<meta name=\"robots\" content=\"index, follow, max-snippet:-1, max-image-preview:large, max-video-preview:-1\" \/>\n<link rel=\"canonical\" href=\"https:\/\/www.gaveanews.com\/index.php\/2025\/10\/29\/flamengo-vai-atingir-marca-historica-contra-o-racing\/\" \/>\n<meta property=\"og:locale\" content=\"pt_BR\" \/>\n<meta property=\"og:type\" content=\"article\" \/>\n<meta property=\"og:title\" content=\"Flamengo vai atingir marca hist\u00f3rica contra o Racing\" \/>\n<meta property=\"og:description\" content=\"O Flamengo entrar\u00e1 em campo nesta quarta-feira (29), \u00e0s 21h30 (de Bras\u00edlia), contra o Racing, em Avellaneda, n\u00e3o apenas em busca de uma vaga na final da Copa Libertadores, mas tamb\u00e9m para alcan\u00e7ar sua 60\u00aa partida disputada em solo argentino. O confronto no est\u00e1dio El Cilindro representa mais do que uma decis\u00e3o esportiva: marca a [&hellip;]\" \/>\n<meta property=\"og:url\" content=\"https:\/\/www.gaveanews.com\/index.php\/2025\/10\/29\/flamengo-vai-atingir-marca-historica-contra-o-racing\/\" \/>\n<meta property=\"og:site_name\" content=\"G\u00e1vea News\" \/>\n<meta property=\"article:publisher\" content=\"https:\/\/facebook.com\/gaveaNews\/\" \/>\n<meta property=\"article:published_time\" content=\"2025-10-29T15:20:00+00:00\" \/>\n<meta property=\"og:image\" content=\"https:\/\/www.gaveanews.com\/wp-content\/uploads\/Clube-de-Regatas-do-Flamengo.jpg\" \/>\n\t<meta property=\"og:image:width\" content=\"1280\" \/>\n\t<meta property=\"og:image:height\" content=\"960\" \/>\n\t<meta property=\"og:image:type\" content=\"image\/jpeg\" \/>\n<meta name=\"author\" content=\"Reda\u00e7\u00e3o\" \/>\n<meta name=\"twitter:card\" content=\"summary_large_image\" \/>\n<meta name=\"twitter:label1\" content=\"Escrito por\" \/>\n\t<meta name=\"twitter:data1\" content=\"Reda\u00e7\u00e3o\" \/>\n\t<meta name=\"twitter:label2\" content=\"Est. tempo de leitura\" \/>\n\t<meta name=\"twitter:data2\" content=\"3 minutos\" \/>\n<script type=\"application\/ld+json\" class=\"yoast-schema-graph\">{\"@context\":\"https:\/\/schema.org\",\"@graph\":[{\"@type\":\"NewsArticle\",\"@id\":\"https:\/\/www.gaveanews.com\/index.php\/2025\/10\/29\/flamengo-vai-atingir-marca-historica-contra-o-racing\/#article\",\"isPartOf\":{\"@id\":\"https:\/\/www.gaveanews.com\/index.php\/2025\/10\/29\/flamengo-vai-atingir-marca-historica-contra-o-racing\/\"},\"author\":{\"name\":\"Reda\u00e7\u00e3o\",\"@id\":\"https:\/\/www.gaveanews.com\/#\/schema\/person\/c88645e3d550d0b6574305e67dd5a716\"},\"headline\":\"Flamengo vai atingir marca hist\u00f3rica contra o Racing\",\"datePublished\":\"2025-10-29T15:20:00+00:00\",\"mainEntityOfPage\":{\"@id\":\"https:\/\/www.gaveanews.com\/index.php\/2025\/10\/29\/flamengo-vai-atingir-marca-historica-contra-o-racing\/\"},\"wordCount\":403,\"commentCount\":0,\"image\":{\"@id\":\"https:\/\/www.gaveanews.com\/index.php\/2025\/10\/29\/flamengo-vai-atingir-marca-historica-contra-o-racing\/#primaryimage\"},\"thumbnailUrl\":\"https:\/\/www.gaveanews.com\/wp-content\/uploads\/Clube-de-Regatas-do-Flamengo.jpg\",\"articleSection\":[\"Flamengo\"],\"inLanguage\":\"pt-BR\",\"potentialAction\":[{\"@type\":\"CommentAction\",\"name\":\"Comment\",\"target\":[\"https:\/\/www.gaveanews.com\/index.php\/2025\/10\/29\/flamengo-vai-atingir-marca-historica-contra-o-racing\/#respond\"]}],\"copyrightYear\":\"2025\",\"copyrightHolder\":{\"@id\":\"https:\/\/www.gaveanews.com\/#organization\"}},{\"@type\":\"WebPage\",\"@id\":\"https:\/\/www.gaveanews.com\/index.php\/2025\/10\/29\/flamengo-vai-atingir-marca-historica-contra-o-racing\/\",\"url\":\"https:\/\/www.gaveanews.com\/index.php\/2025\/10\/29\/flamengo-vai-atingir-marca-historica-contra-o-racing\/\",\"name\":\"Flamengo vai atingir marca hist\u00f3rica contra o Racing\",\"isPartOf\":{\"@id\":\"https:\/\/www.gaveanews.com\/#website\"},\"primaryImageOfPage\":{\"@id\":\"https:\/\/www.gaveanews.com\/index.php\/2025\/10\/29\/flamengo-vai-atingir-marca-historica-contra-o-racing\/#primaryimage\"},\"image\":{\"@id\":\"https:\/\/www.gaveanews.com\/index.php\/2025\/10\/29\/flamengo-vai-atingir-marca-historica-contra-o-racing\/#primaryimage\"},\"thumbnailUrl\":\"https:\/\/www.gaveanews.com\/wp-content\/uploads\/Clube-de-Regatas-do-Flamengo.jpg\",\"datePublished\":\"2025-10-29T15:20:00+00:00\",\"author\":{\"@id\":\"https:\/\/www.gaveanews.com\/#\/schema\/person\/c88645e3d550d0b6574305e67dd5a716\"},\"breadcrumb\":{\"@id\":\"https:\/\/www.gaveanews.com\/index.php\/2025\/10\/29\/flamengo-vai-atingir-marca-historica-contra-o-racing\/#breadcrumb\"},\"inLanguage\":\"pt-BR\",\"potentialAction\":[{\"@type\":\"ReadAction\",\"target\":[\"https:\/\/www.gaveanews.com\/index.php\/2025\/10\/29\/flamengo-vai-atingir-marca-historica-contra-o-racing\/\"]}]},{\"@type\":\"ImageObject\",\"inLanguage\":\"pt-BR\",\"@id\":\"https:\/\/www.gaveanews.com\/index.php\/2025\/10\/29\/flamengo-vai-atingir-marca-historica-contra-o-racing\/#primaryimage\",\"url\":\"https:\/\/www.gaveanews.com\/wp-content\/uploads\/Clube-de-Regatas-do-Flamengo.jpg\",\"contentUrl\":\"https:\/\/www.gaveanews.com\/wp-content\/uploads\/Clube-de-Regatas-do-Flamengo.jpg\",\"width\":1280,\"height\":960,\"caption\":\"Clube de Regatas do Flamengo (Foto: Adriano Fontes\/CRF)\"},{\"@type\":\"BreadcrumbList\",\"@id\":\"https:\/\/www.gaveanews.com\/index.php\/2025\/10\/29\/flamengo-vai-atingir-marca-historica-contra-o-racing\/#breadcrumb\",\"itemListElement\":[{\"@type\":\"ListItem\",\"position\":1,\"name\":\"Home\",\"item\":\"https:\/\/www.gaveanews.com\/\"},{\"@type\":\"ListItem\",\"position\":2,\"name\":\"Flamengo vai atingir marca hist\u00f3rica contra o Racing\"}]},{\"@type\":\"WebSite\",\"@id\":\"https:\/\/www.gaveanews.com\/#website\",\"url\":\"https:\/\/www.gaveanews.com\/\",\"name\":\"G\u00e1vea News\",\"description\":\"Veja todas as not\u00edcias sobre o Flamengo: Contrata\u00e7\u00f5es, categorias de base, resultados das partidas, tabela de classifica\u00e7\u00e3o, pr\u00f3ximos jogos!\",\"potentialAction\":[{\"@type\":\"SearchAction\",\"target\":{\"@type\":\"EntryPoint\",\"urlTemplate\":\"https:\/\/www.gaveanews.com\/?s={search_term_string}\"},\"query-input\":{\"@type\":\"PropertyValueSpecification\",\"valueRequired\":true,\"valueName\":\"search_term_string\"}}],\"inLanguage\":\"pt-BR\"},{\"@type\":\"Person\",\"@id\":\"https:\/\/www.gaveanews.com\/#\/schema\/person\/c88645e3d550d0b6574305e67dd5a716\",\"name\":\"Reda\u00e7\u00e3o\",\"image\":{\"@type\":\"ImageObject\",\"inLanguage\":\"pt-BR\",\"@id\":\"https:\/\/www.gaveanews.com\/#\/schema\/person\/image\/\",\"url\":\"https:\/\/secure.gravatar.com\/avatar\/434098fd823f0dc1b062d14ca22bacaa6e38de28d8c816bbef6fc2f8c44d8ba3?s=96&d=mm&r=g\",\"contentUrl\":\"https:\/\/secure.gravatar.com\/avatar\/434098fd823f0dc1b062d14ca22bacaa6e38de28d8c816bbef6fc2f8c44d8ba3?s=96&d=mm&r=g\",\"caption\":\"Reda\u00e7\u00e3o\"}}]}<\/script>\n<!-- \/ Yoast SEO Premium plugin. -->","yoast_head_json":{"title":"Flamengo vai atingir marca hist\u00f3rica contra o Racing","robots":{"index":"index","follow":"follow","max-snippet":"max-snippet:-1","max-image-preview":"max-image-preview:large","max-video-preview":"max-video-preview:-1"},"canonical":"https:\/\/www.gaveanews.com\/index.php\/2025\/10\/29\/flamengo-vai-atingir-marca-historica-contra-o-racing\/","og_locale":"pt_BR","og_type":"article","og_title":"Flamengo vai atingir marca hist\u00f3rica contra o Racing","og_description":"O Flamengo entrar\u00e1 em campo nesta quarta-feira (29), \u00e0s 21h30 (de Bras\u00edlia), contra o Racing, em Avellaneda, n\u00e3o apenas em busca de uma vaga na final da Copa Libertadores, mas tamb\u00e9m para alcan\u00e7ar sua 60\u00aa partida disputada em solo argentino. O confronto no est\u00e1dio El Cilindro representa mais do que uma decis\u00e3o esportiva: marca a [&hellip;]","og_url":"https:\/\/www.gaveanews.com\/index.php\/2025\/10\/29\/flamengo-vai-atingir-marca-historica-contra-o-racing\/","og_site_name":"G\u00e1vea News","article_publisher":"https:\/\/facebook.com\/gaveaNews\/","article_published_time":"2025-10-29T15:20:00+00:00","og_image":[{"width":1280,"height":960,"url":"https:\/\/www.gaveanews.com\/wp-content\/uploads\/Clube-de-Regatas-do-Flamengo.jpg","type":"image\/jpeg"}],"author":"Reda\u00e7\u00e3o","twitter_card":"summary_large_image","twitter_misc":{"Escrito por":"Reda\u00e7\u00e3o","Est. tempo de leitura":"3 minutos"},"schema":{"@context":"https:\/\/schema.org","@graph":[{"@type":"NewsArticle","@id":"https:\/\/www.gaveanews.com\/index.php\/2025\/10\/29\/flamengo-vai-atingir-marca-historica-contra-o-racing\/#article","isPartOf":{"@id":"https:\/\/www.gaveanews.com\/index.php\/2025\/10\/29\/flamengo-vai-atingir-marca-historica-contra-o-racing\/"},"author":{"name":"Reda\u00e7\u00e3o","@id":"https:\/\/www.gaveanews.com\/#\/schema\/person\/c88645e3d550d0b6574305e67dd5a716"},"headline":"Flamengo vai atingir marca hist\u00f3rica contra o Racing","datePublished":"2025-10-29T15:20:00+00:00","mainEntityOfPage":{"@id":"https:\/\/www.gaveanews.com\/index.php\/2025\/10\/29\/flamengo-vai-atingir-marca-historica-contra-o-racing\/"},"wordCount":403,"commentCount":0,"image":{"@id":"https:\/\/www.gaveanews.com\/index.php\/2025\/10\/29\/flamengo-vai-atingir-marca-historica-contra-o-racing\/#primaryimage"},"thumbnailUrl":"https:\/\/www.gaveanews.com\/wp-content\/uploads\/Clube-de-Regatas-do-Flamengo.jpg","articleSection":["Flamengo"],"inLanguage":"pt-BR","potentialAction":[{"@type":"CommentAction","name":"Comment","target":["https:\/\/www.gaveanews.com\/index.php\/2025\/10\/29\/flamengo-vai-atingir-marca-historica-contra-o-racing\/#respond"]}],"copyrightYear":"2025","copyrightHolder":{"@id":"https:\/\/www.gaveanews.com\/#organization"}},{"@type":"WebPage","@id":"https:\/\/www.gaveanews.com\/index.php\/2025\/10\/29\/flamengo-vai-atingir-marca-historica-contra-o-racing\/","url":"https:\/\/www.gaveanews.com\/index.php\/2025\/10\/29\/flamengo-vai-atingir-marca-historica-contra-o-racing\/","name":"Flamengo vai atingir marca hist\u00f3rica contra o Racing","isPartOf":{"@id":"https:\/\/www.gaveanews.com\/#website"},"primaryImageOfPage":{"@id":"https:\/\/www.gaveanews.com\/index.php\/2025\/10\/29\/flamengo-vai-atingir-marca-historica-contra-o-racing\/#primaryimage"},"image":{"@id":"https:\/\/www.gaveanews.com\/index.php\/2025\/10\/29\/flamengo-vai-atingir-marca-historica-contra-o-racing\/#primaryimage"},"thumbnailUrl":"https:\/\/www.gaveanews.com\/wp-content\/uploads\/Clube-de-Regatas-do-Flamengo.jpg","datePublished":"2025-10-29T15:20:00+00:00","author":{"@id":"https:\/\/www.gaveanews.com\/#\/schema\/person\/c88645e3d550d0b6574305e67dd5a716"},"breadcrumb":{"@id":"https:\/\/www.gaveanews.com\/index.php\/2025\/10\/29\/flamengo-vai-atingir-marca-historica-contra-o-racing\/#breadcrumb"},"inLanguage":"pt-BR","potentialAction":[{"@type":"ReadAction","target":["https:\/\/www.gaveanews.com\/index.php\/2025\/10\/29\/flamengo-vai-atingir-marca-historica-contra-o-racing\/"]}]},{"@type":"ImageObject","inLanguage":"pt-BR","@id":"https:\/\/www.gaveanews.com\/index.php\/2025\/10\/29\/flamengo-vai-atingir-marca-historica-contra-o-racing\/#primaryimage","url":"https:\/\/www.gaveanews.com\/wp-content\/uploads\/Clube-de-Regatas-do-Flamengo.jpg","contentUrl":"https:\/\/www.gaveanews.com\/wp-content\/uploads\/Clube-de-Regatas-do-Flamengo.jpg","width":1280,"height":960,"caption":"Clube de Regatas do Flamengo (Foto: Adriano Fontes\/CRF)"},{"@type":"BreadcrumbList","@id":"https:\/\/www.gaveanews.com\/index.php\/2025\/10\/29\/flamengo-vai-atingir-marca-historica-contra-o-racing\/#breadcrumb","itemListElement":[{"@type":"ListItem","position":1,"name":"Home","item":"https:\/\/www.gaveanews.com\/"},{"@type":"ListItem","position":2,"name":"Flamengo vai atingir marca hist\u00f3rica contra o Racing"}]},{"@type":"WebSite","@id":"https:\/\/www.gaveanews.com\/#website","url":"https:\/\/www.gaveanews.com\/","name":"G\u00e1vea News","description":"Veja todas as not\u00edcias sobre o Flamengo: Contrata\u00e7\u00f5es, categorias de base, resultados das partidas, tabela de classifica\u00e7\u00e3o, pr\u00f3ximos jogos!","potentialAction":[{"@type":"SearchAction","target":{"@type":"EntryPoint","urlTemplate":"https:\/\/www.gaveanews.com\/?s={search_term_string}"},"query-input":{"@type":"PropertyValueSpecification","valueRequired":true,"valueName":"search_term_string"}}],"inLanguage":"pt-BR"},{"@type":"Person","@id":"https:\/\/www.gaveanews.com\/#\/schema\/person\/c88645e3d550d0b6574305e67dd5a716","name":"Reda\u00e7\u00e3o","image":{"@type":"ImageObject","inLanguage":"pt-BR","@id":"https:\/\/www.gaveanews.com\/#\/schema\/person\/image\/","url":"https:\/\/secure.gravatar.com\/avatar\/434098fd823f0dc1b062d14ca22bacaa6e38de28d8c816bbef6fc2f8c44d8ba3?s=96&d=mm&r=g","contentUrl":"https:\/\/secure.gravatar.com\/avatar\/434098fd823f0dc1b062d14ca22bacaa6e38de28d8c816bbef6fc2f8c44d8ba3?s=96&d=mm&r=g","caption":"Reda\u00e7\u00e3o"}}]}},"_links":{"self":[{"href":"https:\/\/www.gaveanews.com\/index.php\/wp-json\/wp\/v2\/posts\/279510","targetHints":{"allow":["GET"]}}],"collection":[{"href":"https:\/\/www.gaveanews.com\/index.php\/wp-json\/wp\/v2\/posts"}],"about":[{"href":"https:\/\/www.gaveanews.com\/index.php\/wp-json\/wp\/v2\/types\/post"}],"author":[{"embeddable":true,"href":"https:\/\/www.gaveanews.com\/index.php\/wp-json\/wp\/v2\/users\/39"}],"replies":[{"embeddable":true,"href":"https:\/\/www.gaveanews.com\/index.php\/wp-json\/wp\/v2\/comments?post=279510"}],"version-history":[{"count":1,"href":"https:\/\/www.gaveanews.com\/index.php\/wp-json\/wp\/v2\/posts\/279510\/revisions"}],"predecessor-version":[{"id":279519,"href":"https:\/\/www.gaveanews.com\/index.php\/wp-json\/wp\/v2\/posts\/279510\/revisions\/279519"}],"wp:featuredmedia":[{"embeddable":true,"href":"https:\/\/www.gaveanews.com\/index.php\/wp-json\/wp\/v2\/media\/279128"}],"wp:attachment":[{"href":"https:\/\/www.gaveanews.com\/index.php\/wp-json\/wp\/v2\/media?parent=279510"}],"wp:term":[{"taxonomy":"category","embeddable":true,"href":"https:\/\/www.gaveanews.com\/index.php\/wp-json\/wp\/v2\/categories?post=279510"},{"taxonomy":"post_tag","embeddable":true,"href":"https:\/\/www.gaveanews.com\/index.php\/wp-json\/wp\/v2\/tags?post=279510"}],"curies":[{"name":"wp","href":"https:\/\/api.w.org\/{rel}","templated":true}]}}