{"id":279512,"date":"2025-10-29T12:40:00","date_gmt":"2025-10-29T15:40:00","guid":{"rendered":"https:\/\/www.gaveanews.com\/?p=279512"},"modified":"2025-10-29T12:18:39","modified_gmt":"2025-10-29T15:18:39","slug":"andre-rizek-manda-recado-para-filipe-luis-do-flamengo","status":"publish","type":"post","link":"https:\/\/www.gaveanews.com\/index.php\/2025\/10\/29\/andre-rizek-manda-recado-para-filipe-luis-do-flamengo\/","title":{"rendered":"Andr\u00e9 Rizek manda recado para Filipe Lu\u00eds, do Flamengo"},"content":{"rendered":"\n<p>O confronto entre Racing e <a href=\"https:\/\/www.gaveanews.com\/index.php\/category\/brasileirao\/flamengo\/#google_vignette\" target=\"_blank\" rel=\"noopener\">Flamengo<\/a>, nesta quarta-feira (29), \u00e0s 21h30 (de Bras\u00edlia), no Est\u00e1dio El Cilindro, em Avellaneda, ganhou contornos decisivos n\u00e3o apenas no aspecto esportivo. Para Andr\u00e9 Rizek, o resultado pode ter peso na avalia\u00e7\u00e3o do trabalho de Filipe Lu\u00eds \u00e0 frente do comando do clube carioca.<\/p>\n\n\n\n<p>Durante participa\u00e7\u00e3o no programa <em data-start=\"538\" data-end=\"554\">Sele\u00e7\u00e3o Sportv<\/em>, exibido na ter\u00e7a-feira (28), Rizek afirmou que o Flamengo n\u00e3o poder\u00e1 encerrar a temporada sem conquistas, especialmente ap\u00f3s ter montado o elenco mais qualificado desde 2019. <\/p>\n\n\n\n<p>Na vis\u00e3o do comentarista, mesmo diante das dificuldades naturais de uma competi\u00e7\u00e3o continental, o torcedor exigir\u00e1 resultados concretos.<\/p>\n\n\n\n<p>\u201cEu sei que \u00e9 cruel falar isso, mas o jogo de amanh\u00e3 ser\u00e1 fundamental na an\u00e1lise do trabalho do Filipe Lu\u00eds no Flamengo. Acho que vai ser um grande, e j\u00e1 \u00e9 um bom treinador. Mas o clube e sua torcida n\u00e3o v\u00e3o aceitar terminar a temporada sem t\u00edtulo\u201d, iniciou:<\/p>\n\n\n\n<p>\u201cQuando se monta o melhor elenco desde 2019. S\u00e3o op\u00e7\u00f5es fartas. Por mais cruel que isso seja, porque s\u00f3 vence um, mas n\u00e3o v\u00e3o aceitar\u201d, analisou.<\/p>\n\n\n\n<figure class=\"wp-block-embed is-type-rich is-provider-twitter wp-block-embed-twitter\"><div class=\"wp-block-embed__wrapper\">\n<blockquote class=\"twitter-tweet\" data-width=\"550\" data-dnt=\"true\"><p lang=\"pt\" dir=\"ltr\">\u201cEu sei que \u00e9 cruel falar isso, mas o jogo de amanh\u00e3 ser\u00e1 fundamental na an\u00e1lise do trabalho do Filipe Lu\u00eds no Flamengo. O Flamengo e sua torcida do Flamengo n\u00e3o v\u00e3o aceitar terminar a temporada sem t\u00edtulo.\u201d<br><br>\ud83c\udf99\ufe0f Andr\u00e9 Rizek, no Sportv<br>\ud83c\udfa5 <a href=\"https:\/\/twitter.com\/sportv?ref_src=twsrc%5Etfw\">@sportv<\/a> | <a href=\"https:\/\/twitter.com\/geglobo?ref_src=twsrc%5Etfw\">@geglobo<\/a> <a href=\"https:\/\/t.co\/7zIfodvCEh\">pic.twitter.com\/7zIfodvCEh<\/a><\/p>&mdash; Planeta do Futebol \ud83c\udf0e (@futebol_info) <a href=\"https:\/\/twitter.com\/futebol_info\/status\/1983311316833226917?ref_src=twsrc%5Etfw\">October 28, 2025<\/a><\/blockquote><script async src=\"https:\/\/platform.twitter.com\/widgets.js\" charset=\"utf-8\"><\/script>\n<\/div><\/figure>\n\n\n\n<h3 class=\"wp-block-heading\" id=\"h-pressao-e-expectativas-antes-da-decisao\">Press\u00e3o e expectativas antes da decis\u00e3o<\/h3>\n\n\n\n<p>O Flamengo venceu o primeiro jogo da semifinal por 1 a 0, no Maracan\u00e3, e agora tem a vantagem do empate para garantir vaga na final da Libertadores. O desempenho da equipe nesta fase, contudo, vai al\u00e9m do placar. <\/p>\n\n\n\n<p>A postura t\u00e1tica, a gest\u00e3o do elenco e a capacidade de enfrentar ambientes hostis \u2014 como \u00e9 o caso da partida na Argentina \u2014 tamb\u00e9m ser\u00e3o fatores observados de perto.<\/p>\n\n\n\n<p>Filipe Lu\u00eds assumiu o comando t\u00e9cnico do clube em 2024 e, desde ent\u00e3o, busca consolidar seu estilo \u00e0 frente de um grupo experiente e recheado de alternativas. O desempenho na Libertadores \u00e9 tratado internamente como prioridade m\u00e1xima.<\/p>\n\n\n\n<h3 class=\"wp-block-heading\" id=\"h-adversario-da-final-sera-definido-nesta-quinta-feira\">Advers\u00e1rio da final ser\u00e1 definido nesta quinta-feira<\/h3>\n\n\n\n<p>Quem avan\u00e7ar no duelo entre Flamengo e Racing enfrentar\u00e1 na decis\u00e3o o vencedor de Palmeiras x LDU. A partida de volta entre paulistas e equatorianos ser\u00e1 disputada na quinta-feira (30), \u00e0s 21h30, no Allianz Parque. <\/p>\n\n\n\n<p>No jogo de ida, a equipe comandada por Abel Ferreira perdeu por 3 a 0, e agora precisa de uma virada hist\u00f3rica em casa para reverter o placar agregado.<\/p>\n","protected":false},"excerpt":{"rendered":"<p>O confronto entre Racing e Flamengo, nesta quarta-feira (29), \u00e0s 21h30 (de Bras\u00edlia), no Est\u00e1dio El Cilindro, em Avellaneda, ganhou contornos decisivos n\u00e3o apenas no aspecto esportivo. Para Andr\u00e9 Rizek, o resultado pode ter peso na avalia\u00e7\u00e3o do trabalho de Filipe Lu\u00eds \u00e0 frente do comando do clube carioca. Durante participa\u00e7\u00e3o no programa Sele\u00e7\u00e3o Sportv, [&hellip;]<\/p>\n","protected":false},"author":39,"featured_media":101875,"comment_status":"open","ping_status":"closed","sticky":false,"template":"","format":"standard","meta":{"footnotes":""},"categories":[1],"tags":[],"class_list":["post-279512","post","type-post","status-publish","format-standard","has-post-thumbnail","hentry","category-flamengo"],"yoast_head":"<!-- This site is optimized with the Yoast SEO Premium plugin v24.2 (Yoast SEO v26.9) - https:\/\/yoast.com\/product\/yoast-seo-premium-wordpress\/ -->\n<title>Andr\u00e9 Rizek manda recado para Filipe Lu\u00eds, do Flamengo<\/title>\n<meta name=\"robots\" content=\"index, follow, max-snippet:-1, max-image-preview:large, max-video-preview:-1\" \/>\n<link rel=\"canonical\" href=\"https:\/\/www.gaveanews.com\/index.php\/2025\/10\/29\/andre-rizek-manda-recado-para-filipe-luis-do-flamengo\/\" \/>\n<meta property=\"og:locale\" content=\"pt_BR\" \/>\n<meta property=\"og:type\" content=\"article\" \/>\n<meta property=\"og:title\" content=\"Andr\u00e9 Rizek manda recado para Filipe Lu\u00eds, do Flamengo\" \/>\n<meta property=\"og:description\" content=\"O confronto entre Racing e Flamengo, nesta quarta-feira (29), \u00e0s 21h30 (de Bras\u00edlia), no Est\u00e1dio El Cilindro, em Avellaneda, ganhou contornos decisivos n\u00e3o apenas no aspecto esportivo. Para Andr\u00e9 Rizek, o resultado pode ter peso na avalia\u00e7\u00e3o do trabalho de Filipe Lu\u00eds \u00e0 frente do comando do clube carioca. Durante participa\u00e7\u00e3o no programa Sele\u00e7\u00e3o Sportv, [&hellip;]\" \/>\n<meta property=\"og:url\" content=\"https:\/\/www.gaveanews.com\/index.php\/2025\/10\/29\/andre-rizek-manda-recado-para-filipe-luis-do-flamengo\/\" \/>\n<meta property=\"og:site_name\" content=\"G\u00e1vea News\" \/>\n<meta property=\"article:publisher\" content=\"https:\/\/facebook.com\/gaveaNews\/\" \/>\n<meta property=\"article:published_time\" content=\"2025-10-29T15:40:00+00:00\" \/>\n<meta property=\"og:image\" content=\"https:\/\/www.gaveanews.com\/wp-content\/uploads\/Andre-Rizek-durante-um-programa-do-SporTV.webp\" \/>\n\t<meta property=\"og:image:width\" content=\"795\" \/>\n\t<meta property=\"og:image:height\" content=\"448\" \/>\n\t<meta property=\"og:image:type\" content=\"image\/jpeg\" \/>\n<meta name=\"author\" content=\"Reda\u00e7\u00e3o\" \/>\n<meta name=\"twitter:card\" content=\"summary_large_image\" \/>\n<meta name=\"twitter:label1\" content=\"Escrito por\" \/>\n\t<meta name=\"twitter:data1\" content=\"Reda\u00e7\u00e3o\" \/>\n\t<meta name=\"twitter:label2\" content=\"Est. tempo de leitura\" \/>\n\t<meta name=\"twitter:data2\" content=\"3 minutos\" \/>\n<script type=\"application\/ld+json\" class=\"yoast-schema-graph\">{\"@context\":\"https:\/\/schema.org\",\"@graph\":[{\"@type\":\"NewsArticle\",\"@id\":\"https:\/\/www.gaveanews.com\/index.php\/2025\/10\/29\/andre-rizek-manda-recado-para-filipe-luis-do-flamengo\/#article\",\"isPartOf\":{\"@id\":\"https:\/\/www.gaveanews.com\/index.php\/2025\/10\/29\/andre-rizek-manda-recado-para-filipe-luis-do-flamengo\/\"},\"author\":{\"name\":\"Reda\u00e7\u00e3o\",\"@id\":\"https:\/\/www.gaveanews.com\/#\/schema\/person\/c88645e3d550d0b6574305e67dd5a716\"},\"headline\":\"Andr\u00e9 Rizek manda recado para Filipe Lu\u00eds, do Flamengo\",\"datePublished\":\"2025-10-29T15:40:00+00:00\",\"mainEntityOfPage\":{\"@id\":\"https:\/\/www.gaveanews.com\/index.php\/2025\/10\/29\/andre-rizek-manda-recado-para-filipe-luis-do-flamengo\/\"},\"wordCount\":392,\"commentCount\":0,\"image\":{\"@id\":\"https:\/\/www.gaveanews.com\/index.php\/2025\/10\/29\/andre-rizek-manda-recado-para-filipe-luis-do-flamengo\/#primaryimage\"},\"thumbnailUrl\":\"https:\/\/www.gaveanews.com\/wp-content\/uploads\/Andre-Rizek-durante-um-programa-do-SporTV.webp\",\"articleSection\":[\"Flamengo\"],\"inLanguage\":\"pt-BR\",\"potentialAction\":[{\"@type\":\"CommentAction\",\"name\":\"Comment\",\"target\":[\"https:\/\/www.gaveanews.com\/index.php\/2025\/10\/29\/andre-rizek-manda-recado-para-filipe-luis-do-flamengo\/#respond\"]}],\"copyrightYear\":\"2025\",\"copyrightHolder\":{\"@id\":\"https:\/\/www.gaveanews.com\/#organization\"}},{\"@type\":\"WebPage\",\"@id\":\"https:\/\/www.gaveanews.com\/index.php\/2025\/10\/29\/andre-rizek-manda-recado-para-filipe-luis-do-flamengo\/\",\"url\":\"https:\/\/www.gaveanews.com\/index.php\/2025\/10\/29\/andre-rizek-manda-recado-para-filipe-luis-do-flamengo\/\",\"name\":\"Andr\u00e9 Rizek manda recado para Filipe Lu\u00eds, do Flamengo\",\"isPartOf\":{\"@id\":\"https:\/\/www.gaveanews.com\/#website\"},\"primaryImageOfPage\":{\"@id\":\"https:\/\/www.gaveanews.com\/index.php\/2025\/10\/29\/andre-rizek-manda-recado-para-filipe-luis-do-flamengo\/#primaryimage\"},\"image\":{\"@id\":\"https:\/\/www.gaveanews.com\/index.php\/2025\/10\/29\/andre-rizek-manda-recado-para-filipe-luis-do-flamengo\/#primaryimage\"},\"thumbnailUrl\":\"https:\/\/www.gaveanews.com\/wp-content\/uploads\/Andre-Rizek-durante-um-programa-do-SporTV.webp\",\"datePublished\":\"2025-10-29T15:40:00+00:00\",\"author\":{\"@id\":\"https:\/\/www.gaveanews.com\/#\/schema\/person\/c88645e3d550d0b6574305e67dd5a716\"},\"breadcrumb\":{\"@id\":\"https:\/\/www.gaveanews.com\/index.php\/2025\/10\/29\/andre-rizek-manda-recado-para-filipe-luis-do-flamengo\/#breadcrumb\"},\"inLanguage\":\"pt-BR\",\"potentialAction\":[{\"@type\":\"ReadAction\",\"target\":[\"https:\/\/www.gaveanews.com\/index.php\/2025\/10\/29\/andre-rizek-manda-recado-para-filipe-luis-do-flamengo\/\"]}]},{\"@type\":\"ImageObject\",\"inLanguage\":\"pt-BR\",\"@id\":\"https:\/\/www.gaveanews.com\/index.php\/2025\/10\/29\/andre-rizek-manda-recado-para-filipe-luis-do-flamengo\/#primaryimage\",\"url\":\"https:\/\/www.gaveanews.com\/wp-content\/uploads\/Andre-Rizek-durante-um-programa-do-SporTV.webp\",\"contentUrl\":\"https:\/\/www.gaveanews.com\/wp-content\/uploads\/Andre-Rizek-durante-um-programa-do-SporTV.webp\",\"width\":795,\"height\":448,\"caption\":\"Andr\u00e9 Rizek durante um programa do SporTV (Foto: Reprodu\u00e7\u00e3o\/SporTV)\"},{\"@type\":\"BreadcrumbList\",\"@id\":\"https:\/\/www.gaveanews.com\/index.php\/2025\/10\/29\/andre-rizek-manda-recado-para-filipe-luis-do-flamengo\/#breadcrumb\",\"itemListElement\":[{\"@type\":\"ListItem\",\"position\":1,\"name\":\"Home\",\"item\":\"https:\/\/www.gaveanews.com\/\"},{\"@type\":\"ListItem\",\"position\":2,\"name\":\"Andr\u00e9 Rizek manda recado para Filipe Lu\u00eds, do Flamengo\"}]},{\"@type\":\"WebSite\",\"@id\":\"https:\/\/www.gaveanews.com\/#website\",\"url\":\"https:\/\/www.gaveanews.com\/\",\"name\":\"G\u00e1vea News\",\"description\":\"Veja todas as not\u00edcias sobre o Flamengo: Contrata\u00e7\u00f5es, categorias de base, resultados das partidas, tabela de classifica\u00e7\u00e3o, pr\u00f3ximos jogos!\",\"potentialAction\":[{\"@type\":\"SearchAction\",\"target\":{\"@type\":\"EntryPoint\",\"urlTemplate\":\"https:\/\/www.gaveanews.com\/?s={search_term_string}\"},\"query-input\":{\"@type\":\"PropertyValueSpecification\",\"valueRequired\":true,\"valueName\":\"search_term_string\"}}],\"inLanguage\":\"pt-BR\"},{\"@type\":\"Person\",\"@id\":\"https:\/\/www.gaveanews.com\/#\/schema\/person\/c88645e3d550d0b6574305e67dd5a716\",\"name\":\"Reda\u00e7\u00e3o\",\"image\":{\"@type\":\"ImageObject\",\"inLanguage\":\"pt-BR\",\"@id\":\"https:\/\/www.gaveanews.com\/#\/schema\/person\/image\/\",\"url\":\"https:\/\/secure.gravatar.com\/avatar\/434098fd823f0dc1b062d14ca22bacaa6e38de28d8c816bbef6fc2f8c44d8ba3?s=96&d=mm&r=g\",\"contentUrl\":\"https:\/\/secure.gravatar.com\/avatar\/434098fd823f0dc1b062d14ca22bacaa6e38de28d8c816bbef6fc2f8c44d8ba3?s=96&d=mm&r=g\",\"caption\":\"Reda\u00e7\u00e3o\"}}]}<\/script>\n<!-- \/ Yoast SEO Premium plugin. -->","yoast_head_json":{"title":"Andr\u00e9 Rizek manda recado para Filipe Lu\u00eds, do Flamengo","robots":{"index":"index","follow":"follow","max-snippet":"max-snippet:-1","max-image-preview":"max-image-preview:large","max-video-preview":"max-video-preview:-1"},"canonical":"https:\/\/www.gaveanews.com\/index.php\/2025\/10\/29\/andre-rizek-manda-recado-para-filipe-luis-do-flamengo\/","og_locale":"pt_BR","og_type":"article","og_title":"Andr\u00e9 Rizek manda recado para Filipe Lu\u00eds, do Flamengo","og_description":"O confronto entre Racing e Flamengo, nesta quarta-feira (29), \u00e0s 21h30 (de Bras\u00edlia), no Est\u00e1dio El Cilindro, em Avellaneda, ganhou contornos decisivos n\u00e3o apenas no aspecto esportivo. Para Andr\u00e9 Rizek, o resultado pode ter peso na avalia\u00e7\u00e3o do trabalho de Filipe Lu\u00eds \u00e0 frente do comando do clube carioca. Durante participa\u00e7\u00e3o no programa Sele\u00e7\u00e3o Sportv, [&hellip;]","og_url":"https:\/\/www.gaveanews.com\/index.php\/2025\/10\/29\/andre-rizek-manda-recado-para-filipe-luis-do-flamengo\/","og_site_name":"G\u00e1vea News","article_publisher":"https:\/\/facebook.com\/gaveaNews\/","article_published_time":"2025-10-29T15:40:00+00:00","og_image":[{"width":795,"height":448,"url":"https:\/\/www.gaveanews.com\/wp-content\/uploads\/Andre-Rizek-durante-um-programa-do-SporTV.webp","type":"image\/jpeg"}],"author":"Reda\u00e7\u00e3o","twitter_card":"summary_large_image","twitter_misc":{"Escrito por":"Reda\u00e7\u00e3o","Est. tempo de leitura":"3 minutos"},"schema":{"@context":"https:\/\/schema.org","@graph":[{"@type":"NewsArticle","@id":"https:\/\/www.gaveanews.com\/index.php\/2025\/10\/29\/andre-rizek-manda-recado-para-filipe-luis-do-flamengo\/#article","isPartOf":{"@id":"https:\/\/www.gaveanews.com\/index.php\/2025\/10\/29\/andre-rizek-manda-recado-para-filipe-luis-do-flamengo\/"},"author":{"name":"Reda\u00e7\u00e3o","@id":"https:\/\/www.gaveanews.com\/#\/schema\/person\/c88645e3d550d0b6574305e67dd5a716"},"headline":"Andr\u00e9 Rizek manda recado para Filipe Lu\u00eds, do Flamengo","datePublished":"2025-10-29T15:40:00+00:00","mainEntityOfPage":{"@id":"https:\/\/www.gaveanews.com\/index.php\/2025\/10\/29\/andre-rizek-manda-recado-para-filipe-luis-do-flamengo\/"},"wordCount":392,"commentCount":0,"image":{"@id":"https:\/\/www.gaveanews.com\/index.php\/2025\/10\/29\/andre-rizek-manda-recado-para-filipe-luis-do-flamengo\/#primaryimage"},"thumbnailUrl":"https:\/\/www.gaveanews.com\/wp-content\/uploads\/Andre-Rizek-durante-um-programa-do-SporTV.webp","articleSection":["Flamengo"],"inLanguage":"pt-BR","potentialAction":[{"@type":"CommentAction","name":"Comment","target":["https:\/\/www.gaveanews.com\/index.php\/2025\/10\/29\/andre-rizek-manda-recado-para-filipe-luis-do-flamengo\/#respond"]}],"copyrightYear":"2025","copyrightHolder":{"@id":"https:\/\/www.gaveanews.com\/#organization"}},{"@type":"WebPage","@id":"https:\/\/www.gaveanews.com\/index.php\/2025\/10\/29\/andre-rizek-manda-recado-para-filipe-luis-do-flamengo\/","url":"https:\/\/www.gaveanews.com\/index.php\/2025\/10\/29\/andre-rizek-manda-recado-para-filipe-luis-do-flamengo\/","name":"Andr\u00e9 Rizek manda recado para Filipe Lu\u00eds, do Flamengo","isPartOf":{"@id":"https:\/\/www.gaveanews.com\/#website"},"primaryImageOfPage":{"@id":"https:\/\/www.gaveanews.com\/index.php\/2025\/10\/29\/andre-rizek-manda-recado-para-filipe-luis-do-flamengo\/#primaryimage"},"image":{"@id":"https:\/\/www.gaveanews.com\/index.php\/2025\/10\/29\/andre-rizek-manda-recado-para-filipe-luis-do-flamengo\/#primaryimage"},"thumbnailUrl":"https:\/\/www.gaveanews.com\/wp-content\/uploads\/Andre-Rizek-durante-um-programa-do-SporTV.webp","datePublished":"2025-10-29T15:40:00+00:00","author":{"@id":"https:\/\/www.gaveanews.com\/#\/schema\/person\/c88645e3d550d0b6574305e67dd5a716"},"breadcrumb":{"@id":"https:\/\/www.gaveanews.com\/index.php\/2025\/10\/29\/andre-rizek-manda-recado-para-filipe-luis-do-flamengo\/#breadcrumb"},"inLanguage":"pt-BR","potentialAction":[{"@type":"ReadAction","target":["https:\/\/www.gaveanews.com\/index.php\/2025\/10\/29\/andre-rizek-manda-recado-para-filipe-luis-do-flamengo\/"]}]},{"@type":"ImageObject","inLanguage":"pt-BR","@id":"https:\/\/www.gaveanews.com\/index.php\/2025\/10\/29\/andre-rizek-manda-recado-para-filipe-luis-do-flamengo\/#primaryimage","url":"https:\/\/www.gaveanews.com\/wp-content\/uploads\/Andre-Rizek-durante-um-programa-do-SporTV.webp","contentUrl":"https:\/\/www.gaveanews.com\/wp-content\/uploads\/Andre-Rizek-durante-um-programa-do-SporTV.webp","width":795,"height":448,"caption":"Andr\u00e9 Rizek durante um programa do SporTV (Foto: Reprodu\u00e7\u00e3o\/SporTV)"},{"@type":"BreadcrumbList","@id":"https:\/\/www.gaveanews.com\/index.php\/2025\/10\/29\/andre-rizek-manda-recado-para-filipe-luis-do-flamengo\/#breadcrumb","itemListElement":[{"@type":"ListItem","position":1,"name":"Home","item":"https:\/\/www.gaveanews.com\/"},{"@type":"ListItem","position":2,"name":"Andr\u00e9 Rizek manda recado para Filipe Lu\u00eds, do Flamengo"}]},{"@type":"WebSite","@id":"https:\/\/www.gaveanews.com\/#website","url":"https:\/\/www.gaveanews.com\/","name":"G\u00e1vea News","description":"Veja todas as not\u00edcias sobre o Flamengo: Contrata\u00e7\u00f5es, categorias de base, resultados das partidas, tabela de classifica\u00e7\u00e3o, pr\u00f3ximos jogos!","potentialAction":[{"@type":"SearchAction","target":{"@type":"EntryPoint","urlTemplate":"https:\/\/www.gaveanews.com\/?s={search_term_string}"},"query-input":{"@type":"PropertyValueSpecification","valueRequired":true,"valueName":"search_term_string"}}],"inLanguage":"pt-BR"},{"@type":"Person","@id":"https:\/\/www.gaveanews.com\/#\/schema\/person\/c88645e3d550d0b6574305e67dd5a716","name":"Reda\u00e7\u00e3o","image":{"@type":"ImageObject","inLanguage":"pt-BR","@id":"https:\/\/www.gaveanews.com\/#\/schema\/person\/image\/","url":"https:\/\/secure.gravatar.com\/avatar\/434098fd823f0dc1b062d14ca22bacaa6e38de28d8c816bbef6fc2f8c44d8ba3?s=96&d=mm&r=g","contentUrl":"https:\/\/secure.gravatar.com\/avatar\/434098fd823f0dc1b062d14ca22bacaa6e38de28d8c816bbef6fc2f8c44d8ba3?s=96&d=mm&r=g","caption":"Reda\u00e7\u00e3o"}}]}},"_links":{"self":[{"href":"https:\/\/www.gaveanews.com\/index.php\/wp-json\/wp\/v2\/posts\/279512","targetHints":{"allow":["GET"]}}],"collection":[{"href":"https:\/\/www.gaveanews.com\/index.php\/wp-json\/wp\/v2\/posts"}],"about":[{"href":"https:\/\/www.gaveanews.com\/index.php\/wp-json\/wp\/v2\/types\/post"}],"author":[{"embeddable":true,"href":"https:\/\/www.gaveanews.com\/index.php\/wp-json\/wp\/v2\/users\/39"}],"replies":[{"embeddable":true,"href":"https:\/\/www.gaveanews.com\/index.php\/wp-json\/wp\/v2\/comments?post=279512"}],"version-history":[{"count":2,"href":"https:\/\/www.gaveanews.com\/index.php\/wp-json\/wp\/v2\/posts\/279512\/revisions"}],"predecessor-version":[{"id":279525,"href":"https:\/\/www.gaveanews.com\/index.php\/wp-json\/wp\/v2\/posts\/279512\/revisions\/279525"}],"wp:featuredmedia":[{"embeddable":true,"href":"https:\/\/www.gaveanews.com\/index.php\/wp-json\/wp\/v2\/media\/101875"}],"wp:attachment":[{"href":"https:\/\/www.gaveanews.com\/index.php\/wp-json\/wp\/v2\/media?parent=279512"}],"wp:term":[{"taxonomy":"category","embeddable":true,"href":"https:\/\/www.gaveanews.com\/index.php\/wp-json\/wp\/v2\/categories?post=279512"},{"taxonomy":"post_tag","embeddable":true,"href":"https:\/\/www.gaveanews.com\/index.php\/wp-json\/wp\/v2\/tags?post=279512"}],"curies":[{"name":"wp","href":"https:\/\/api.w.org\/{rel}","templated":true}]}}