{"id":280611,"date":"2025-11-20T16:30:00","date_gmt":"2025-11-20T19:30:00","guid":{"rendered":"https:\/\/www.gaveanews.com\/?p=280611"},"modified":"2025-11-20T16:06:35","modified_gmt":"2025-11-20T19:06:35","slug":"rossi-e-sincero-sobre-falha-no-segundo-gol-do-fluminense-assumo-meu-erro","status":"publish","type":"post","link":"https:\/\/www.gaveanews.com\/index.php\/2025\/11\/20\/rossi-e-sincero-sobre-falha-no-segundo-gol-do-fluminense-assumo-meu-erro\/","title":{"rendered":"Rossi \u00e9 sincero sobre falha no segundo gol do Fluminense: &#8220;Assumo meu erro&#8221;"},"content":{"rendered":"\n<p>A derrota no cl\u00e1ssico diante do Fluminense, na quarta-feira (19 de novembro), marcou um momento delicado para o goleiro Rossi, titular do Flamengo desde o in\u00edcio da temporada. A falha que resultou no segundo gol tricolor comprometeu a atua\u00e7\u00e3o do time rubro-negro no Maracan\u00e3, em duelo v\u00e1lido pela 34\u00aa rodada do Campeonato Brasileiro.<\/p>\n\n\n\n<p>A jogada ocorreu aos 32 minutos do primeiro tempo, logo ap\u00f3s o zagueiro Jo\u00e3o Victor recuar uma bola com for\u00e7a. Pressionado, o argentino tentou evitar a sa\u00edda pela linha de fundo, mas n\u00e3o conseguiu dominar e acabou entregando a posse para Serna, que marcou com o gol vazio. A equipe de Filipe Lu\u00eds ainda esbo\u00e7ou rea\u00e7\u00e3o no fim da partida, descontando com um p\u00eanalti convertido por Jorginho, mas o placar de 2 a 1 a favor do Fluminense foi mantido at\u00e9 o apito final.<\/p>\n\n\n\n<p>Ap\u00f3s a partida, Rossi falou sobre o lance que resultou no gol advers\u00e1rio e assumiu a responsabilidade pelo erro individual.<\/p>\n\n\n\n<p>&#8220;Assumo meu erro no segundo gol. Importante que, quando um jogador erra, todos v\u00e3o pra cima para tentar resolver. Isso acontece muitas vezes. Ningu\u00e9m gosta de perder, e sab\u00edamos que era uma grande chance de ampliar nossa vantagem&#8221;, declarou o goleiro.<\/p>\n\n\n\n<p>O arqueiro tamb\u00e9m destacou o esfor\u00e7o coletivo, mesmo diante das adversidades e da press\u00e3o natural de um cl\u00e1ssico.<\/p>\n\n\n\n<p>&#8220;Achamos o gol um pouco tarde e tivemos pouco tempo para buscar mais um. O time deu tudo. Continuamos na lideran\u00e7a e temos uma nova final no s\u00e1bado. Temos que vencer para buscar o t\u00edtulo que mais queremos&#8221;, completou Rossi.<\/p>\n\n\n\n<p>Rossi ainda mencionou os desfalques enfrentados pela equipe, sobretudo pela aus\u00eancia de Arrascaeta, convocado durante a Data Fifa, o que impactou diretamente na criatividade ofensiva da equipe.<\/p>\n\n\n\n<p>&#8220;\u00c0s vezes \u00e9 s\u00f3 para treinar e ficamos muito desfalcados. Um jogador como o Arrascaeta poderia fazer a diferen\u00e7a. Tentamos at\u00e9 o fim. \u00c9 dif\u00edcil entrar quando os advers\u00e1rios se fecham. Continuamos na lideran\u00e7a, isso n\u00e3o pode ser esquecido&#8221;, afirmou o camisa 1.<\/p>\n\n\n\n<p>Apesar do rev\u00e9s, o Flamengo segue l\u00edder da competi\u00e7\u00e3o, somando 71 pontos. No entanto, a vantagem sobre o Palmeiras, que poderia ter ido para cinco pontos, caiu para dois pontos, uma vez que o rival empatou com o Vit\u00f3ria na rodada. Restando quatro jogos para o encerramento do campeonato, o elenco rubro-negro se prepara para um confronto decisivo no s\u00e1bado (22 de novembro), \u00e0s 21h30 (hor\u00e1rio de Bras\u00edlia), contra o Bragantino, novamente no Maracan\u00e3.<\/p>\n\n\n\n<p>Com o cl\u00e1ssico superado, o foco agora se volta para a reta final da temporada, que inclui, al\u00e9m da disputa pelo t\u00edtulo do Brasileir\u00e3o, a decis\u00e3o da Libertadores contra o Palmeiras, marcada para o dia 29 de novembro, em Lima.<\/p>\n","protected":false},"excerpt":{"rendered":"<p>A derrota no cl\u00e1ssico diante do Fluminense, na quarta-feira (19 de novembro), marcou um momento delicado para o goleiro Rossi, titular do Flamengo desde o in\u00edcio da temporada. A falha que resultou no segundo gol tricolor comprometeu a atua\u00e7\u00e3o do time rubro-negro no Maracan\u00e3, em duelo v\u00e1lido pela 34\u00aa rodada do Campeonato Brasileiro. A jogada [&hellip;]<\/p>\n","protected":false},"author":18,"featured_media":279066,"comment_status":"open","ping_status":"closed","sticky":false,"template":"","format":"standard","meta":{"footnotes":""},"categories":[1],"tags":[],"class_list":["post-280611","post","type-post","status-publish","format-standard","has-post-thumbnail","hentry","category-flamengo"],"yoast_head":"<!-- This site is optimized with the Yoast SEO Premium plugin v24.2 (Yoast SEO v26.9) - https:\/\/yoast.com\/product\/yoast-seo-premium-wordpress\/ -->\n<title>Rossi \u00e9 sincero sobre falha no segundo gol do Fluminense: &quot;Assumo meu erro&quot;<\/title>\n<meta name=\"robots\" content=\"index, follow, max-snippet:-1, max-image-preview:large, max-video-preview:-1\" \/>\n<link rel=\"canonical\" href=\"https:\/\/www.gaveanews.com\/index.php\/2025\/11\/20\/rossi-e-sincero-sobre-falha-no-segundo-gol-do-fluminense-assumo-meu-erro\/\" \/>\n<meta property=\"og:locale\" content=\"pt_BR\" \/>\n<meta property=\"og:type\" content=\"article\" \/>\n<meta property=\"og:title\" content=\"Rossi \u00e9 sincero sobre falha no segundo gol do Fluminense: &quot;Assumo meu erro&quot;\" \/>\n<meta property=\"og:description\" content=\"A derrota no cl\u00e1ssico diante do Fluminense, na quarta-feira (19 de novembro), marcou um momento delicado para o goleiro Rossi, titular do Flamengo desde o in\u00edcio da temporada. A falha que resultou no segundo gol tricolor comprometeu a atua\u00e7\u00e3o do time rubro-negro no Maracan\u00e3, em duelo v\u00e1lido pela 34\u00aa rodada do Campeonato Brasileiro. A jogada [&hellip;]\" \/>\n<meta property=\"og:url\" content=\"https:\/\/www.gaveanews.com\/index.php\/2025\/11\/20\/rossi-e-sincero-sobre-falha-no-segundo-gol-do-fluminense-assumo-meu-erro\/\" \/>\n<meta property=\"og:site_name\" content=\"G\u00e1vea News\" \/>\n<meta property=\"article:publisher\" content=\"https:\/\/facebook.com\/gaveaNews\/\" \/>\n<meta property=\"article:published_time\" content=\"2025-11-20T19:30:00+00:00\" \/>\n<meta property=\"og:image\" content=\"https:\/\/www.gaveanews.com\/wp-content\/uploads\/Rossi-pelo-Flamengo.png\" \/>\n\t<meta property=\"og:image:width\" content=\"1200\" \/>\n\t<meta property=\"og:image:height\" content=\"900\" \/>\n\t<meta property=\"og:image:type\" content=\"image\/png\" \/>\n<meta name=\"author\" content=\"Paula Silva\" \/>\n<meta name=\"twitter:card\" content=\"summary_large_image\" \/>\n<meta name=\"twitter:label1\" content=\"Escrito por\" \/>\n\t<meta name=\"twitter:data1\" content=\"Paula Silva\" \/>\n\t<meta name=\"twitter:label2\" content=\"Est. tempo de leitura\" \/>\n\t<meta name=\"twitter:data2\" content=\"3 minutos\" \/>\n<script type=\"application\/ld+json\" class=\"yoast-schema-graph\">{\"@context\":\"https:\/\/schema.org\",\"@graph\":[{\"@type\":\"NewsArticle\",\"@id\":\"https:\/\/www.gaveanews.com\/index.php\/2025\/11\/20\/rossi-e-sincero-sobre-falha-no-segundo-gol-do-fluminense-assumo-meu-erro\/#article\",\"isPartOf\":{\"@id\":\"https:\/\/www.gaveanews.com\/index.php\/2025\/11\/20\/rossi-e-sincero-sobre-falha-no-segundo-gol-do-fluminense-assumo-meu-erro\/\"},\"author\":{\"name\":\"Paula Silva\",\"@id\":\"https:\/\/www.gaveanews.com\/#\/schema\/person\/daf63eec72e1164eb13dc35096c2b8da\"},\"headline\":\"Rossi \u00e9 sincero sobre falha no segundo gol do Fluminense: &#8220;Assumo meu erro&#8221;\",\"datePublished\":\"2025-11-20T19:30:00+00:00\",\"mainEntityOfPage\":{\"@id\":\"https:\/\/www.gaveanews.com\/index.php\/2025\/11\/20\/rossi-e-sincero-sobre-falha-no-segundo-gol-do-fluminense-assumo-meu-erro\/\"},\"wordCount\":484,\"commentCount\":0,\"image\":{\"@id\":\"https:\/\/www.gaveanews.com\/index.php\/2025\/11\/20\/rossi-e-sincero-sobre-falha-no-segundo-gol-do-fluminense-assumo-meu-erro\/#primaryimage\"},\"thumbnailUrl\":\"https:\/\/www.gaveanews.com\/wp-content\/uploads\/Rossi-pelo-Flamengo.png\",\"articleSection\":[\"Flamengo\"],\"inLanguage\":\"pt-BR\",\"potentialAction\":[{\"@type\":\"CommentAction\",\"name\":\"Comment\",\"target\":[\"https:\/\/www.gaveanews.com\/index.php\/2025\/11\/20\/rossi-e-sincero-sobre-falha-no-segundo-gol-do-fluminense-assumo-meu-erro\/#respond\"]}],\"copyrightYear\":\"2025\",\"copyrightHolder\":{\"@id\":\"https:\/\/www.gaveanews.com\/#organization\"}},{\"@type\":\"WebPage\",\"@id\":\"https:\/\/www.gaveanews.com\/index.php\/2025\/11\/20\/rossi-e-sincero-sobre-falha-no-segundo-gol-do-fluminense-assumo-meu-erro\/\",\"url\":\"https:\/\/www.gaveanews.com\/index.php\/2025\/11\/20\/rossi-e-sincero-sobre-falha-no-segundo-gol-do-fluminense-assumo-meu-erro\/\",\"name\":\"Rossi \u00e9 sincero sobre falha no segundo gol do Fluminense: \\\"Assumo meu erro\\\"\",\"isPartOf\":{\"@id\":\"https:\/\/www.gaveanews.com\/#website\"},\"primaryImageOfPage\":{\"@id\":\"https:\/\/www.gaveanews.com\/index.php\/2025\/11\/20\/rossi-e-sincero-sobre-falha-no-segundo-gol-do-fluminense-assumo-meu-erro\/#primaryimage\"},\"image\":{\"@id\":\"https:\/\/www.gaveanews.com\/index.php\/2025\/11\/20\/rossi-e-sincero-sobre-falha-no-segundo-gol-do-fluminense-assumo-meu-erro\/#primaryimage\"},\"thumbnailUrl\":\"https:\/\/www.gaveanews.com\/wp-content\/uploads\/Rossi-pelo-Flamengo.png\",\"datePublished\":\"2025-11-20T19:30:00+00:00\",\"author\":{\"@id\":\"https:\/\/www.gaveanews.com\/#\/schema\/person\/daf63eec72e1164eb13dc35096c2b8da\"},\"breadcrumb\":{\"@id\":\"https:\/\/www.gaveanews.com\/index.php\/2025\/11\/20\/rossi-e-sincero-sobre-falha-no-segundo-gol-do-fluminense-assumo-meu-erro\/#breadcrumb\"},\"inLanguage\":\"pt-BR\",\"potentialAction\":[{\"@type\":\"ReadAction\",\"target\":[\"https:\/\/www.gaveanews.com\/index.php\/2025\/11\/20\/rossi-e-sincero-sobre-falha-no-segundo-gol-do-fluminense-assumo-meu-erro\/\"]}]},{\"@type\":\"ImageObject\",\"inLanguage\":\"pt-BR\",\"@id\":\"https:\/\/www.gaveanews.com\/index.php\/2025\/11\/20\/rossi-e-sincero-sobre-falha-no-segundo-gol-do-fluminense-assumo-meu-erro\/#primaryimage\",\"url\":\"https:\/\/www.gaveanews.com\/wp-content\/uploads\/Rossi-pelo-Flamengo.png\",\"contentUrl\":\"https:\/\/www.gaveanews.com\/wp-content\/uploads\/Rossi-pelo-Flamengo.png\",\"width\":1200,\"height\":900,\"caption\":\"Rossi pelo Flamengo (Fotos: Gilvan de Souza\/CRF)\"},{\"@type\":\"BreadcrumbList\",\"@id\":\"https:\/\/www.gaveanews.com\/index.php\/2025\/11\/20\/rossi-e-sincero-sobre-falha-no-segundo-gol-do-fluminense-assumo-meu-erro\/#breadcrumb\",\"itemListElement\":[{\"@type\":\"ListItem\",\"position\":1,\"name\":\"Home\",\"item\":\"https:\/\/www.gaveanews.com\/\"},{\"@type\":\"ListItem\",\"position\":2,\"name\":\"Rossi \u00e9 sincero sobre falha no segundo gol do Fluminense: &#8220;Assumo meu erro&#8221;\"}]},{\"@type\":\"WebSite\",\"@id\":\"https:\/\/www.gaveanews.com\/#website\",\"url\":\"https:\/\/www.gaveanews.com\/\",\"name\":\"G\u00e1vea News\",\"description\":\"Veja todas as not\u00edcias sobre o Flamengo: Contrata\u00e7\u00f5es, categorias de base, resultados das partidas, tabela de classifica\u00e7\u00e3o, pr\u00f3ximos jogos!\",\"potentialAction\":[{\"@type\":\"SearchAction\",\"target\":{\"@type\":\"EntryPoint\",\"urlTemplate\":\"https:\/\/www.gaveanews.com\/?s={search_term_string}\"},\"query-input\":{\"@type\":\"PropertyValueSpecification\",\"valueRequired\":true,\"valueName\":\"search_term_string\"}}],\"inLanguage\":\"pt-BR\"},{\"@type\":\"Person\",\"@id\":\"https:\/\/www.gaveanews.com\/#\/schema\/person\/daf63eec72e1164eb13dc35096c2b8da\",\"name\":\"Paula Silva\",\"image\":{\"@type\":\"ImageObject\",\"inLanguage\":\"pt-BR\",\"@id\":\"https:\/\/www.gaveanews.com\/#\/schema\/person\/image\/\",\"url\":\"https:\/\/secure.gravatar.com\/avatar\/eda381c845527cc5d64c13b901833cda29d97500ba040d3e6461f76f51d163bb?s=96&d=mm&r=g\",\"contentUrl\":\"https:\/\/secure.gravatar.com\/avatar\/eda381c845527cc5d64c13b901833cda29d97500ba040d3e6461f76f51d163bb?s=96&d=mm&r=g\",\"caption\":\"Paula Silva\"}}]}<\/script>\n<!-- \/ Yoast SEO Premium plugin. -->","yoast_head_json":{"title":"Rossi \u00e9 sincero sobre falha no segundo gol do Fluminense: \"Assumo meu erro\"","robots":{"index":"index","follow":"follow","max-snippet":"max-snippet:-1","max-image-preview":"max-image-preview:large","max-video-preview":"max-video-preview:-1"},"canonical":"https:\/\/www.gaveanews.com\/index.php\/2025\/11\/20\/rossi-e-sincero-sobre-falha-no-segundo-gol-do-fluminense-assumo-meu-erro\/","og_locale":"pt_BR","og_type":"article","og_title":"Rossi \u00e9 sincero sobre falha no segundo gol do Fluminense: \"Assumo meu erro\"","og_description":"A derrota no cl\u00e1ssico diante do Fluminense, na quarta-feira (19 de novembro), marcou um momento delicado para o goleiro Rossi, titular do Flamengo desde o in\u00edcio da temporada. A falha que resultou no segundo gol tricolor comprometeu a atua\u00e7\u00e3o do time rubro-negro no Maracan\u00e3, em duelo v\u00e1lido pela 34\u00aa rodada do Campeonato Brasileiro. A jogada [&hellip;]","og_url":"https:\/\/www.gaveanews.com\/index.php\/2025\/11\/20\/rossi-e-sincero-sobre-falha-no-segundo-gol-do-fluminense-assumo-meu-erro\/","og_site_name":"G\u00e1vea News","article_publisher":"https:\/\/facebook.com\/gaveaNews\/","article_published_time":"2025-11-20T19:30:00+00:00","og_image":[{"width":1200,"height":900,"url":"https:\/\/www.gaveanews.com\/wp-content\/uploads\/Rossi-pelo-Flamengo.png","type":"image\/png"}],"author":"Paula Silva","twitter_card":"summary_large_image","twitter_misc":{"Escrito por":"Paula Silva","Est. tempo de leitura":"3 minutos"},"schema":{"@context":"https:\/\/schema.org","@graph":[{"@type":"NewsArticle","@id":"https:\/\/www.gaveanews.com\/index.php\/2025\/11\/20\/rossi-e-sincero-sobre-falha-no-segundo-gol-do-fluminense-assumo-meu-erro\/#article","isPartOf":{"@id":"https:\/\/www.gaveanews.com\/index.php\/2025\/11\/20\/rossi-e-sincero-sobre-falha-no-segundo-gol-do-fluminense-assumo-meu-erro\/"},"author":{"name":"Paula Silva","@id":"https:\/\/www.gaveanews.com\/#\/schema\/person\/daf63eec72e1164eb13dc35096c2b8da"},"headline":"Rossi \u00e9 sincero sobre falha no segundo gol do Fluminense: &#8220;Assumo meu erro&#8221;","datePublished":"2025-11-20T19:30:00+00:00","mainEntityOfPage":{"@id":"https:\/\/www.gaveanews.com\/index.php\/2025\/11\/20\/rossi-e-sincero-sobre-falha-no-segundo-gol-do-fluminense-assumo-meu-erro\/"},"wordCount":484,"commentCount":0,"image":{"@id":"https:\/\/www.gaveanews.com\/index.php\/2025\/11\/20\/rossi-e-sincero-sobre-falha-no-segundo-gol-do-fluminense-assumo-meu-erro\/#primaryimage"},"thumbnailUrl":"https:\/\/www.gaveanews.com\/wp-content\/uploads\/Rossi-pelo-Flamengo.png","articleSection":["Flamengo"],"inLanguage":"pt-BR","potentialAction":[{"@type":"CommentAction","name":"Comment","target":["https:\/\/www.gaveanews.com\/index.php\/2025\/11\/20\/rossi-e-sincero-sobre-falha-no-segundo-gol-do-fluminense-assumo-meu-erro\/#respond"]}],"copyrightYear":"2025","copyrightHolder":{"@id":"https:\/\/www.gaveanews.com\/#organization"}},{"@type":"WebPage","@id":"https:\/\/www.gaveanews.com\/index.php\/2025\/11\/20\/rossi-e-sincero-sobre-falha-no-segundo-gol-do-fluminense-assumo-meu-erro\/","url":"https:\/\/www.gaveanews.com\/index.php\/2025\/11\/20\/rossi-e-sincero-sobre-falha-no-segundo-gol-do-fluminense-assumo-meu-erro\/","name":"Rossi \u00e9 sincero sobre falha no segundo gol do Fluminense: \"Assumo meu erro\"","isPartOf":{"@id":"https:\/\/www.gaveanews.com\/#website"},"primaryImageOfPage":{"@id":"https:\/\/www.gaveanews.com\/index.php\/2025\/11\/20\/rossi-e-sincero-sobre-falha-no-segundo-gol-do-fluminense-assumo-meu-erro\/#primaryimage"},"image":{"@id":"https:\/\/www.gaveanews.com\/index.php\/2025\/11\/20\/rossi-e-sincero-sobre-falha-no-segundo-gol-do-fluminense-assumo-meu-erro\/#primaryimage"},"thumbnailUrl":"https:\/\/www.gaveanews.com\/wp-content\/uploads\/Rossi-pelo-Flamengo.png","datePublished":"2025-11-20T19:30:00+00:00","author":{"@id":"https:\/\/www.gaveanews.com\/#\/schema\/person\/daf63eec72e1164eb13dc35096c2b8da"},"breadcrumb":{"@id":"https:\/\/www.gaveanews.com\/index.php\/2025\/11\/20\/rossi-e-sincero-sobre-falha-no-segundo-gol-do-fluminense-assumo-meu-erro\/#breadcrumb"},"inLanguage":"pt-BR","potentialAction":[{"@type":"ReadAction","target":["https:\/\/www.gaveanews.com\/index.php\/2025\/11\/20\/rossi-e-sincero-sobre-falha-no-segundo-gol-do-fluminense-assumo-meu-erro\/"]}]},{"@type":"ImageObject","inLanguage":"pt-BR","@id":"https:\/\/www.gaveanews.com\/index.php\/2025\/11\/20\/rossi-e-sincero-sobre-falha-no-segundo-gol-do-fluminense-assumo-meu-erro\/#primaryimage","url":"https:\/\/www.gaveanews.com\/wp-content\/uploads\/Rossi-pelo-Flamengo.png","contentUrl":"https:\/\/www.gaveanews.com\/wp-content\/uploads\/Rossi-pelo-Flamengo.png","width":1200,"height":900,"caption":"Rossi pelo Flamengo (Fotos: Gilvan de Souza\/CRF)"},{"@type":"BreadcrumbList","@id":"https:\/\/www.gaveanews.com\/index.php\/2025\/11\/20\/rossi-e-sincero-sobre-falha-no-segundo-gol-do-fluminense-assumo-meu-erro\/#breadcrumb","itemListElement":[{"@type":"ListItem","position":1,"name":"Home","item":"https:\/\/www.gaveanews.com\/"},{"@type":"ListItem","position":2,"name":"Rossi \u00e9 sincero sobre falha no segundo gol do Fluminense: &#8220;Assumo meu erro&#8221;"}]},{"@type":"WebSite","@id":"https:\/\/www.gaveanews.com\/#website","url":"https:\/\/www.gaveanews.com\/","name":"G\u00e1vea News","description":"Veja todas as not\u00edcias sobre o Flamengo: Contrata\u00e7\u00f5es, categorias de base, resultados das partidas, tabela de classifica\u00e7\u00e3o, pr\u00f3ximos jogos!","potentialAction":[{"@type":"SearchAction","target":{"@type":"EntryPoint","urlTemplate":"https:\/\/www.gaveanews.com\/?s={search_term_string}"},"query-input":{"@type":"PropertyValueSpecification","valueRequired":true,"valueName":"search_term_string"}}],"inLanguage":"pt-BR"},{"@type":"Person","@id":"https:\/\/www.gaveanews.com\/#\/schema\/person\/daf63eec72e1164eb13dc35096c2b8da","name":"Paula Silva","image":{"@type":"ImageObject","inLanguage":"pt-BR","@id":"https:\/\/www.gaveanews.com\/#\/schema\/person\/image\/","url":"https:\/\/secure.gravatar.com\/avatar\/eda381c845527cc5d64c13b901833cda29d97500ba040d3e6461f76f51d163bb?s=96&d=mm&r=g","contentUrl":"https:\/\/secure.gravatar.com\/avatar\/eda381c845527cc5d64c13b901833cda29d97500ba040d3e6461f76f51d163bb?s=96&d=mm&r=g","caption":"Paula Silva"}}]}},"_links":{"self":[{"href":"https:\/\/www.gaveanews.com\/index.php\/wp-json\/wp\/v2\/posts\/280611","targetHints":{"allow":["GET"]}}],"collection":[{"href":"https:\/\/www.gaveanews.com\/index.php\/wp-json\/wp\/v2\/posts"}],"about":[{"href":"https:\/\/www.gaveanews.com\/index.php\/wp-json\/wp\/v2\/types\/post"}],"author":[{"embeddable":true,"href":"https:\/\/www.gaveanews.com\/index.php\/wp-json\/wp\/v2\/users\/18"}],"replies":[{"embeddable":true,"href":"https:\/\/www.gaveanews.com\/index.php\/wp-json\/wp\/v2\/comments?post=280611"}],"version-history":[{"count":1,"href":"https:\/\/www.gaveanews.com\/index.php\/wp-json\/wp\/v2\/posts\/280611\/revisions"}],"predecessor-version":[{"id":280612,"href":"https:\/\/www.gaveanews.com\/index.php\/wp-json\/wp\/v2\/posts\/280611\/revisions\/280612"}],"wp:featuredmedia":[{"embeddable":true,"href":"https:\/\/www.gaveanews.com\/index.php\/wp-json\/wp\/v2\/media\/279066"}],"wp:attachment":[{"href":"https:\/\/www.gaveanews.com\/index.php\/wp-json\/wp\/v2\/media?parent=280611"}],"wp:term":[{"taxonomy":"category","embeddable":true,"href":"https:\/\/www.gaveanews.com\/index.php\/wp-json\/wp\/v2\/categories?post=280611"},{"taxonomy":"post_tag","embeddable":true,"href":"https:\/\/www.gaveanews.com\/index.php\/wp-json\/wp\/v2\/tags?post=280611"}],"curies":[{"name":"wp","href":"https:\/\/api.w.org\/{rel}","templated":true}]}}