{"id":280613,"date":"2025-11-20T16:40:00","date_gmt":"2025-11-20T19:40:00","guid":{"rendered":"https:\/\/www.gaveanews.com\/?p=280613"},"modified":"2025-11-20T16:08:29","modified_gmt":"2025-11-20T19:08:29","slug":"a-declaracao-de-danilo-direcionada-ao-elenco-do-flamengo","status":"publish","type":"post","link":"https:\/\/www.gaveanews.com\/index.php\/2025\/11\/20\/a-declaracao-de-danilo-direcionada-ao-elenco-do-flamengo\/","title":{"rendered":"A declara\u00e7\u00e3o de Danilo direcionada ao elenco do Flamengo"},"content":{"rendered":"\n<p>A reta final da temporada tem sido marcada por desafios no Flamengo, sobretudo no setor ofensivo. Pedro, um dos principais nomes do elenco, sofreu uma nova les\u00e3o e est\u00e1 fora dos compromissos decisivos do clube em 2025. A aus\u00eancia do centroavante, no entanto, motivou uma manifesta\u00e7\u00e3o firme do zagueiro Danilo, que refor\u00e7ou o compromisso coletivo em meio \u00e0s dificuldades.<\/p>\n\n\n\n<p>O defensor falou ap\u00f3s o cl\u00e1ssico contra o Fluminense, disputado na quarta-feira (19), e abordou diretamente o impacto da les\u00e3o de Pedro, que sofreu uma contus\u00e3o muscular na coxa esquerda durante treinamento no Ninho do Urubu. O camisa 9 j\u00e1 estava em processo de retorno ap\u00f3s fraturar o antebra\u00e7o direito na semifinal da Libertadores contra o Racing, mas n\u00e3o voltar\u00e1 mais a campo nesta temporada.<\/p>\n\n\n\n<p>Diante desse cen\u00e1rio, Danilo adotou um discurso direto e cobrou atitude do elenco. Segundo ele, o grupo precisa responder com desempenho e uni\u00e3o, independentemente dos desfalques.<\/p>\n\n\n\n<p>&#8220;Pedro \u00e9 um jogador muito importante. A gente ficou muito chateado com essa nova les\u00e3o dele e com aus\u00eancia dele nos pr\u00f3ximos jogos. Mas obviamente que \u00e9 mais um momento para mostrar a for\u00e7a do grupo&#8221;, afirmou o defensor.<\/p>\n\n\n\n<p>Na sequ\u00eancia, ele enfatizou que o time est\u00e1 preparado para lidar com a situa\u00e7\u00e3o:<\/p>\n\n\n\n<p>&#8220;A gente tem jogadores \u00e0 altura, por\u00e9m, com formas diferentes para jogar. N\u00e3o tem desculpa, \u00e9 s\u00f3 olhar para o lado. Torcemos para que Pedro volte o quanto antes, \u00e9 um jogador muito importante, mas enquanto isso vale a gente mostrar a for\u00e7a do grupo&#8221;.<\/p>\n\n\n\n<p>A gravidade da nova les\u00e3o foi confirmada por exames de imagem, e o clube divulgou que o jogador j\u00e1 est\u00e1 em tratamento. A previs\u00e3o \u00e9 que ele s\u00f3 volte a atuar em 2026. Isso significa que o atacante ficar\u00e1 fora n\u00e3o apenas da decis\u00e3o da Libertadores, contra o Palmeiras, marcada para o dia 29 de novembro, \u00e0s 18h (hor\u00e1rio de Bras\u00edlia), no Est\u00e1dio Monumental de Lima, como tamb\u00e9m dos demais compromissos restantes de 2025.<\/p>\n\n\n\n<p>Pedro, por sua vez, utilizou as redes sociais para minimizar sua aus\u00eancia e demonstrar confian\u00e7a no grupo. Em publica\u00e7\u00e3o recente, declarou que os jogos restantes \u201cs\u00e3o maiores que a sua aus\u00eancia\u201d, refor\u00e7ando o esp\u00edrito coletivo na reta decisiva do calend\u00e1rio.<\/p>\n\n\n\n<p>Atualmente, o Flamengo ocupa posi\u00e7\u00e3o de destaque no Campeonato Brasileiro, mas vem de derrota por 2 a 1 para o Fluminense. O pr\u00f3ximo desafio ser\u00e1 no s\u00e1bado (22), \u00e0s 21h30 (hor\u00e1rio de Bras\u00edlia), contra o Red Bull Bragantino, no Maracan\u00e3. O confronto \u00e9 crucial para manter o clube vivo na briga pelas primeiras coloca\u00e7\u00f5es.<\/p>\n","protected":false},"excerpt":{"rendered":"<p>A reta final da temporada tem sido marcada por desafios no Flamengo, sobretudo no setor ofensivo. Pedro, um dos principais nomes do elenco, sofreu uma nova les\u00e3o e est\u00e1 fora dos compromissos decisivos do clube em 2025. A aus\u00eancia do centroavante, no entanto, motivou uma manifesta\u00e7\u00e3o firme do zagueiro Danilo, que refor\u00e7ou o compromisso coletivo [&hellip;]<\/p>\n","protected":false},"author":18,"featured_media":280037,"comment_status":"open","ping_status":"closed","sticky":false,"template":"","format":"standard","meta":{"footnotes":""},"categories":[1],"tags":[],"class_list":["post-280613","post","type-post","status-publish","format-standard","has-post-thumbnail","hentry","category-flamengo"],"yoast_head":"<!-- This site is optimized with the Yoast SEO Premium plugin v24.2 (Yoast SEO v26.9) - https:\/\/yoast.com\/product\/yoast-seo-premium-wordpress\/ -->\n<title>A declara\u00e7\u00e3o de Danilo direcionada ao elenco do Flamengo<\/title>\n<meta name=\"robots\" content=\"index, follow, max-snippet:-1, max-image-preview:large, max-video-preview:-1\" \/>\n<link rel=\"canonical\" href=\"https:\/\/www.gaveanews.com\/index.php\/2025\/11\/20\/a-declaracao-de-danilo-direcionada-ao-elenco-do-flamengo\/\" \/>\n<meta property=\"og:locale\" content=\"pt_BR\" \/>\n<meta property=\"og:type\" content=\"article\" \/>\n<meta property=\"og:title\" content=\"A declara\u00e7\u00e3o de Danilo direcionada ao elenco do Flamengo\" \/>\n<meta property=\"og:description\" content=\"A reta final da temporada tem sido marcada por desafios no Flamengo, sobretudo no setor ofensivo. Pedro, um dos principais nomes do elenco, sofreu uma nova les\u00e3o e est\u00e1 fora dos compromissos decisivos do clube em 2025. A aus\u00eancia do centroavante, no entanto, motivou uma manifesta\u00e7\u00e3o firme do zagueiro Danilo, que refor\u00e7ou o compromisso coletivo [&hellip;]\" \/>\n<meta property=\"og:url\" content=\"https:\/\/www.gaveanews.com\/index.php\/2025\/11\/20\/a-declaracao-de-danilo-direcionada-ao-elenco-do-flamengo\/\" \/>\n<meta property=\"og:site_name\" content=\"G\u00e1vea News\" \/>\n<meta property=\"article:publisher\" content=\"https:\/\/facebook.com\/gaveaNews\/\" \/>\n<meta property=\"article:published_time\" content=\"2025-11-20T19:40:00+00:00\" \/>\n<meta property=\"og:image\" content=\"https:\/\/www.gaveanews.com\/wp-content\/uploads\/Danilo-em-atuacao-pelo-Flamengo.jpg\" \/>\n\t<meta property=\"og:image:width\" content=\"1280\" \/>\n\t<meta property=\"og:image:height\" content=\"960\" \/>\n\t<meta property=\"og:image:type\" content=\"image\/jpeg\" \/>\n<meta name=\"author\" content=\"Paula Silva\" \/>\n<meta name=\"twitter:card\" content=\"summary_large_image\" \/>\n<meta name=\"twitter:label1\" content=\"Escrito por\" \/>\n\t<meta name=\"twitter:data1\" content=\"Paula Silva\" \/>\n\t<meta name=\"twitter:label2\" content=\"Est. tempo de leitura\" \/>\n\t<meta name=\"twitter:data2\" content=\"3 minutos\" \/>\n<script type=\"application\/ld+json\" class=\"yoast-schema-graph\">{\"@context\":\"https:\/\/schema.org\",\"@graph\":[{\"@type\":\"NewsArticle\",\"@id\":\"https:\/\/www.gaveanews.com\/index.php\/2025\/11\/20\/a-declaracao-de-danilo-direcionada-ao-elenco-do-flamengo\/#article\",\"isPartOf\":{\"@id\":\"https:\/\/www.gaveanews.com\/index.php\/2025\/11\/20\/a-declaracao-de-danilo-direcionada-ao-elenco-do-flamengo\/\"},\"author\":{\"name\":\"Paula Silva\",\"@id\":\"https:\/\/www.gaveanews.com\/#\/schema\/person\/daf63eec72e1164eb13dc35096c2b8da\"},\"headline\":\"A declara\u00e7\u00e3o de Danilo direcionada ao elenco do Flamengo\",\"datePublished\":\"2025-11-20T19:40:00+00:00\",\"mainEntityOfPage\":{\"@id\":\"https:\/\/www.gaveanews.com\/index.php\/2025\/11\/20\/a-declaracao-de-danilo-direcionada-ao-elenco-do-flamengo\/\"},\"wordCount\":454,\"commentCount\":0,\"image\":{\"@id\":\"https:\/\/www.gaveanews.com\/index.php\/2025\/11\/20\/a-declaracao-de-danilo-direcionada-ao-elenco-do-flamengo\/#primaryimage\"},\"thumbnailUrl\":\"https:\/\/www.gaveanews.com\/wp-content\/uploads\/Danilo-em-atuacao-pelo-Flamengo.jpg\",\"articleSection\":[\"Flamengo\"],\"inLanguage\":\"pt-BR\",\"potentialAction\":[{\"@type\":\"CommentAction\",\"name\":\"Comment\",\"target\":[\"https:\/\/www.gaveanews.com\/index.php\/2025\/11\/20\/a-declaracao-de-danilo-direcionada-ao-elenco-do-flamengo\/#respond\"]}],\"copyrightYear\":\"2025\",\"copyrightHolder\":{\"@id\":\"https:\/\/www.gaveanews.com\/#organization\"}},{\"@type\":\"WebPage\",\"@id\":\"https:\/\/www.gaveanews.com\/index.php\/2025\/11\/20\/a-declaracao-de-danilo-direcionada-ao-elenco-do-flamengo\/\",\"url\":\"https:\/\/www.gaveanews.com\/index.php\/2025\/11\/20\/a-declaracao-de-danilo-direcionada-ao-elenco-do-flamengo\/\",\"name\":\"A declara\u00e7\u00e3o de Danilo direcionada ao elenco do Flamengo\",\"isPartOf\":{\"@id\":\"https:\/\/www.gaveanews.com\/#website\"},\"primaryImageOfPage\":{\"@id\":\"https:\/\/www.gaveanews.com\/index.php\/2025\/11\/20\/a-declaracao-de-danilo-direcionada-ao-elenco-do-flamengo\/#primaryimage\"},\"image\":{\"@id\":\"https:\/\/www.gaveanews.com\/index.php\/2025\/11\/20\/a-declaracao-de-danilo-direcionada-ao-elenco-do-flamengo\/#primaryimage\"},\"thumbnailUrl\":\"https:\/\/www.gaveanews.com\/wp-content\/uploads\/Danilo-em-atuacao-pelo-Flamengo.jpg\",\"datePublished\":\"2025-11-20T19:40:00+00:00\",\"author\":{\"@id\":\"https:\/\/www.gaveanews.com\/#\/schema\/person\/daf63eec72e1164eb13dc35096c2b8da\"},\"breadcrumb\":{\"@id\":\"https:\/\/www.gaveanews.com\/index.php\/2025\/11\/20\/a-declaracao-de-danilo-direcionada-ao-elenco-do-flamengo\/#breadcrumb\"},\"inLanguage\":\"pt-BR\",\"potentialAction\":[{\"@type\":\"ReadAction\",\"target\":[\"https:\/\/www.gaveanews.com\/index.php\/2025\/11\/20\/a-declaracao-de-danilo-direcionada-ao-elenco-do-flamengo\/\"]}]},{\"@type\":\"ImageObject\",\"inLanguage\":\"pt-BR\",\"@id\":\"https:\/\/www.gaveanews.com\/index.php\/2025\/11\/20\/a-declaracao-de-danilo-direcionada-ao-elenco-do-flamengo\/#primaryimage\",\"url\":\"https:\/\/www.gaveanews.com\/wp-content\/uploads\/Danilo-em-atuacao-pelo-Flamengo.jpg\",\"contentUrl\":\"https:\/\/www.gaveanews.com\/wp-content\/uploads\/Danilo-em-atuacao-pelo-Flamengo.jpg\",\"width\":1280,\"height\":960,\"caption\":\"Danilo em atua\u00e7\u00e3o pelo Flamengo (Foto: Gilvan de Souza\/CRF)\"},{\"@type\":\"BreadcrumbList\",\"@id\":\"https:\/\/www.gaveanews.com\/index.php\/2025\/11\/20\/a-declaracao-de-danilo-direcionada-ao-elenco-do-flamengo\/#breadcrumb\",\"itemListElement\":[{\"@type\":\"ListItem\",\"position\":1,\"name\":\"Home\",\"item\":\"https:\/\/www.gaveanews.com\/\"},{\"@type\":\"ListItem\",\"position\":2,\"name\":\"A declara\u00e7\u00e3o de Danilo direcionada ao elenco do Flamengo\"}]},{\"@type\":\"WebSite\",\"@id\":\"https:\/\/www.gaveanews.com\/#website\",\"url\":\"https:\/\/www.gaveanews.com\/\",\"name\":\"G\u00e1vea News\",\"description\":\"Veja todas as not\u00edcias sobre o Flamengo: Contrata\u00e7\u00f5es, categorias de base, resultados das partidas, tabela de classifica\u00e7\u00e3o, pr\u00f3ximos jogos!\",\"potentialAction\":[{\"@type\":\"SearchAction\",\"target\":{\"@type\":\"EntryPoint\",\"urlTemplate\":\"https:\/\/www.gaveanews.com\/?s={search_term_string}\"},\"query-input\":{\"@type\":\"PropertyValueSpecification\",\"valueRequired\":true,\"valueName\":\"search_term_string\"}}],\"inLanguage\":\"pt-BR\"},{\"@type\":\"Person\",\"@id\":\"https:\/\/www.gaveanews.com\/#\/schema\/person\/daf63eec72e1164eb13dc35096c2b8da\",\"name\":\"Paula Silva\",\"image\":{\"@type\":\"ImageObject\",\"inLanguage\":\"pt-BR\",\"@id\":\"https:\/\/www.gaveanews.com\/#\/schema\/person\/image\/\",\"url\":\"https:\/\/secure.gravatar.com\/avatar\/eda381c845527cc5d64c13b901833cda29d97500ba040d3e6461f76f51d163bb?s=96&d=mm&r=g\",\"contentUrl\":\"https:\/\/secure.gravatar.com\/avatar\/eda381c845527cc5d64c13b901833cda29d97500ba040d3e6461f76f51d163bb?s=96&d=mm&r=g\",\"caption\":\"Paula Silva\"}}]}<\/script>\n<!-- \/ Yoast SEO Premium plugin. -->","yoast_head_json":{"title":"A declara\u00e7\u00e3o de Danilo direcionada ao elenco do Flamengo","robots":{"index":"index","follow":"follow","max-snippet":"max-snippet:-1","max-image-preview":"max-image-preview:large","max-video-preview":"max-video-preview:-1"},"canonical":"https:\/\/www.gaveanews.com\/index.php\/2025\/11\/20\/a-declaracao-de-danilo-direcionada-ao-elenco-do-flamengo\/","og_locale":"pt_BR","og_type":"article","og_title":"A declara\u00e7\u00e3o de Danilo direcionada ao elenco do Flamengo","og_description":"A reta final da temporada tem sido marcada por desafios no Flamengo, sobretudo no setor ofensivo. Pedro, um dos principais nomes do elenco, sofreu uma nova les\u00e3o e est\u00e1 fora dos compromissos decisivos do clube em 2025. A aus\u00eancia do centroavante, no entanto, motivou uma manifesta\u00e7\u00e3o firme do zagueiro Danilo, que refor\u00e7ou o compromisso coletivo [&hellip;]","og_url":"https:\/\/www.gaveanews.com\/index.php\/2025\/11\/20\/a-declaracao-de-danilo-direcionada-ao-elenco-do-flamengo\/","og_site_name":"G\u00e1vea News","article_publisher":"https:\/\/facebook.com\/gaveaNews\/","article_published_time":"2025-11-20T19:40:00+00:00","og_image":[{"width":1280,"height":960,"url":"https:\/\/www.gaveanews.com\/wp-content\/uploads\/Danilo-em-atuacao-pelo-Flamengo.jpg","type":"image\/jpeg"}],"author":"Paula Silva","twitter_card":"summary_large_image","twitter_misc":{"Escrito por":"Paula Silva","Est. tempo de leitura":"3 minutos"},"schema":{"@context":"https:\/\/schema.org","@graph":[{"@type":"NewsArticle","@id":"https:\/\/www.gaveanews.com\/index.php\/2025\/11\/20\/a-declaracao-de-danilo-direcionada-ao-elenco-do-flamengo\/#article","isPartOf":{"@id":"https:\/\/www.gaveanews.com\/index.php\/2025\/11\/20\/a-declaracao-de-danilo-direcionada-ao-elenco-do-flamengo\/"},"author":{"name":"Paula Silva","@id":"https:\/\/www.gaveanews.com\/#\/schema\/person\/daf63eec72e1164eb13dc35096c2b8da"},"headline":"A declara\u00e7\u00e3o de Danilo direcionada ao elenco do Flamengo","datePublished":"2025-11-20T19:40:00+00:00","mainEntityOfPage":{"@id":"https:\/\/www.gaveanews.com\/index.php\/2025\/11\/20\/a-declaracao-de-danilo-direcionada-ao-elenco-do-flamengo\/"},"wordCount":454,"commentCount":0,"image":{"@id":"https:\/\/www.gaveanews.com\/index.php\/2025\/11\/20\/a-declaracao-de-danilo-direcionada-ao-elenco-do-flamengo\/#primaryimage"},"thumbnailUrl":"https:\/\/www.gaveanews.com\/wp-content\/uploads\/Danilo-em-atuacao-pelo-Flamengo.jpg","articleSection":["Flamengo"],"inLanguage":"pt-BR","potentialAction":[{"@type":"CommentAction","name":"Comment","target":["https:\/\/www.gaveanews.com\/index.php\/2025\/11\/20\/a-declaracao-de-danilo-direcionada-ao-elenco-do-flamengo\/#respond"]}],"copyrightYear":"2025","copyrightHolder":{"@id":"https:\/\/www.gaveanews.com\/#organization"}},{"@type":"WebPage","@id":"https:\/\/www.gaveanews.com\/index.php\/2025\/11\/20\/a-declaracao-de-danilo-direcionada-ao-elenco-do-flamengo\/","url":"https:\/\/www.gaveanews.com\/index.php\/2025\/11\/20\/a-declaracao-de-danilo-direcionada-ao-elenco-do-flamengo\/","name":"A declara\u00e7\u00e3o de Danilo direcionada ao elenco do Flamengo","isPartOf":{"@id":"https:\/\/www.gaveanews.com\/#website"},"primaryImageOfPage":{"@id":"https:\/\/www.gaveanews.com\/index.php\/2025\/11\/20\/a-declaracao-de-danilo-direcionada-ao-elenco-do-flamengo\/#primaryimage"},"image":{"@id":"https:\/\/www.gaveanews.com\/index.php\/2025\/11\/20\/a-declaracao-de-danilo-direcionada-ao-elenco-do-flamengo\/#primaryimage"},"thumbnailUrl":"https:\/\/www.gaveanews.com\/wp-content\/uploads\/Danilo-em-atuacao-pelo-Flamengo.jpg","datePublished":"2025-11-20T19:40:00+00:00","author":{"@id":"https:\/\/www.gaveanews.com\/#\/schema\/person\/daf63eec72e1164eb13dc35096c2b8da"},"breadcrumb":{"@id":"https:\/\/www.gaveanews.com\/index.php\/2025\/11\/20\/a-declaracao-de-danilo-direcionada-ao-elenco-do-flamengo\/#breadcrumb"},"inLanguage":"pt-BR","potentialAction":[{"@type":"ReadAction","target":["https:\/\/www.gaveanews.com\/index.php\/2025\/11\/20\/a-declaracao-de-danilo-direcionada-ao-elenco-do-flamengo\/"]}]},{"@type":"ImageObject","inLanguage":"pt-BR","@id":"https:\/\/www.gaveanews.com\/index.php\/2025\/11\/20\/a-declaracao-de-danilo-direcionada-ao-elenco-do-flamengo\/#primaryimage","url":"https:\/\/www.gaveanews.com\/wp-content\/uploads\/Danilo-em-atuacao-pelo-Flamengo.jpg","contentUrl":"https:\/\/www.gaveanews.com\/wp-content\/uploads\/Danilo-em-atuacao-pelo-Flamengo.jpg","width":1280,"height":960,"caption":"Danilo em atua\u00e7\u00e3o pelo Flamengo (Foto: Gilvan de Souza\/CRF)"},{"@type":"BreadcrumbList","@id":"https:\/\/www.gaveanews.com\/index.php\/2025\/11\/20\/a-declaracao-de-danilo-direcionada-ao-elenco-do-flamengo\/#breadcrumb","itemListElement":[{"@type":"ListItem","position":1,"name":"Home","item":"https:\/\/www.gaveanews.com\/"},{"@type":"ListItem","position":2,"name":"A declara\u00e7\u00e3o de Danilo direcionada ao elenco do Flamengo"}]},{"@type":"WebSite","@id":"https:\/\/www.gaveanews.com\/#website","url":"https:\/\/www.gaveanews.com\/","name":"G\u00e1vea News","description":"Veja todas as not\u00edcias sobre o Flamengo: Contrata\u00e7\u00f5es, categorias de base, resultados das partidas, tabela de classifica\u00e7\u00e3o, pr\u00f3ximos jogos!","potentialAction":[{"@type":"SearchAction","target":{"@type":"EntryPoint","urlTemplate":"https:\/\/www.gaveanews.com\/?s={search_term_string}"},"query-input":{"@type":"PropertyValueSpecification","valueRequired":true,"valueName":"search_term_string"}}],"inLanguage":"pt-BR"},{"@type":"Person","@id":"https:\/\/www.gaveanews.com\/#\/schema\/person\/daf63eec72e1164eb13dc35096c2b8da","name":"Paula Silva","image":{"@type":"ImageObject","inLanguage":"pt-BR","@id":"https:\/\/www.gaveanews.com\/#\/schema\/person\/image\/","url":"https:\/\/secure.gravatar.com\/avatar\/eda381c845527cc5d64c13b901833cda29d97500ba040d3e6461f76f51d163bb?s=96&d=mm&r=g","contentUrl":"https:\/\/secure.gravatar.com\/avatar\/eda381c845527cc5d64c13b901833cda29d97500ba040d3e6461f76f51d163bb?s=96&d=mm&r=g","caption":"Paula Silva"}}]}},"_links":{"self":[{"href":"https:\/\/www.gaveanews.com\/index.php\/wp-json\/wp\/v2\/posts\/280613","targetHints":{"allow":["GET"]}}],"collection":[{"href":"https:\/\/www.gaveanews.com\/index.php\/wp-json\/wp\/v2\/posts"}],"about":[{"href":"https:\/\/www.gaveanews.com\/index.php\/wp-json\/wp\/v2\/types\/post"}],"author":[{"embeddable":true,"href":"https:\/\/www.gaveanews.com\/index.php\/wp-json\/wp\/v2\/users\/18"}],"replies":[{"embeddable":true,"href":"https:\/\/www.gaveanews.com\/index.php\/wp-json\/wp\/v2\/comments?post=280613"}],"version-history":[{"count":1,"href":"https:\/\/www.gaveanews.com\/index.php\/wp-json\/wp\/v2\/posts\/280613\/revisions"}],"predecessor-version":[{"id":280614,"href":"https:\/\/www.gaveanews.com\/index.php\/wp-json\/wp\/v2\/posts\/280613\/revisions\/280614"}],"wp:featuredmedia":[{"embeddable":true,"href":"https:\/\/www.gaveanews.com\/index.php\/wp-json\/wp\/v2\/media\/280037"}],"wp:attachment":[{"href":"https:\/\/www.gaveanews.com\/index.php\/wp-json\/wp\/v2\/media?parent=280613"}],"wp:term":[{"taxonomy":"category","embeddable":true,"href":"https:\/\/www.gaveanews.com\/index.php\/wp-json\/wp\/v2\/categories?post=280613"},{"taxonomy":"post_tag","embeddable":true,"href":"https:\/\/www.gaveanews.com\/index.php\/wp-json\/wp\/v2\/tags?post=280613"}],"curies":[{"name":"wp","href":"https:\/\/api.w.org\/{rel}","templated":true}]}}