{"id":280615,"date":"2025-11-20T16:50:00","date_gmt":"2025-11-20T19:50:00","guid":{"rendered":"https:\/\/www.gaveanews.com\/?p=280615"},"modified":"2025-11-20T16:11:22","modified_gmt":"2025-11-20T19:11:22","slug":"jorginho-e-sincero-sobre-vaias-da-torcida-do-flamengo-a-joao-victor","status":"publish","type":"post","link":"https:\/\/www.gaveanews.com\/index.php\/2025\/11\/20\/jorginho-e-sincero-sobre-vaias-da-torcida-do-flamengo-a-joao-victor\/","title":{"rendered":"Jorginho \u00e9 sincero sobre vaias da torcida do Flamengo a Jo\u00e3o Victor"},"content":{"rendered":"\n<p>Ap\u00f3s ser escalado como titular na derrota para o Fluminense, o zagueiro Jo\u00e3o Victor voltou a ser tema entre os jogadores do Flamengo. O jovem de 18 anos foi vaiado por parte da torcida no Maracan\u00e3 ap\u00f3s se envolver diretamente nos dois gols sofridos no cl\u00e1ssico. A rea\u00e7\u00e3o da arquibancada repercutiu internamente, mas Jorginho, um dos atletas mais experientes do elenco, tratou o epis\u00f3dio com naturalidade.<\/p>\n\n\n\n<p>Anteriormente utilizado na vit\u00f3ria sobre o Sport, Jo\u00e3o Victor voltou a ganhar oportunidade durante a Data FIFA, quando o t\u00e9cnico Filipe Lu\u00eds precisou improvisar a escala\u00e7\u00e3o em meio aos desfalques. Entretanto, no duelo da quarta-feira (19 de novembro), o defensor teve dificuldades logo no primeiro tempo. Em uma das jogadas, errou ao tentar sair jogando e entregou a bola nos p\u00e9s de Lucho Acosta, que finalizou com precis\u00e3o para abrir o placar. Pouco depois, recuou mal para o goleiro Rossi, que tamb\u00e9m falhou e permitiu o segundo gol, anotado por Kevin Serna.<\/p>\n\n\n\n<p>Apesar da press\u00e3o exercida pelos torcedores, o elenco demonstrou respaldo ao jovem. Filipe Lu\u00eds o substituiu ainda no intervalo, e o zagueiro L\u00e9o Pereira saiu em sua defesa ao fim do primeiro tempo. O camisa 4 destacou que Jo\u00e3o Victor \u201ctem um potencial gigante\u201d e afirmou que os atletas mais experientes t\u00eam o dever de proteg\u00ea-lo nesse momento de adapta\u00e7\u00e3o ao profissional.<\/p>\n\n\n\n<p>Jorginho tamb\u00e9m se manifestou de forma direta ap\u00f3s a partida. Durante entrevista na zona mista, minimizou as vaias e refor\u00e7ou que situa\u00e7\u00f5es como essa fazem parte da rotina de qualquer jogador. Segundo o volante, \u00e9 preciso encarar as cr\u00edticas como parte do cen\u00e1rio esportivo.<\/p>\n\n\n\n<p>\u201cIsso faz parte do futebol, voc\u00ea est\u00e1 exposto a todo tipo de cr\u00edtica, todo tipo de coisa que pode acontecer, mas o importante \u00e9 que ele saiba que a gente est\u00e1 com ele, e todo jogador de futebol j\u00e1 foi vaiado ou vai ser\u201d, afirmou Jorginho.<\/p>\n\n\n\n<p>Em seguida, o jogador refor\u00e7ou a import\u00e2ncia de manter a confian\u00e7a e continuar o trabalho no dia a dia.<\/p>\n\n\n\n<p>&#8220;Ent\u00e3o \u00e9 voc\u00ea ficar tranquilo, continuar trabalhando, aprender com seus erros, escutar, observar e seguir adiante acreditando no que voc\u00ea faz, acreditando no seu potencial. E ele acredita, \u00e9 um menino bom, inteligente e sabe que estamos com ele\u201d, completou o atleta rubro-negro.<\/p>\n\n\n\n<p>Ali\u00e1s, a diretoria e a comiss\u00e3o t\u00e9cnica tentam blindar o zagueiro diante da repercuss\u00e3o negativa. Ainda em processo de transi\u00e7\u00e3o das categorias de base, Jo\u00e3o Victor soma apenas quatro partidas como profissional, incluindo duas pelo Campeonato Carioca.<\/p>\n\n\n\n<p>O Flamengo volta a campo no s\u00e1bado (22 de novembro), \u00e0s 21h30 (hor\u00e1rio de Bras\u00edlia), novamente no Maracan\u00e3, para enfrentar o Red Bull Bragantino pela 35\u00aa rodada do Campeonato Brasileiro.<\/p>\n","protected":false},"excerpt":{"rendered":"<p>Ap\u00f3s ser escalado como titular na derrota para o Fluminense, o zagueiro Jo\u00e3o Victor voltou a ser tema entre os jogadores do Flamengo. O jovem de 18 anos foi vaiado por parte da torcida no Maracan\u00e3 ap\u00f3s se envolver diretamente nos dois gols sofridos no cl\u00e1ssico. A rea\u00e7\u00e3o da arquibancada repercutiu internamente, mas Jorginho, um [&hellip;]<\/p>\n","protected":false},"author":18,"featured_media":272380,"comment_status":"open","ping_status":"closed","sticky":false,"template":"","format":"standard","meta":{"footnotes":""},"categories":[1],"tags":[],"class_list":["post-280615","post","type-post","status-publish","format-standard","has-post-thumbnail","hentry","category-flamengo"],"yoast_head":"<!-- This site is optimized with the Yoast SEO Premium plugin v24.2 (Yoast SEO v26.9) - https:\/\/yoast.com\/product\/yoast-seo-premium-wordpress\/ -->\n<title>Jorginho \u00e9 sincero sobre vaias da torcida do Flamengo a Jo\u00e3o Victor<\/title>\n<meta name=\"robots\" content=\"index, follow, max-snippet:-1, max-image-preview:large, max-video-preview:-1\" \/>\n<link rel=\"canonical\" href=\"https:\/\/www.gaveanews.com\/index.php\/2025\/11\/20\/jorginho-e-sincero-sobre-vaias-da-torcida-do-flamengo-a-joao-victor\/\" \/>\n<meta property=\"og:locale\" content=\"pt_BR\" \/>\n<meta property=\"og:type\" content=\"article\" \/>\n<meta property=\"og:title\" content=\"Jorginho \u00e9 sincero sobre vaias da torcida do Flamengo a Jo\u00e3o Victor\" \/>\n<meta property=\"og:description\" content=\"Ap\u00f3s ser escalado como titular na derrota para o Fluminense, o zagueiro Jo\u00e3o Victor voltou a ser tema entre os jogadores do Flamengo. O jovem de 18 anos foi vaiado por parte da torcida no Maracan\u00e3 ap\u00f3s se envolver diretamente nos dois gols sofridos no cl\u00e1ssico. A rea\u00e7\u00e3o da arquibancada repercutiu internamente, mas Jorginho, um [&hellip;]\" \/>\n<meta property=\"og:url\" content=\"https:\/\/www.gaveanews.com\/index.php\/2025\/11\/20\/jorginho-e-sincero-sobre-vaias-da-torcida-do-flamengo-a-joao-victor\/\" \/>\n<meta property=\"og:site_name\" content=\"G\u00e1vea News\" \/>\n<meta property=\"article:publisher\" content=\"https:\/\/facebook.com\/gaveaNews\/\" \/>\n<meta property=\"article:published_time\" content=\"2025-11-20T19:50:00+00:00\" \/>\n<meta property=\"og:image\" content=\"https:\/\/www.gaveanews.com\/wp-content\/uploads\/Jorginho-em-acao-pelo-Flamengo.png\" \/>\n\t<meta property=\"og:image:width\" content=\"1200\" \/>\n\t<meta property=\"og:image:height\" content=\"900\" \/>\n\t<meta property=\"og:image:type\" content=\"image\/png\" \/>\n<meta name=\"author\" content=\"Paula Silva\" \/>\n<meta name=\"twitter:card\" content=\"summary_large_image\" \/>\n<meta name=\"twitter:label1\" content=\"Escrito por\" \/>\n\t<meta name=\"twitter:data1\" content=\"Paula Silva\" \/>\n\t<meta name=\"twitter:label2\" content=\"Est. tempo de leitura\" \/>\n\t<meta name=\"twitter:data2\" content=\"3 minutos\" \/>\n<script type=\"application\/ld+json\" class=\"yoast-schema-graph\">{\"@context\":\"https:\/\/schema.org\",\"@graph\":[{\"@type\":\"NewsArticle\",\"@id\":\"https:\/\/www.gaveanews.com\/index.php\/2025\/11\/20\/jorginho-e-sincero-sobre-vaias-da-torcida-do-flamengo-a-joao-victor\/#article\",\"isPartOf\":{\"@id\":\"https:\/\/www.gaveanews.com\/index.php\/2025\/11\/20\/jorginho-e-sincero-sobre-vaias-da-torcida-do-flamengo-a-joao-victor\/\"},\"author\":{\"name\":\"Paula Silva\",\"@id\":\"https:\/\/www.gaveanews.com\/#\/schema\/person\/daf63eec72e1164eb13dc35096c2b8da\"},\"headline\":\"Jorginho \u00e9 sincero sobre vaias da torcida do Flamengo a Jo\u00e3o Victor\",\"datePublished\":\"2025-11-20T19:50:00+00:00\",\"mainEntityOfPage\":{\"@id\":\"https:\/\/www.gaveanews.com\/index.php\/2025\/11\/20\/jorginho-e-sincero-sobre-vaias-da-torcida-do-flamengo-a-joao-victor\/\"},\"wordCount\":483,\"commentCount\":0,\"image\":{\"@id\":\"https:\/\/www.gaveanews.com\/index.php\/2025\/11\/20\/jorginho-e-sincero-sobre-vaias-da-torcida-do-flamengo-a-joao-victor\/#primaryimage\"},\"thumbnailUrl\":\"https:\/\/www.gaveanews.com\/wp-content\/uploads\/Jorginho-em-acao-pelo-Flamengo.png\",\"articleSection\":[\"Flamengo\"],\"inLanguage\":\"pt-BR\",\"potentialAction\":[{\"@type\":\"CommentAction\",\"name\":\"Comment\",\"target\":[\"https:\/\/www.gaveanews.com\/index.php\/2025\/11\/20\/jorginho-e-sincero-sobre-vaias-da-torcida-do-flamengo-a-joao-victor\/#respond\"]}],\"copyrightYear\":\"2025\",\"copyrightHolder\":{\"@id\":\"https:\/\/www.gaveanews.com\/#organization\"}},{\"@type\":\"WebPage\",\"@id\":\"https:\/\/www.gaveanews.com\/index.php\/2025\/11\/20\/jorginho-e-sincero-sobre-vaias-da-torcida-do-flamengo-a-joao-victor\/\",\"url\":\"https:\/\/www.gaveanews.com\/index.php\/2025\/11\/20\/jorginho-e-sincero-sobre-vaias-da-torcida-do-flamengo-a-joao-victor\/\",\"name\":\"Jorginho \u00e9 sincero sobre vaias da torcida do Flamengo a Jo\u00e3o Victor\",\"isPartOf\":{\"@id\":\"https:\/\/www.gaveanews.com\/#website\"},\"primaryImageOfPage\":{\"@id\":\"https:\/\/www.gaveanews.com\/index.php\/2025\/11\/20\/jorginho-e-sincero-sobre-vaias-da-torcida-do-flamengo-a-joao-victor\/#primaryimage\"},\"image\":{\"@id\":\"https:\/\/www.gaveanews.com\/index.php\/2025\/11\/20\/jorginho-e-sincero-sobre-vaias-da-torcida-do-flamengo-a-joao-victor\/#primaryimage\"},\"thumbnailUrl\":\"https:\/\/www.gaveanews.com\/wp-content\/uploads\/Jorginho-em-acao-pelo-Flamengo.png\",\"datePublished\":\"2025-11-20T19:50:00+00:00\",\"author\":{\"@id\":\"https:\/\/www.gaveanews.com\/#\/schema\/person\/daf63eec72e1164eb13dc35096c2b8da\"},\"breadcrumb\":{\"@id\":\"https:\/\/www.gaveanews.com\/index.php\/2025\/11\/20\/jorginho-e-sincero-sobre-vaias-da-torcida-do-flamengo-a-joao-victor\/#breadcrumb\"},\"inLanguage\":\"pt-BR\",\"potentialAction\":[{\"@type\":\"ReadAction\",\"target\":[\"https:\/\/www.gaveanews.com\/index.php\/2025\/11\/20\/jorginho-e-sincero-sobre-vaias-da-torcida-do-flamengo-a-joao-victor\/\"]}]},{\"@type\":\"ImageObject\",\"inLanguage\":\"pt-BR\",\"@id\":\"https:\/\/www.gaveanews.com\/index.php\/2025\/11\/20\/jorginho-e-sincero-sobre-vaias-da-torcida-do-flamengo-a-joao-victor\/#primaryimage\",\"url\":\"https:\/\/www.gaveanews.com\/wp-content\/uploads\/Jorginho-em-acao-pelo-Flamengo.png\",\"contentUrl\":\"https:\/\/www.gaveanews.com\/wp-content\/uploads\/Jorginho-em-acao-pelo-Flamengo.png\",\"width\":1200,\"height\":900,\"caption\":\"Jorginho em a\u00e7\u00e3o pelo Flamengo (Foto: Gilvan de Souza\/Flamengo)\"},{\"@type\":\"BreadcrumbList\",\"@id\":\"https:\/\/www.gaveanews.com\/index.php\/2025\/11\/20\/jorginho-e-sincero-sobre-vaias-da-torcida-do-flamengo-a-joao-victor\/#breadcrumb\",\"itemListElement\":[{\"@type\":\"ListItem\",\"position\":1,\"name\":\"Home\",\"item\":\"https:\/\/www.gaveanews.com\/\"},{\"@type\":\"ListItem\",\"position\":2,\"name\":\"Jorginho \u00e9 sincero sobre vaias da torcida do Flamengo a Jo\u00e3o Victor\"}]},{\"@type\":\"WebSite\",\"@id\":\"https:\/\/www.gaveanews.com\/#website\",\"url\":\"https:\/\/www.gaveanews.com\/\",\"name\":\"G\u00e1vea News\",\"description\":\"Veja todas as not\u00edcias sobre o Flamengo: Contrata\u00e7\u00f5es, categorias de base, resultados das partidas, tabela de classifica\u00e7\u00e3o, pr\u00f3ximos jogos!\",\"potentialAction\":[{\"@type\":\"SearchAction\",\"target\":{\"@type\":\"EntryPoint\",\"urlTemplate\":\"https:\/\/www.gaveanews.com\/?s={search_term_string}\"},\"query-input\":{\"@type\":\"PropertyValueSpecification\",\"valueRequired\":true,\"valueName\":\"search_term_string\"}}],\"inLanguage\":\"pt-BR\"},{\"@type\":\"Person\",\"@id\":\"https:\/\/www.gaveanews.com\/#\/schema\/person\/daf63eec72e1164eb13dc35096c2b8da\",\"name\":\"Paula Silva\",\"image\":{\"@type\":\"ImageObject\",\"inLanguage\":\"pt-BR\",\"@id\":\"https:\/\/www.gaveanews.com\/#\/schema\/person\/image\/\",\"url\":\"https:\/\/secure.gravatar.com\/avatar\/eda381c845527cc5d64c13b901833cda29d97500ba040d3e6461f76f51d163bb?s=96&d=mm&r=g\",\"contentUrl\":\"https:\/\/secure.gravatar.com\/avatar\/eda381c845527cc5d64c13b901833cda29d97500ba040d3e6461f76f51d163bb?s=96&d=mm&r=g\",\"caption\":\"Paula Silva\"}}]}<\/script>\n<!-- \/ Yoast SEO Premium plugin. -->","yoast_head_json":{"title":"Jorginho \u00e9 sincero sobre vaias da torcida do Flamengo a Jo\u00e3o Victor","robots":{"index":"index","follow":"follow","max-snippet":"max-snippet:-1","max-image-preview":"max-image-preview:large","max-video-preview":"max-video-preview:-1"},"canonical":"https:\/\/www.gaveanews.com\/index.php\/2025\/11\/20\/jorginho-e-sincero-sobre-vaias-da-torcida-do-flamengo-a-joao-victor\/","og_locale":"pt_BR","og_type":"article","og_title":"Jorginho \u00e9 sincero sobre vaias da torcida do Flamengo a Jo\u00e3o Victor","og_description":"Ap\u00f3s ser escalado como titular na derrota para o Fluminense, o zagueiro Jo\u00e3o Victor voltou a ser tema entre os jogadores do Flamengo. O jovem de 18 anos foi vaiado por parte da torcida no Maracan\u00e3 ap\u00f3s se envolver diretamente nos dois gols sofridos no cl\u00e1ssico. A rea\u00e7\u00e3o da arquibancada repercutiu internamente, mas Jorginho, um [&hellip;]","og_url":"https:\/\/www.gaveanews.com\/index.php\/2025\/11\/20\/jorginho-e-sincero-sobre-vaias-da-torcida-do-flamengo-a-joao-victor\/","og_site_name":"G\u00e1vea News","article_publisher":"https:\/\/facebook.com\/gaveaNews\/","article_published_time":"2025-11-20T19:50:00+00:00","og_image":[{"width":1200,"height":900,"url":"https:\/\/www.gaveanews.com\/wp-content\/uploads\/Jorginho-em-acao-pelo-Flamengo.png","type":"image\/png"}],"author":"Paula Silva","twitter_card":"summary_large_image","twitter_misc":{"Escrito por":"Paula Silva","Est. tempo de leitura":"3 minutos"},"schema":{"@context":"https:\/\/schema.org","@graph":[{"@type":"NewsArticle","@id":"https:\/\/www.gaveanews.com\/index.php\/2025\/11\/20\/jorginho-e-sincero-sobre-vaias-da-torcida-do-flamengo-a-joao-victor\/#article","isPartOf":{"@id":"https:\/\/www.gaveanews.com\/index.php\/2025\/11\/20\/jorginho-e-sincero-sobre-vaias-da-torcida-do-flamengo-a-joao-victor\/"},"author":{"name":"Paula Silva","@id":"https:\/\/www.gaveanews.com\/#\/schema\/person\/daf63eec72e1164eb13dc35096c2b8da"},"headline":"Jorginho \u00e9 sincero sobre vaias da torcida do Flamengo a Jo\u00e3o Victor","datePublished":"2025-11-20T19:50:00+00:00","mainEntityOfPage":{"@id":"https:\/\/www.gaveanews.com\/index.php\/2025\/11\/20\/jorginho-e-sincero-sobre-vaias-da-torcida-do-flamengo-a-joao-victor\/"},"wordCount":483,"commentCount":0,"image":{"@id":"https:\/\/www.gaveanews.com\/index.php\/2025\/11\/20\/jorginho-e-sincero-sobre-vaias-da-torcida-do-flamengo-a-joao-victor\/#primaryimage"},"thumbnailUrl":"https:\/\/www.gaveanews.com\/wp-content\/uploads\/Jorginho-em-acao-pelo-Flamengo.png","articleSection":["Flamengo"],"inLanguage":"pt-BR","potentialAction":[{"@type":"CommentAction","name":"Comment","target":["https:\/\/www.gaveanews.com\/index.php\/2025\/11\/20\/jorginho-e-sincero-sobre-vaias-da-torcida-do-flamengo-a-joao-victor\/#respond"]}],"copyrightYear":"2025","copyrightHolder":{"@id":"https:\/\/www.gaveanews.com\/#organization"}},{"@type":"WebPage","@id":"https:\/\/www.gaveanews.com\/index.php\/2025\/11\/20\/jorginho-e-sincero-sobre-vaias-da-torcida-do-flamengo-a-joao-victor\/","url":"https:\/\/www.gaveanews.com\/index.php\/2025\/11\/20\/jorginho-e-sincero-sobre-vaias-da-torcida-do-flamengo-a-joao-victor\/","name":"Jorginho \u00e9 sincero sobre vaias da torcida do Flamengo a Jo\u00e3o Victor","isPartOf":{"@id":"https:\/\/www.gaveanews.com\/#website"},"primaryImageOfPage":{"@id":"https:\/\/www.gaveanews.com\/index.php\/2025\/11\/20\/jorginho-e-sincero-sobre-vaias-da-torcida-do-flamengo-a-joao-victor\/#primaryimage"},"image":{"@id":"https:\/\/www.gaveanews.com\/index.php\/2025\/11\/20\/jorginho-e-sincero-sobre-vaias-da-torcida-do-flamengo-a-joao-victor\/#primaryimage"},"thumbnailUrl":"https:\/\/www.gaveanews.com\/wp-content\/uploads\/Jorginho-em-acao-pelo-Flamengo.png","datePublished":"2025-11-20T19:50:00+00:00","author":{"@id":"https:\/\/www.gaveanews.com\/#\/schema\/person\/daf63eec72e1164eb13dc35096c2b8da"},"breadcrumb":{"@id":"https:\/\/www.gaveanews.com\/index.php\/2025\/11\/20\/jorginho-e-sincero-sobre-vaias-da-torcida-do-flamengo-a-joao-victor\/#breadcrumb"},"inLanguage":"pt-BR","potentialAction":[{"@type":"ReadAction","target":["https:\/\/www.gaveanews.com\/index.php\/2025\/11\/20\/jorginho-e-sincero-sobre-vaias-da-torcida-do-flamengo-a-joao-victor\/"]}]},{"@type":"ImageObject","inLanguage":"pt-BR","@id":"https:\/\/www.gaveanews.com\/index.php\/2025\/11\/20\/jorginho-e-sincero-sobre-vaias-da-torcida-do-flamengo-a-joao-victor\/#primaryimage","url":"https:\/\/www.gaveanews.com\/wp-content\/uploads\/Jorginho-em-acao-pelo-Flamengo.png","contentUrl":"https:\/\/www.gaveanews.com\/wp-content\/uploads\/Jorginho-em-acao-pelo-Flamengo.png","width":1200,"height":900,"caption":"Jorginho em a\u00e7\u00e3o pelo Flamengo (Foto: Gilvan de Souza\/Flamengo)"},{"@type":"BreadcrumbList","@id":"https:\/\/www.gaveanews.com\/index.php\/2025\/11\/20\/jorginho-e-sincero-sobre-vaias-da-torcida-do-flamengo-a-joao-victor\/#breadcrumb","itemListElement":[{"@type":"ListItem","position":1,"name":"Home","item":"https:\/\/www.gaveanews.com\/"},{"@type":"ListItem","position":2,"name":"Jorginho \u00e9 sincero sobre vaias da torcida do Flamengo a Jo\u00e3o Victor"}]},{"@type":"WebSite","@id":"https:\/\/www.gaveanews.com\/#website","url":"https:\/\/www.gaveanews.com\/","name":"G\u00e1vea News","description":"Veja todas as not\u00edcias sobre o Flamengo: Contrata\u00e7\u00f5es, categorias de base, resultados das partidas, tabela de classifica\u00e7\u00e3o, pr\u00f3ximos jogos!","potentialAction":[{"@type":"SearchAction","target":{"@type":"EntryPoint","urlTemplate":"https:\/\/www.gaveanews.com\/?s={search_term_string}"},"query-input":{"@type":"PropertyValueSpecification","valueRequired":true,"valueName":"search_term_string"}}],"inLanguage":"pt-BR"},{"@type":"Person","@id":"https:\/\/www.gaveanews.com\/#\/schema\/person\/daf63eec72e1164eb13dc35096c2b8da","name":"Paula Silva","image":{"@type":"ImageObject","inLanguage":"pt-BR","@id":"https:\/\/www.gaveanews.com\/#\/schema\/person\/image\/","url":"https:\/\/secure.gravatar.com\/avatar\/eda381c845527cc5d64c13b901833cda29d97500ba040d3e6461f76f51d163bb?s=96&d=mm&r=g","contentUrl":"https:\/\/secure.gravatar.com\/avatar\/eda381c845527cc5d64c13b901833cda29d97500ba040d3e6461f76f51d163bb?s=96&d=mm&r=g","caption":"Paula Silva"}}]}},"_links":{"self":[{"href":"https:\/\/www.gaveanews.com\/index.php\/wp-json\/wp\/v2\/posts\/280615","targetHints":{"allow":["GET"]}}],"collection":[{"href":"https:\/\/www.gaveanews.com\/index.php\/wp-json\/wp\/v2\/posts"}],"about":[{"href":"https:\/\/www.gaveanews.com\/index.php\/wp-json\/wp\/v2\/types\/post"}],"author":[{"embeddable":true,"href":"https:\/\/www.gaveanews.com\/index.php\/wp-json\/wp\/v2\/users\/18"}],"replies":[{"embeddable":true,"href":"https:\/\/www.gaveanews.com\/index.php\/wp-json\/wp\/v2\/comments?post=280615"}],"version-history":[{"count":1,"href":"https:\/\/www.gaveanews.com\/index.php\/wp-json\/wp\/v2\/posts\/280615\/revisions"}],"predecessor-version":[{"id":280616,"href":"https:\/\/www.gaveanews.com\/index.php\/wp-json\/wp\/v2\/posts\/280615\/revisions\/280616"}],"wp:featuredmedia":[{"embeddable":true,"href":"https:\/\/www.gaveanews.com\/index.php\/wp-json\/wp\/v2\/media\/272380"}],"wp:attachment":[{"href":"https:\/\/www.gaveanews.com\/index.php\/wp-json\/wp\/v2\/media?parent=280615"}],"wp:term":[{"taxonomy":"category","embeddable":true,"href":"https:\/\/www.gaveanews.com\/index.php\/wp-json\/wp\/v2\/categories?post=280615"},{"taxonomy":"post_tag","embeddable":true,"href":"https:\/\/www.gaveanews.com\/index.php\/wp-json\/wp\/v2\/tags?post=280615"}],"curies":[{"name":"wp","href":"https:\/\/api.w.org\/{rel}","templated":true}]}}