{"id":281305,"date":"2025-12-05T18:00:00","date_gmt":"2025-12-05T21:00:00","guid":{"rendered":"https:\/\/www.gaveanews.com\/?p=281305"},"modified":"2025-12-05T17:30:00","modified_gmt":"2025-12-05T20:30:00","slug":"adeus-samuel-lino-do-flamengo-e-desejado-por-clube-da-europa","status":"publish","type":"post","link":"https:\/\/www.gaveanews.com\/index.php\/2025\/12\/05\/adeus-samuel-lino-do-flamengo-e-desejado-por-clube-da-europa\/","title":{"rendered":"Adeus? Samuel Lino, do Flamengo, \u00e9 desejado por clube da Europa"},"content":{"rendered":"\n<p>Contratado no meio da temporada de 2025, Samuel Lino se tornou a transfer\u00eancia mais cara da hist\u00f3ria do Flamengo. O clube desembolsou aproximadamente 22 milh\u00f5es de euros (cerca de R$ 143 milh\u00f5es na cota\u00e7\u00e3o da \u00e9poca) para repatriar o atacante junto ao Atl\u00e9tico de Madrid. A negocia\u00e7\u00e3o marcou o in\u00edcio de um novo ciclo no planejamento do Rubro-Negro para 2026.<\/p>\n\n\n\n<p>Mesmo com pouco tempo de casa, o jogador rapidamente assumiu papel de titular no esquema comandado por Filipe Lu\u00eds. Ao longo do segundo semestre, sua participa\u00e7\u00e3o em jogos decisivos e o crescimento de rendimento chamaram aten\u00e7\u00e3o de clubes europeus. Entre eles, o Benfica, treinado atualmente por Jos\u00e9 Mourinho, surge como o principal interessado.<\/p>\n\n\n\n<p>Segundo o &#8216;Moon BH&#8217;, o nome de Samuel Lino conta com a aprova\u00e7\u00e3o de Mourinho para refor\u00e7ar o elenco na temporada 2025\/26. Embora ainda n\u00e3o haja proposta formal, o clube portugu\u00eas monitora de perto a situa\u00e7\u00e3o do atacante no Flamengo, a fim de definir seus alvos para a pr\u00f3xima janela de transfer\u00eancias, que se abre em 06 de janeiro.<\/p>\n\n\n\n<p>Ali\u00e1s, o hist\u00f3rico do clube portugu\u00eas com jogadores do futebol brasileiro refor\u00e7a a viabilidade da movimenta\u00e7\u00e3o. Em 2025, o Benfica j\u00e1 havia desembolsado 30 milh\u00f5es de euros para contratar Richard R\u00edos, do Palmeiras, ap\u00f3s o Mundial de Clubes. Essa postura demonstra disposi\u00e7\u00e3o para altos investimentos em atletas que atuam no Brasil.<\/p>\n\n\n\n<p>Com passagem tamb\u00e9m por Valencia e Gil Vicente no futebol europeu, Samuel Lino soma, at\u00e9 o momento, 29 partidas com a camisa do Flamengo. Nesse per\u00edodo, marcou quatro gols e contribuiu com cinco assist\u00eancias. Os n\u00fameros, aliados \u00e0 sua versatilidade ofensiva, sustentam o interesse estrangeiro.<\/p>\n\n\n\n<p>Conforme dados do Transfermarkt, o valor de mercado do atleta gira em torno de 22 milh\u00f5es de euros \u2014 mesma quantia paga pelo Flamengo meses atr\u00e1s. Portanto, qualquer eventual negocia\u00e7\u00e3o envolvendo o jogador dever\u00e1 girar em patamares semelhantes.<\/p>\n\n\n\n<p>O Flamengo, por sua vez, ainda n\u00e3o indicou inten\u00e7\u00e3o de vender o atacante, uma vez que o elenco ser\u00e1 reformulado apenas ap\u00f3s a disputa da Copa Intercontinental. Enquanto isso, o clube foca nas decis\u00f5es de fim de ano, ao passo que o mercado europeu segue atento aos pr\u00f3ximos passos de Samuel Lino.<\/p>\n","protected":false},"excerpt":{"rendered":"<p>Contratado no meio da temporada de 2025, Samuel Lino se tornou a transfer\u00eancia mais cara da hist\u00f3ria do Flamengo. O clube desembolsou aproximadamente 22 milh\u00f5es de euros (cerca de R$ 143 milh\u00f5es na cota\u00e7\u00e3o da \u00e9poca) para repatriar o atacante junto ao Atl\u00e9tico de Madrid. A negocia\u00e7\u00e3o marcou o in\u00edcio de um novo ciclo no [&hellip;]<\/p>\n","protected":false},"author":18,"featured_media":273324,"comment_status":"open","ping_status":"closed","sticky":false,"template":"","format":"standard","meta":{"footnotes":""},"categories":[1],"tags":[],"class_list":["post-281305","post","type-post","status-publish","format-standard","has-post-thumbnail","hentry","category-flamengo"],"yoast_head":"<!-- This site is optimized with the Yoast SEO Premium plugin v24.2 (Yoast SEO v26.9) - https:\/\/yoast.com\/product\/yoast-seo-premium-wordpress\/ -->\n<title>Adeus? Samuel Lino, do Flamengo, \u00e9 desejado por clube da Europa<\/title>\n<meta name=\"robots\" content=\"index, follow, max-snippet:-1, max-image-preview:large, max-video-preview:-1\" \/>\n<link rel=\"canonical\" href=\"https:\/\/www.gaveanews.com\/index.php\/2025\/12\/05\/adeus-samuel-lino-do-flamengo-e-desejado-por-clube-da-europa\/\" \/>\n<meta property=\"og:locale\" content=\"pt_BR\" \/>\n<meta property=\"og:type\" content=\"article\" \/>\n<meta property=\"og:title\" content=\"Adeus? Samuel Lino, do Flamengo, \u00e9 desejado por clube da Europa\" \/>\n<meta property=\"og:description\" content=\"Contratado no meio da temporada de 2025, Samuel Lino se tornou a transfer\u00eancia mais cara da hist\u00f3ria do Flamengo. O clube desembolsou aproximadamente 22 milh\u00f5es de euros (cerca de R$ 143 milh\u00f5es na cota\u00e7\u00e3o da \u00e9poca) para repatriar o atacante junto ao Atl\u00e9tico de Madrid. A negocia\u00e7\u00e3o marcou o in\u00edcio de um novo ciclo no [&hellip;]\" \/>\n<meta property=\"og:url\" content=\"https:\/\/www.gaveanews.com\/index.php\/2025\/12\/05\/adeus-samuel-lino-do-flamengo-e-desejado-por-clube-da-europa\/\" \/>\n<meta property=\"og:site_name\" content=\"G\u00e1vea News\" \/>\n<meta property=\"article:publisher\" content=\"https:\/\/facebook.com\/gaveaNews\/\" \/>\n<meta property=\"article:published_time\" content=\"2025-12-05T21:00:00+00:00\" \/>\n<meta property=\"og:image\" content=\"https:\/\/www.gaveanews.com\/wp-content\/uploads\/Samuel-Lino-pelo-Flamengo.png\" \/>\n\t<meta property=\"og:image:width\" content=\"1200\" \/>\n\t<meta property=\"og:image:height\" content=\"900\" \/>\n\t<meta property=\"og:image:type\" content=\"image\/png\" \/>\n<meta name=\"author\" content=\"Paula Silva\" \/>\n<meta name=\"twitter:card\" content=\"summary_large_image\" \/>\n<meta name=\"twitter:label1\" content=\"Escrito por\" \/>\n\t<meta name=\"twitter:data1\" content=\"Paula Silva\" \/>\n\t<meta name=\"twitter:label2\" content=\"Est. tempo de leitura\" \/>\n\t<meta name=\"twitter:data2\" content=\"3 minutos\" \/>\n<script type=\"application\/ld+json\" class=\"yoast-schema-graph\">{\"@context\":\"https:\/\/schema.org\",\"@graph\":[{\"@type\":\"NewsArticle\",\"@id\":\"https:\/\/www.gaveanews.com\/index.php\/2025\/12\/05\/adeus-samuel-lino-do-flamengo-e-desejado-por-clube-da-europa\/#article\",\"isPartOf\":{\"@id\":\"https:\/\/www.gaveanews.com\/index.php\/2025\/12\/05\/adeus-samuel-lino-do-flamengo-e-desejado-por-clube-da-europa\/\"},\"author\":{\"name\":\"Paula Silva\",\"@id\":\"https:\/\/www.gaveanews.com\/#\/schema\/person\/daf63eec72e1164eb13dc35096c2b8da\"},\"headline\":\"Adeus? Samuel Lino, do Flamengo, \u00e9 desejado por clube da Europa\",\"datePublished\":\"2025-12-05T21:00:00+00:00\",\"mainEntityOfPage\":{\"@id\":\"https:\/\/www.gaveanews.com\/index.php\/2025\/12\/05\/adeus-samuel-lino-do-flamengo-e-desejado-por-clube-da-europa\/\"},\"wordCount\":395,\"commentCount\":0,\"image\":{\"@id\":\"https:\/\/www.gaveanews.com\/index.php\/2025\/12\/05\/adeus-samuel-lino-do-flamengo-e-desejado-por-clube-da-europa\/#primaryimage\"},\"thumbnailUrl\":\"https:\/\/www.gaveanews.com\/wp-content\/uploads\/Samuel-Lino-pelo-Flamengo.png\",\"articleSection\":[\"Flamengo\"],\"inLanguage\":\"pt-BR\",\"potentialAction\":[{\"@type\":\"CommentAction\",\"name\":\"Comment\",\"target\":[\"https:\/\/www.gaveanews.com\/index.php\/2025\/12\/05\/adeus-samuel-lino-do-flamengo-e-desejado-por-clube-da-europa\/#respond\"]}],\"copyrightYear\":\"2025\",\"copyrightHolder\":{\"@id\":\"https:\/\/www.gaveanews.com\/#organization\"}},{\"@type\":\"WebPage\",\"@id\":\"https:\/\/www.gaveanews.com\/index.php\/2025\/12\/05\/adeus-samuel-lino-do-flamengo-e-desejado-por-clube-da-europa\/\",\"url\":\"https:\/\/www.gaveanews.com\/index.php\/2025\/12\/05\/adeus-samuel-lino-do-flamengo-e-desejado-por-clube-da-europa\/\",\"name\":\"Adeus? Samuel Lino, do Flamengo, \u00e9 desejado por clube da Europa\",\"isPartOf\":{\"@id\":\"https:\/\/www.gaveanews.com\/#website\"},\"primaryImageOfPage\":{\"@id\":\"https:\/\/www.gaveanews.com\/index.php\/2025\/12\/05\/adeus-samuel-lino-do-flamengo-e-desejado-por-clube-da-europa\/#primaryimage\"},\"image\":{\"@id\":\"https:\/\/www.gaveanews.com\/index.php\/2025\/12\/05\/adeus-samuel-lino-do-flamengo-e-desejado-por-clube-da-europa\/#primaryimage\"},\"thumbnailUrl\":\"https:\/\/www.gaveanews.com\/wp-content\/uploads\/Samuel-Lino-pelo-Flamengo.png\",\"datePublished\":\"2025-12-05T21:00:00+00:00\",\"author\":{\"@id\":\"https:\/\/www.gaveanews.com\/#\/schema\/person\/daf63eec72e1164eb13dc35096c2b8da\"},\"breadcrumb\":{\"@id\":\"https:\/\/www.gaveanews.com\/index.php\/2025\/12\/05\/adeus-samuel-lino-do-flamengo-e-desejado-por-clube-da-europa\/#breadcrumb\"},\"inLanguage\":\"pt-BR\",\"potentialAction\":[{\"@type\":\"ReadAction\",\"target\":[\"https:\/\/www.gaveanews.com\/index.php\/2025\/12\/05\/adeus-samuel-lino-do-flamengo-e-desejado-por-clube-da-europa\/\"]}]},{\"@type\":\"ImageObject\",\"inLanguage\":\"pt-BR\",\"@id\":\"https:\/\/www.gaveanews.com\/index.php\/2025\/12\/05\/adeus-samuel-lino-do-flamengo-e-desejado-por-clube-da-europa\/#primaryimage\",\"url\":\"https:\/\/www.gaveanews.com\/wp-content\/uploads\/Samuel-Lino-pelo-Flamengo.png\",\"contentUrl\":\"https:\/\/www.gaveanews.com\/wp-content\/uploads\/Samuel-Lino-pelo-Flamengo.png\",\"width\":1200,\"height\":900,\"caption\":\"Samuel Lino pelo Flamengo (Foto: Gilvan de Souza\/Flamengo)\"},{\"@type\":\"BreadcrumbList\",\"@id\":\"https:\/\/www.gaveanews.com\/index.php\/2025\/12\/05\/adeus-samuel-lino-do-flamengo-e-desejado-por-clube-da-europa\/#breadcrumb\",\"itemListElement\":[{\"@type\":\"ListItem\",\"position\":1,\"name\":\"Home\",\"item\":\"https:\/\/www.gaveanews.com\/\"},{\"@type\":\"ListItem\",\"position\":2,\"name\":\"Adeus? Samuel Lino, do Flamengo, \u00e9 desejado por clube da Europa\"}]},{\"@type\":\"WebSite\",\"@id\":\"https:\/\/www.gaveanews.com\/#website\",\"url\":\"https:\/\/www.gaveanews.com\/\",\"name\":\"G\u00e1vea News\",\"description\":\"Veja todas as not\u00edcias sobre o Flamengo: Contrata\u00e7\u00f5es, categorias de base, resultados das partidas, tabela de classifica\u00e7\u00e3o, pr\u00f3ximos jogos!\",\"potentialAction\":[{\"@type\":\"SearchAction\",\"target\":{\"@type\":\"EntryPoint\",\"urlTemplate\":\"https:\/\/www.gaveanews.com\/?s={search_term_string}\"},\"query-input\":{\"@type\":\"PropertyValueSpecification\",\"valueRequired\":true,\"valueName\":\"search_term_string\"}}],\"inLanguage\":\"pt-BR\"},{\"@type\":\"Person\",\"@id\":\"https:\/\/www.gaveanews.com\/#\/schema\/person\/daf63eec72e1164eb13dc35096c2b8da\",\"name\":\"Paula Silva\",\"image\":{\"@type\":\"ImageObject\",\"inLanguage\":\"pt-BR\",\"@id\":\"https:\/\/www.gaveanews.com\/#\/schema\/person\/image\/\",\"url\":\"https:\/\/secure.gravatar.com\/avatar\/eda381c845527cc5d64c13b901833cda29d97500ba040d3e6461f76f51d163bb?s=96&d=mm&r=g\",\"contentUrl\":\"https:\/\/secure.gravatar.com\/avatar\/eda381c845527cc5d64c13b901833cda29d97500ba040d3e6461f76f51d163bb?s=96&d=mm&r=g\",\"caption\":\"Paula Silva\"}}]}<\/script>\n<!-- \/ Yoast SEO Premium plugin. -->","yoast_head_json":{"title":"Adeus? Samuel Lino, do Flamengo, \u00e9 desejado por clube da Europa","robots":{"index":"index","follow":"follow","max-snippet":"max-snippet:-1","max-image-preview":"max-image-preview:large","max-video-preview":"max-video-preview:-1"},"canonical":"https:\/\/www.gaveanews.com\/index.php\/2025\/12\/05\/adeus-samuel-lino-do-flamengo-e-desejado-por-clube-da-europa\/","og_locale":"pt_BR","og_type":"article","og_title":"Adeus? Samuel Lino, do Flamengo, \u00e9 desejado por clube da Europa","og_description":"Contratado no meio da temporada de 2025, Samuel Lino se tornou a transfer\u00eancia mais cara da hist\u00f3ria do Flamengo. O clube desembolsou aproximadamente 22 milh\u00f5es de euros (cerca de R$ 143 milh\u00f5es na cota\u00e7\u00e3o da \u00e9poca) para repatriar o atacante junto ao Atl\u00e9tico de Madrid. A negocia\u00e7\u00e3o marcou o in\u00edcio de um novo ciclo no [&hellip;]","og_url":"https:\/\/www.gaveanews.com\/index.php\/2025\/12\/05\/adeus-samuel-lino-do-flamengo-e-desejado-por-clube-da-europa\/","og_site_name":"G\u00e1vea News","article_publisher":"https:\/\/facebook.com\/gaveaNews\/","article_published_time":"2025-12-05T21:00:00+00:00","og_image":[{"width":1200,"height":900,"url":"https:\/\/www.gaveanews.com\/wp-content\/uploads\/Samuel-Lino-pelo-Flamengo.png","type":"image\/png"}],"author":"Paula Silva","twitter_card":"summary_large_image","twitter_misc":{"Escrito por":"Paula Silva","Est. tempo de leitura":"3 minutos"},"schema":{"@context":"https:\/\/schema.org","@graph":[{"@type":"NewsArticle","@id":"https:\/\/www.gaveanews.com\/index.php\/2025\/12\/05\/adeus-samuel-lino-do-flamengo-e-desejado-por-clube-da-europa\/#article","isPartOf":{"@id":"https:\/\/www.gaveanews.com\/index.php\/2025\/12\/05\/adeus-samuel-lino-do-flamengo-e-desejado-por-clube-da-europa\/"},"author":{"name":"Paula Silva","@id":"https:\/\/www.gaveanews.com\/#\/schema\/person\/daf63eec72e1164eb13dc35096c2b8da"},"headline":"Adeus? Samuel Lino, do Flamengo, \u00e9 desejado por clube da Europa","datePublished":"2025-12-05T21:00:00+00:00","mainEntityOfPage":{"@id":"https:\/\/www.gaveanews.com\/index.php\/2025\/12\/05\/adeus-samuel-lino-do-flamengo-e-desejado-por-clube-da-europa\/"},"wordCount":395,"commentCount":0,"image":{"@id":"https:\/\/www.gaveanews.com\/index.php\/2025\/12\/05\/adeus-samuel-lino-do-flamengo-e-desejado-por-clube-da-europa\/#primaryimage"},"thumbnailUrl":"https:\/\/www.gaveanews.com\/wp-content\/uploads\/Samuel-Lino-pelo-Flamengo.png","articleSection":["Flamengo"],"inLanguage":"pt-BR","potentialAction":[{"@type":"CommentAction","name":"Comment","target":["https:\/\/www.gaveanews.com\/index.php\/2025\/12\/05\/adeus-samuel-lino-do-flamengo-e-desejado-por-clube-da-europa\/#respond"]}],"copyrightYear":"2025","copyrightHolder":{"@id":"https:\/\/www.gaveanews.com\/#organization"}},{"@type":"WebPage","@id":"https:\/\/www.gaveanews.com\/index.php\/2025\/12\/05\/adeus-samuel-lino-do-flamengo-e-desejado-por-clube-da-europa\/","url":"https:\/\/www.gaveanews.com\/index.php\/2025\/12\/05\/adeus-samuel-lino-do-flamengo-e-desejado-por-clube-da-europa\/","name":"Adeus? Samuel Lino, do Flamengo, \u00e9 desejado por clube da Europa","isPartOf":{"@id":"https:\/\/www.gaveanews.com\/#website"},"primaryImageOfPage":{"@id":"https:\/\/www.gaveanews.com\/index.php\/2025\/12\/05\/adeus-samuel-lino-do-flamengo-e-desejado-por-clube-da-europa\/#primaryimage"},"image":{"@id":"https:\/\/www.gaveanews.com\/index.php\/2025\/12\/05\/adeus-samuel-lino-do-flamengo-e-desejado-por-clube-da-europa\/#primaryimage"},"thumbnailUrl":"https:\/\/www.gaveanews.com\/wp-content\/uploads\/Samuel-Lino-pelo-Flamengo.png","datePublished":"2025-12-05T21:00:00+00:00","author":{"@id":"https:\/\/www.gaveanews.com\/#\/schema\/person\/daf63eec72e1164eb13dc35096c2b8da"},"breadcrumb":{"@id":"https:\/\/www.gaveanews.com\/index.php\/2025\/12\/05\/adeus-samuel-lino-do-flamengo-e-desejado-por-clube-da-europa\/#breadcrumb"},"inLanguage":"pt-BR","potentialAction":[{"@type":"ReadAction","target":["https:\/\/www.gaveanews.com\/index.php\/2025\/12\/05\/adeus-samuel-lino-do-flamengo-e-desejado-por-clube-da-europa\/"]}]},{"@type":"ImageObject","inLanguage":"pt-BR","@id":"https:\/\/www.gaveanews.com\/index.php\/2025\/12\/05\/adeus-samuel-lino-do-flamengo-e-desejado-por-clube-da-europa\/#primaryimage","url":"https:\/\/www.gaveanews.com\/wp-content\/uploads\/Samuel-Lino-pelo-Flamengo.png","contentUrl":"https:\/\/www.gaveanews.com\/wp-content\/uploads\/Samuel-Lino-pelo-Flamengo.png","width":1200,"height":900,"caption":"Samuel Lino pelo Flamengo (Foto: Gilvan de Souza\/Flamengo)"},{"@type":"BreadcrumbList","@id":"https:\/\/www.gaveanews.com\/index.php\/2025\/12\/05\/adeus-samuel-lino-do-flamengo-e-desejado-por-clube-da-europa\/#breadcrumb","itemListElement":[{"@type":"ListItem","position":1,"name":"Home","item":"https:\/\/www.gaveanews.com\/"},{"@type":"ListItem","position":2,"name":"Adeus? Samuel Lino, do Flamengo, \u00e9 desejado por clube da Europa"}]},{"@type":"WebSite","@id":"https:\/\/www.gaveanews.com\/#website","url":"https:\/\/www.gaveanews.com\/","name":"G\u00e1vea News","description":"Veja todas as not\u00edcias sobre o Flamengo: Contrata\u00e7\u00f5es, categorias de base, resultados das partidas, tabela de classifica\u00e7\u00e3o, pr\u00f3ximos jogos!","potentialAction":[{"@type":"SearchAction","target":{"@type":"EntryPoint","urlTemplate":"https:\/\/www.gaveanews.com\/?s={search_term_string}"},"query-input":{"@type":"PropertyValueSpecification","valueRequired":true,"valueName":"search_term_string"}}],"inLanguage":"pt-BR"},{"@type":"Person","@id":"https:\/\/www.gaveanews.com\/#\/schema\/person\/daf63eec72e1164eb13dc35096c2b8da","name":"Paula Silva","image":{"@type":"ImageObject","inLanguage":"pt-BR","@id":"https:\/\/www.gaveanews.com\/#\/schema\/person\/image\/","url":"https:\/\/secure.gravatar.com\/avatar\/eda381c845527cc5d64c13b901833cda29d97500ba040d3e6461f76f51d163bb?s=96&d=mm&r=g","contentUrl":"https:\/\/secure.gravatar.com\/avatar\/eda381c845527cc5d64c13b901833cda29d97500ba040d3e6461f76f51d163bb?s=96&d=mm&r=g","caption":"Paula Silva"}}]}},"_links":{"self":[{"href":"https:\/\/www.gaveanews.com\/index.php\/wp-json\/wp\/v2\/posts\/281305","targetHints":{"allow":["GET"]}}],"collection":[{"href":"https:\/\/www.gaveanews.com\/index.php\/wp-json\/wp\/v2\/posts"}],"about":[{"href":"https:\/\/www.gaveanews.com\/index.php\/wp-json\/wp\/v2\/types\/post"}],"author":[{"embeddable":true,"href":"https:\/\/www.gaveanews.com\/index.php\/wp-json\/wp\/v2\/users\/18"}],"replies":[{"embeddable":true,"href":"https:\/\/www.gaveanews.com\/index.php\/wp-json\/wp\/v2\/comments?post=281305"}],"version-history":[{"count":1,"href":"https:\/\/www.gaveanews.com\/index.php\/wp-json\/wp\/v2\/posts\/281305\/revisions"}],"predecessor-version":[{"id":281306,"href":"https:\/\/www.gaveanews.com\/index.php\/wp-json\/wp\/v2\/posts\/281305\/revisions\/281306"}],"wp:featuredmedia":[{"embeddable":true,"href":"https:\/\/www.gaveanews.com\/index.php\/wp-json\/wp\/v2\/media\/273324"}],"wp:attachment":[{"href":"https:\/\/www.gaveanews.com\/index.php\/wp-json\/wp\/v2\/media?parent=281305"}],"wp:term":[{"taxonomy":"category","embeddable":true,"href":"https:\/\/www.gaveanews.com\/index.php\/wp-json\/wp\/v2\/categories?post=281305"},{"taxonomy":"post_tag","embeddable":true,"href":"https:\/\/www.gaveanews.com\/index.php\/wp-json\/wp\/v2\/tags?post=281305"}],"curies":[{"name":"wp","href":"https:\/\/api.w.org\/{rel}","templated":true}]}}