{"id":281396,"date":"2025-12-09T11:00:00","date_gmt":"2025-12-09T14:00:00","guid":{"rendered":"https:\/\/www.gaveanews.com\/?p=281396"},"modified":"2025-12-09T11:11:31","modified_gmt":"2025-12-09T14:11:31","slug":"video-presidente-do-flamengo-manda-indireta-ao-palmeiras","status":"publish","type":"post","link":"https:\/\/www.gaveanews.com\/index.php\/2025\/12\/09\/video-presidente-do-flamengo-manda-indireta-ao-palmeiras\/","title":{"rendered":"V\u00eddeo: presidente do Flamengo manda indireta ao Palmeiras"},"content":{"rendered":"\n<p>O debate sobre o uso de gramados sint\u00e9ticos no Brasil ganhou novo cap\u00edtulo na segunda-feira (08). Ap\u00f3s declara\u00e7\u00f5es de Leila Pereira, presidente do Palmeiras, Luiz Eduardo Baptista, o Bap, rebateu a dirigente e defendeu a proposta enviada pelo <a href=\"https:\/\/www.gaveanews.com\/index.php\/category\/brasileirao\/flamengo\/\" target=\"_blank\" rel=\"noreferrer noopener\">Flamengo<\/a> \u00e0 CBF, por padroniza\u00e7\u00e3o e restri\u00e7\u00f5es ao uso da chamada &#8220;grama de pl\u00e1stico&#8221;.<\/p>\n\n\n\n<p>Durante a premia\u00e7\u00e3o da CBF, Bap criticou o uso de gramados artificiais em nome de eventos paralelos ao futebol. <\/p>\n\n\n\n<p>\u201cQuem pensa em ganhar dinheiro fazendo shows deveria trocar de neg\u00f3cio. Saia do futebol e v\u00e1 viver de show business\u201d, afirmou o presidente rubro-negro. Ele tamb\u00e9m classificou os campos sint\u00e9ticos como \u201cvergonhosos\u201d e inadequados ao esporte.<\/p>\n\n\n\n<p>No documento, o Rubro-Negro prop\u00f5e a cria\u00e7\u00e3o de um Programa de Avalia\u00e7\u00e3o e Monitoramento da Qualidade de Gramados do Futebol Brasileiro. A iniciativa sugere crit\u00e9rios t\u00e9cnicos para elevar o padr\u00e3o dos campos, com proibi\u00e7\u00e3o da grama sint\u00e9tica, pr\u00e1tica n\u00e3o adotada por nenhum pa\u00eds campe\u00e3o mundial.<\/p>\n\n\n\n<figure class=\"wp-block-embed is-type-rich is-provider-twitter wp-block-embed-twitter\"><div class=\"wp-block-embed__wrapper\">\n<blockquote class=\"twitter-tweet\" data-width=\"550\" data-dnt=\"true\"><p lang=\"pt\" dir=\"ltr\">\u201cQuem quer dinheiro com shows, troca de neg\u00f3cio. Sai do futebol e vai viver de Show Business.\u201d \ud83e\udd2f\ud83d\udd25<br><br>&#8211; Bap, presidente do Flamengo.<br><br>\ud83c\udfa5 <a href=\"https:\/\/twitter.com\/trivela?ref_src=twsrc%5Etfw\">@trivela<\/a> | <a href=\"https:\/\/twitter.com\/guicalvano?ref_src=twsrc%5Etfw\">@guicalvano<\/a> <a href=\"https:\/\/t.co\/alLTbN1FMR\">https:\/\/t.co\/alLTbN1FMR<\/a><\/p>&mdash; Planeta do Flamengo \ud83c\udf0e (@fla_infos) <a href=\"https:\/\/twitter.com\/fla_infos\/status\/1998217248889299129?ref_src=twsrc%5Etfw\">December 9, 2025<\/a><\/blockquote><script async src=\"https:\/\/platform.twitter.com\/widgets.js\" charset=\"utf-8\"><\/script>\n<\/div><\/figure>\n\n\n\n<h2 class=\"wp-block-heading\" id=\"h-clubes-com-grama-sintetica\">Clubes com grama sint\u00e9tica<\/h2>\n\n\n\n<p>Atualmente, seis clubes da S\u00e9rie A de 2026 utilizam gramados artificiais: Atl\u00e9tico-MG, Athletico-PR, Botafogo, Chapecoense e Palmeiras. A proposta se contrap\u00f5e diretamente a esse modelo, ao qual associa maior risco f\u00edsico e impacto no desempenho dos atletas.<\/p>\n\n\n\n<p>O posicionamento de Bap veio ap\u00f3s Leila Pereira ironizar a iniciativa do clube carioca, mencionando quest\u00f5es como est\u00e1dio pr\u00f3prio e supostas fake news sobre les\u00f5es. A discuss\u00e3o exp\u00f5e um dos principais embates extracampo no futebol nacional para a pr\u00f3xima temporada.<\/p>\n","protected":false},"excerpt":{"rendered":"<p>O debate sobre o uso de gramados sint\u00e9ticos no Brasil ganhou novo cap\u00edtulo na segunda-feira (08). Ap\u00f3s declara\u00e7\u00f5es de Leila Pereira, presidente do Palmeiras, Luiz Eduardo Baptista, o Bap, rebateu a dirigente e defendeu a proposta enviada pelo Flamengo \u00e0 CBF, por padroniza\u00e7\u00e3o e restri\u00e7\u00f5es ao uso da chamada &#8220;grama de pl\u00e1stico&#8221;. Durante a premia\u00e7\u00e3o [&hellip;]<\/p>\n","protected":false},"author":39,"featured_media":279904,"comment_status":"open","ping_status":"closed","sticky":false,"template":"","format":"standard","meta":{"footnotes":""},"categories":[133,1,150],"tags":[549,541,552,306,550,256,551],"class_list":["post-281396","post","type-post","status-publish","format-standard","has-post-thumbnail","hentry","category-brasileirao","category-flamengo","category-palmeiras","tag-bap","tag-cbf","tag-gramado","tag-leila-pereira","tag-luiz-eduardo-baptista","tag-palmeiras","tag-sintetico"],"yoast_head":"<!-- This site is optimized with the Yoast SEO Premium plugin v24.2 (Yoast SEO v26.9) - https:\/\/yoast.com\/product\/yoast-seo-premium-wordpress\/ -->\n<title>V\u00eddeo: presidente do Flamengo manda indireta ao Palmeiras<\/title>\n<meta name=\"description\" content=\"O posicionamento de Bap veio ap\u00f3s Leila Pereira, do Palmeiras, ironizar a iniciativa recente do Flamengo \u00e0 CBF\" \/>\n<meta name=\"robots\" content=\"index, follow, max-snippet:-1, max-image-preview:large, max-video-preview:-1\" \/>\n<link rel=\"canonical\" href=\"https:\/\/www.gaveanews.com\/index.php\/2025\/12\/09\/video-presidente-do-flamengo-manda-indireta-ao-palmeiras\/\" \/>\n<meta property=\"og:locale\" content=\"pt_BR\" \/>\n<meta property=\"og:type\" content=\"article\" \/>\n<meta property=\"og:title\" content=\"V\u00eddeo: presidente do Flamengo manda indireta ao Palmeiras\" \/>\n<meta property=\"og:description\" content=\"O posicionamento de Bap veio ap\u00f3s Leila Pereira, do Palmeiras, ironizar a iniciativa recente do Flamengo \u00e0 CBF\" \/>\n<meta property=\"og:url\" content=\"https:\/\/www.gaveanews.com\/index.php\/2025\/12\/09\/video-presidente-do-flamengo-manda-indireta-ao-palmeiras\/\" \/>\n<meta property=\"og:site_name\" content=\"G\u00e1vea News\" \/>\n<meta property=\"article:publisher\" content=\"https:\/\/facebook.com\/gaveaNews\/\" \/>\n<meta property=\"article:published_time\" content=\"2025-12-09T14:00:00+00:00\" \/>\n<meta property=\"article:modified_time\" content=\"2025-12-09T14:11:31+00:00\" \/>\n<meta property=\"og:image\" content=\"http:\/\/www.gaveanews.com\/wp-content\/uploads\/Luiz-Eduardo-Baptista-presidente-do-Flamengo.jpg\" \/>\n\t<meta property=\"og:image:width\" content=\"1280\" \/>\n\t<meta property=\"og:image:height\" content=\"960\" \/>\n\t<meta property=\"og:image:type\" content=\"image\/jpeg\" \/>\n<meta name=\"author\" content=\"Reda\u00e7\u00e3o\" \/>\n<meta name=\"twitter:card\" content=\"summary_large_image\" \/>\n<meta name=\"twitter:label1\" content=\"Escrito por\" \/>\n\t<meta name=\"twitter:data1\" content=\"Reda\u00e7\u00e3o\" \/>\n\t<meta name=\"twitter:label2\" content=\"Est. tempo de leitura\" \/>\n\t<meta name=\"twitter:data2\" content=\"2 minutos\" \/>\n<script type=\"application\/ld+json\" class=\"yoast-schema-graph\">{\"@context\":\"https:\/\/schema.org\",\"@graph\":[{\"@type\":\"NewsArticle\",\"@id\":\"https:\/\/www.gaveanews.com\/index.php\/2025\/12\/09\/video-presidente-do-flamengo-manda-indireta-ao-palmeiras\/#article\",\"isPartOf\":{\"@id\":\"https:\/\/www.gaveanews.com\/index.php\/2025\/12\/09\/video-presidente-do-flamengo-manda-indireta-ao-palmeiras\/\"},\"author\":{\"name\":\"Reda\u00e7\u00e3o\",\"@id\":\"https:\/\/www.gaveanews.com\/#\/schema\/person\/c88645e3d550d0b6574305e67dd5a716\"},\"headline\":\"V\u00eddeo: presidente do Flamengo manda indireta ao Palmeiras\",\"datePublished\":\"2025-12-09T14:00:00+00:00\",\"dateModified\":\"2025-12-09T14:11:31+00:00\",\"mainEntityOfPage\":{\"@id\":\"https:\/\/www.gaveanews.com\/index.php\/2025\/12\/09\/video-presidente-do-flamengo-manda-indireta-ao-palmeiras\/\"},\"wordCount\":281,\"commentCount\":0,\"image\":{\"@id\":\"https:\/\/www.gaveanews.com\/index.php\/2025\/12\/09\/video-presidente-do-flamengo-manda-indireta-ao-palmeiras\/#primaryimage\"},\"thumbnailUrl\":\"https:\/\/www.gaveanews.com\/wp-content\/uploads\/Luiz-Eduardo-Baptista-presidente-do-Flamengo.jpg\",\"keywords\":[\"Bap\",\"CBF\",\"gramado\",\"Leila Pereira\",\"Luiz Eduardo Baptista\",\"Palmeiras\",\"sint\u00e9tico\"],\"articleSection\":[\"Brasileir\u00e3o\",\"Flamengo\",\"Palmeiras\"],\"inLanguage\":\"pt-BR\",\"potentialAction\":[{\"@type\":\"CommentAction\",\"name\":\"Comment\",\"target\":[\"https:\/\/www.gaveanews.com\/index.php\/2025\/12\/09\/video-presidente-do-flamengo-manda-indireta-ao-palmeiras\/#respond\"]}],\"copyrightYear\":\"2025\",\"copyrightHolder\":{\"@id\":\"https:\/\/www.gaveanews.com\/#organization\"}},{\"@type\":\"WebPage\",\"@id\":\"https:\/\/www.gaveanews.com\/index.php\/2025\/12\/09\/video-presidente-do-flamengo-manda-indireta-ao-palmeiras\/\",\"url\":\"https:\/\/www.gaveanews.com\/index.php\/2025\/12\/09\/video-presidente-do-flamengo-manda-indireta-ao-palmeiras\/\",\"name\":\"V\u00eddeo: presidente do Flamengo manda indireta ao Palmeiras\",\"isPartOf\":{\"@id\":\"https:\/\/www.gaveanews.com\/#website\"},\"primaryImageOfPage\":{\"@id\":\"https:\/\/www.gaveanews.com\/index.php\/2025\/12\/09\/video-presidente-do-flamengo-manda-indireta-ao-palmeiras\/#primaryimage\"},\"image\":{\"@id\":\"https:\/\/www.gaveanews.com\/index.php\/2025\/12\/09\/video-presidente-do-flamengo-manda-indireta-ao-palmeiras\/#primaryimage\"},\"thumbnailUrl\":\"https:\/\/www.gaveanews.com\/wp-content\/uploads\/Luiz-Eduardo-Baptista-presidente-do-Flamengo.jpg\",\"datePublished\":\"2025-12-09T14:00:00+00:00\",\"dateModified\":\"2025-12-09T14:11:31+00:00\",\"author\":{\"@id\":\"https:\/\/www.gaveanews.com\/#\/schema\/person\/c88645e3d550d0b6574305e67dd5a716\"},\"description\":\"O posicionamento de Bap veio ap\u00f3s Leila Pereira, do Palmeiras, ironizar a iniciativa recente do Flamengo \u00e0 CBF\",\"breadcrumb\":{\"@id\":\"https:\/\/www.gaveanews.com\/index.php\/2025\/12\/09\/video-presidente-do-flamengo-manda-indireta-ao-palmeiras\/#breadcrumb\"},\"inLanguage\":\"pt-BR\",\"potentialAction\":[{\"@type\":\"ReadAction\",\"target\":[\"https:\/\/www.gaveanews.com\/index.php\/2025\/12\/09\/video-presidente-do-flamengo-manda-indireta-ao-palmeiras\/\"]}]},{\"@type\":\"ImageObject\",\"inLanguage\":\"pt-BR\",\"@id\":\"https:\/\/www.gaveanews.com\/index.php\/2025\/12\/09\/video-presidente-do-flamengo-manda-indireta-ao-palmeiras\/#primaryimage\",\"url\":\"https:\/\/www.gaveanews.com\/wp-content\/uploads\/Luiz-Eduardo-Baptista-presidente-do-Flamengo.jpg\",\"contentUrl\":\"https:\/\/www.gaveanews.com\/wp-content\/uploads\/Luiz-Eduardo-Baptista-presidente-do-Flamengo.jpg\",\"width\":1280,\"height\":960,\"caption\":\"Luiz Eduardo Baptista, presidente do Flamengo (Foto: Reprodu\u00e7\u00e3o)\"},{\"@type\":\"BreadcrumbList\",\"@id\":\"https:\/\/www.gaveanews.com\/index.php\/2025\/12\/09\/video-presidente-do-flamengo-manda-indireta-ao-palmeiras\/#breadcrumb\",\"itemListElement\":[{\"@type\":\"ListItem\",\"position\":1,\"name\":\"Home\",\"item\":\"https:\/\/www.gaveanews.com\/\"},{\"@type\":\"ListItem\",\"position\":2,\"name\":\"V\u00eddeo: presidente do Flamengo manda indireta ao Palmeiras\"}]},{\"@type\":\"WebSite\",\"@id\":\"https:\/\/www.gaveanews.com\/#website\",\"url\":\"https:\/\/www.gaveanews.com\/\",\"name\":\"G\u00e1vea News\",\"description\":\"Veja todas as not\u00edcias sobre o Flamengo: Contrata\u00e7\u00f5es, categorias de base, resultados das partidas, tabela de classifica\u00e7\u00e3o, pr\u00f3ximos jogos!\",\"potentialAction\":[{\"@type\":\"SearchAction\",\"target\":{\"@type\":\"EntryPoint\",\"urlTemplate\":\"https:\/\/www.gaveanews.com\/?s={search_term_string}\"},\"query-input\":{\"@type\":\"PropertyValueSpecification\",\"valueRequired\":true,\"valueName\":\"search_term_string\"}}],\"inLanguage\":\"pt-BR\"},{\"@type\":\"Person\",\"@id\":\"https:\/\/www.gaveanews.com\/#\/schema\/person\/c88645e3d550d0b6574305e67dd5a716\",\"name\":\"Reda\u00e7\u00e3o\",\"image\":{\"@type\":\"ImageObject\",\"inLanguage\":\"pt-BR\",\"@id\":\"https:\/\/www.gaveanews.com\/#\/schema\/person\/image\/\",\"url\":\"https:\/\/secure.gravatar.com\/avatar\/434098fd823f0dc1b062d14ca22bacaa6e38de28d8c816bbef6fc2f8c44d8ba3?s=96&d=mm&r=g\",\"contentUrl\":\"https:\/\/secure.gravatar.com\/avatar\/434098fd823f0dc1b062d14ca22bacaa6e38de28d8c816bbef6fc2f8c44d8ba3?s=96&d=mm&r=g\",\"caption\":\"Reda\u00e7\u00e3o\"}}]}<\/script>\n<!-- \/ Yoast SEO Premium plugin. -->","yoast_head_json":{"title":"V\u00eddeo: presidente do Flamengo manda indireta ao Palmeiras","description":"O posicionamento de Bap veio ap\u00f3s Leila Pereira, do Palmeiras, ironizar a iniciativa recente do Flamengo \u00e0 CBF","robots":{"index":"index","follow":"follow","max-snippet":"max-snippet:-1","max-image-preview":"max-image-preview:large","max-video-preview":"max-video-preview:-1"},"canonical":"https:\/\/www.gaveanews.com\/index.php\/2025\/12\/09\/video-presidente-do-flamengo-manda-indireta-ao-palmeiras\/","og_locale":"pt_BR","og_type":"article","og_title":"V\u00eddeo: presidente do Flamengo manda indireta ao Palmeiras","og_description":"O posicionamento de Bap veio ap\u00f3s Leila Pereira, do Palmeiras, ironizar a iniciativa recente do Flamengo \u00e0 CBF","og_url":"https:\/\/www.gaveanews.com\/index.php\/2025\/12\/09\/video-presidente-do-flamengo-manda-indireta-ao-palmeiras\/","og_site_name":"G\u00e1vea News","article_publisher":"https:\/\/facebook.com\/gaveaNews\/","article_published_time":"2025-12-09T14:00:00+00:00","article_modified_time":"2025-12-09T14:11:31+00:00","og_image":[{"width":1280,"height":960,"url":"http:\/\/www.gaveanews.com\/wp-content\/uploads\/Luiz-Eduardo-Baptista-presidente-do-Flamengo.jpg","type":"image\/jpeg"}],"author":"Reda\u00e7\u00e3o","twitter_card":"summary_large_image","twitter_misc":{"Escrito por":"Reda\u00e7\u00e3o","Est. tempo de leitura":"2 minutos"},"schema":{"@context":"https:\/\/schema.org","@graph":[{"@type":"NewsArticle","@id":"https:\/\/www.gaveanews.com\/index.php\/2025\/12\/09\/video-presidente-do-flamengo-manda-indireta-ao-palmeiras\/#article","isPartOf":{"@id":"https:\/\/www.gaveanews.com\/index.php\/2025\/12\/09\/video-presidente-do-flamengo-manda-indireta-ao-palmeiras\/"},"author":{"name":"Reda\u00e7\u00e3o","@id":"https:\/\/www.gaveanews.com\/#\/schema\/person\/c88645e3d550d0b6574305e67dd5a716"},"headline":"V\u00eddeo: presidente do Flamengo manda indireta ao Palmeiras","datePublished":"2025-12-09T14:00:00+00:00","dateModified":"2025-12-09T14:11:31+00:00","mainEntityOfPage":{"@id":"https:\/\/www.gaveanews.com\/index.php\/2025\/12\/09\/video-presidente-do-flamengo-manda-indireta-ao-palmeiras\/"},"wordCount":281,"commentCount":0,"image":{"@id":"https:\/\/www.gaveanews.com\/index.php\/2025\/12\/09\/video-presidente-do-flamengo-manda-indireta-ao-palmeiras\/#primaryimage"},"thumbnailUrl":"https:\/\/www.gaveanews.com\/wp-content\/uploads\/Luiz-Eduardo-Baptista-presidente-do-Flamengo.jpg","keywords":["Bap","CBF","gramado","Leila Pereira","Luiz Eduardo Baptista","Palmeiras","sint\u00e9tico"],"articleSection":["Brasileir\u00e3o","Flamengo","Palmeiras"],"inLanguage":"pt-BR","potentialAction":[{"@type":"CommentAction","name":"Comment","target":["https:\/\/www.gaveanews.com\/index.php\/2025\/12\/09\/video-presidente-do-flamengo-manda-indireta-ao-palmeiras\/#respond"]}],"copyrightYear":"2025","copyrightHolder":{"@id":"https:\/\/www.gaveanews.com\/#organization"}},{"@type":"WebPage","@id":"https:\/\/www.gaveanews.com\/index.php\/2025\/12\/09\/video-presidente-do-flamengo-manda-indireta-ao-palmeiras\/","url":"https:\/\/www.gaveanews.com\/index.php\/2025\/12\/09\/video-presidente-do-flamengo-manda-indireta-ao-palmeiras\/","name":"V\u00eddeo: presidente do Flamengo manda indireta ao Palmeiras","isPartOf":{"@id":"https:\/\/www.gaveanews.com\/#website"},"primaryImageOfPage":{"@id":"https:\/\/www.gaveanews.com\/index.php\/2025\/12\/09\/video-presidente-do-flamengo-manda-indireta-ao-palmeiras\/#primaryimage"},"image":{"@id":"https:\/\/www.gaveanews.com\/index.php\/2025\/12\/09\/video-presidente-do-flamengo-manda-indireta-ao-palmeiras\/#primaryimage"},"thumbnailUrl":"https:\/\/www.gaveanews.com\/wp-content\/uploads\/Luiz-Eduardo-Baptista-presidente-do-Flamengo.jpg","datePublished":"2025-12-09T14:00:00+00:00","dateModified":"2025-12-09T14:11:31+00:00","author":{"@id":"https:\/\/www.gaveanews.com\/#\/schema\/person\/c88645e3d550d0b6574305e67dd5a716"},"description":"O posicionamento de Bap veio ap\u00f3s Leila Pereira, do Palmeiras, ironizar a iniciativa recente do Flamengo \u00e0 CBF","breadcrumb":{"@id":"https:\/\/www.gaveanews.com\/index.php\/2025\/12\/09\/video-presidente-do-flamengo-manda-indireta-ao-palmeiras\/#breadcrumb"},"inLanguage":"pt-BR","potentialAction":[{"@type":"ReadAction","target":["https:\/\/www.gaveanews.com\/index.php\/2025\/12\/09\/video-presidente-do-flamengo-manda-indireta-ao-palmeiras\/"]}]},{"@type":"ImageObject","inLanguage":"pt-BR","@id":"https:\/\/www.gaveanews.com\/index.php\/2025\/12\/09\/video-presidente-do-flamengo-manda-indireta-ao-palmeiras\/#primaryimage","url":"https:\/\/www.gaveanews.com\/wp-content\/uploads\/Luiz-Eduardo-Baptista-presidente-do-Flamengo.jpg","contentUrl":"https:\/\/www.gaveanews.com\/wp-content\/uploads\/Luiz-Eduardo-Baptista-presidente-do-Flamengo.jpg","width":1280,"height":960,"caption":"Luiz Eduardo Baptista, presidente do Flamengo (Foto: Reprodu\u00e7\u00e3o)"},{"@type":"BreadcrumbList","@id":"https:\/\/www.gaveanews.com\/index.php\/2025\/12\/09\/video-presidente-do-flamengo-manda-indireta-ao-palmeiras\/#breadcrumb","itemListElement":[{"@type":"ListItem","position":1,"name":"Home","item":"https:\/\/www.gaveanews.com\/"},{"@type":"ListItem","position":2,"name":"V\u00eddeo: presidente do Flamengo manda indireta ao Palmeiras"}]},{"@type":"WebSite","@id":"https:\/\/www.gaveanews.com\/#website","url":"https:\/\/www.gaveanews.com\/","name":"G\u00e1vea News","description":"Veja todas as not\u00edcias sobre o Flamengo: Contrata\u00e7\u00f5es, categorias de base, resultados das partidas, tabela de classifica\u00e7\u00e3o, pr\u00f3ximos jogos!","potentialAction":[{"@type":"SearchAction","target":{"@type":"EntryPoint","urlTemplate":"https:\/\/www.gaveanews.com\/?s={search_term_string}"},"query-input":{"@type":"PropertyValueSpecification","valueRequired":true,"valueName":"search_term_string"}}],"inLanguage":"pt-BR"},{"@type":"Person","@id":"https:\/\/www.gaveanews.com\/#\/schema\/person\/c88645e3d550d0b6574305e67dd5a716","name":"Reda\u00e7\u00e3o","image":{"@type":"ImageObject","inLanguage":"pt-BR","@id":"https:\/\/www.gaveanews.com\/#\/schema\/person\/image\/","url":"https:\/\/secure.gravatar.com\/avatar\/434098fd823f0dc1b062d14ca22bacaa6e38de28d8c816bbef6fc2f8c44d8ba3?s=96&d=mm&r=g","contentUrl":"https:\/\/secure.gravatar.com\/avatar\/434098fd823f0dc1b062d14ca22bacaa6e38de28d8c816bbef6fc2f8c44d8ba3?s=96&d=mm&r=g","caption":"Reda\u00e7\u00e3o"}}]}},"_links":{"self":[{"href":"https:\/\/www.gaveanews.com\/index.php\/wp-json\/wp\/v2\/posts\/281396","targetHints":{"allow":["GET"]}}],"collection":[{"href":"https:\/\/www.gaveanews.com\/index.php\/wp-json\/wp\/v2\/posts"}],"about":[{"href":"https:\/\/www.gaveanews.com\/index.php\/wp-json\/wp\/v2\/types\/post"}],"author":[{"embeddable":true,"href":"https:\/\/www.gaveanews.com\/index.php\/wp-json\/wp\/v2\/users\/39"}],"replies":[{"embeddable":true,"href":"https:\/\/www.gaveanews.com\/index.php\/wp-json\/wp\/v2\/comments?post=281396"}],"version-history":[{"count":1,"href":"https:\/\/www.gaveanews.com\/index.php\/wp-json\/wp\/v2\/posts\/281396\/revisions"}],"predecessor-version":[{"id":281397,"href":"https:\/\/www.gaveanews.com\/index.php\/wp-json\/wp\/v2\/posts\/281396\/revisions\/281397"}],"wp:featuredmedia":[{"embeddable":true,"href":"https:\/\/www.gaveanews.com\/index.php\/wp-json\/wp\/v2\/media\/279904"}],"wp:attachment":[{"href":"https:\/\/www.gaveanews.com\/index.php\/wp-json\/wp\/v2\/media?parent=281396"}],"wp:term":[{"taxonomy":"category","embeddable":true,"href":"https:\/\/www.gaveanews.com\/index.php\/wp-json\/wp\/v2\/categories?post=281396"},{"taxonomy":"post_tag","embeddable":true,"href":"https:\/\/www.gaveanews.com\/index.php\/wp-json\/wp\/v2\/tags?post=281396"}],"curies":[{"name":"wp","href":"https:\/\/api.w.org\/{rel}","templated":true}]}}