{"id":281415,"date":"2025-12-09T13:50:00","date_gmt":"2025-12-09T16:50:00","guid":{"rendered":"https:\/\/www.gaveanews.com\/?p=281415"},"modified":"2025-12-09T14:21:10","modified_gmt":"2025-12-09T17:21:10","slug":"video-a-declaracao-do-presidente-do-cruzeiro-direcionada-a-arrascaeta-do-flamengo","status":"publish","type":"post","link":"https:\/\/www.gaveanews.com\/index.php\/2025\/12\/09\/video-a-declaracao-do-presidente-do-cruzeiro-direcionada-a-arrascaeta-do-flamengo\/","title":{"rendered":"V\u00eddeo: a declara\u00e7\u00e3o do presidente do Cruzeiro direcionada a Arrascaeta, do Flamengo"},"content":{"rendered":"\n<p>Durante a premia\u00e7\u00e3o do Campeonato Brasileiro de 2025, no Rio de Janeiro, Pedrinho, dono da SAF do Cruzeiro, protagonizou um momento descontra\u00eddo ao relembrar a antiga liga\u00e7\u00e3o de Arrascaeta com o clube mineiro. <\/p>\n\n\n\n<p>Ao lado de Luiz Eduardo Baptista, presidente do <a href=\"https:\/\/www.gaveanews.com\/index.php\/category\/brasileirao\/flamengo\/\" target=\"_blank\" rel=\"noreferrer noopener\">Flamengo<\/a>, o dirigente celeste fez refer\u00eancia \u00e0 passagem do uruguaio pela Toca da Raposa enquanto recebia o pr\u00eamio destinado aos jogadores da equipe celeste.<\/p>\n\n\n\n<p>Matheus Pereira, atual camisa 10 do Cruzeiro, foi eleito um dos melhores meio-campistas da competi\u00e7\u00e3o, ao lado justamente de Giorgian de Arrascaeta, destaque do Rubro-Negro. No palco, Pedrinho comentou a coincid\u00eancia com bom humor: <\/p>\n\n\n\n<p>\u201cAgrade\u00e7o ao (Matheus) Pereira, nosso 10. O Flamengo tem o nosso 10, que n\u00f3s cedemos para voc\u00eas, n\u00e9, Bap? Ent\u00e3o, s\u00e3o os dois camisas 10 l\u00e1 da Toca\u201d.<\/p>\n\n\n\n<figure class=\"wp-block-embed is-type-rich is-provider-twitter wp-block-embed-twitter\"><div class=\"wp-block-embed__wrapper\">\n<blockquote class=\"twitter-tweet\" data-width=\"550\" data-dnt=\"true\"><p lang=\"pt\" dir=\"ltr\">Pedro Louren\u00e7o, dono da SAF do Cruzeiro, brinca com Bap, presidente do Flamengo:<br><br>\u201cAgrade\u00e7o ao (Matheus) Pereira, nosso 10. O Flamengo tem o nosso 10, que n\u00f3s cedemos pra voc\u00eas, n\u00e9, Bap? Ent\u00e3o, s\u00e3o os dois camisas 10 l\u00e1 da Toca.\u201d<br><br>\ud83c\udfa5 Reprodu\u00e7\u00e3o\/CBF TV <a href=\"https:\/\/t.co\/kIA97F2XUo\">pic.twitter.com\/kIA97F2XUo<\/a><\/p>&mdash; Planeta do Futebol \ud83c\udf0e (@futebol_info) <a href=\"https:\/\/twitter.com\/futebol_info\/status\/1998196816744165778?ref_src=twsrc%5Etfw\">December 9, 2025<\/a><\/blockquote><script async src=\"https:\/\/platform.twitter.com\/widgets.js\" charset=\"utf-8\"><\/script>\n<\/div><\/figure>\n\n\n\n<h3 class=\"wp-block-heading\" id=\"h-arrascaeta-no-cruzeiro\">Arrascaeta no Cruzeiro<\/h3>\n\n\n\n<p>O uruguaio atuou na Toca entre 2015 e 2018, quando deixou Belo Horizonte para assinar com o Flamengo, em janeiro de 2019. O clube carioca desembolsou 18 milh\u00f5es de euros (cerca de R$ 76,5 milh\u00f5es, \u00e0 \u00e9poca) para adquirir 70% dos direitos econ\u00f4micos do atleta.<\/p>\n\n\n\n<p>Antes do acerto, o empres\u00e1rio Daniel Fonseca apresentou uma proposta \u00e0 c\u00fapula mineira, prontamente recusada pela diretoria. Ap\u00f3s o impasse, o jogador recebeu orienta\u00e7\u00f5es para n\u00e3o se reapresentar na Toca II, o que gerou uma quest\u00e3o p\u00fablica entre representantes do atleta e os dirigentes do clube mineiro.<\/p>\n\n\n\n<p>O epis\u00f3dio terminou com trocas de acusa\u00e7\u00f5es entre as partes e marcou uma das transfer\u00eancias mais turbulentas do futebol brasileiro naquele ano. <\/p>\n","protected":false},"excerpt":{"rendered":"<p>Durante a premia\u00e7\u00e3o do Campeonato Brasileiro de 2025, no Rio de Janeiro, Pedrinho, dono da SAF do Cruzeiro, protagonizou um momento descontra\u00eddo ao relembrar a antiga liga\u00e7\u00e3o de Arrascaeta com o clube mineiro. Ao lado de Luiz Eduardo Baptista, presidente do Flamengo, o dirigente celeste fez refer\u00eancia \u00e0 passagem do uruguaio pela Toca da Raposa [&hellip;]<\/p>\n","protected":false},"author":39,"featured_media":154843,"comment_status":"open","ping_status":"closed","sticky":false,"template":"","format":"standard","meta":{"footnotes":""},"categories":[143,1],"tags":[527,555,541,307,569,250,571,570],"class_list":["post-281415","post","type-post","status-publish","format-standard","has-post-thumbnail","hentry","category-cruzeiro","category-flamengo","tag-arrascaeta","tag-campeonato-brasileiro","tag-cbf","tag-cruzeiro","tag-espn","tag-flamengo","tag-pedrinho","tag-pedro-lourenco"],"yoast_head":"<!-- This site is optimized with the Yoast SEO Premium plugin v24.2 (Yoast SEO v26.9) - https:\/\/yoast.com\/product\/yoast-seo-premium-wordpress\/ -->\n<title>V\u00eddeo: a declara\u00e7\u00e3o do presidente do Cruzeiro direcionada a Arrascaeta, do Flamengo<\/title>\n<meta name=\"description\" content=\"A passagem de Arrascaeta pela Toca terminou com trocas de acusa\u00e7\u00f5es e marcou uma das transfer\u00eancias mais turbulentas do Brasil em 2019\" \/>\n<meta name=\"robots\" content=\"index, follow, max-snippet:-1, max-image-preview:large, max-video-preview:-1\" \/>\n<link rel=\"canonical\" href=\"https:\/\/www.gaveanews.com\/index.php\/2025\/12\/09\/video-a-declaracao-do-presidente-do-cruzeiro-direcionada-a-arrascaeta-do-flamengo\/\" \/>\n<meta property=\"og:locale\" content=\"pt_BR\" \/>\n<meta property=\"og:type\" content=\"article\" \/>\n<meta property=\"og:title\" content=\"V\u00eddeo: a declara\u00e7\u00e3o do presidente do Cruzeiro direcionada a Arrascaeta, do Flamengo\" \/>\n<meta property=\"og:description\" content=\"A passagem de Arrascaeta pela Toca terminou com trocas de acusa\u00e7\u00f5es e marcou uma das transfer\u00eancias mais turbulentas do Brasil em 2019\" \/>\n<meta property=\"og:url\" content=\"https:\/\/www.gaveanews.com\/index.php\/2025\/12\/09\/video-a-declaracao-do-presidente-do-cruzeiro-direcionada-a-arrascaeta-do-flamengo\/\" \/>\n<meta property=\"og:site_name\" content=\"G\u00e1vea News\" \/>\n<meta property=\"article:publisher\" content=\"https:\/\/facebook.com\/gaveaNews\/\" \/>\n<meta property=\"article:published_time\" content=\"2025-12-09T16:50:00+00:00\" \/>\n<meta property=\"article:modified_time\" content=\"2025-12-09T17:21:10+00:00\" \/>\n<meta property=\"og:image\" content=\"http:\/\/www.gaveanews.com\/wp-content\/uploads\/Pedro-Lourenco-de-Oliveira-dono-da-SAF-do-Cruzeiro.webp\" \/>\n\t<meta property=\"og:image:width\" content=\"1440\" \/>\n\t<meta property=\"og:image:height\" content=\"960\" \/>\n\t<meta property=\"og:image:type\" content=\"image\/webp\" \/>\n<meta name=\"author\" content=\"Reda\u00e7\u00e3o\" \/>\n<meta name=\"twitter:card\" content=\"summary_large_image\" \/>\n<meta name=\"twitter:label1\" content=\"Escrito por\" \/>\n\t<meta name=\"twitter:data1\" content=\"Reda\u00e7\u00e3o\" \/>\n\t<meta name=\"twitter:label2\" content=\"Est. tempo de leitura\" \/>\n\t<meta name=\"twitter:data2\" content=\"2 minutos\" \/>\n<script type=\"application\/ld+json\" class=\"yoast-schema-graph\">{\"@context\":\"https:\/\/schema.org\",\"@graph\":[{\"@type\":\"NewsArticle\",\"@id\":\"https:\/\/www.gaveanews.com\/index.php\/2025\/12\/09\/video-a-declaracao-do-presidente-do-cruzeiro-direcionada-a-arrascaeta-do-flamengo\/#article\",\"isPartOf\":{\"@id\":\"https:\/\/www.gaveanews.com\/index.php\/2025\/12\/09\/video-a-declaracao-do-presidente-do-cruzeiro-direcionada-a-arrascaeta-do-flamengo\/\"},\"author\":{\"name\":\"Reda\u00e7\u00e3o\",\"@id\":\"https:\/\/www.gaveanews.com\/#\/schema\/person\/c88645e3d550d0b6574305e67dd5a716\"},\"headline\":\"V\u00eddeo: a declara\u00e7\u00e3o do presidente do Cruzeiro direcionada a Arrascaeta, do Flamengo\",\"datePublished\":\"2025-12-09T16:50:00+00:00\",\"dateModified\":\"2025-12-09T17:21:10+00:00\",\"mainEntityOfPage\":{\"@id\":\"https:\/\/www.gaveanews.com\/index.php\/2025\/12\/09\/video-a-declaracao-do-presidente-do-cruzeiro-direcionada-a-arrascaeta-do-flamengo\/\"},\"wordCount\":275,\"commentCount\":0,\"image\":{\"@id\":\"https:\/\/www.gaveanews.com\/index.php\/2025\/12\/09\/video-a-declaracao-do-presidente-do-cruzeiro-direcionada-a-arrascaeta-do-flamengo\/#primaryimage\"},\"thumbnailUrl\":\"https:\/\/www.gaveanews.com\/wp-content\/uploads\/Pedro-Lourenco-de-Oliveira-dono-da-SAF-do-Cruzeiro.webp\",\"keywords\":[\"Arrascaeta\",\"Campeonato Brasileiro\",\"CBF\",\"Cruzeiro\",\"ESPN\",\"Flamengo\",\"Pedrinho\",\"Pedro Louren\u00e7o\"],\"articleSection\":[\"Cruzeiro\",\"Flamengo\"],\"inLanguage\":\"pt-BR\",\"potentialAction\":[{\"@type\":\"CommentAction\",\"name\":\"Comment\",\"target\":[\"https:\/\/www.gaveanews.com\/index.php\/2025\/12\/09\/video-a-declaracao-do-presidente-do-cruzeiro-direcionada-a-arrascaeta-do-flamengo\/#respond\"]}],\"copyrightYear\":\"2025\",\"copyrightHolder\":{\"@id\":\"https:\/\/www.gaveanews.com\/#organization\"}},{\"@type\":\"WebPage\",\"@id\":\"https:\/\/www.gaveanews.com\/index.php\/2025\/12\/09\/video-a-declaracao-do-presidente-do-cruzeiro-direcionada-a-arrascaeta-do-flamengo\/\",\"url\":\"https:\/\/www.gaveanews.com\/index.php\/2025\/12\/09\/video-a-declaracao-do-presidente-do-cruzeiro-direcionada-a-arrascaeta-do-flamengo\/\",\"name\":\"V\u00eddeo: a declara\u00e7\u00e3o do presidente do Cruzeiro direcionada a Arrascaeta, do Flamengo\",\"isPartOf\":{\"@id\":\"https:\/\/www.gaveanews.com\/#website\"},\"primaryImageOfPage\":{\"@id\":\"https:\/\/www.gaveanews.com\/index.php\/2025\/12\/09\/video-a-declaracao-do-presidente-do-cruzeiro-direcionada-a-arrascaeta-do-flamengo\/#primaryimage\"},\"image\":{\"@id\":\"https:\/\/www.gaveanews.com\/index.php\/2025\/12\/09\/video-a-declaracao-do-presidente-do-cruzeiro-direcionada-a-arrascaeta-do-flamengo\/#primaryimage\"},\"thumbnailUrl\":\"https:\/\/www.gaveanews.com\/wp-content\/uploads\/Pedro-Lourenco-de-Oliveira-dono-da-SAF-do-Cruzeiro.webp\",\"datePublished\":\"2025-12-09T16:50:00+00:00\",\"dateModified\":\"2025-12-09T17:21:10+00:00\",\"author\":{\"@id\":\"https:\/\/www.gaveanews.com\/#\/schema\/person\/c88645e3d550d0b6574305e67dd5a716\"},\"description\":\"A passagem de Arrascaeta pela Toca terminou com trocas de acusa\u00e7\u00f5es e marcou uma das transfer\u00eancias mais turbulentas do Brasil em 2019\",\"breadcrumb\":{\"@id\":\"https:\/\/www.gaveanews.com\/index.php\/2025\/12\/09\/video-a-declaracao-do-presidente-do-cruzeiro-direcionada-a-arrascaeta-do-flamengo\/#breadcrumb\"},\"inLanguage\":\"pt-BR\",\"potentialAction\":[{\"@type\":\"ReadAction\",\"target\":[\"https:\/\/www.gaveanews.com\/index.php\/2025\/12\/09\/video-a-declaracao-do-presidente-do-cruzeiro-direcionada-a-arrascaeta-do-flamengo\/\"]}]},{\"@type\":\"ImageObject\",\"inLanguage\":\"pt-BR\",\"@id\":\"https:\/\/www.gaveanews.com\/index.php\/2025\/12\/09\/video-a-declaracao-do-presidente-do-cruzeiro-direcionada-a-arrascaeta-do-flamengo\/#primaryimage\",\"url\":\"https:\/\/www.gaveanews.com\/wp-content\/uploads\/Pedro-Lourenco-de-Oliveira-dono-da-SAF-do-Cruzeiro.webp\",\"contentUrl\":\"https:\/\/www.gaveanews.com\/wp-content\/uploads\/Pedro-Lourenco-de-Oliveira-dono-da-SAF-do-Cruzeiro.webp\",\"width\":1440,\"height\":960,\"caption\":\"Pedro Louren\u00e7o de Oliveira, dono da SAF do Cruzeiro (Foto: Reprodu\u00e7\u00e3o\/Instagram)\"},{\"@type\":\"BreadcrumbList\",\"@id\":\"https:\/\/www.gaveanews.com\/index.php\/2025\/12\/09\/video-a-declaracao-do-presidente-do-cruzeiro-direcionada-a-arrascaeta-do-flamengo\/#breadcrumb\",\"itemListElement\":[{\"@type\":\"ListItem\",\"position\":1,\"name\":\"Home\",\"item\":\"https:\/\/www.gaveanews.com\/\"},{\"@type\":\"ListItem\",\"position\":2,\"name\":\"V\u00eddeo: a declara\u00e7\u00e3o do presidente do Cruzeiro direcionada a Arrascaeta, do Flamengo\"}]},{\"@type\":\"WebSite\",\"@id\":\"https:\/\/www.gaveanews.com\/#website\",\"url\":\"https:\/\/www.gaveanews.com\/\",\"name\":\"G\u00e1vea News\",\"description\":\"Veja todas as not\u00edcias sobre o Flamengo: Contrata\u00e7\u00f5es, categorias de base, resultados das partidas, tabela de classifica\u00e7\u00e3o, pr\u00f3ximos jogos!\",\"potentialAction\":[{\"@type\":\"SearchAction\",\"target\":{\"@type\":\"EntryPoint\",\"urlTemplate\":\"https:\/\/www.gaveanews.com\/?s={search_term_string}\"},\"query-input\":{\"@type\":\"PropertyValueSpecification\",\"valueRequired\":true,\"valueName\":\"search_term_string\"}}],\"inLanguage\":\"pt-BR\"},{\"@type\":\"Person\",\"@id\":\"https:\/\/www.gaveanews.com\/#\/schema\/person\/c88645e3d550d0b6574305e67dd5a716\",\"name\":\"Reda\u00e7\u00e3o\",\"image\":{\"@type\":\"ImageObject\",\"inLanguage\":\"pt-BR\",\"@id\":\"https:\/\/www.gaveanews.com\/#\/schema\/person\/image\/\",\"url\":\"https:\/\/secure.gravatar.com\/avatar\/434098fd823f0dc1b062d14ca22bacaa6e38de28d8c816bbef6fc2f8c44d8ba3?s=96&d=mm&r=g\",\"contentUrl\":\"https:\/\/secure.gravatar.com\/avatar\/434098fd823f0dc1b062d14ca22bacaa6e38de28d8c816bbef6fc2f8c44d8ba3?s=96&d=mm&r=g\",\"caption\":\"Reda\u00e7\u00e3o\"}}]}<\/script>\n<!-- \/ Yoast SEO Premium plugin. -->","yoast_head_json":{"title":"V\u00eddeo: a declara\u00e7\u00e3o do presidente do Cruzeiro direcionada a Arrascaeta, do Flamengo","description":"A passagem de Arrascaeta pela Toca terminou com trocas de acusa\u00e7\u00f5es e marcou uma das transfer\u00eancias mais turbulentas do Brasil em 2019","robots":{"index":"index","follow":"follow","max-snippet":"max-snippet:-1","max-image-preview":"max-image-preview:large","max-video-preview":"max-video-preview:-1"},"canonical":"https:\/\/www.gaveanews.com\/index.php\/2025\/12\/09\/video-a-declaracao-do-presidente-do-cruzeiro-direcionada-a-arrascaeta-do-flamengo\/","og_locale":"pt_BR","og_type":"article","og_title":"V\u00eddeo: a declara\u00e7\u00e3o do presidente do Cruzeiro direcionada a Arrascaeta, do Flamengo","og_description":"A passagem de Arrascaeta pela Toca terminou com trocas de acusa\u00e7\u00f5es e marcou uma das transfer\u00eancias mais turbulentas do Brasil em 2019","og_url":"https:\/\/www.gaveanews.com\/index.php\/2025\/12\/09\/video-a-declaracao-do-presidente-do-cruzeiro-direcionada-a-arrascaeta-do-flamengo\/","og_site_name":"G\u00e1vea News","article_publisher":"https:\/\/facebook.com\/gaveaNews\/","article_published_time":"2025-12-09T16:50:00+00:00","article_modified_time":"2025-12-09T17:21:10+00:00","og_image":[{"width":1440,"height":960,"url":"http:\/\/www.gaveanews.com\/wp-content\/uploads\/Pedro-Lourenco-de-Oliveira-dono-da-SAF-do-Cruzeiro.webp","type":"image\/webp"}],"author":"Reda\u00e7\u00e3o","twitter_card":"summary_large_image","twitter_misc":{"Escrito por":"Reda\u00e7\u00e3o","Est. tempo de leitura":"2 minutos"},"schema":{"@context":"https:\/\/schema.org","@graph":[{"@type":"NewsArticle","@id":"https:\/\/www.gaveanews.com\/index.php\/2025\/12\/09\/video-a-declaracao-do-presidente-do-cruzeiro-direcionada-a-arrascaeta-do-flamengo\/#article","isPartOf":{"@id":"https:\/\/www.gaveanews.com\/index.php\/2025\/12\/09\/video-a-declaracao-do-presidente-do-cruzeiro-direcionada-a-arrascaeta-do-flamengo\/"},"author":{"name":"Reda\u00e7\u00e3o","@id":"https:\/\/www.gaveanews.com\/#\/schema\/person\/c88645e3d550d0b6574305e67dd5a716"},"headline":"V\u00eddeo: a declara\u00e7\u00e3o do presidente do Cruzeiro direcionada a Arrascaeta, do Flamengo","datePublished":"2025-12-09T16:50:00+00:00","dateModified":"2025-12-09T17:21:10+00:00","mainEntityOfPage":{"@id":"https:\/\/www.gaveanews.com\/index.php\/2025\/12\/09\/video-a-declaracao-do-presidente-do-cruzeiro-direcionada-a-arrascaeta-do-flamengo\/"},"wordCount":275,"commentCount":0,"image":{"@id":"https:\/\/www.gaveanews.com\/index.php\/2025\/12\/09\/video-a-declaracao-do-presidente-do-cruzeiro-direcionada-a-arrascaeta-do-flamengo\/#primaryimage"},"thumbnailUrl":"https:\/\/www.gaveanews.com\/wp-content\/uploads\/Pedro-Lourenco-de-Oliveira-dono-da-SAF-do-Cruzeiro.webp","keywords":["Arrascaeta","Campeonato Brasileiro","CBF","Cruzeiro","ESPN","Flamengo","Pedrinho","Pedro Louren\u00e7o"],"articleSection":["Cruzeiro","Flamengo"],"inLanguage":"pt-BR","potentialAction":[{"@type":"CommentAction","name":"Comment","target":["https:\/\/www.gaveanews.com\/index.php\/2025\/12\/09\/video-a-declaracao-do-presidente-do-cruzeiro-direcionada-a-arrascaeta-do-flamengo\/#respond"]}],"copyrightYear":"2025","copyrightHolder":{"@id":"https:\/\/www.gaveanews.com\/#organization"}},{"@type":"WebPage","@id":"https:\/\/www.gaveanews.com\/index.php\/2025\/12\/09\/video-a-declaracao-do-presidente-do-cruzeiro-direcionada-a-arrascaeta-do-flamengo\/","url":"https:\/\/www.gaveanews.com\/index.php\/2025\/12\/09\/video-a-declaracao-do-presidente-do-cruzeiro-direcionada-a-arrascaeta-do-flamengo\/","name":"V\u00eddeo: a declara\u00e7\u00e3o do presidente do Cruzeiro direcionada a Arrascaeta, do Flamengo","isPartOf":{"@id":"https:\/\/www.gaveanews.com\/#website"},"primaryImageOfPage":{"@id":"https:\/\/www.gaveanews.com\/index.php\/2025\/12\/09\/video-a-declaracao-do-presidente-do-cruzeiro-direcionada-a-arrascaeta-do-flamengo\/#primaryimage"},"image":{"@id":"https:\/\/www.gaveanews.com\/index.php\/2025\/12\/09\/video-a-declaracao-do-presidente-do-cruzeiro-direcionada-a-arrascaeta-do-flamengo\/#primaryimage"},"thumbnailUrl":"https:\/\/www.gaveanews.com\/wp-content\/uploads\/Pedro-Lourenco-de-Oliveira-dono-da-SAF-do-Cruzeiro.webp","datePublished":"2025-12-09T16:50:00+00:00","dateModified":"2025-12-09T17:21:10+00:00","author":{"@id":"https:\/\/www.gaveanews.com\/#\/schema\/person\/c88645e3d550d0b6574305e67dd5a716"},"description":"A passagem de Arrascaeta pela Toca terminou com trocas de acusa\u00e7\u00f5es e marcou uma das transfer\u00eancias mais turbulentas do Brasil em 2019","breadcrumb":{"@id":"https:\/\/www.gaveanews.com\/index.php\/2025\/12\/09\/video-a-declaracao-do-presidente-do-cruzeiro-direcionada-a-arrascaeta-do-flamengo\/#breadcrumb"},"inLanguage":"pt-BR","potentialAction":[{"@type":"ReadAction","target":["https:\/\/www.gaveanews.com\/index.php\/2025\/12\/09\/video-a-declaracao-do-presidente-do-cruzeiro-direcionada-a-arrascaeta-do-flamengo\/"]}]},{"@type":"ImageObject","inLanguage":"pt-BR","@id":"https:\/\/www.gaveanews.com\/index.php\/2025\/12\/09\/video-a-declaracao-do-presidente-do-cruzeiro-direcionada-a-arrascaeta-do-flamengo\/#primaryimage","url":"https:\/\/www.gaveanews.com\/wp-content\/uploads\/Pedro-Lourenco-de-Oliveira-dono-da-SAF-do-Cruzeiro.webp","contentUrl":"https:\/\/www.gaveanews.com\/wp-content\/uploads\/Pedro-Lourenco-de-Oliveira-dono-da-SAF-do-Cruzeiro.webp","width":1440,"height":960,"caption":"Pedro Louren\u00e7o de Oliveira, dono da SAF do Cruzeiro (Foto: Reprodu\u00e7\u00e3o\/Instagram)"},{"@type":"BreadcrumbList","@id":"https:\/\/www.gaveanews.com\/index.php\/2025\/12\/09\/video-a-declaracao-do-presidente-do-cruzeiro-direcionada-a-arrascaeta-do-flamengo\/#breadcrumb","itemListElement":[{"@type":"ListItem","position":1,"name":"Home","item":"https:\/\/www.gaveanews.com\/"},{"@type":"ListItem","position":2,"name":"V\u00eddeo: a declara\u00e7\u00e3o do presidente do Cruzeiro direcionada a Arrascaeta, do Flamengo"}]},{"@type":"WebSite","@id":"https:\/\/www.gaveanews.com\/#website","url":"https:\/\/www.gaveanews.com\/","name":"G\u00e1vea News","description":"Veja todas as not\u00edcias sobre o Flamengo: Contrata\u00e7\u00f5es, categorias de base, resultados das partidas, tabela de classifica\u00e7\u00e3o, pr\u00f3ximos jogos!","potentialAction":[{"@type":"SearchAction","target":{"@type":"EntryPoint","urlTemplate":"https:\/\/www.gaveanews.com\/?s={search_term_string}"},"query-input":{"@type":"PropertyValueSpecification","valueRequired":true,"valueName":"search_term_string"}}],"inLanguage":"pt-BR"},{"@type":"Person","@id":"https:\/\/www.gaveanews.com\/#\/schema\/person\/c88645e3d550d0b6574305e67dd5a716","name":"Reda\u00e7\u00e3o","image":{"@type":"ImageObject","inLanguage":"pt-BR","@id":"https:\/\/www.gaveanews.com\/#\/schema\/person\/image\/","url":"https:\/\/secure.gravatar.com\/avatar\/434098fd823f0dc1b062d14ca22bacaa6e38de28d8c816bbef6fc2f8c44d8ba3?s=96&d=mm&r=g","contentUrl":"https:\/\/secure.gravatar.com\/avatar\/434098fd823f0dc1b062d14ca22bacaa6e38de28d8c816bbef6fc2f8c44d8ba3?s=96&d=mm&r=g","caption":"Reda\u00e7\u00e3o"}}]}},"_links":{"self":[{"href":"https:\/\/www.gaveanews.com\/index.php\/wp-json\/wp\/v2\/posts\/281415","targetHints":{"allow":["GET"]}}],"collection":[{"href":"https:\/\/www.gaveanews.com\/index.php\/wp-json\/wp\/v2\/posts"}],"about":[{"href":"https:\/\/www.gaveanews.com\/index.php\/wp-json\/wp\/v2\/types\/post"}],"author":[{"embeddable":true,"href":"https:\/\/www.gaveanews.com\/index.php\/wp-json\/wp\/v2\/users\/39"}],"replies":[{"embeddable":true,"href":"https:\/\/www.gaveanews.com\/index.php\/wp-json\/wp\/v2\/comments?post=281415"}],"version-history":[{"count":2,"href":"https:\/\/www.gaveanews.com\/index.php\/wp-json\/wp\/v2\/posts\/281415\/revisions"}],"predecessor-version":[{"id":281419,"href":"https:\/\/www.gaveanews.com\/index.php\/wp-json\/wp\/v2\/posts\/281415\/revisions\/281419"}],"wp:featuredmedia":[{"embeddable":true,"href":"https:\/\/www.gaveanews.com\/index.php\/wp-json\/wp\/v2\/media\/154843"}],"wp:attachment":[{"href":"https:\/\/www.gaveanews.com\/index.php\/wp-json\/wp\/v2\/media?parent=281415"}],"wp:term":[{"taxonomy":"category","embeddable":true,"href":"https:\/\/www.gaveanews.com\/index.php\/wp-json\/wp\/v2\/categories?post=281415"},{"taxonomy":"post_tag","embeddable":true,"href":"https:\/\/www.gaveanews.com\/index.php\/wp-json\/wp\/v2\/tags?post=281415"}],"curies":[{"name":"wp","href":"https:\/\/api.w.org\/{rel}","templated":true}]}}