{"id":281478,"date":"2025-12-10T16:21:49","date_gmt":"2025-12-10T19:21:49","guid":{"rendered":"https:\/\/www.gaveanews.com\/?p=281478"},"modified":"2025-12-10T16:23:18","modified_gmt":"2025-12-10T19:23:18","slug":"arrascaeta-decide-para-o-flamengo-que-se-classifica-e-ganha-titulo-no-mundial","status":"publish","type":"post","link":"https:\/\/www.gaveanews.com\/index.php\/2025\/12\/10\/arrascaeta-decide-para-o-flamengo-que-se-classifica-e-ganha-titulo-no-mundial\/","title":{"rendered":"Arrascaeta decide, e Flamengo se classifica no Mundial"},"content":{"rendered":"\n<p>O Flamengo deu mais um passo em sua trajet\u00f3ria internacional ao vencer o Cruz Azul por 2 a 1, nesta quarta-feira (10), no Est\u00e1dio Ahmad Bin Ali, em Al-Rayyan, no Catar. O confronto foi v\u00e1lido pela fase inicial da Copa Intercontinental, competi\u00e7\u00e3o organizada pela Fifa com moldes renovados desde 2024.<\/p>\n\n\n\n<p>A classifica\u00e7\u00e3o coloca o time comandado por Filipe Lu\u00eds na semifinal do torneio. O advers\u00e1rio ser\u00e1 o Pyramids, do Egito, em partida marcada para s\u00e1bado (13), \u00e0s 14 horas (hor\u00e1rio de Bras\u00edlia). O vencedor desse duelo enfrentar\u00e1 o Paris Saint-Germain na grande final, prevista para quarta-feira (17).<\/p>\n\n\n\n<p>Em campo, o nome do jogo foi Arrascaeta. O uruguaio marcou os dois gols da equipe rubro-negra e teve participa\u00e7\u00e3o decisiva em um confronto de poucas chances claras. Ali\u00e1s, a atua\u00e7\u00e3o ganhou contornos especiais por ocorrer dias ap\u00f3s o nascimento de seu filho, Milano, homenageado na comemora\u00e7\u00e3o do primeiro gol.<\/p>\n\n\n\n<p>A abertura do placar veio aos 14 minutos da etapa inicial, quando Gonzalo Piovi tentou sair jogando e entregou a bola nos p\u00e9s de Arrascaeta. O camisa 10 driblou o goleiro Gudi\u00f1o e finalizou com tranquilidade. Contudo, a equipe mexicana reagiu e conseguiu o empate ainda no primeiro tempo, aos 43, com Jorge S\u00e1nchez acertando um belo chute da entrada da \u00e1rea.<\/p>\n\n\n\n<p>O Flamengo voltou mais organizado no segundo tempo. As entradas de Everton Cebolinha e Plata deram nova din\u00e2mica ao setor ofensivo. Foi justamente Cebolinha quem iniciou a jogada do segundo gol. Ap\u00f3s tentativa de assist\u00eancia interceptada, a bola voltou para Arrascaeta, que teve frieza para encobrir o goleiro e definir o placar.<\/p>\n\n\n\n<p>O duelo teve p\u00fablico de 7.108 torcedores, n\u00famero modesto para o porte da competi\u00e7\u00e3o. A arbitragem foi do sueco Glenn Nyberg, que validou o segundo gol rubro-negro com o aux\u00edlio da tecnologia de detec\u00e7\u00e3o de gol, confirmando que a bola cruzou completamente a linha.<\/p>\n\n\n\n<p>Com o resultado, o Flamengo quebra a sequ\u00eancia negativa de clubes sul-americanos na Intercontinental, j\u00e1 que em 2024 o Botafogo havia sido eliminado nesta mesma fase. Assim, os rubro-negros seguem firmes na disputa por um t\u00edtulo in\u00e9dito no novo formato mundial promovido pela Fifa.<\/p>\n","protected":false},"excerpt":{"rendered":"<p>O Flamengo deu mais um passo em sua trajet\u00f3ria internacional ao vencer o Cruz Azul por 2 a 1, nesta quarta-feira (10), no Est\u00e1dio Ahmad Bin Ali, em Al-Rayyan, no Catar. O confronto foi v\u00e1lido pela fase inicial da Copa Intercontinental, competi\u00e7\u00e3o organizada pela Fifa com moldes renovados desde 2024. A classifica\u00e7\u00e3o coloca o time [&hellip;]<\/p>\n","protected":false},"author":18,"featured_media":281479,"comment_status":"open","ping_status":"closed","sticky":false,"template":"","format":"standard","meta":{"footnotes":""},"categories":[1],"tags":[],"class_list":["post-281478","post","type-post","status-publish","format-standard","has-post-thumbnail","hentry","category-flamengo"],"yoast_head":"<!-- This site is optimized with the Yoast SEO Premium plugin v24.2 (Yoast SEO v26.9) - https:\/\/yoast.com\/product\/yoast-seo-premium-wordpress\/ -->\n<title>Arrascaeta decide, e Flamengo se classifica no Mundial<\/title>\n<meta name=\"robots\" content=\"index, follow, max-snippet:-1, max-image-preview:large, max-video-preview:-1\" \/>\n<link rel=\"canonical\" href=\"https:\/\/www.gaveanews.com\/index.php\/2025\/12\/10\/arrascaeta-decide-para-o-flamengo-que-se-classifica-e-ganha-titulo-no-mundial\/\" \/>\n<meta property=\"og:locale\" content=\"pt_BR\" \/>\n<meta property=\"og:type\" content=\"article\" \/>\n<meta property=\"og:title\" content=\"Arrascaeta decide, e Flamengo se classifica no Mundial\" \/>\n<meta property=\"og:description\" content=\"O Flamengo deu mais um passo em sua trajet\u00f3ria internacional ao vencer o Cruz Azul por 2 a 1, nesta quarta-feira (10), no Est\u00e1dio Ahmad Bin Ali, em Al-Rayyan, no Catar. O confronto foi v\u00e1lido pela fase inicial da Copa Intercontinental, competi\u00e7\u00e3o organizada pela Fifa com moldes renovados desde 2024. A classifica\u00e7\u00e3o coloca o time [&hellip;]\" \/>\n<meta property=\"og:url\" content=\"https:\/\/www.gaveanews.com\/index.php\/2025\/12\/10\/arrascaeta-decide-para-o-flamengo-que-se-classifica-e-ganha-titulo-no-mundial\/\" \/>\n<meta property=\"og:site_name\" content=\"G\u00e1vea News\" \/>\n<meta property=\"article:publisher\" content=\"https:\/\/facebook.com\/gaveaNews\/\" \/>\n<meta property=\"article:published_time\" content=\"2025-12-10T19:21:49+00:00\" \/>\n<meta property=\"article:modified_time\" content=\"2025-12-10T19:23:18+00:00\" \/>\n<meta property=\"og:image\" content=\"http:\/\/www.gaveanews.com\/wp-content\/uploads\/Arrascaeta-homenageia-filho-Milano-em-gol-pelo-Flamengo.png\" \/>\n\t<meta property=\"og:image:width\" content=\"1200\" \/>\n\t<meta property=\"og:image:height\" content=\"900\" \/>\n\t<meta property=\"og:image:type\" content=\"image\/png\" \/>\n<meta name=\"author\" content=\"Paula Silva\" \/>\n<meta name=\"twitter:card\" content=\"summary_large_image\" \/>\n<meta name=\"twitter:label1\" content=\"Escrito por\" \/>\n\t<meta name=\"twitter:data1\" content=\"Paula Silva\" \/>\n\t<meta name=\"twitter:label2\" content=\"Est. tempo de leitura\" \/>\n\t<meta name=\"twitter:data2\" content=\"3 minutos\" \/>\n<script type=\"application\/ld+json\" class=\"yoast-schema-graph\">{\"@context\":\"https:\/\/schema.org\",\"@graph\":[{\"@type\":\"NewsArticle\",\"@id\":\"https:\/\/www.gaveanews.com\/index.php\/2025\/12\/10\/arrascaeta-decide-para-o-flamengo-que-se-classifica-e-ganha-titulo-no-mundial\/#article\",\"isPartOf\":{\"@id\":\"https:\/\/www.gaveanews.com\/index.php\/2025\/12\/10\/arrascaeta-decide-para-o-flamengo-que-se-classifica-e-ganha-titulo-no-mundial\/\"},\"author\":{\"name\":\"Paula Silva\",\"@id\":\"https:\/\/www.gaveanews.com\/#\/schema\/person\/daf63eec72e1164eb13dc35096c2b8da\"},\"headline\":\"Arrascaeta decide, e Flamengo se classifica no Mundial\",\"datePublished\":\"2025-12-10T19:21:49+00:00\",\"dateModified\":\"2025-12-10T19:23:18+00:00\",\"mainEntityOfPage\":{\"@id\":\"https:\/\/www.gaveanews.com\/index.php\/2025\/12\/10\/arrascaeta-decide-para-o-flamengo-que-se-classifica-e-ganha-titulo-no-mundial\/\"},\"wordCount\":374,\"commentCount\":0,\"image\":{\"@id\":\"https:\/\/www.gaveanews.com\/index.php\/2025\/12\/10\/arrascaeta-decide-para-o-flamengo-que-se-classifica-e-ganha-titulo-no-mundial\/#primaryimage\"},\"thumbnailUrl\":\"https:\/\/www.gaveanews.com\/wp-content\/uploads\/Arrascaeta-homenageia-filho-Milano-em-gol-pelo-Flamengo.png\",\"articleSection\":[\"Flamengo\"],\"inLanguage\":\"pt-BR\",\"potentialAction\":[{\"@type\":\"CommentAction\",\"name\":\"Comment\",\"target\":[\"https:\/\/www.gaveanews.com\/index.php\/2025\/12\/10\/arrascaeta-decide-para-o-flamengo-que-se-classifica-e-ganha-titulo-no-mundial\/#respond\"]}],\"copyrightYear\":\"2025\",\"copyrightHolder\":{\"@id\":\"https:\/\/www.gaveanews.com\/#organization\"}},{\"@type\":\"WebPage\",\"@id\":\"https:\/\/www.gaveanews.com\/index.php\/2025\/12\/10\/arrascaeta-decide-para-o-flamengo-que-se-classifica-e-ganha-titulo-no-mundial\/\",\"url\":\"https:\/\/www.gaveanews.com\/index.php\/2025\/12\/10\/arrascaeta-decide-para-o-flamengo-que-se-classifica-e-ganha-titulo-no-mundial\/\",\"name\":\"Arrascaeta decide, e Flamengo se classifica no Mundial\",\"isPartOf\":{\"@id\":\"https:\/\/www.gaveanews.com\/#website\"},\"primaryImageOfPage\":{\"@id\":\"https:\/\/www.gaveanews.com\/index.php\/2025\/12\/10\/arrascaeta-decide-para-o-flamengo-que-se-classifica-e-ganha-titulo-no-mundial\/#primaryimage\"},\"image\":{\"@id\":\"https:\/\/www.gaveanews.com\/index.php\/2025\/12\/10\/arrascaeta-decide-para-o-flamengo-que-se-classifica-e-ganha-titulo-no-mundial\/#primaryimage\"},\"thumbnailUrl\":\"https:\/\/www.gaveanews.com\/wp-content\/uploads\/Arrascaeta-homenageia-filho-Milano-em-gol-pelo-Flamengo.png\",\"datePublished\":\"2025-12-10T19:21:49+00:00\",\"dateModified\":\"2025-12-10T19:23:18+00:00\",\"author\":{\"@id\":\"https:\/\/www.gaveanews.com\/#\/schema\/person\/daf63eec72e1164eb13dc35096c2b8da\"},\"breadcrumb\":{\"@id\":\"https:\/\/www.gaveanews.com\/index.php\/2025\/12\/10\/arrascaeta-decide-para-o-flamengo-que-se-classifica-e-ganha-titulo-no-mundial\/#breadcrumb\"},\"inLanguage\":\"pt-BR\",\"potentialAction\":[{\"@type\":\"ReadAction\",\"target\":[\"https:\/\/www.gaveanews.com\/index.php\/2025\/12\/10\/arrascaeta-decide-para-o-flamengo-que-se-classifica-e-ganha-titulo-no-mundial\/\"]}]},{\"@type\":\"ImageObject\",\"inLanguage\":\"pt-BR\",\"@id\":\"https:\/\/www.gaveanews.com\/index.php\/2025\/12\/10\/arrascaeta-decide-para-o-flamengo-que-se-classifica-e-ganha-titulo-no-mundial\/#primaryimage\",\"url\":\"https:\/\/www.gaveanews.com\/wp-content\/uploads\/Arrascaeta-homenageia-filho-Milano-em-gol-pelo-Flamengo.png\",\"contentUrl\":\"https:\/\/www.gaveanews.com\/wp-content\/uploads\/Arrascaeta-homenageia-filho-Milano-em-gol-pelo-Flamengo.png\",\"width\":1200,\"height\":900,\"caption\":\"Foto:Adriano Fontes\/Flamengo\"},{\"@type\":\"BreadcrumbList\",\"@id\":\"https:\/\/www.gaveanews.com\/index.php\/2025\/12\/10\/arrascaeta-decide-para-o-flamengo-que-se-classifica-e-ganha-titulo-no-mundial\/#breadcrumb\",\"itemListElement\":[{\"@type\":\"ListItem\",\"position\":1,\"name\":\"Home\",\"item\":\"https:\/\/www.gaveanews.com\/\"},{\"@type\":\"ListItem\",\"position\":2,\"name\":\"Arrascaeta decide, e Flamengo se classifica no Mundial\"}]},{\"@type\":\"WebSite\",\"@id\":\"https:\/\/www.gaveanews.com\/#website\",\"url\":\"https:\/\/www.gaveanews.com\/\",\"name\":\"G\u00e1vea News\",\"description\":\"Veja todas as not\u00edcias sobre o Flamengo: Contrata\u00e7\u00f5es, categorias de base, resultados das partidas, tabela de classifica\u00e7\u00e3o, pr\u00f3ximos jogos!\",\"potentialAction\":[{\"@type\":\"SearchAction\",\"target\":{\"@type\":\"EntryPoint\",\"urlTemplate\":\"https:\/\/www.gaveanews.com\/?s={search_term_string}\"},\"query-input\":{\"@type\":\"PropertyValueSpecification\",\"valueRequired\":true,\"valueName\":\"search_term_string\"}}],\"inLanguage\":\"pt-BR\"},{\"@type\":\"Person\",\"@id\":\"https:\/\/www.gaveanews.com\/#\/schema\/person\/daf63eec72e1164eb13dc35096c2b8da\",\"name\":\"Paula Silva\",\"image\":{\"@type\":\"ImageObject\",\"inLanguage\":\"pt-BR\",\"@id\":\"https:\/\/www.gaveanews.com\/#\/schema\/person\/image\/\",\"url\":\"https:\/\/secure.gravatar.com\/avatar\/eda381c845527cc5d64c13b901833cda29d97500ba040d3e6461f76f51d163bb?s=96&d=mm&r=g\",\"contentUrl\":\"https:\/\/secure.gravatar.com\/avatar\/eda381c845527cc5d64c13b901833cda29d97500ba040d3e6461f76f51d163bb?s=96&d=mm&r=g\",\"caption\":\"Paula Silva\"}}]}<\/script>\n<!-- \/ Yoast SEO Premium plugin. -->","yoast_head_json":{"title":"Arrascaeta decide, e Flamengo se classifica no Mundial","robots":{"index":"index","follow":"follow","max-snippet":"max-snippet:-1","max-image-preview":"max-image-preview:large","max-video-preview":"max-video-preview:-1"},"canonical":"https:\/\/www.gaveanews.com\/index.php\/2025\/12\/10\/arrascaeta-decide-para-o-flamengo-que-se-classifica-e-ganha-titulo-no-mundial\/","og_locale":"pt_BR","og_type":"article","og_title":"Arrascaeta decide, e Flamengo se classifica no Mundial","og_description":"O Flamengo deu mais um passo em sua trajet\u00f3ria internacional ao vencer o Cruz Azul por 2 a 1, nesta quarta-feira (10), no Est\u00e1dio Ahmad Bin Ali, em Al-Rayyan, no Catar. O confronto foi v\u00e1lido pela fase inicial da Copa Intercontinental, competi\u00e7\u00e3o organizada pela Fifa com moldes renovados desde 2024. A classifica\u00e7\u00e3o coloca o time [&hellip;]","og_url":"https:\/\/www.gaveanews.com\/index.php\/2025\/12\/10\/arrascaeta-decide-para-o-flamengo-que-se-classifica-e-ganha-titulo-no-mundial\/","og_site_name":"G\u00e1vea News","article_publisher":"https:\/\/facebook.com\/gaveaNews\/","article_published_time":"2025-12-10T19:21:49+00:00","article_modified_time":"2025-12-10T19:23:18+00:00","og_image":[{"width":1200,"height":900,"url":"http:\/\/www.gaveanews.com\/wp-content\/uploads\/Arrascaeta-homenageia-filho-Milano-em-gol-pelo-Flamengo.png","type":"image\/png"}],"author":"Paula Silva","twitter_card":"summary_large_image","twitter_misc":{"Escrito por":"Paula Silva","Est. tempo de leitura":"3 minutos"},"schema":{"@context":"https:\/\/schema.org","@graph":[{"@type":"NewsArticle","@id":"https:\/\/www.gaveanews.com\/index.php\/2025\/12\/10\/arrascaeta-decide-para-o-flamengo-que-se-classifica-e-ganha-titulo-no-mundial\/#article","isPartOf":{"@id":"https:\/\/www.gaveanews.com\/index.php\/2025\/12\/10\/arrascaeta-decide-para-o-flamengo-que-se-classifica-e-ganha-titulo-no-mundial\/"},"author":{"name":"Paula Silva","@id":"https:\/\/www.gaveanews.com\/#\/schema\/person\/daf63eec72e1164eb13dc35096c2b8da"},"headline":"Arrascaeta decide, e Flamengo se classifica no Mundial","datePublished":"2025-12-10T19:21:49+00:00","dateModified":"2025-12-10T19:23:18+00:00","mainEntityOfPage":{"@id":"https:\/\/www.gaveanews.com\/index.php\/2025\/12\/10\/arrascaeta-decide-para-o-flamengo-que-se-classifica-e-ganha-titulo-no-mundial\/"},"wordCount":374,"commentCount":0,"image":{"@id":"https:\/\/www.gaveanews.com\/index.php\/2025\/12\/10\/arrascaeta-decide-para-o-flamengo-que-se-classifica-e-ganha-titulo-no-mundial\/#primaryimage"},"thumbnailUrl":"https:\/\/www.gaveanews.com\/wp-content\/uploads\/Arrascaeta-homenageia-filho-Milano-em-gol-pelo-Flamengo.png","articleSection":["Flamengo"],"inLanguage":"pt-BR","potentialAction":[{"@type":"CommentAction","name":"Comment","target":["https:\/\/www.gaveanews.com\/index.php\/2025\/12\/10\/arrascaeta-decide-para-o-flamengo-que-se-classifica-e-ganha-titulo-no-mundial\/#respond"]}],"copyrightYear":"2025","copyrightHolder":{"@id":"https:\/\/www.gaveanews.com\/#organization"}},{"@type":"WebPage","@id":"https:\/\/www.gaveanews.com\/index.php\/2025\/12\/10\/arrascaeta-decide-para-o-flamengo-que-se-classifica-e-ganha-titulo-no-mundial\/","url":"https:\/\/www.gaveanews.com\/index.php\/2025\/12\/10\/arrascaeta-decide-para-o-flamengo-que-se-classifica-e-ganha-titulo-no-mundial\/","name":"Arrascaeta decide, e Flamengo se classifica no Mundial","isPartOf":{"@id":"https:\/\/www.gaveanews.com\/#website"},"primaryImageOfPage":{"@id":"https:\/\/www.gaveanews.com\/index.php\/2025\/12\/10\/arrascaeta-decide-para-o-flamengo-que-se-classifica-e-ganha-titulo-no-mundial\/#primaryimage"},"image":{"@id":"https:\/\/www.gaveanews.com\/index.php\/2025\/12\/10\/arrascaeta-decide-para-o-flamengo-que-se-classifica-e-ganha-titulo-no-mundial\/#primaryimage"},"thumbnailUrl":"https:\/\/www.gaveanews.com\/wp-content\/uploads\/Arrascaeta-homenageia-filho-Milano-em-gol-pelo-Flamengo.png","datePublished":"2025-12-10T19:21:49+00:00","dateModified":"2025-12-10T19:23:18+00:00","author":{"@id":"https:\/\/www.gaveanews.com\/#\/schema\/person\/daf63eec72e1164eb13dc35096c2b8da"},"breadcrumb":{"@id":"https:\/\/www.gaveanews.com\/index.php\/2025\/12\/10\/arrascaeta-decide-para-o-flamengo-que-se-classifica-e-ganha-titulo-no-mundial\/#breadcrumb"},"inLanguage":"pt-BR","potentialAction":[{"@type":"ReadAction","target":["https:\/\/www.gaveanews.com\/index.php\/2025\/12\/10\/arrascaeta-decide-para-o-flamengo-que-se-classifica-e-ganha-titulo-no-mundial\/"]}]},{"@type":"ImageObject","inLanguage":"pt-BR","@id":"https:\/\/www.gaveanews.com\/index.php\/2025\/12\/10\/arrascaeta-decide-para-o-flamengo-que-se-classifica-e-ganha-titulo-no-mundial\/#primaryimage","url":"https:\/\/www.gaveanews.com\/wp-content\/uploads\/Arrascaeta-homenageia-filho-Milano-em-gol-pelo-Flamengo.png","contentUrl":"https:\/\/www.gaveanews.com\/wp-content\/uploads\/Arrascaeta-homenageia-filho-Milano-em-gol-pelo-Flamengo.png","width":1200,"height":900,"caption":"Foto:Adriano Fontes\/Flamengo"},{"@type":"BreadcrumbList","@id":"https:\/\/www.gaveanews.com\/index.php\/2025\/12\/10\/arrascaeta-decide-para-o-flamengo-que-se-classifica-e-ganha-titulo-no-mundial\/#breadcrumb","itemListElement":[{"@type":"ListItem","position":1,"name":"Home","item":"https:\/\/www.gaveanews.com\/"},{"@type":"ListItem","position":2,"name":"Arrascaeta decide, e Flamengo se classifica no Mundial"}]},{"@type":"WebSite","@id":"https:\/\/www.gaveanews.com\/#website","url":"https:\/\/www.gaveanews.com\/","name":"G\u00e1vea News","description":"Veja todas as not\u00edcias sobre o Flamengo: Contrata\u00e7\u00f5es, categorias de base, resultados das partidas, tabela de classifica\u00e7\u00e3o, pr\u00f3ximos jogos!","potentialAction":[{"@type":"SearchAction","target":{"@type":"EntryPoint","urlTemplate":"https:\/\/www.gaveanews.com\/?s={search_term_string}"},"query-input":{"@type":"PropertyValueSpecification","valueRequired":true,"valueName":"search_term_string"}}],"inLanguage":"pt-BR"},{"@type":"Person","@id":"https:\/\/www.gaveanews.com\/#\/schema\/person\/daf63eec72e1164eb13dc35096c2b8da","name":"Paula Silva","image":{"@type":"ImageObject","inLanguage":"pt-BR","@id":"https:\/\/www.gaveanews.com\/#\/schema\/person\/image\/","url":"https:\/\/secure.gravatar.com\/avatar\/eda381c845527cc5d64c13b901833cda29d97500ba040d3e6461f76f51d163bb?s=96&d=mm&r=g","contentUrl":"https:\/\/secure.gravatar.com\/avatar\/eda381c845527cc5d64c13b901833cda29d97500ba040d3e6461f76f51d163bb?s=96&d=mm&r=g","caption":"Paula Silva"}}]}},"_links":{"self":[{"href":"https:\/\/www.gaveanews.com\/index.php\/wp-json\/wp\/v2\/posts\/281478","targetHints":{"allow":["GET"]}}],"collection":[{"href":"https:\/\/www.gaveanews.com\/index.php\/wp-json\/wp\/v2\/posts"}],"about":[{"href":"https:\/\/www.gaveanews.com\/index.php\/wp-json\/wp\/v2\/types\/post"}],"author":[{"embeddable":true,"href":"https:\/\/www.gaveanews.com\/index.php\/wp-json\/wp\/v2\/users\/18"}],"replies":[{"embeddable":true,"href":"https:\/\/www.gaveanews.com\/index.php\/wp-json\/wp\/v2\/comments?post=281478"}],"version-history":[{"count":2,"href":"https:\/\/www.gaveanews.com\/index.php\/wp-json\/wp\/v2\/posts\/281478\/revisions"}],"predecessor-version":[{"id":281481,"href":"https:\/\/www.gaveanews.com\/index.php\/wp-json\/wp\/v2\/posts\/281478\/revisions\/281481"}],"wp:featuredmedia":[{"embeddable":true,"href":"https:\/\/www.gaveanews.com\/index.php\/wp-json\/wp\/v2\/media\/281479"}],"wp:attachment":[{"href":"https:\/\/www.gaveanews.com\/index.php\/wp-json\/wp\/v2\/media?parent=281478"}],"wp:term":[{"taxonomy":"category","embeddable":true,"href":"https:\/\/www.gaveanews.com\/index.php\/wp-json\/wp\/v2\/categories?post=281478"},{"taxonomy":"post_tag","embeddable":true,"href":"https:\/\/www.gaveanews.com\/index.php\/wp-json\/wp\/v2\/tags?post=281478"}],"curies":[{"name":"wp","href":"https:\/\/api.w.org\/{rel}","templated":true}]}}