{"id":281482,"date":"2025-12-10T16:26:21","date_gmt":"2025-12-10T19:26:21","guid":{"rendered":"https:\/\/www.gaveanews.com\/?p=281482"},"modified":"2025-12-10T16:26:25","modified_gmt":"2025-12-10T19:26:25","slug":"a-declaracao-de-rossi-apos-classificacao-do-flamengo-no-mundial","status":"publish","type":"post","link":"https:\/\/www.gaveanews.com\/index.php\/2025\/12\/10\/a-declaracao-de-rossi-apos-classificacao-do-flamengo-no-mundial\/","title":{"rendered":"A declara\u00e7\u00e3o de Rossi ap\u00f3s classifica\u00e7\u00e3o do Flamengo no Mundial"},"content":{"rendered":"\n<p>Com atua\u00e7\u00e3o decisiva de De Arrascaeta, o Flamengo superou o Cruz Azul por 2 a 1 na quarta-feira (10), no Est\u00e1dio Ahmad Bin Ali, em Doha, e garantiu vaga na pr\u00f3xima fase da Copa Intercontinental. O camisa 10 marcou os dois gols da equipe brasileira, em uma partida marcada por dificuldades t\u00e9cnicas e ajustes ao longo dos 90 minutos.<\/p>\n\n\n\n<p>O confronto come\u00e7ou equilibrado, com ambas as equipes buscando controlar a posse de bola e evitar lan\u00e7amentos longos. Ainda assim, foi o Flamengo quem abriu o placar ap\u00f3s erro de Piovi na sa\u00edda de bola. O passe errado caiu nos p\u00e9s de Arrascaeta, que driblou o goleiro e finalizou com tranquilidade. O Cruz Azul respondeu antes do intervalo com um belo chute de Jorge S\u00e1nchez, aproveitando falha coletiva na defesa rubro-negra.<\/p>\n\n\n\n<p>Ali\u00e1s, apesar da vantagem inicial, o Flamengo apresentou dificuldades na primeira etapa, sobretudo na adapta\u00e7\u00e3o ao gramado. Segundo o goleiro Rossi, as condi\u00e7\u00f5es do campo influenciaram diretamente o desempenho dos jogadores. <\/p>\n\n\n\n<p><strong>\u201cNa verdade, quando voc\u00ea n\u00e3o est\u00e1 acostumado a jogar em campos assim, demora um pouco pra acostumar com o ritmo da bola. A bola \u00e9 muito lisa, tamb\u00e9m muito r\u00e1pida, dif\u00edcil para mim, para segurar, para jogar. Escorrega muito o campo tamb\u00e9m, mas o campo \u00e9 bom, o campo top&#8230;\u201d<\/strong>, destacou o argentino.<\/p>\n\n\n\n<p>O segundo tempo trouxe mudan\u00e7as significativas na postura da equipe comandada por Filipe Lu\u00eds. Com maior controle da posse e movimenta\u00e7\u00f5es mais coordenadas no ataque, o Flamengo passou a encontrar espa\u00e7os na defesa mexicana. A entrada de Everton Cebolinha deu nova din\u00e2mica \u00e0 equipe, resultando na jogada que culminou no segundo gol de Arrascaeta.<\/p>\n\n\n\n<p>Embora o Cruz Azul tenha criado dificuldades, especialmente nos minutos iniciais, o Flamengo conseguiu impor seu ritmo na etapa complementar. O pr\u00f3prio Rossi reconheceu a evolu\u00e7\u00e3o do time: \u201c<strong>O Cruz Azul fez um grande jogo, \u00e9 um grande time, bem treinado tamb\u00e9m. Dificultou um pouco no primeiro tempo, eles tiveram a bola, mas no segundo tempo controlamos mais o jogo, achamos melhor os espa\u00e7os e nos deu a possibilidade de fazer mais um gol\u201d.<\/strong><\/p>\n\n\n\n<p>Com o resultado, o Flamengo conquistou o trof\u00e9u simb\u00f3lico do &#8220;D\u00e9rbi das Am\u00e9ricas&#8221; e avan\u00e7ou na competi\u00e7\u00e3o. A equipe agora se prepara para enfrentar o Pyramids, do Egito, no s\u00e1bado (13 de dezembro), \u00e0s 14h (hor\u00e1rio de Bras\u00edlia), tamb\u00e9m em Doha. A vit\u00f3ria colocar\u00e1 o Rubro-Negro diante do Paris Saint-Germain na final da Copa Intercontinental, marcada para quarta-feira (17 de dezembro).<\/p>\n\n\n\n<p>Ap\u00f3s o apito final, Rossi comentou a import\u00e2ncia do triunfo: <strong>\u201cO que a gente queria era vencer hoje. Sabemos que temos 90 minutos, mas agora comemoramos por esse t\u00edtulo aqui que a gente conseguiu. Agora temos que passar aqui pela frente, descansar e come\u00e7armos para o pr\u00f3ximo jogo.\u201d<\/strong><\/p>\n","protected":false},"excerpt":{"rendered":"<p>Com atua\u00e7\u00e3o decisiva de De Arrascaeta, o Flamengo superou o Cruz Azul por 2 a 1 na quarta-feira (10), no Est\u00e1dio Ahmad Bin Ali, em Doha, e garantiu vaga na pr\u00f3xima fase da Copa Intercontinental. O camisa 10 marcou os dois gols da equipe brasileira, em uma partida marcada por dificuldades t\u00e9cnicas e ajustes ao [&hellip;]<\/p>\n","protected":false},"author":18,"featured_media":281483,"comment_status":"open","ping_status":"closed","sticky":false,"template":"","format":"standard","meta":{"footnotes":""},"categories":[1],"tags":[],"class_list":["post-281482","post","type-post","status-publish","format-standard","has-post-thumbnail","hentry","category-flamengo"],"yoast_head":"<!-- This site is optimized with the Yoast SEO Premium plugin v24.2 (Yoast SEO v26.9) - https:\/\/yoast.com\/product\/yoast-seo-premium-wordpress\/ -->\n<title>A declara\u00e7\u00e3o de Rossi ap\u00f3s classifica\u00e7\u00e3o do Flamengo no Mundial<\/title>\n<meta name=\"robots\" content=\"index, follow, max-snippet:-1, max-image-preview:large, max-video-preview:-1\" \/>\n<link rel=\"canonical\" href=\"https:\/\/www.gaveanews.com\/index.php\/2025\/12\/10\/a-declaracao-de-rossi-apos-classificacao-do-flamengo-no-mundial\/\" \/>\n<meta property=\"og:locale\" content=\"pt_BR\" \/>\n<meta property=\"og:type\" content=\"article\" \/>\n<meta property=\"og:title\" content=\"A declara\u00e7\u00e3o de Rossi ap\u00f3s classifica\u00e7\u00e3o do Flamengo no Mundial\" \/>\n<meta property=\"og:description\" content=\"Com atua\u00e7\u00e3o decisiva de De Arrascaeta, o Flamengo superou o Cruz Azul por 2 a 1 na quarta-feira (10), no Est\u00e1dio Ahmad Bin Ali, em Doha, e garantiu vaga na pr\u00f3xima fase da Copa Intercontinental. O camisa 10 marcou os dois gols da equipe brasileira, em uma partida marcada por dificuldades t\u00e9cnicas e ajustes ao [&hellip;]\" \/>\n<meta property=\"og:url\" content=\"https:\/\/www.gaveanews.com\/index.php\/2025\/12\/10\/a-declaracao-de-rossi-apos-classificacao-do-flamengo-no-mundial\/\" \/>\n<meta property=\"og:site_name\" content=\"G\u00e1vea News\" \/>\n<meta property=\"article:publisher\" content=\"https:\/\/facebook.com\/gaveaNews\/\" \/>\n<meta property=\"article:published_time\" content=\"2025-12-10T19:26:21+00:00\" \/>\n<meta property=\"article:modified_time\" content=\"2025-12-10T19:26:25+00:00\" \/>\n<meta property=\"og:image\" content=\"http:\/\/www.gaveanews.com\/wp-content\/uploads\/Rossi-pelo-Flamengo-1.png\" \/>\n\t<meta property=\"og:image:width\" content=\"1200\" \/>\n\t<meta property=\"og:image:height\" content=\"900\" \/>\n\t<meta property=\"og:image:type\" content=\"image\/png\" \/>\n<meta name=\"author\" content=\"Paula Silva\" \/>\n<meta name=\"twitter:card\" content=\"summary_large_image\" \/>\n<meta name=\"twitter:label1\" content=\"Escrito por\" \/>\n\t<meta name=\"twitter:data1\" content=\"Paula Silva\" \/>\n\t<meta name=\"twitter:label2\" content=\"Est. tempo de leitura\" \/>\n\t<meta name=\"twitter:data2\" content=\"3 minutos\" \/>\n<script type=\"application\/ld+json\" class=\"yoast-schema-graph\">{\"@context\":\"https:\/\/schema.org\",\"@graph\":[{\"@type\":\"NewsArticle\",\"@id\":\"https:\/\/www.gaveanews.com\/index.php\/2025\/12\/10\/a-declaracao-de-rossi-apos-classificacao-do-flamengo-no-mundial\/#article\",\"isPartOf\":{\"@id\":\"https:\/\/www.gaveanews.com\/index.php\/2025\/12\/10\/a-declaracao-de-rossi-apos-classificacao-do-flamengo-no-mundial\/\"},\"author\":{\"name\":\"Paula Silva\",\"@id\":\"https:\/\/www.gaveanews.com\/#\/schema\/person\/daf63eec72e1164eb13dc35096c2b8da\"},\"headline\":\"A declara\u00e7\u00e3o de Rossi ap\u00f3s classifica\u00e7\u00e3o do Flamengo no Mundial\",\"datePublished\":\"2025-12-10T19:26:21+00:00\",\"dateModified\":\"2025-12-10T19:26:25+00:00\",\"mainEntityOfPage\":{\"@id\":\"https:\/\/www.gaveanews.com\/index.php\/2025\/12\/10\/a-declaracao-de-rossi-apos-classificacao-do-flamengo-no-mundial\/\"},\"wordCount\":495,\"commentCount\":0,\"image\":{\"@id\":\"https:\/\/www.gaveanews.com\/index.php\/2025\/12\/10\/a-declaracao-de-rossi-apos-classificacao-do-flamengo-no-mundial\/#primaryimage\"},\"thumbnailUrl\":\"https:\/\/www.gaveanews.com\/wp-content\/uploads\/Rossi-pelo-Flamengo-1.png\",\"articleSection\":[\"Flamengo\"],\"inLanguage\":\"pt-BR\",\"potentialAction\":[{\"@type\":\"CommentAction\",\"name\":\"Comment\",\"target\":[\"https:\/\/www.gaveanews.com\/index.php\/2025\/12\/10\/a-declaracao-de-rossi-apos-classificacao-do-flamengo-no-mundial\/#respond\"]}],\"copyrightYear\":\"2025\",\"copyrightHolder\":{\"@id\":\"https:\/\/www.gaveanews.com\/#organization\"}},{\"@type\":\"WebPage\",\"@id\":\"https:\/\/www.gaveanews.com\/index.php\/2025\/12\/10\/a-declaracao-de-rossi-apos-classificacao-do-flamengo-no-mundial\/\",\"url\":\"https:\/\/www.gaveanews.com\/index.php\/2025\/12\/10\/a-declaracao-de-rossi-apos-classificacao-do-flamengo-no-mundial\/\",\"name\":\"A declara\u00e7\u00e3o de Rossi ap\u00f3s classifica\u00e7\u00e3o do Flamengo no Mundial\",\"isPartOf\":{\"@id\":\"https:\/\/www.gaveanews.com\/#website\"},\"primaryImageOfPage\":{\"@id\":\"https:\/\/www.gaveanews.com\/index.php\/2025\/12\/10\/a-declaracao-de-rossi-apos-classificacao-do-flamengo-no-mundial\/#primaryimage\"},\"image\":{\"@id\":\"https:\/\/www.gaveanews.com\/index.php\/2025\/12\/10\/a-declaracao-de-rossi-apos-classificacao-do-flamengo-no-mundial\/#primaryimage\"},\"thumbnailUrl\":\"https:\/\/www.gaveanews.com\/wp-content\/uploads\/Rossi-pelo-Flamengo-1.png\",\"datePublished\":\"2025-12-10T19:26:21+00:00\",\"dateModified\":\"2025-12-10T19:26:25+00:00\",\"author\":{\"@id\":\"https:\/\/www.gaveanews.com\/#\/schema\/person\/daf63eec72e1164eb13dc35096c2b8da\"},\"breadcrumb\":{\"@id\":\"https:\/\/www.gaveanews.com\/index.php\/2025\/12\/10\/a-declaracao-de-rossi-apos-classificacao-do-flamengo-no-mundial\/#breadcrumb\"},\"inLanguage\":\"pt-BR\",\"potentialAction\":[{\"@type\":\"ReadAction\",\"target\":[\"https:\/\/www.gaveanews.com\/index.php\/2025\/12\/10\/a-declaracao-de-rossi-apos-classificacao-do-flamengo-no-mundial\/\"]}]},{\"@type\":\"ImageObject\",\"inLanguage\":\"pt-BR\",\"@id\":\"https:\/\/www.gaveanews.com\/index.php\/2025\/12\/10\/a-declaracao-de-rossi-apos-classificacao-do-flamengo-no-mundial\/#primaryimage\",\"url\":\"https:\/\/www.gaveanews.com\/wp-content\/uploads\/Rossi-pelo-Flamengo-1.png\",\"contentUrl\":\"https:\/\/www.gaveanews.com\/wp-content\/uploads\/Rossi-pelo-Flamengo-1.png\",\"width\":1200,\"height\":900,\"caption\":\"Foto:Adriano Fontes\/Flamengo\"},{\"@type\":\"BreadcrumbList\",\"@id\":\"https:\/\/www.gaveanews.com\/index.php\/2025\/12\/10\/a-declaracao-de-rossi-apos-classificacao-do-flamengo-no-mundial\/#breadcrumb\",\"itemListElement\":[{\"@type\":\"ListItem\",\"position\":1,\"name\":\"Home\",\"item\":\"https:\/\/www.gaveanews.com\/\"},{\"@type\":\"ListItem\",\"position\":2,\"name\":\"A declara\u00e7\u00e3o de Rossi ap\u00f3s classifica\u00e7\u00e3o do Flamengo no Mundial\"}]},{\"@type\":\"WebSite\",\"@id\":\"https:\/\/www.gaveanews.com\/#website\",\"url\":\"https:\/\/www.gaveanews.com\/\",\"name\":\"G\u00e1vea News\",\"description\":\"Veja todas as not\u00edcias sobre o Flamengo: Contrata\u00e7\u00f5es, categorias de base, resultados das partidas, tabela de classifica\u00e7\u00e3o, pr\u00f3ximos jogos!\",\"potentialAction\":[{\"@type\":\"SearchAction\",\"target\":{\"@type\":\"EntryPoint\",\"urlTemplate\":\"https:\/\/www.gaveanews.com\/?s={search_term_string}\"},\"query-input\":{\"@type\":\"PropertyValueSpecification\",\"valueRequired\":true,\"valueName\":\"search_term_string\"}}],\"inLanguage\":\"pt-BR\"},{\"@type\":\"Person\",\"@id\":\"https:\/\/www.gaveanews.com\/#\/schema\/person\/daf63eec72e1164eb13dc35096c2b8da\",\"name\":\"Paula Silva\",\"image\":{\"@type\":\"ImageObject\",\"inLanguage\":\"pt-BR\",\"@id\":\"https:\/\/www.gaveanews.com\/#\/schema\/person\/image\/\",\"url\":\"https:\/\/secure.gravatar.com\/avatar\/eda381c845527cc5d64c13b901833cda29d97500ba040d3e6461f76f51d163bb?s=96&d=mm&r=g\",\"contentUrl\":\"https:\/\/secure.gravatar.com\/avatar\/eda381c845527cc5d64c13b901833cda29d97500ba040d3e6461f76f51d163bb?s=96&d=mm&r=g\",\"caption\":\"Paula Silva\"}}]}<\/script>\n<!-- \/ Yoast SEO Premium plugin. -->","yoast_head_json":{"title":"A declara\u00e7\u00e3o de Rossi ap\u00f3s classifica\u00e7\u00e3o do Flamengo no Mundial","robots":{"index":"index","follow":"follow","max-snippet":"max-snippet:-1","max-image-preview":"max-image-preview:large","max-video-preview":"max-video-preview:-1"},"canonical":"https:\/\/www.gaveanews.com\/index.php\/2025\/12\/10\/a-declaracao-de-rossi-apos-classificacao-do-flamengo-no-mundial\/","og_locale":"pt_BR","og_type":"article","og_title":"A declara\u00e7\u00e3o de Rossi ap\u00f3s classifica\u00e7\u00e3o do Flamengo no Mundial","og_description":"Com atua\u00e7\u00e3o decisiva de De Arrascaeta, o Flamengo superou o Cruz Azul por 2 a 1 na quarta-feira (10), no Est\u00e1dio Ahmad Bin Ali, em Doha, e garantiu vaga na pr\u00f3xima fase da Copa Intercontinental. O camisa 10 marcou os dois gols da equipe brasileira, em uma partida marcada por dificuldades t\u00e9cnicas e ajustes ao [&hellip;]","og_url":"https:\/\/www.gaveanews.com\/index.php\/2025\/12\/10\/a-declaracao-de-rossi-apos-classificacao-do-flamengo-no-mundial\/","og_site_name":"G\u00e1vea News","article_publisher":"https:\/\/facebook.com\/gaveaNews\/","article_published_time":"2025-12-10T19:26:21+00:00","article_modified_time":"2025-12-10T19:26:25+00:00","og_image":[{"width":1200,"height":900,"url":"http:\/\/www.gaveanews.com\/wp-content\/uploads\/Rossi-pelo-Flamengo-1.png","type":"image\/png"}],"author":"Paula Silva","twitter_card":"summary_large_image","twitter_misc":{"Escrito por":"Paula Silva","Est. tempo de leitura":"3 minutos"},"schema":{"@context":"https:\/\/schema.org","@graph":[{"@type":"NewsArticle","@id":"https:\/\/www.gaveanews.com\/index.php\/2025\/12\/10\/a-declaracao-de-rossi-apos-classificacao-do-flamengo-no-mundial\/#article","isPartOf":{"@id":"https:\/\/www.gaveanews.com\/index.php\/2025\/12\/10\/a-declaracao-de-rossi-apos-classificacao-do-flamengo-no-mundial\/"},"author":{"name":"Paula Silva","@id":"https:\/\/www.gaveanews.com\/#\/schema\/person\/daf63eec72e1164eb13dc35096c2b8da"},"headline":"A declara\u00e7\u00e3o de Rossi ap\u00f3s classifica\u00e7\u00e3o do Flamengo no Mundial","datePublished":"2025-12-10T19:26:21+00:00","dateModified":"2025-12-10T19:26:25+00:00","mainEntityOfPage":{"@id":"https:\/\/www.gaveanews.com\/index.php\/2025\/12\/10\/a-declaracao-de-rossi-apos-classificacao-do-flamengo-no-mundial\/"},"wordCount":495,"commentCount":0,"image":{"@id":"https:\/\/www.gaveanews.com\/index.php\/2025\/12\/10\/a-declaracao-de-rossi-apos-classificacao-do-flamengo-no-mundial\/#primaryimage"},"thumbnailUrl":"https:\/\/www.gaveanews.com\/wp-content\/uploads\/Rossi-pelo-Flamengo-1.png","articleSection":["Flamengo"],"inLanguage":"pt-BR","potentialAction":[{"@type":"CommentAction","name":"Comment","target":["https:\/\/www.gaveanews.com\/index.php\/2025\/12\/10\/a-declaracao-de-rossi-apos-classificacao-do-flamengo-no-mundial\/#respond"]}],"copyrightYear":"2025","copyrightHolder":{"@id":"https:\/\/www.gaveanews.com\/#organization"}},{"@type":"WebPage","@id":"https:\/\/www.gaveanews.com\/index.php\/2025\/12\/10\/a-declaracao-de-rossi-apos-classificacao-do-flamengo-no-mundial\/","url":"https:\/\/www.gaveanews.com\/index.php\/2025\/12\/10\/a-declaracao-de-rossi-apos-classificacao-do-flamengo-no-mundial\/","name":"A declara\u00e7\u00e3o de Rossi ap\u00f3s classifica\u00e7\u00e3o do Flamengo no Mundial","isPartOf":{"@id":"https:\/\/www.gaveanews.com\/#website"},"primaryImageOfPage":{"@id":"https:\/\/www.gaveanews.com\/index.php\/2025\/12\/10\/a-declaracao-de-rossi-apos-classificacao-do-flamengo-no-mundial\/#primaryimage"},"image":{"@id":"https:\/\/www.gaveanews.com\/index.php\/2025\/12\/10\/a-declaracao-de-rossi-apos-classificacao-do-flamengo-no-mundial\/#primaryimage"},"thumbnailUrl":"https:\/\/www.gaveanews.com\/wp-content\/uploads\/Rossi-pelo-Flamengo-1.png","datePublished":"2025-12-10T19:26:21+00:00","dateModified":"2025-12-10T19:26:25+00:00","author":{"@id":"https:\/\/www.gaveanews.com\/#\/schema\/person\/daf63eec72e1164eb13dc35096c2b8da"},"breadcrumb":{"@id":"https:\/\/www.gaveanews.com\/index.php\/2025\/12\/10\/a-declaracao-de-rossi-apos-classificacao-do-flamengo-no-mundial\/#breadcrumb"},"inLanguage":"pt-BR","potentialAction":[{"@type":"ReadAction","target":["https:\/\/www.gaveanews.com\/index.php\/2025\/12\/10\/a-declaracao-de-rossi-apos-classificacao-do-flamengo-no-mundial\/"]}]},{"@type":"ImageObject","inLanguage":"pt-BR","@id":"https:\/\/www.gaveanews.com\/index.php\/2025\/12\/10\/a-declaracao-de-rossi-apos-classificacao-do-flamengo-no-mundial\/#primaryimage","url":"https:\/\/www.gaveanews.com\/wp-content\/uploads\/Rossi-pelo-Flamengo-1.png","contentUrl":"https:\/\/www.gaveanews.com\/wp-content\/uploads\/Rossi-pelo-Flamengo-1.png","width":1200,"height":900,"caption":"Foto:Adriano Fontes\/Flamengo"},{"@type":"BreadcrumbList","@id":"https:\/\/www.gaveanews.com\/index.php\/2025\/12\/10\/a-declaracao-de-rossi-apos-classificacao-do-flamengo-no-mundial\/#breadcrumb","itemListElement":[{"@type":"ListItem","position":1,"name":"Home","item":"https:\/\/www.gaveanews.com\/"},{"@type":"ListItem","position":2,"name":"A declara\u00e7\u00e3o de Rossi ap\u00f3s classifica\u00e7\u00e3o do Flamengo no Mundial"}]},{"@type":"WebSite","@id":"https:\/\/www.gaveanews.com\/#website","url":"https:\/\/www.gaveanews.com\/","name":"G\u00e1vea News","description":"Veja todas as not\u00edcias sobre o Flamengo: Contrata\u00e7\u00f5es, categorias de base, resultados das partidas, tabela de classifica\u00e7\u00e3o, pr\u00f3ximos jogos!","potentialAction":[{"@type":"SearchAction","target":{"@type":"EntryPoint","urlTemplate":"https:\/\/www.gaveanews.com\/?s={search_term_string}"},"query-input":{"@type":"PropertyValueSpecification","valueRequired":true,"valueName":"search_term_string"}}],"inLanguage":"pt-BR"},{"@type":"Person","@id":"https:\/\/www.gaveanews.com\/#\/schema\/person\/daf63eec72e1164eb13dc35096c2b8da","name":"Paula Silva","image":{"@type":"ImageObject","inLanguage":"pt-BR","@id":"https:\/\/www.gaveanews.com\/#\/schema\/person\/image\/","url":"https:\/\/secure.gravatar.com\/avatar\/eda381c845527cc5d64c13b901833cda29d97500ba040d3e6461f76f51d163bb?s=96&d=mm&r=g","contentUrl":"https:\/\/secure.gravatar.com\/avatar\/eda381c845527cc5d64c13b901833cda29d97500ba040d3e6461f76f51d163bb?s=96&d=mm&r=g","caption":"Paula Silva"}}]}},"_links":{"self":[{"href":"https:\/\/www.gaveanews.com\/index.php\/wp-json\/wp\/v2\/posts\/281482","targetHints":{"allow":["GET"]}}],"collection":[{"href":"https:\/\/www.gaveanews.com\/index.php\/wp-json\/wp\/v2\/posts"}],"about":[{"href":"https:\/\/www.gaveanews.com\/index.php\/wp-json\/wp\/v2\/types\/post"}],"author":[{"embeddable":true,"href":"https:\/\/www.gaveanews.com\/index.php\/wp-json\/wp\/v2\/users\/18"}],"replies":[{"embeddable":true,"href":"https:\/\/www.gaveanews.com\/index.php\/wp-json\/wp\/v2\/comments?post=281482"}],"version-history":[{"count":1,"href":"https:\/\/www.gaveanews.com\/index.php\/wp-json\/wp\/v2\/posts\/281482\/revisions"}],"predecessor-version":[{"id":281484,"href":"https:\/\/www.gaveanews.com\/index.php\/wp-json\/wp\/v2\/posts\/281482\/revisions\/281484"}],"wp:featuredmedia":[{"embeddable":true,"href":"https:\/\/www.gaveanews.com\/index.php\/wp-json\/wp\/v2\/media\/281483"}],"wp:attachment":[{"href":"https:\/\/www.gaveanews.com\/index.php\/wp-json\/wp\/v2\/media?parent=281482"}],"wp:term":[{"taxonomy":"category","embeddable":true,"href":"https:\/\/www.gaveanews.com\/index.php\/wp-json\/wp\/v2\/categories?post=281482"},{"taxonomy":"post_tag","embeddable":true,"href":"https:\/\/www.gaveanews.com\/index.php\/wp-json\/wp\/v2\/tags?post=281482"}],"curies":[{"name":"wp","href":"https:\/\/api.w.org\/{rel}","templated":true}]}}