{"id":281492,"date":"2025-12-10T18:02:35","date_gmt":"2025-12-10T21:02:35","guid":{"rendered":"https:\/\/www.gaveanews.com\/?p=281492"},"modified":"2025-12-10T18:02:37","modified_gmt":"2025-12-10T21:02:37","slug":"filipe-luis-e-sincero-sobre-classificacao-do-flamengo-no-mundial-nada-a-ver-com-motivacao","status":"publish","type":"post","link":"https:\/\/www.gaveanews.com\/index.php\/2025\/12\/10\/filipe-luis-e-sincero-sobre-classificacao-do-flamengo-no-mundial-nada-a-ver-com-motivacao\/","title":{"rendered":"Filipe Lu\u00eds \u00e9 sincero sobre classifica\u00e7\u00e3o do Flamengo no Mundial: &#8220;Nada a ver com motiva\u00e7\u00e3o&#8230;&#8221;"},"content":{"rendered":"\n<p>A classifica\u00e7\u00e3o do Flamengo para a semifinal da Copa Intercontinental foi conquistada com vit\u00f3ria por 2 a 1 sobre o Cruz Azul, na quarta-feira (10 de dezembro), no est\u00e1dio Ahmad bin Ali, no Catar. O duelo, v\u00e1lido pelas quartas de final, teve como destaque a atua\u00e7\u00e3o decisiva de Arrascaeta, autor dos dois gols rubro-negros. Entretanto, a avalia\u00e7\u00e3o do t\u00e9cnico Filipe Lu\u00eds ap\u00f3s o confronto concentrou-se principalmente nos aspectos t\u00e1ticos da partida, especialmente na virada de desempenho entre os dois tempos.<\/p>\n\n\n\n<p>De acordo com Filipe, o dom\u00ednio advers\u00e1rio na etapa inicial se deu por quest\u00f5es exclusivamente estrat\u00e9gicas, e n\u00e3o pela disposi\u00e7\u00e3o dos atletas em campo. O comandante reconheceu a qualidade do Cruz Azul e explicou que o Flamengo enfrentou dificuldades na posse de bola e na constru\u00e7\u00e3o ofensiva nos primeiros 45 minutos.<\/p>\n\n\n\n<p>\u201cTem zero a ver com motiva\u00e7\u00e3o e mobiliza\u00e7\u00e3o, foi tudo t\u00e1tico. O time deles \u00e9 uma grande equipe, tem muita qualidade. Tiraram a bola de n\u00f3s no primeiro tempo. No segundo tempo fizemos ajustes, os jogadores se sentiram melhor, conseguimos jogar e conseguimos colocar nosso futebol\u201d, analisou o treinador.<\/p>\n\n\n\n<p>Ainda sobre o desempenho inicial, Filipe reconheceu a superioridade do advers\u00e1rio em diversos momentos e destacou a perda de intensidade do Flamengo ap\u00f3s o primeiro gol, fruto de um erro na sa\u00edda de bola da equipe mexicana. Segundo ele, a queda no controle do jogo exigiu um reposicionamento coletivo para retomar o ritmo.<\/p>\n\n\n\n<p>&#8220;Uma equipe com muita qualidade e que tenta jogar. Dois times com uma proposta muito parecida. Eles arriscaram mais, at\u00e9 ao ponto de &#8220;nos dar&#8221; um gol, pelo risco excessivo que correram na sa\u00edda de bola. Mas isso tamb\u00e9m fez com que eles rompessem a nossa press\u00e3o algumas vezes. Isso nos empurrou para tr\u00e1s. A partir do gol nosso time deu um passo para tr\u00e1s no quesito press\u00e3o, mas principalmente foi na fase ofensiva. No momento de ter a bola, perdemos muitas bolas, escaparam dom\u00ednios e bolas simples. Isso fazia com que cada perda da posse fossem dois, tr\u00eas minutos correndo atr\u00e1s. Isso matou nossos jogadores de ataque e nosso time sofreu muito. Os dois times est\u00e3o acostumados a jogar e propor com a bola no p\u00e9&#8221;.<\/p>\n\n\n\n<p>Com ajustes realizados no intervalo, a equipe voltou mais organizada e conseguiu impor seu estilo de jogo. Para o t\u00e9cnico, o dom\u00ednio da etapa final lembrou momentos marcantes do elenco em temporadas anteriores. Ele ressaltou que o time voltou a ter controle da posse e passou a fazer o Cruz Azul correr atr\u00e1s da bola, algo que foi determinante para o desfecho positivo.<\/p>\n\n\n\n<p>&#8220;No segundo tempo, alguns ajustes internos t\u00e1ticos, a equipe se sentiu melhor, jogou melhor e a partir da\u00ed nos encontramos no terreno onde nos sentimos confort\u00e1veis. Dominamos o jogo, chegamos mais f\u00e1cil na \u00e1rea do advers\u00e1rio, fizemos eles correrem atr\u00e1s da bola. Isso facilitou todo o processo no segundo tempo. Conseguimos o gol de maneira merecida, tivemos outras chances. Me lembrou bastante at\u00e9 2019, aquele jogo contra o Al-Hilal. Primeiro tempo muito dif\u00edcil e acabamos perdendo ali, mas o segundo tempo foi muito bom. N\u00e3o \u00e9 f\u00e1cil vencer, n\u00e3o \u00e9 f\u00e1cil vencer sempre. O Cruz Azul tamb\u00e9m vem de uma sequ\u00eancia de momentos importantes na temporada. Os dois times mentalmente estavam se adaptando ainda ao que \u00e9 a competi\u00e7\u00e3o. \u00c9 uma vit\u00f3ria que dou muito valor&#8221;.<\/p>\n\n\n\n<p>Conforme avalia\u00e7\u00e3o do pr\u00f3prio treinador, o curto intervalo at\u00e9 a semifinal exigir\u00e1 aten\u00e7\u00e3o especial \u00e0 recupera\u00e7\u00e3o f\u00edsica dos jogadores, mas n\u00e3o ser\u00e1 utilizado como justificativa. \u201cO sacrif\u00edcio tem que ser feito\u201d, pontuou Filipe.<\/p>\n\n\n\n<p>A equipe carioca agora volta a campo no s\u00e1bado (13 de dezembro), \u00e0s 14h (hor\u00e1rio de Bras\u00edlia), para enfrentar o Pyramids, do Egito, em busca de uma vaga na final. Quem avan\u00e7ar ter\u00e1 como advers\u00e1rio o Paris Saint-Germain, atual representante europeu na competi\u00e7\u00e3o.<\/p>\n","protected":false},"excerpt":{"rendered":"<p>A classifica\u00e7\u00e3o do Flamengo para a semifinal da Copa Intercontinental foi conquistada com vit\u00f3ria por 2 a 1 sobre o Cruz Azul, na quarta-feira (10 de dezembro), no est\u00e1dio Ahmad bin Ali, no Catar. O duelo, v\u00e1lido pelas quartas de final, teve como destaque a atua\u00e7\u00e3o decisiva de Arrascaeta, autor dos dois gols rubro-negros. Entretanto, [&hellip;]<\/p>\n","protected":false},"author":18,"featured_media":279592,"comment_status":"open","ping_status":"closed","sticky":false,"template":"","format":"standard","meta":{"footnotes":""},"categories":[1],"tags":[],"class_list":["post-281492","post","type-post","status-publish","format-standard","has-post-thumbnail","hentry","category-flamengo"],"yoast_head":"<!-- This site is optimized with the Yoast SEO Premium plugin v24.2 (Yoast SEO v26.9) - https:\/\/yoast.com\/product\/yoast-seo-premium-wordpress\/ -->\n<title>Filipe Lu\u00eds \u00e9 sincero sobre classifica\u00e7\u00e3o do Flamengo no Mundial: &quot;Nada a ver com motiva\u00e7\u00e3o...&quot;<\/title>\n<meta name=\"robots\" content=\"index, follow, max-snippet:-1, max-image-preview:large, max-video-preview:-1\" \/>\n<link rel=\"canonical\" href=\"https:\/\/www.gaveanews.com\/index.php\/2025\/12\/10\/filipe-luis-e-sincero-sobre-classificacao-do-flamengo-no-mundial-nada-a-ver-com-motivacao\/\" \/>\n<meta property=\"og:locale\" content=\"pt_BR\" \/>\n<meta property=\"og:type\" content=\"article\" \/>\n<meta property=\"og:title\" content=\"Filipe Lu\u00eds \u00e9 sincero sobre classifica\u00e7\u00e3o do Flamengo no Mundial: &quot;Nada a ver com motiva\u00e7\u00e3o...&quot;\" \/>\n<meta property=\"og:description\" content=\"A classifica\u00e7\u00e3o do Flamengo para a semifinal da Copa Intercontinental foi conquistada com vit\u00f3ria por 2 a 1 sobre o Cruz Azul, na quarta-feira (10 de dezembro), no est\u00e1dio Ahmad bin Ali, no Catar. O duelo, v\u00e1lido pelas quartas de final, teve como destaque a atua\u00e7\u00e3o decisiva de Arrascaeta, autor dos dois gols rubro-negros. Entretanto, [&hellip;]\" \/>\n<meta property=\"og:url\" content=\"https:\/\/www.gaveanews.com\/index.php\/2025\/12\/10\/filipe-luis-e-sincero-sobre-classificacao-do-flamengo-no-mundial-nada-a-ver-com-motivacao\/\" \/>\n<meta property=\"og:site_name\" content=\"G\u00e1vea News\" \/>\n<meta property=\"article:publisher\" content=\"https:\/\/facebook.com\/gaveaNews\/\" \/>\n<meta property=\"article:published_time\" content=\"2025-12-10T21:02:35+00:00\" \/>\n<meta property=\"article:modified_time\" content=\"2025-12-10T21:02:37+00:00\" \/>\n<meta property=\"og:image\" content=\"http:\/\/www.gaveanews.com\/wp-content\/uploads\/Coletiva-do-tecnico-Filipe-Luis.jpg\" \/>\n\t<meta property=\"og:image:width\" content=\"1280\" \/>\n\t<meta property=\"og:image:height\" content=\"960\" \/>\n\t<meta property=\"og:image:type\" content=\"image\/jpeg\" \/>\n<meta name=\"author\" content=\"Paula Silva\" \/>\n<meta name=\"twitter:card\" content=\"summary_large_image\" \/>\n<meta name=\"twitter:label1\" content=\"Escrito por\" \/>\n\t<meta name=\"twitter:data1\" content=\"Paula Silva\" \/>\n\t<meta name=\"twitter:label2\" content=\"Est. tempo de leitura\" \/>\n\t<meta name=\"twitter:data2\" content=\"4 minutos\" \/>\n<script type=\"application\/ld+json\" class=\"yoast-schema-graph\">{\"@context\":\"https:\/\/schema.org\",\"@graph\":[{\"@type\":\"NewsArticle\",\"@id\":\"https:\/\/www.gaveanews.com\/index.php\/2025\/12\/10\/filipe-luis-e-sincero-sobre-classificacao-do-flamengo-no-mundial-nada-a-ver-com-motivacao\/#article\",\"isPartOf\":{\"@id\":\"https:\/\/www.gaveanews.com\/index.php\/2025\/12\/10\/filipe-luis-e-sincero-sobre-classificacao-do-flamengo-no-mundial-nada-a-ver-com-motivacao\/\"},\"author\":{\"name\":\"Paula Silva\",\"@id\":\"https:\/\/www.gaveanews.com\/#\/schema\/person\/daf63eec72e1164eb13dc35096c2b8da\"},\"headline\":\"Filipe Lu\u00eds \u00e9 sincero sobre classifica\u00e7\u00e3o do Flamengo no Mundial: &#8220;Nada a ver com motiva\u00e7\u00e3o&#8230;&#8221;\",\"datePublished\":\"2025-12-10T21:02:35+00:00\",\"dateModified\":\"2025-12-10T21:02:37+00:00\",\"mainEntityOfPage\":{\"@id\":\"https:\/\/www.gaveanews.com\/index.php\/2025\/12\/10\/filipe-luis-e-sincero-sobre-classificacao-do-flamengo-no-mundial-nada-a-ver-com-motivacao\/\"},\"wordCount\":694,\"commentCount\":0,\"image\":{\"@id\":\"https:\/\/www.gaveanews.com\/index.php\/2025\/12\/10\/filipe-luis-e-sincero-sobre-classificacao-do-flamengo-no-mundial-nada-a-ver-com-motivacao\/#primaryimage\"},\"thumbnailUrl\":\"https:\/\/www.gaveanews.com\/wp-content\/uploads\/Coletiva-do-tecnico-Filipe-Luis.jpg\",\"articleSection\":[\"Flamengo\"],\"inLanguage\":\"pt-BR\",\"potentialAction\":[{\"@type\":\"CommentAction\",\"name\":\"Comment\",\"target\":[\"https:\/\/www.gaveanews.com\/index.php\/2025\/12\/10\/filipe-luis-e-sincero-sobre-classificacao-do-flamengo-no-mundial-nada-a-ver-com-motivacao\/#respond\"]}],\"copyrightYear\":\"2025\",\"copyrightHolder\":{\"@id\":\"https:\/\/www.gaveanews.com\/#organization\"}},{\"@type\":\"WebPage\",\"@id\":\"https:\/\/www.gaveanews.com\/index.php\/2025\/12\/10\/filipe-luis-e-sincero-sobre-classificacao-do-flamengo-no-mundial-nada-a-ver-com-motivacao\/\",\"url\":\"https:\/\/www.gaveanews.com\/index.php\/2025\/12\/10\/filipe-luis-e-sincero-sobre-classificacao-do-flamengo-no-mundial-nada-a-ver-com-motivacao\/\",\"name\":\"Filipe Lu\u00eds \u00e9 sincero sobre classifica\u00e7\u00e3o do Flamengo no Mundial: \\\"Nada a ver com motiva\u00e7\u00e3o...\\\"\",\"isPartOf\":{\"@id\":\"https:\/\/www.gaveanews.com\/#website\"},\"primaryImageOfPage\":{\"@id\":\"https:\/\/www.gaveanews.com\/index.php\/2025\/12\/10\/filipe-luis-e-sincero-sobre-classificacao-do-flamengo-no-mundial-nada-a-ver-com-motivacao\/#primaryimage\"},\"image\":{\"@id\":\"https:\/\/www.gaveanews.com\/index.php\/2025\/12\/10\/filipe-luis-e-sincero-sobre-classificacao-do-flamengo-no-mundial-nada-a-ver-com-motivacao\/#primaryimage\"},\"thumbnailUrl\":\"https:\/\/www.gaveanews.com\/wp-content\/uploads\/Coletiva-do-tecnico-Filipe-Luis.jpg\",\"datePublished\":\"2025-12-10T21:02:35+00:00\",\"dateModified\":\"2025-12-10T21:02:37+00:00\",\"author\":{\"@id\":\"https:\/\/www.gaveanews.com\/#\/schema\/person\/daf63eec72e1164eb13dc35096c2b8da\"},\"breadcrumb\":{\"@id\":\"https:\/\/www.gaveanews.com\/index.php\/2025\/12\/10\/filipe-luis-e-sincero-sobre-classificacao-do-flamengo-no-mundial-nada-a-ver-com-motivacao\/#breadcrumb\"},\"inLanguage\":\"pt-BR\",\"potentialAction\":[{\"@type\":\"ReadAction\",\"target\":[\"https:\/\/www.gaveanews.com\/index.php\/2025\/12\/10\/filipe-luis-e-sincero-sobre-classificacao-do-flamengo-no-mundial-nada-a-ver-com-motivacao\/\"]}]},{\"@type\":\"ImageObject\",\"inLanguage\":\"pt-BR\",\"@id\":\"https:\/\/www.gaveanews.com\/index.php\/2025\/12\/10\/filipe-luis-e-sincero-sobre-classificacao-do-flamengo-no-mundial-nada-a-ver-com-motivacao\/#primaryimage\",\"url\":\"https:\/\/www.gaveanews.com\/wp-content\/uploads\/Coletiva-do-tecnico-Filipe-Luis.jpg\",\"contentUrl\":\"https:\/\/www.gaveanews.com\/wp-content\/uploads\/Coletiva-do-tecnico-Filipe-Luis.jpg\",\"width\":1280,\"height\":960,\"caption\":\"Coletiva do t\u00e9cnico Filipe Lu\u00eds (Foto: Reprodu\u00e7\u00e3o\/Youtube)\"},{\"@type\":\"BreadcrumbList\",\"@id\":\"https:\/\/www.gaveanews.com\/index.php\/2025\/12\/10\/filipe-luis-e-sincero-sobre-classificacao-do-flamengo-no-mundial-nada-a-ver-com-motivacao\/#breadcrumb\",\"itemListElement\":[{\"@type\":\"ListItem\",\"position\":1,\"name\":\"Home\",\"item\":\"https:\/\/www.gaveanews.com\/\"},{\"@type\":\"ListItem\",\"position\":2,\"name\":\"Filipe Lu\u00eds \u00e9 sincero sobre classifica\u00e7\u00e3o do Flamengo no Mundial: &#8220;Nada a ver com motiva\u00e7\u00e3o&#8230;&#8221;\"}]},{\"@type\":\"WebSite\",\"@id\":\"https:\/\/www.gaveanews.com\/#website\",\"url\":\"https:\/\/www.gaveanews.com\/\",\"name\":\"G\u00e1vea News\",\"description\":\"Veja todas as not\u00edcias sobre o Flamengo: Contrata\u00e7\u00f5es, categorias de base, resultados das partidas, tabela de classifica\u00e7\u00e3o, pr\u00f3ximos jogos!\",\"potentialAction\":[{\"@type\":\"SearchAction\",\"target\":{\"@type\":\"EntryPoint\",\"urlTemplate\":\"https:\/\/www.gaveanews.com\/?s={search_term_string}\"},\"query-input\":{\"@type\":\"PropertyValueSpecification\",\"valueRequired\":true,\"valueName\":\"search_term_string\"}}],\"inLanguage\":\"pt-BR\"},{\"@type\":\"Person\",\"@id\":\"https:\/\/www.gaveanews.com\/#\/schema\/person\/daf63eec72e1164eb13dc35096c2b8da\",\"name\":\"Paula Silva\",\"image\":{\"@type\":\"ImageObject\",\"inLanguage\":\"pt-BR\",\"@id\":\"https:\/\/www.gaveanews.com\/#\/schema\/person\/image\/\",\"url\":\"https:\/\/secure.gravatar.com\/avatar\/eda381c845527cc5d64c13b901833cda29d97500ba040d3e6461f76f51d163bb?s=96&d=mm&r=g\",\"contentUrl\":\"https:\/\/secure.gravatar.com\/avatar\/eda381c845527cc5d64c13b901833cda29d97500ba040d3e6461f76f51d163bb?s=96&d=mm&r=g\",\"caption\":\"Paula Silva\"}}]}<\/script>\n<!-- \/ Yoast SEO Premium plugin. -->","yoast_head_json":{"title":"Filipe Lu\u00eds \u00e9 sincero sobre classifica\u00e7\u00e3o do Flamengo no Mundial: \"Nada a ver com motiva\u00e7\u00e3o...\"","robots":{"index":"index","follow":"follow","max-snippet":"max-snippet:-1","max-image-preview":"max-image-preview:large","max-video-preview":"max-video-preview:-1"},"canonical":"https:\/\/www.gaveanews.com\/index.php\/2025\/12\/10\/filipe-luis-e-sincero-sobre-classificacao-do-flamengo-no-mundial-nada-a-ver-com-motivacao\/","og_locale":"pt_BR","og_type":"article","og_title":"Filipe Lu\u00eds \u00e9 sincero sobre classifica\u00e7\u00e3o do Flamengo no Mundial: \"Nada a ver com motiva\u00e7\u00e3o...\"","og_description":"A classifica\u00e7\u00e3o do Flamengo para a semifinal da Copa Intercontinental foi conquistada com vit\u00f3ria por 2 a 1 sobre o Cruz Azul, na quarta-feira (10 de dezembro), no est\u00e1dio Ahmad bin Ali, no Catar. O duelo, v\u00e1lido pelas quartas de final, teve como destaque a atua\u00e7\u00e3o decisiva de Arrascaeta, autor dos dois gols rubro-negros. Entretanto, [&hellip;]","og_url":"https:\/\/www.gaveanews.com\/index.php\/2025\/12\/10\/filipe-luis-e-sincero-sobre-classificacao-do-flamengo-no-mundial-nada-a-ver-com-motivacao\/","og_site_name":"G\u00e1vea News","article_publisher":"https:\/\/facebook.com\/gaveaNews\/","article_published_time":"2025-12-10T21:02:35+00:00","article_modified_time":"2025-12-10T21:02:37+00:00","og_image":[{"width":1280,"height":960,"url":"http:\/\/www.gaveanews.com\/wp-content\/uploads\/Coletiva-do-tecnico-Filipe-Luis.jpg","type":"image\/jpeg"}],"author":"Paula Silva","twitter_card":"summary_large_image","twitter_misc":{"Escrito por":"Paula Silva","Est. tempo de leitura":"4 minutos"},"schema":{"@context":"https:\/\/schema.org","@graph":[{"@type":"NewsArticle","@id":"https:\/\/www.gaveanews.com\/index.php\/2025\/12\/10\/filipe-luis-e-sincero-sobre-classificacao-do-flamengo-no-mundial-nada-a-ver-com-motivacao\/#article","isPartOf":{"@id":"https:\/\/www.gaveanews.com\/index.php\/2025\/12\/10\/filipe-luis-e-sincero-sobre-classificacao-do-flamengo-no-mundial-nada-a-ver-com-motivacao\/"},"author":{"name":"Paula Silva","@id":"https:\/\/www.gaveanews.com\/#\/schema\/person\/daf63eec72e1164eb13dc35096c2b8da"},"headline":"Filipe Lu\u00eds \u00e9 sincero sobre classifica\u00e7\u00e3o do Flamengo no Mundial: &#8220;Nada a ver com motiva\u00e7\u00e3o&#8230;&#8221;","datePublished":"2025-12-10T21:02:35+00:00","dateModified":"2025-12-10T21:02:37+00:00","mainEntityOfPage":{"@id":"https:\/\/www.gaveanews.com\/index.php\/2025\/12\/10\/filipe-luis-e-sincero-sobre-classificacao-do-flamengo-no-mundial-nada-a-ver-com-motivacao\/"},"wordCount":694,"commentCount":0,"image":{"@id":"https:\/\/www.gaveanews.com\/index.php\/2025\/12\/10\/filipe-luis-e-sincero-sobre-classificacao-do-flamengo-no-mundial-nada-a-ver-com-motivacao\/#primaryimage"},"thumbnailUrl":"https:\/\/www.gaveanews.com\/wp-content\/uploads\/Coletiva-do-tecnico-Filipe-Luis.jpg","articleSection":["Flamengo"],"inLanguage":"pt-BR","potentialAction":[{"@type":"CommentAction","name":"Comment","target":["https:\/\/www.gaveanews.com\/index.php\/2025\/12\/10\/filipe-luis-e-sincero-sobre-classificacao-do-flamengo-no-mundial-nada-a-ver-com-motivacao\/#respond"]}],"copyrightYear":"2025","copyrightHolder":{"@id":"https:\/\/www.gaveanews.com\/#organization"}},{"@type":"WebPage","@id":"https:\/\/www.gaveanews.com\/index.php\/2025\/12\/10\/filipe-luis-e-sincero-sobre-classificacao-do-flamengo-no-mundial-nada-a-ver-com-motivacao\/","url":"https:\/\/www.gaveanews.com\/index.php\/2025\/12\/10\/filipe-luis-e-sincero-sobre-classificacao-do-flamengo-no-mundial-nada-a-ver-com-motivacao\/","name":"Filipe Lu\u00eds \u00e9 sincero sobre classifica\u00e7\u00e3o do Flamengo no Mundial: \"Nada a ver com motiva\u00e7\u00e3o...\"","isPartOf":{"@id":"https:\/\/www.gaveanews.com\/#website"},"primaryImageOfPage":{"@id":"https:\/\/www.gaveanews.com\/index.php\/2025\/12\/10\/filipe-luis-e-sincero-sobre-classificacao-do-flamengo-no-mundial-nada-a-ver-com-motivacao\/#primaryimage"},"image":{"@id":"https:\/\/www.gaveanews.com\/index.php\/2025\/12\/10\/filipe-luis-e-sincero-sobre-classificacao-do-flamengo-no-mundial-nada-a-ver-com-motivacao\/#primaryimage"},"thumbnailUrl":"https:\/\/www.gaveanews.com\/wp-content\/uploads\/Coletiva-do-tecnico-Filipe-Luis.jpg","datePublished":"2025-12-10T21:02:35+00:00","dateModified":"2025-12-10T21:02:37+00:00","author":{"@id":"https:\/\/www.gaveanews.com\/#\/schema\/person\/daf63eec72e1164eb13dc35096c2b8da"},"breadcrumb":{"@id":"https:\/\/www.gaveanews.com\/index.php\/2025\/12\/10\/filipe-luis-e-sincero-sobre-classificacao-do-flamengo-no-mundial-nada-a-ver-com-motivacao\/#breadcrumb"},"inLanguage":"pt-BR","potentialAction":[{"@type":"ReadAction","target":["https:\/\/www.gaveanews.com\/index.php\/2025\/12\/10\/filipe-luis-e-sincero-sobre-classificacao-do-flamengo-no-mundial-nada-a-ver-com-motivacao\/"]}]},{"@type":"ImageObject","inLanguage":"pt-BR","@id":"https:\/\/www.gaveanews.com\/index.php\/2025\/12\/10\/filipe-luis-e-sincero-sobre-classificacao-do-flamengo-no-mundial-nada-a-ver-com-motivacao\/#primaryimage","url":"https:\/\/www.gaveanews.com\/wp-content\/uploads\/Coletiva-do-tecnico-Filipe-Luis.jpg","contentUrl":"https:\/\/www.gaveanews.com\/wp-content\/uploads\/Coletiva-do-tecnico-Filipe-Luis.jpg","width":1280,"height":960,"caption":"Coletiva do t\u00e9cnico Filipe Lu\u00eds (Foto: Reprodu\u00e7\u00e3o\/Youtube)"},{"@type":"BreadcrumbList","@id":"https:\/\/www.gaveanews.com\/index.php\/2025\/12\/10\/filipe-luis-e-sincero-sobre-classificacao-do-flamengo-no-mundial-nada-a-ver-com-motivacao\/#breadcrumb","itemListElement":[{"@type":"ListItem","position":1,"name":"Home","item":"https:\/\/www.gaveanews.com\/"},{"@type":"ListItem","position":2,"name":"Filipe Lu\u00eds \u00e9 sincero sobre classifica\u00e7\u00e3o do Flamengo no Mundial: &#8220;Nada a ver com motiva\u00e7\u00e3o&#8230;&#8221;"}]},{"@type":"WebSite","@id":"https:\/\/www.gaveanews.com\/#website","url":"https:\/\/www.gaveanews.com\/","name":"G\u00e1vea News","description":"Veja todas as not\u00edcias sobre o Flamengo: Contrata\u00e7\u00f5es, categorias de base, resultados das partidas, tabela de classifica\u00e7\u00e3o, pr\u00f3ximos jogos!","potentialAction":[{"@type":"SearchAction","target":{"@type":"EntryPoint","urlTemplate":"https:\/\/www.gaveanews.com\/?s={search_term_string}"},"query-input":{"@type":"PropertyValueSpecification","valueRequired":true,"valueName":"search_term_string"}}],"inLanguage":"pt-BR"},{"@type":"Person","@id":"https:\/\/www.gaveanews.com\/#\/schema\/person\/daf63eec72e1164eb13dc35096c2b8da","name":"Paula Silva","image":{"@type":"ImageObject","inLanguage":"pt-BR","@id":"https:\/\/www.gaveanews.com\/#\/schema\/person\/image\/","url":"https:\/\/secure.gravatar.com\/avatar\/eda381c845527cc5d64c13b901833cda29d97500ba040d3e6461f76f51d163bb?s=96&d=mm&r=g","contentUrl":"https:\/\/secure.gravatar.com\/avatar\/eda381c845527cc5d64c13b901833cda29d97500ba040d3e6461f76f51d163bb?s=96&d=mm&r=g","caption":"Paula Silva"}}]}},"_links":{"self":[{"href":"https:\/\/www.gaveanews.com\/index.php\/wp-json\/wp\/v2\/posts\/281492","targetHints":{"allow":["GET"]}}],"collection":[{"href":"https:\/\/www.gaveanews.com\/index.php\/wp-json\/wp\/v2\/posts"}],"about":[{"href":"https:\/\/www.gaveanews.com\/index.php\/wp-json\/wp\/v2\/types\/post"}],"author":[{"embeddable":true,"href":"https:\/\/www.gaveanews.com\/index.php\/wp-json\/wp\/v2\/users\/18"}],"replies":[{"embeddable":true,"href":"https:\/\/www.gaveanews.com\/index.php\/wp-json\/wp\/v2\/comments?post=281492"}],"version-history":[{"count":1,"href":"https:\/\/www.gaveanews.com\/index.php\/wp-json\/wp\/v2\/posts\/281492\/revisions"}],"predecessor-version":[{"id":281493,"href":"https:\/\/www.gaveanews.com\/index.php\/wp-json\/wp\/v2\/posts\/281492\/revisions\/281493"}],"wp:featuredmedia":[{"embeddable":true,"href":"https:\/\/www.gaveanews.com\/index.php\/wp-json\/wp\/v2\/media\/279592"}],"wp:attachment":[{"href":"https:\/\/www.gaveanews.com\/index.php\/wp-json\/wp\/v2\/media?parent=281492"}],"wp:term":[{"taxonomy":"category","embeddable":true,"href":"https:\/\/www.gaveanews.com\/index.php\/wp-json\/wp\/v2\/categories?post=281492"},{"taxonomy":"post_tag","embeddable":true,"href":"https:\/\/www.gaveanews.com\/index.php\/wp-json\/wp\/v2\/tags?post=281492"}],"curies":[{"name":"wp","href":"https:\/\/api.w.org\/{rel}","templated":true}]}}