{"id":281494,"date":"2025-12-10T18:05:17","date_gmt":"2025-12-10T21:05:17","guid":{"rendered":"https:\/\/www.gaveanews.com\/?p=281494"},"modified":"2025-12-10T18:05:20","modified_gmt":"2025-12-10T21:05:20","slug":"a-declaracao-de-filipe-luis-direcionada-a-arrascaeta-muito-ambicioso","status":"publish","type":"post","link":"https:\/\/www.gaveanews.com\/index.php\/2025\/12\/10\/a-declaracao-de-filipe-luis-direcionada-a-arrascaeta-muito-ambicioso\/","title":{"rendered":"A declara\u00e7\u00e3o de Filipe Lu\u00eds direcionada a Arrascaeta: &#8220;Muito ambicioso&#8230;&#8221;"},"content":{"rendered":"\n<p>O Flamengo garantiu vaga na semifinal da Copa Intercontinental ao vencer o Cruz Azul por 2 a 1 na quarta-feira (10), no est\u00e1dio Ahmad bin Ali, em Al-Rayyan. A classifica\u00e7\u00e3o rubro-negra foi assegurada gra\u00e7as \u00e0 atua\u00e7\u00e3o decisiva de Arrascaeta, autor dos dois gols da equipe na partida.<\/p>\n\n\n\n<p>O confronto, que contou com momentos de equil\u00edbrio, teve um primeiro tempo de maior dom\u00ednio dos mexicanos. Apesar disso, foi o Flamengo quem abriu o placar ap\u00f3s erro na sa\u00edda de bola do advers\u00e1rio. O Cruz Azul empatou ainda antes do intervalo, mas viu novamente Arrascaeta balan\u00e7ar as redes na etapa final, aproveitando sobra ap\u00f3s tentativa de passe interceptada, e definindo o placar.<\/p>\n\n\n\n<p>Ap\u00f3s a partida, o t\u00e9cnico Filipe Lu\u00eds destacou n\u00e3o apenas a virada da equipe no segundo tempo, mas tamb\u00e9m o papel fundamental de seu camisa 10 ao longo da temporada. O treinador comparou o desempenho da equipe com momentos marcantes do passado, ressaltando a capacidade de rea\u00e7\u00e3o diante de um advers\u00e1rio de qualidade.<\/p>\n\n\n\n<p>Em meio aos elogios ao desempenho coletivo, Filipe direcionou uma fala especial a Arrascaeta. O t\u00e9cnico descreveu o uruguaio como refer\u00eancia de ambi\u00e7\u00e3o no elenco, destacando sua postura dentro e fora de campo.<\/p>\n\n\n\n<p>&#8220;Outro dia ele estava na academia, ganhou todos os pr\u00eamios merecidos, e eu falei para ele &#8216;De nada&#8217; (risos). \u00c9 simples. \u00c9 m\u00e9rito \u00fanico e total dele. Um cara super concentrado, focado e muito ambicioso. Sempre foi, n\u00e3o \u00e9 que esse ano tenha sido mais. Esse ano a equipe toda seguiu a ambi\u00e7\u00e3o dele. Talvez seja o jogador mais ambicioso que eu tenha no elenco. Quer mais e mais. Quer conquistar, ganhar, continuar fazendo hist\u00f3ria. Cobra de todos, do clube, da comiss\u00e3o e dos companheiros. M\u00e9rito \u00e9 \u00fanico e exclusivamente dele. Eu tenho apenas a sorte de ter vivido o melhor ano da carreira dele&#8221;.<\/p>\n\n\n\n<p>Com os dois gols marcados contra o Cruz Azul, Arrascaeta chegou a quatro tentos em torneios mundiais pelo Flamengo, igualando-se a Pedro como artilheiro do clube em competi\u00e7\u00f5es desse porte. Em 2025, o meia soma 25 gols e 18 assist\u00eancias, n\u00fameros que refor\u00e7am sua import\u00e2ncia no elenco.<\/p>\n\n\n\n<p>A vit\u00f3ria tamb\u00e9m rendeu ao clube carioca um pr\u00eamio de R$ 10,9 milh\u00f5es pela classifica\u00e7\u00e3o. Agora, o Flamengo enfrenta o Pyramids, do Egito, no s\u00e1bado (13), \u00e0s 14h (hor\u00e1rio de Bras\u00edlia). O vencedor desse duelo enfrentar\u00e1 o Paris Saint-Germain na final, marcada para quarta-feira (17 de dezembro).<\/p>\n\n\n\n<p>Apesar da conquista, Filipe Lu\u00eds evitou proje\u00e7\u00f5es sobre a sequ\u00eancia do torneio e refor\u00e7ou a necessidade de estudar o pr\u00f3ximo advers\u00e1rio. Conforme afirmou, o Pyramids demonstrou for\u00e7a ao eliminar o Al-Ahli por 3 a 1 e exigir\u00e1 aten\u00e7\u00e3o total do elenco rubro-negro.<\/p>\n","protected":false},"excerpt":{"rendered":"<p>O Flamengo garantiu vaga na semifinal da Copa Intercontinental ao vencer o Cruz Azul por 2 a 1 na quarta-feira (10), no est\u00e1dio Ahmad bin Ali, em Al-Rayyan. A classifica\u00e7\u00e3o rubro-negra foi assegurada gra\u00e7as \u00e0 atua\u00e7\u00e3o decisiva de Arrascaeta, autor dos dois gols da equipe na partida. O confronto, que contou com momentos de equil\u00edbrio, [&hellip;]<\/p>\n","protected":false},"author":18,"featured_media":280257,"comment_status":"open","ping_status":"closed","sticky":false,"template":"","format":"standard","meta":{"footnotes":""},"categories":[1],"tags":[],"class_list":["post-281494","post","type-post","status-publish","format-standard","has-post-thumbnail","hentry","category-flamengo"],"yoast_head":"<!-- This site is optimized with the Yoast SEO Premium plugin v24.2 (Yoast SEO v26.9) - https:\/\/yoast.com\/product\/yoast-seo-premium-wordpress\/ -->\n<title>A declara\u00e7\u00e3o de Filipe Lu\u00eds direcionada a Arrascaeta: &quot;Muito ambicioso...&quot;<\/title>\n<meta name=\"robots\" content=\"index, follow, max-snippet:-1, max-image-preview:large, max-video-preview:-1\" \/>\n<link rel=\"canonical\" href=\"https:\/\/www.gaveanews.com\/index.php\/2025\/12\/10\/a-declaracao-de-filipe-luis-direcionada-a-arrascaeta-muito-ambicioso\/\" \/>\n<meta property=\"og:locale\" content=\"pt_BR\" \/>\n<meta property=\"og:type\" content=\"article\" \/>\n<meta property=\"og:title\" content=\"A declara\u00e7\u00e3o de Filipe Lu\u00eds direcionada a Arrascaeta: &quot;Muito ambicioso...&quot;\" \/>\n<meta property=\"og:description\" content=\"O Flamengo garantiu vaga na semifinal da Copa Intercontinental ao vencer o Cruz Azul por 2 a 1 na quarta-feira (10), no est\u00e1dio Ahmad bin Ali, em Al-Rayyan. A classifica\u00e7\u00e3o rubro-negra foi assegurada gra\u00e7as \u00e0 atua\u00e7\u00e3o decisiva de Arrascaeta, autor dos dois gols da equipe na partida. O confronto, que contou com momentos de equil\u00edbrio, [&hellip;]\" \/>\n<meta property=\"og:url\" content=\"https:\/\/www.gaveanews.com\/index.php\/2025\/12\/10\/a-declaracao-de-filipe-luis-direcionada-a-arrascaeta-muito-ambicioso\/\" \/>\n<meta property=\"og:site_name\" content=\"G\u00e1vea News\" \/>\n<meta property=\"article:publisher\" content=\"https:\/\/facebook.com\/gaveaNews\/\" \/>\n<meta property=\"article:published_time\" content=\"2025-12-10T21:05:17+00:00\" \/>\n<meta property=\"article:modified_time\" content=\"2025-12-10T21:05:20+00:00\" \/>\n<meta property=\"og:image\" content=\"http:\/\/www.gaveanews.com\/wp-content\/uploads\/Arrascaeta-em-atuacao-pelo-Flamengo-no-Maracana-2.jpg\" \/>\n\t<meta property=\"og:image:width\" content=\"1280\" \/>\n\t<meta property=\"og:image:height\" content=\"960\" \/>\n\t<meta property=\"og:image:type\" content=\"image\/jpeg\" \/>\n<meta name=\"author\" content=\"Paula Silva\" \/>\n<meta name=\"twitter:card\" content=\"summary_large_image\" \/>\n<meta name=\"twitter:label1\" content=\"Escrito por\" \/>\n\t<meta name=\"twitter:data1\" content=\"Paula Silva\" \/>\n\t<meta name=\"twitter:label2\" content=\"Est. tempo de leitura\" \/>\n\t<meta name=\"twitter:data2\" content=\"3 minutos\" \/>\n<script type=\"application\/ld+json\" class=\"yoast-schema-graph\">{\"@context\":\"https:\/\/schema.org\",\"@graph\":[{\"@type\":\"NewsArticle\",\"@id\":\"https:\/\/www.gaveanews.com\/index.php\/2025\/12\/10\/a-declaracao-de-filipe-luis-direcionada-a-arrascaeta-muito-ambicioso\/#article\",\"isPartOf\":{\"@id\":\"https:\/\/www.gaveanews.com\/index.php\/2025\/12\/10\/a-declaracao-de-filipe-luis-direcionada-a-arrascaeta-muito-ambicioso\/\"},\"author\":{\"name\":\"Paula Silva\",\"@id\":\"https:\/\/www.gaveanews.com\/#\/schema\/person\/daf63eec72e1164eb13dc35096c2b8da\"},\"headline\":\"A declara\u00e7\u00e3o de Filipe Lu\u00eds direcionada a Arrascaeta: &#8220;Muito ambicioso&#8230;&#8221;\",\"datePublished\":\"2025-12-10T21:05:17+00:00\",\"dateModified\":\"2025-12-10T21:05:20+00:00\",\"mainEntityOfPage\":{\"@id\":\"https:\/\/www.gaveanews.com\/index.php\/2025\/12\/10\/a-declaracao-de-filipe-luis-direcionada-a-arrascaeta-muito-ambicioso\/\"},\"wordCount\":481,\"commentCount\":0,\"image\":{\"@id\":\"https:\/\/www.gaveanews.com\/index.php\/2025\/12\/10\/a-declaracao-de-filipe-luis-direcionada-a-arrascaeta-muito-ambicioso\/#primaryimage\"},\"thumbnailUrl\":\"https:\/\/www.gaveanews.com\/wp-content\/uploads\/Arrascaeta-em-atuacao-pelo-Flamengo-no-Maracana-2.jpg\",\"articleSection\":[\"Flamengo\"],\"inLanguage\":\"pt-BR\",\"potentialAction\":[{\"@type\":\"CommentAction\",\"name\":\"Comment\",\"target\":[\"https:\/\/www.gaveanews.com\/index.php\/2025\/12\/10\/a-declaracao-de-filipe-luis-direcionada-a-arrascaeta-muito-ambicioso\/#respond\"]}],\"copyrightYear\":\"2025\",\"copyrightHolder\":{\"@id\":\"https:\/\/www.gaveanews.com\/#organization\"}},{\"@type\":\"WebPage\",\"@id\":\"https:\/\/www.gaveanews.com\/index.php\/2025\/12\/10\/a-declaracao-de-filipe-luis-direcionada-a-arrascaeta-muito-ambicioso\/\",\"url\":\"https:\/\/www.gaveanews.com\/index.php\/2025\/12\/10\/a-declaracao-de-filipe-luis-direcionada-a-arrascaeta-muito-ambicioso\/\",\"name\":\"A declara\u00e7\u00e3o de Filipe Lu\u00eds direcionada a Arrascaeta: \\\"Muito ambicioso...\\\"\",\"isPartOf\":{\"@id\":\"https:\/\/www.gaveanews.com\/#website\"},\"primaryImageOfPage\":{\"@id\":\"https:\/\/www.gaveanews.com\/index.php\/2025\/12\/10\/a-declaracao-de-filipe-luis-direcionada-a-arrascaeta-muito-ambicioso\/#primaryimage\"},\"image\":{\"@id\":\"https:\/\/www.gaveanews.com\/index.php\/2025\/12\/10\/a-declaracao-de-filipe-luis-direcionada-a-arrascaeta-muito-ambicioso\/#primaryimage\"},\"thumbnailUrl\":\"https:\/\/www.gaveanews.com\/wp-content\/uploads\/Arrascaeta-em-atuacao-pelo-Flamengo-no-Maracana-2.jpg\",\"datePublished\":\"2025-12-10T21:05:17+00:00\",\"dateModified\":\"2025-12-10T21:05:20+00:00\",\"author\":{\"@id\":\"https:\/\/www.gaveanews.com\/#\/schema\/person\/daf63eec72e1164eb13dc35096c2b8da\"},\"breadcrumb\":{\"@id\":\"https:\/\/www.gaveanews.com\/index.php\/2025\/12\/10\/a-declaracao-de-filipe-luis-direcionada-a-arrascaeta-muito-ambicioso\/#breadcrumb\"},\"inLanguage\":\"pt-BR\",\"potentialAction\":[{\"@type\":\"ReadAction\",\"target\":[\"https:\/\/www.gaveanews.com\/index.php\/2025\/12\/10\/a-declaracao-de-filipe-luis-direcionada-a-arrascaeta-muito-ambicioso\/\"]}]},{\"@type\":\"ImageObject\",\"inLanguage\":\"pt-BR\",\"@id\":\"https:\/\/www.gaveanews.com\/index.php\/2025\/12\/10\/a-declaracao-de-filipe-luis-direcionada-a-arrascaeta-muito-ambicioso\/#primaryimage\",\"url\":\"https:\/\/www.gaveanews.com\/wp-content\/uploads\/Arrascaeta-em-atuacao-pelo-Flamengo-no-Maracana-2.jpg\",\"contentUrl\":\"https:\/\/www.gaveanews.com\/wp-content\/uploads\/Arrascaeta-em-atuacao-pelo-Flamengo-no-Maracana-2.jpg\",\"width\":1280,\"height\":960,\"caption\":\"Arrascaeta em atua\u00e7\u00e3o pelo Flamengo no Maracan\u00e3 (Foto: Flickr\/Flamengo)\"},{\"@type\":\"BreadcrumbList\",\"@id\":\"https:\/\/www.gaveanews.com\/index.php\/2025\/12\/10\/a-declaracao-de-filipe-luis-direcionada-a-arrascaeta-muito-ambicioso\/#breadcrumb\",\"itemListElement\":[{\"@type\":\"ListItem\",\"position\":1,\"name\":\"Home\",\"item\":\"https:\/\/www.gaveanews.com\/\"},{\"@type\":\"ListItem\",\"position\":2,\"name\":\"A declara\u00e7\u00e3o de Filipe Lu\u00eds direcionada a Arrascaeta: &#8220;Muito ambicioso&#8230;&#8221;\"}]},{\"@type\":\"WebSite\",\"@id\":\"https:\/\/www.gaveanews.com\/#website\",\"url\":\"https:\/\/www.gaveanews.com\/\",\"name\":\"G\u00e1vea News\",\"description\":\"Veja todas as not\u00edcias sobre o Flamengo: Contrata\u00e7\u00f5es, categorias de base, resultados das partidas, tabela de classifica\u00e7\u00e3o, pr\u00f3ximos jogos!\",\"potentialAction\":[{\"@type\":\"SearchAction\",\"target\":{\"@type\":\"EntryPoint\",\"urlTemplate\":\"https:\/\/www.gaveanews.com\/?s={search_term_string}\"},\"query-input\":{\"@type\":\"PropertyValueSpecification\",\"valueRequired\":true,\"valueName\":\"search_term_string\"}}],\"inLanguage\":\"pt-BR\"},{\"@type\":\"Person\",\"@id\":\"https:\/\/www.gaveanews.com\/#\/schema\/person\/daf63eec72e1164eb13dc35096c2b8da\",\"name\":\"Paula Silva\",\"image\":{\"@type\":\"ImageObject\",\"inLanguage\":\"pt-BR\",\"@id\":\"https:\/\/www.gaveanews.com\/#\/schema\/person\/image\/\",\"url\":\"https:\/\/secure.gravatar.com\/avatar\/eda381c845527cc5d64c13b901833cda29d97500ba040d3e6461f76f51d163bb?s=96&d=mm&r=g\",\"contentUrl\":\"https:\/\/secure.gravatar.com\/avatar\/eda381c845527cc5d64c13b901833cda29d97500ba040d3e6461f76f51d163bb?s=96&d=mm&r=g\",\"caption\":\"Paula Silva\"}}]}<\/script>\n<!-- \/ Yoast SEO Premium plugin. -->","yoast_head_json":{"title":"A declara\u00e7\u00e3o de Filipe Lu\u00eds direcionada a Arrascaeta: \"Muito ambicioso...\"","robots":{"index":"index","follow":"follow","max-snippet":"max-snippet:-1","max-image-preview":"max-image-preview:large","max-video-preview":"max-video-preview:-1"},"canonical":"https:\/\/www.gaveanews.com\/index.php\/2025\/12\/10\/a-declaracao-de-filipe-luis-direcionada-a-arrascaeta-muito-ambicioso\/","og_locale":"pt_BR","og_type":"article","og_title":"A declara\u00e7\u00e3o de Filipe Lu\u00eds direcionada a Arrascaeta: \"Muito ambicioso...\"","og_description":"O Flamengo garantiu vaga na semifinal da Copa Intercontinental ao vencer o Cruz Azul por 2 a 1 na quarta-feira (10), no est\u00e1dio Ahmad bin Ali, em Al-Rayyan. A classifica\u00e7\u00e3o rubro-negra foi assegurada gra\u00e7as \u00e0 atua\u00e7\u00e3o decisiva de Arrascaeta, autor dos dois gols da equipe na partida. O confronto, que contou com momentos de equil\u00edbrio, [&hellip;]","og_url":"https:\/\/www.gaveanews.com\/index.php\/2025\/12\/10\/a-declaracao-de-filipe-luis-direcionada-a-arrascaeta-muito-ambicioso\/","og_site_name":"G\u00e1vea News","article_publisher":"https:\/\/facebook.com\/gaveaNews\/","article_published_time":"2025-12-10T21:05:17+00:00","article_modified_time":"2025-12-10T21:05:20+00:00","og_image":[{"width":1280,"height":960,"url":"http:\/\/www.gaveanews.com\/wp-content\/uploads\/Arrascaeta-em-atuacao-pelo-Flamengo-no-Maracana-2.jpg","type":"image\/jpeg"}],"author":"Paula Silva","twitter_card":"summary_large_image","twitter_misc":{"Escrito por":"Paula Silva","Est. tempo de leitura":"3 minutos"},"schema":{"@context":"https:\/\/schema.org","@graph":[{"@type":"NewsArticle","@id":"https:\/\/www.gaveanews.com\/index.php\/2025\/12\/10\/a-declaracao-de-filipe-luis-direcionada-a-arrascaeta-muito-ambicioso\/#article","isPartOf":{"@id":"https:\/\/www.gaveanews.com\/index.php\/2025\/12\/10\/a-declaracao-de-filipe-luis-direcionada-a-arrascaeta-muito-ambicioso\/"},"author":{"name":"Paula Silva","@id":"https:\/\/www.gaveanews.com\/#\/schema\/person\/daf63eec72e1164eb13dc35096c2b8da"},"headline":"A declara\u00e7\u00e3o de Filipe Lu\u00eds direcionada a Arrascaeta: &#8220;Muito ambicioso&#8230;&#8221;","datePublished":"2025-12-10T21:05:17+00:00","dateModified":"2025-12-10T21:05:20+00:00","mainEntityOfPage":{"@id":"https:\/\/www.gaveanews.com\/index.php\/2025\/12\/10\/a-declaracao-de-filipe-luis-direcionada-a-arrascaeta-muito-ambicioso\/"},"wordCount":481,"commentCount":0,"image":{"@id":"https:\/\/www.gaveanews.com\/index.php\/2025\/12\/10\/a-declaracao-de-filipe-luis-direcionada-a-arrascaeta-muito-ambicioso\/#primaryimage"},"thumbnailUrl":"https:\/\/www.gaveanews.com\/wp-content\/uploads\/Arrascaeta-em-atuacao-pelo-Flamengo-no-Maracana-2.jpg","articleSection":["Flamengo"],"inLanguage":"pt-BR","potentialAction":[{"@type":"CommentAction","name":"Comment","target":["https:\/\/www.gaveanews.com\/index.php\/2025\/12\/10\/a-declaracao-de-filipe-luis-direcionada-a-arrascaeta-muito-ambicioso\/#respond"]}],"copyrightYear":"2025","copyrightHolder":{"@id":"https:\/\/www.gaveanews.com\/#organization"}},{"@type":"WebPage","@id":"https:\/\/www.gaveanews.com\/index.php\/2025\/12\/10\/a-declaracao-de-filipe-luis-direcionada-a-arrascaeta-muito-ambicioso\/","url":"https:\/\/www.gaveanews.com\/index.php\/2025\/12\/10\/a-declaracao-de-filipe-luis-direcionada-a-arrascaeta-muito-ambicioso\/","name":"A declara\u00e7\u00e3o de Filipe Lu\u00eds direcionada a Arrascaeta: \"Muito ambicioso...\"","isPartOf":{"@id":"https:\/\/www.gaveanews.com\/#website"},"primaryImageOfPage":{"@id":"https:\/\/www.gaveanews.com\/index.php\/2025\/12\/10\/a-declaracao-de-filipe-luis-direcionada-a-arrascaeta-muito-ambicioso\/#primaryimage"},"image":{"@id":"https:\/\/www.gaveanews.com\/index.php\/2025\/12\/10\/a-declaracao-de-filipe-luis-direcionada-a-arrascaeta-muito-ambicioso\/#primaryimage"},"thumbnailUrl":"https:\/\/www.gaveanews.com\/wp-content\/uploads\/Arrascaeta-em-atuacao-pelo-Flamengo-no-Maracana-2.jpg","datePublished":"2025-12-10T21:05:17+00:00","dateModified":"2025-12-10T21:05:20+00:00","author":{"@id":"https:\/\/www.gaveanews.com\/#\/schema\/person\/daf63eec72e1164eb13dc35096c2b8da"},"breadcrumb":{"@id":"https:\/\/www.gaveanews.com\/index.php\/2025\/12\/10\/a-declaracao-de-filipe-luis-direcionada-a-arrascaeta-muito-ambicioso\/#breadcrumb"},"inLanguage":"pt-BR","potentialAction":[{"@type":"ReadAction","target":["https:\/\/www.gaveanews.com\/index.php\/2025\/12\/10\/a-declaracao-de-filipe-luis-direcionada-a-arrascaeta-muito-ambicioso\/"]}]},{"@type":"ImageObject","inLanguage":"pt-BR","@id":"https:\/\/www.gaveanews.com\/index.php\/2025\/12\/10\/a-declaracao-de-filipe-luis-direcionada-a-arrascaeta-muito-ambicioso\/#primaryimage","url":"https:\/\/www.gaveanews.com\/wp-content\/uploads\/Arrascaeta-em-atuacao-pelo-Flamengo-no-Maracana-2.jpg","contentUrl":"https:\/\/www.gaveanews.com\/wp-content\/uploads\/Arrascaeta-em-atuacao-pelo-Flamengo-no-Maracana-2.jpg","width":1280,"height":960,"caption":"Arrascaeta em atua\u00e7\u00e3o pelo Flamengo no Maracan\u00e3 (Foto: Flickr\/Flamengo)"},{"@type":"BreadcrumbList","@id":"https:\/\/www.gaveanews.com\/index.php\/2025\/12\/10\/a-declaracao-de-filipe-luis-direcionada-a-arrascaeta-muito-ambicioso\/#breadcrumb","itemListElement":[{"@type":"ListItem","position":1,"name":"Home","item":"https:\/\/www.gaveanews.com\/"},{"@type":"ListItem","position":2,"name":"A declara\u00e7\u00e3o de Filipe Lu\u00eds direcionada a Arrascaeta: &#8220;Muito ambicioso&#8230;&#8221;"}]},{"@type":"WebSite","@id":"https:\/\/www.gaveanews.com\/#website","url":"https:\/\/www.gaveanews.com\/","name":"G\u00e1vea News","description":"Veja todas as not\u00edcias sobre o Flamengo: Contrata\u00e7\u00f5es, categorias de base, resultados das partidas, tabela de classifica\u00e7\u00e3o, pr\u00f3ximos jogos!","potentialAction":[{"@type":"SearchAction","target":{"@type":"EntryPoint","urlTemplate":"https:\/\/www.gaveanews.com\/?s={search_term_string}"},"query-input":{"@type":"PropertyValueSpecification","valueRequired":true,"valueName":"search_term_string"}}],"inLanguage":"pt-BR"},{"@type":"Person","@id":"https:\/\/www.gaveanews.com\/#\/schema\/person\/daf63eec72e1164eb13dc35096c2b8da","name":"Paula Silva","image":{"@type":"ImageObject","inLanguage":"pt-BR","@id":"https:\/\/www.gaveanews.com\/#\/schema\/person\/image\/","url":"https:\/\/secure.gravatar.com\/avatar\/eda381c845527cc5d64c13b901833cda29d97500ba040d3e6461f76f51d163bb?s=96&d=mm&r=g","contentUrl":"https:\/\/secure.gravatar.com\/avatar\/eda381c845527cc5d64c13b901833cda29d97500ba040d3e6461f76f51d163bb?s=96&d=mm&r=g","caption":"Paula Silva"}}]}},"_links":{"self":[{"href":"https:\/\/www.gaveanews.com\/index.php\/wp-json\/wp\/v2\/posts\/281494","targetHints":{"allow":["GET"]}}],"collection":[{"href":"https:\/\/www.gaveanews.com\/index.php\/wp-json\/wp\/v2\/posts"}],"about":[{"href":"https:\/\/www.gaveanews.com\/index.php\/wp-json\/wp\/v2\/types\/post"}],"author":[{"embeddable":true,"href":"https:\/\/www.gaveanews.com\/index.php\/wp-json\/wp\/v2\/users\/18"}],"replies":[{"embeddable":true,"href":"https:\/\/www.gaveanews.com\/index.php\/wp-json\/wp\/v2\/comments?post=281494"}],"version-history":[{"count":1,"href":"https:\/\/www.gaveanews.com\/index.php\/wp-json\/wp\/v2\/posts\/281494\/revisions"}],"predecessor-version":[{"id":281495,"href":"https:\/\/www.gaveanews.com\/index.php\/wp-json\/wp\/v2\/posts\/281494\/revisions\/281495"}],"wp:featuredmedia":[{"embeddable":true,"href":"https:\/\/www.gaveanews.com\/index.php\/wp-json\/wp\/v2\/media\/280257"}],"wp:attachment":[{"href":"https:\/\/www.gaveanews.com\/index.php\/wp-json\/wp\/v2\/media?parent=281494"}],"wp:term":[{"taxonomy":"category","embeddable":true,"href":"https:\/\/www.gaveanews.com\/index.php\/wp-json\/wp\/v2\/categories?post=281494"},{"taxonomy":"post_tag","embeddable":true,"href":"https:\/\/www.gaveanews.com\/index.php\/wp-json\/wp\/v2\/tags?post=281494"}],"curies":[{"name":"wp","href":"https:\/\/api.w.org\/{rel}","templated":true}]}}