{"id":281496,"date":"2025-12-11T13:00:00","date_gmt":"2025-12-11T16:00:00","guid":{"rendered":"https:\/\/www.gaveanews.com\/?p=281496"},"modified":"2025-12-11T13:16:51","modified_gmt":"2025-12-11T16:16:51","slug":"a-declaracao-do-tecnico-do-psg-envolvendo-o-flamengo-de-filipe-luis","status":"publish","type":"post","link":"https:\/\/www.gaveanews.com\/index.php\/2025\/12\/11\/a-declaracao-do-tecnico-do-psg-envolvendo-o-flamengo-de-filipe-luis\/","title":{"rendered":"A declara\u00e7\u00e3o do t\u00e9cnico do PSG envolvendo o Flamengo de Filipe Lu\u00eds"},"content":{"rendered":"\n<p>Luis Enrique, t\u00e9cnico do PSG, foi direto ao comentar sobre a final da Copa Intercontinental. \u00c0 TNT Sports, o treinador afirmou que prefere n\u00e3o enfrentar o <a href=\"https:\/\/www.gaveanews.com\/index.php\/category\/brasileirao\/flamengo\/\" target=\"_blank\" rel=\"noreferrer noopener\">Flamengo<\/a> na decis\u00e3o do torneio. O clube franc\u00eas aguarda o vencedor do confronto entre o Rubro-Negro e o Pyramids, do Egito, no s\u00e1bado (13).<\/p>\n\n\n\n<p>&#8220;Eu prefiro o Pyramids, que n\u00e3o conhe\u00e7o e claro que pode nos vencer. Mas minha prefer\u00eancia n\u00e3o \u00e9 o Flamengo, est\u00e1 claro. Vimos, analisamos e conhecemos eles no Mundial. Uma equipe muito boa, cheia de qualidade, com muita experi\u00eancia, um grande treinador. Prefiro o Pyramids&#8221;, disse.<\/p>\n\n\n\n<p>O Flamengo avan\u00e7ou \u00e0 semifinal ap\u00f3s vencer o Cruz Azul, do M\u00e9xico, na quarta-feira (10), no Catar. J\u00e1 o Pyramids se classificou ao derrotar o Al-Ahli no playoff entre os representantes da \u00c1frica e da \u00c1sia. A partida entre os dois acontece no s\u00e1bado (13), \u00e0s 14h (de Bras\u00edlia) e definir\u00e1 o outro finalista.<\/p>\n\n\n\n<figure class=\"wp-block-embed is-type-rich is-provider-twitter wp-block-embed-twitter\"><div class=\"wp-block-embed__wrapper\">\n<blockquote class=\"twitter-tweet\" data-width=\"550\" data-dnt=\"true\"><p lang=\"pt\" dir=\"ltr\">\u26a0\ufe0f \u201cPrefiro enfrentar o Pyramids (na final), que eu n\u00e3o conhe\u00e7o. Minha prefer\u00eancia n\u00e3o \u00e9 o Flamengo, isso est\u00e1 claro.\u201d<br><br>\u201cO Flamengo \u00e9 um time muito bom, com um grande treinador. Prefiro o Pyramids.\u201d<br><br>\ud83c\udf99\ufe0f Luis Enrique, t\u00e9cnico do PSG.<br>\ud83c\udfa5 <a href=\"https:\/\/twitter.com\/TNTSportsBR?ref_src=twsrc%5Etfw\">@TNTSportsBR<\/a> <a href=\"https:\/\/t.co\/UttQ1gnLgT\">pic.twitter.com\/UttQ1gnLgT<\/a><\/p>&mdash; Planeta do Futebol \ud83c\udf0e (@futebol_info) <a href=\"https:\/\/twitter.com\/futebol_info\/status\/1998898353913180265?ref_src=twsrc%5Etfw\">December 10, 2025<\/a><\/blockquote><script async src=\"https:\/\/platform.twitter.com\/widgets.js\" charset=\"utf-8\"><\/script>\n<\/div><\/figure>\n\n\n\n<h3 class=\"wp-block-heading\" id=\"h-e-o-psg\">E o PSG?<\/h3>\n\n\n\n<p>Enquanto isso, o PSG se prepara com desfalques. O time vem de empate com o Athletic Bilbao pela Liga dos Campe\u00f5es e ainda enfrentar\u00e1 o Metz pelo Campeonato Franc\u00eas antes de embarcar para Doha. A equipe lida com v\u00e1rias aus\u00eancias por les\u00e3o no elenco.<\/p>\n\n\n\n<p>A final da Copa Intercontinental acontece na pr\u00f3xima quarta-feira (17), \u00e0s 14h (de Bras\u00edlia), no Est\u00e1dio Ahmad bin Ali, em Doha, no Catar. O campe\u00e3o sair\u00e1 em jogo \u00fanico.<\/p>\n","protected":false},"excerpt":{"rendered":"<p>Luis Enrique, t\u00e9cnico do PSG, foi direto ao comentar sobre a final da Copa Intercontinental. \u00c0 TNT Sports, o treinador afirmou que prefere n\u00e3o enfrentar o Flamengo na decis\u00e3o do torneio. O clube franc\u00eas aguarda o vencedor do confronto entre o Rubro-Negro e o Pyramids, do Egito, no s\u00e1bado (13). &#8220;Eu prefiro o Pyramids, que [&hellip;]<\/p>\n","protected":false},"author":39,"featured_media":281497,"comment_status":"open","ping_status":"closed","sticky":false,"template":"","format":"standard","meta":{"footnotes":""},"categories":[1,78,102],"tags":[538,532,250,528,603,574,604],"class_list":["post-281496","post","type-post","status-publish","format-standard","has-post-thumbnail","hentry","category-flamengo","category-futebol-internacional","category-psg","tag-fifa","tag-filipe-luis","tag-flamengo","tag-intercontinental","tag-luis-enrique","tag-mundial","tag-psg"],"yoast_head":"<!-- This site is optimized with the Yoast SEO Premium plugin v24.2 (Yoast SEO v26.9) - https:\/\/yoast.com\/product\/yoast-seo-premium-wordpress\/ -->\n<title>A declara\u00e7\u00e3o do t\u00e9cnico do PSG envolvendo o Flamengo de Filipe Lu\u00eds<\/title>\n<meta name=\"description\" content=\"Com Flamengo vivo, a final da Copa Intercontinental ser\u00e1 disputada na pr\u00f3xima quarta-feira (17), \u00e0s 14h (de Bras\u00edlia)\" \/>\n<meta name=\"robots\" content=\"index, follow, max-snippet:-1, max-image-preview:large, max-video-preview:-1\" \/>\n<link rel=\"canonical\" href=\"https:\/\/www.gaveanews.com\/index.php\/2025\/12\/11\/a-declaracao-do-tecnico-do-psg-envolvendo-o-flamengo-de-filipe-luis\/\" \/>\n<meta property=\"og:locale\" content=\"pt_BR\" \/>\n<meta property=\"og:type\" content=\"article\" \/>\n<meta property=\"og:title\" content=\"A declara\u00e7\u00e3o do t\u00e9cnico do PSG envolvendo o Flamengo de Filipe Lu\u00eds\" \/>\n<meta property=\"og:description\" content=\"Com Flamengo vivo, a final da Copa Intercontinental ser\u00e1 disputada na pr\u00f3xima quarta-feira (17), \u00e0s 14h (de Bras\u00edlia)\" \/>\n<meta property=\"og:url\" content=\"https:\/\/www.gaveanews.com\/index.php\/2025\/12\/11\/a-declaracao-do-tecnico-do-psg-envolvendo-o-flamengo-de-filipe-luis\/\" \/>\n<meta property=\"og:site_name\" content=\"G\u00e1vea News\" \/>\n<meta property=\"article:publisher\" content=\"https:\/\/facebook.com\/gaveaNews\/\" \/>\n<meta property=\"article:published_time\" content=\"2025-12-11T16:00:00+00:00\" \/>\n<meta property=\"article:modified_time\" content=\"2025-12-11T16:16:51+00:00\" \/>\n<meta property=\"og:image\" content=\"http:\/\/www.gaveanews.com\/wp-content\/uploads\/Luis-Enrique.jpg\" \/>\n\t<meta property=\"og:image:width\" content=\"1280\" \/>\n\t<meta property=\"og:image:height\" content=\"853\" \/>\n\t<meta property=\"og:image:type\" content=\"image\/jpeg\" \/>\n<meta name=\"author\" content=\"Reda\u00e7\u00e3o\" \/>\n<meta name=\"twitter:card\" content=\"summary_large_image\" \/>\n<meta name=\"twitter:label1\" content=\"Escrito por\" \/>\n\t<meta name=\"twitter:data1\" content=\"Reda\u00e7\u00e3o\" \/>\n\t<meta name=\"twitter:label2\" content=\"Est. tempo de leitura\" \/>\n\t<meta name=\"twitter:data2\" content=\"2 minutos\" \/>\n<script type=\"application\/ld+json\" class=\"yoast-schema-graph\">{\"@context\":\"https:\/\/schema.org\",\"@graph\":[{\"@type\":\"NewsArticle\",\"@id\":\"https:\/\/www.gaveanews.com\/index.php\/2025\/12\/11\/a-declaracao-do-tecnico-do-psg-envolvendo-o-flamengo-de-filipe-luis\/#article\",\"isPartOf\":{\"@id\":\"https:\/\/www.gaveanews.com\/index.php\/2025\/12\/11\/a-declaracao-do-tecnico-do-psg-envolvendo-o-flamengo-de-filipe-luis\/\"},\"author\":{\"name\":\"Reda\u00e7\u00e3o\",\"@id\":\"https:\/\/www.gaveanews.com\/#\/schema\/person\/c88645e3d550d0b6574305e67dd5a716\"},\"headline\":\"A declara\u00e7\u00e3o do t\u00e9cnico do PSG envolvendo o Flamengo de Filipe Lu\u00eds\",\"datePublished\":\"2025-12-11T16:00:00+00:00\",\"dateModified\":\"2025-12-11T16:16:51+00:00\",\"mainEntityOfPage\":{\"@id\":\"https:\/\/www.gaveanews.com\/index.php\/2025\/12\/11\/a-declaracao-do-tecnico-do-psg-envolvendo-o-flamengo-de-filipe-luis\/\"},\"wordCount\":264,\"commentCount\":0,\"image\":{\"@id\":\"https:\/\/www.gaveanews.com\/index.php\/2025\/12\/11\/a-declaracao-do-tecnico-do-psg-envolvendo-o-flamengo-de-filipe-luis\/#primaryimage\"},\"thumbnailUrl\":\"https:\/\/www.gaveanews.com\/wp-content\/uploads\/Luis-Enrique.jpg\",\"keywords\":[\"Fifa\",\"Filipe Lu\u00eds\",\"Flamengo\",\"Intercontinental\",\"Luis Enrique\",\"Mundial\",\"PSG\"],\"articleSection\":[\"Flamengo\",\"Futebol Internacional\",\"PSG\"],\"inLanguage\":\"pt-BR\",\"potentialAction\":[{\"@type\":\"CommentAction\",\"name\":\"Comment\",\"target\":[\"https:\/\/www.gaveanews.com\/index.php\/2025\/12\/11\/a-declaracao-do-tecnico-do-psg-envolvendo-o-flamengo-de-filipe-luis\/#respond\"]}],\"copyrightYear\":\"2025\",\"copyrightHolder\":{\"@id\":\"https:\/\/www.gaveanews.com\/#organization\"}},{\"@type\":\"WebPage\",\"@id\":\"https:\/\/www.gaveanews.com\/index.php\/2025\/12\/11\/a-declaracao-do-tecnico-do-psg-envolvendo-o-flamengo-de-filipe-luis\/\",\"url\":\"https:\/\/www.gaveanews.com\/index.php\/2025\/12\/11\/a-declaracao-do-tecnico-do-psg-envolvendo-o-flamengo-de-filipe-luis\/\",\"name\":\"A declara\u00e7\u00e3o do t\u00e9cnico do PSG envolvendo o Flamengo de Filipe Lu\u00eds\",\"isPartOf\":{\"@id\":\"https:\/\/www.gaveanews.com\/#website\"},\"primaryImageOfPage\":{\"@id\":\"https:\/\/www.gaveanews.com\/index.php\/2025\/12\/11\/a-declaracao-do-tecnico-do-psg-envolvendo-o-flamengo-de-filipe-luis\/#primaryimage\"},\"image\":{\"@id\":\"https:\/\/www.gaveanews.com\/index.php\/2025\/12\/11\/a-declaracao-do-tecnico-do-psg-envolvendo-o-flamengo-de-filipe-luis\/#primaryimage\"},\"thumbnailUrl\":\"https:\/\/www.gaveanews.com\/wp-content\/uploads\/Luis-Enrique.jpg\",\"datePublished\":\"2025-12-11T16:00:00+00:00\",\"dateModified\":\"2025-12-11T16:16:51+00:00\",\"author\":{\"@id\":\"https:\/\/www.gaveanews.com\/#\/schema\/person\/c88645e3d550d0b6574305e67dd5a716\"},\"description\":\"Com Flamengo vivo, a final da Copa Intercontinental ser\u00e1 disputada na pr\u00f3xima quarta-feira (17), \u00e0s 14h (de Bras\u00edlia)\",\"breadcrumb\":{\"@id\":\"https:\/\/www.gaveanews.com\/index.php\/2025\/12\/11\/a-declaracao-do-tecnico-do-psg-envolvendo-o-flamengo-de-filipe-luis\/#breadcrumb\"},\"inLanguage\":\"pt-BR\",\"potentialAction\":[{\"@type\":\"ReadAction\",\"target\":[\"https:\/\/www.gaveanews.com\/index.php\/2025\/12\/11\/a-declaracao-do-tecnico-do-psg-envolvendo-o-flamengo-de-filipe-luis\/\"]}]},{\"@type\":\"ImageObject\",\"inLanguage\":\"pt-BR\",\"@id\":\"https:\/\/www.gaveanews.com\/index.php\/2025\/12\/11\/a-declaracao-do-tecnico-do-psg-envolvendo-o-flamengo-de-filipe-luis\/#primaryimage\",\"url\":\"https:\/\/www.gaveanews.com\/wp-content\/uploads\/Luis-Enrique.jpg\",\"contentUrl\":\"https:\/\/www.gaveanews.com\/wp-content\/uploads\/Luis-Enrique.jpg\",\"width\":1280,\"height\":853,\"caption\":\"Luis Enrique em coletiva de imprensa (Foto: Reprodu\u00e7\u00e3o)\"},{\"@type\":\"BreadcrumbList\",\"@id\":\"https:\/\/www.gaveanews.com\/index.php\/2025\/12\/11\/a-declaracao-do-tecnico-do-psg-envolvendo-o-flamengo-de-filipe-luis\/#breadcrumb\",\"itemListElement\":[{\"@type\":\"ListItem\",\"position\":1,\"name\":\"Home\",\"item\":\"https:\/\/www.gaveanews.com\/\"},{\"@type\":\"ListItem\",\"position\":2,\"name\":\"A declara\u00e7\u00e3o do t\u00e9cnico do PSG envolvendo o Flamengo de Filipe Lu\u00eds\"}]},{\"@type\":\"WebSite\",\"@id\":\"https:\/\/www.gaveanews.com\/#website\",\"url\":\"https:\/\/www.gaveanews.com\/\",\"name\":\"G\u00e1vea News\",\"description\":\"Veja todas as not\u00edcias sobre o Flamengo: Contrata\u00e7\u00f5es, categorias de base, resultados das partidas, tabela de classifica\u00e7\u00e3o, pr\u00f3ximos jogos!\",\"potentialAction\":[{\"@type\":\"SearchAction\",\"target\":{\"@type\":\"EntryPoint\",\"urlTemplate\":\"https:\/\/www.gaveanews.com\/?s={search_term_string}\"},\"query-input\":{\"@type\":\"PropertyValueSpecification\",\"valueRequired\":true,\"valueName\":\"search_term_string\"}}],\"inLanguage\":\"pt-BR\"},{\"@type\":\"Person\",\"@id\":\"https:\/\/www.gaveanews.com\/#\/schema\/person\/c88645e3d550d0b6574305e67dd5a716\",\"name\":\"Reda\u00e7\u00e3o\",\"image\":{\"@type\":\"ImageObject\",\"inLanguage\":\"pt-BR\",\"@id\":\"https:\/\/www.gaveanews.com\/#\/schema\/person\/image\/\",\"url\":\"https:\/\/secure.gravatar.com\/avatar\/434098fd823f0dc1b062d14ca22bacaa6e38de28d8c816bbef6fc2f8c44d8ba3?s=96&d=mm&r=g\",\"contentUrl\":\"https:\/\/secure.gravatar.com\/avatar\/434098fd823f0dc1b062d14ca22bacaa6e38de28d8c816bbef6fc2f8c44d8ba3?s=96&d=mm&r=g\",\"caption\":\"Reda\u00e7\u00e3o\"}}]}<\/script>\n<!-- \/ Yoast SEO Premium plugin. -->","yoast_head_json":{"title":"A declara\u00e7\u00e3o do t\u00e9cnico do PSG envolvendo o Flamengo de Filipe Lu\u00eds","description":"Com Flamengo vivo, a final da Copa Intercontinental ser\u00e1 disputada na pr\u00f3xima quarta-feira (17), \u00e0s 14h (de Bras\u00edlia)","robots":{"index":"index","follow":"follow","max-snippet":"max-snippet:-1","max-image-preview":"max-image-preview:large","max-video-preview":"max-video-preview:-1"},"canonical":"https:\/\/www.gaveanews.com\/index.php\/2025\/12\/11\/a-declaracao-do-tecnico-do-psg-envolvendo-o-flamengo-de-filipe-luis\/","og_locale":"pt_BR","og_type":"article","og_title":"A declara\u00e7\u00e3o do t\u00e9cnico do PSG envolvendo o Flamengo de Filipe Lu\u00eds","og_description":"Com Flamengo vivo, a final da Copa Intercontinental ser\u00e1 disputada na pr\u00f3xima quarta-feira (17), \u00e0s 14h (de Bras\u00edlia)","og_url":"https:\/\/www.gaveanews.com\/index.php\/2025\/12\/11\/a-declaracao-do-tecnico-do-psg-envolvendo-o-flamengo-de-filipe-luis\/","og_site_name":"G\u00e1vea News","article_publisher":"https:\/\/facebook.com\/gaveaNews\/","article_published_time":"2025-12-11T16:00:00+00:00","article_modified_time":"2025-12-11T16:16:51+00:00","og_image":[{"width":1280,"height":853,"url":"http:\/\/www.gaveanews.com\/wp-content\/uploads\/Luis-Enrique.jpg","type":"image\/jpeg"}],"author":"Reda\u00e7\u00e3o","twitter_card":"summary_large_image","twitter_misc":{"Escrito por":"Reda\u00e7\u00e3o","Est. tempo de leitura":"2 minutos"},"schema":{"@context":"https:\/\/schema.org","@graph":[{"@type":"NewsArticle","@id":"https:\/\/www.gaveanews.com\/index.php\/2025\/12\/11\/a-declaracao-do-tecnico-do-psg-envolvendo-o-flamengo-de-filipe-luis\/#article","isPartOf":{"@id":"https:\/\/www.gaveanews.com\/index.php\/2025\/12\/11\/a-declaracao-do-tecnico-do-psg-envolvendo-o-flamengo-de-filipe-luis\/"},"author":{"name":"Reda\u00e7\u00e3o","@id":"https:\/\/www.gaveanews.com\/#\/schema\/person\/c88645e3d550d0b6574305e67dd5a716"},"headline":"A declara\u00e7\u00e3o do t\u00e9cnico do PSG envolvendo o Flamengo de Filipe Lu\u00eds","datePublished":"2025-12-11T16:00:00+00:00","dateModified":"2025-12-11T16:16:51+00:00","mainEntityOfPage":{"@id":"https:\/\/www.gaveanews.com\/index.php\/2025\/12\/11\/a-declaracao-do-tecnico-do-psg-envolvendo-o-flamengo-de-filipe-luis\/"},"wordCount":264,"commentCount":0,"image":{"@id":"https:\/\/www.gaveanews.com\/index.php\/2025\/12\/11\/a-declaracao-do-tecnico-do-psg-envolvendo-o-flamengo-de-filipe-luis\/#primaryimage"},"thumbnailUrl":"https:\/\/www.gaveanews.com\/wp-content\/uploads\/Luis-Enrique.jpg","keywords":["Fifa","Filipe Lu\u00eds","Flamengo","Intercontinental","Luis Enrique","Mundial","PSG"],"articleSection":["Flamengo","Futebol Internacional","PSG"],"inLanguage":"pt-BR","potentialAction":[{"@type":"CommentAction","name":"Comment","target":["https:\/\/www.gaveanews.com\/index.php\/2025\/12\/11\/a-declaracao-do-tecnico-do-psg-envolvendo-o-flamengo-de-filipe-luis\/#respond"]}],"copyrightYear":"2025","copyrightHolder":{"@id":"https:\/\/www.gaveanews.com\/#organization"}},{"@type":"WebPage","@id":"https:\/\/www.gaveanews.com\/index.php\/2025\/12\/11\/a-declaracao-do-tecnico-do-psg-envolvendo-o-flamengo-de-filipe-luis\/","url":"https:\/\/www.gaveanews.com\/index.php\/2025\/12\/11\/a-declaracao-do-tecnico-do-psg-envolvendo-o-flamengo-de-filipe-luis\/","name":"A declara\u00e7\u00e3o do t\u00e9cnico do PSG envolvendo o Flamengo de Filipe Lu\u00eds","isPartOf":{"@id":"https:\/\/www.gaveanews.com\/#website"},"primaryImageOfPage":{"@id":"https:\/\/www.gaveanews.com\/index.php\/2025\/12\/11\/a-declaracao-do-tecnico-do-psg-envolvendo-o-flamengo-de-filipe-luis\/#primaryimage"},"image":{"@id":"https:\/\/www.gaveanews.com\/index.php\/2025\/12\/11\/a-declaracao-do-tecnico-do-psg-envolvendo-o-flamengo-de-filipe-luis\/#primaryimage"},"thumbnailUrl":"https:\/\/www.gaveanews.com\/wp-content\/uploads\/Luis-Enrique.jpg","datePublished":"2025-12-11T16:00:00+00:00","dateModified":"2025-12-11T16:16:51+00:00","author":{"@id":"https:\/\/www.gaveanews.com\/#\/schema\/person\/c88645e3d550d0b6574305e67dd5a716"},"description":"Com Flamengo vivo, a final da Copa Intercontinental ser\u00e1 disputada na pr\u00f3xima quarta-feira (17), \u00e0s 14h (de Bras\u00edlia)","breadcrumb":{"@id":"https:\/\/www.gaveanews.com\/index.php\/2025\/12\/11\/a-declaracao-do-tecnico-do-psg-envolvendo-o-flamengo-de-filipe-luis\/#breadcrumb"},"inLanguage":"pt-BR","potentialAction":[{"@type":"ReadAction","target":["https:\/\/www.gaveanews.com\/index.php\/2025\/12\/11\/a-declaracao-do-tecnico-do-psg-envolvendo-o-flamengo-de-filipe-luis\/"]}]},{"@type":"ImageObject","inLanguage":"pt-BR","@id":"https:\/\/www.gaveanews.com\/index.php\/2025\/12\/11\/a-declaracao-do-tecnico-do-psg-envolvendo-o-flamengo-de-filipe-luis\/#primaryimage","url":"https:\/\/www.gaveanews.com\/wp-content\/uploads\/Luis-Enrique.jpg","contentUrl":"https:\/\/www.gaveanews.com\/wp-content\/uploads\/Luis-Enrique.jpg","width":1280,"height":853,"caption":"Luis Enrique em coletiva de imprensa (Foto: Reprodu\u00e7\u00e3o)"},{"@type":"BreadcrumbList","@id":"https:\/\/www.gaveanews.com\/index.php\/2025\/12\/11\/a-declaracao-do-tecnico-do-psg-envolvendo-o-flamengo-de-filipe-luis\/#breadcrumb","itemListElement":[{"@type":"ListItem","position":1,"name":"Home","item":"https:\/\/www.gaveanews.com\/"},{"@type":"ListItem","position":2,"name":"A declara\u00e7\u00e3o do t\u00e9cnico do PSG envolvendo o Flamengo de Filipe Lu\u00eds"}]},{"@type":"WebSite","@id":"https:\/\/www.gaveanews.com\/#website","url":"https:\/\/www.gaveanews.com\/","name":"G\u00e1vea News","description":"Veja todas as not\u00edcias sobre o Flamengo: Contrata\u00e7\u00f5es, categorias de base, resultados das partidas, tabela de classifica\u00e7\u00e3o, pr\u00f3ximos jogos!","potentialAction":[{"@type":"SearchAction","target":{"@type":"EntryPoint","urlTemplate":"https:\/\/www.gaveanews.com\/?s={search_term_string}"},"query-input":{"@type":"PropertyValueSpecification","valueRequired":true,"valueName":"search_term_string"}}],"inLanguage":"pt-BR"},{"@type":"Person","@id":"https:\/\/www.gaveanews.com\/#\/schema\/person\/c88645e3d550d0b6574305e67dd5a716","name":"Reda\u00e7\u00e3o","image":{"@type":"ImageObject","inLanguage":"pt-BR","@id":"https:\/\/www.gaveanews.com\/#\/schema\/person\/image\/","url":"https:\/\/secure.gravatar.com\/avatar\/434098fd823f0dc1b062d14ca22bacaa6e38de28d8c816bbef6fc2f8c44d8ba3?s=96&d=mm&r=g","contentUrl":"https:\/\/secure.gravatar.com\/avatar\/434098fd823f0dc1b062d14ca22bacaa6e38de28d8c816bbef6fc2f8c44d8ba3?s=96&d=mm&r=g","caption":"Reda\u00e7\u00e3o"}}]}},"_links":{"self":[{"href":"https:\/\/www.gaveanews.com\/index.php\/wp-json\/wp\/v2\/posts\/281496","targetHints":{"allow":["GET"]}}],"collection":[{"href":"https:\/\/www.gaveanews.com\/index.php\/wp-json\/wp\/v2\/posts"}],"about":[{"href":"https:\/\/www.gaveanews.com\/index.php\/wp-json\/wp\/v2\/types\/post"}],"author":[{"embeddable":true,"href":"https:\/\/www.gaveanews.com\/index.php\/wp-json\/wp\/v2\/users\/39"}],"replies":[{"embeddable":true,"href":"https:\/\/www.gaveanews.com\/index.php\/wp-json\/wp\/v2\/comments?post=281496"}],"version-history":[{"count":1,"href":"https:\/\/www.gaveanews.com\/index.php\/wp-json\/wp\/v2\/posts\/281496\/revisions"}],"predecessor-version":[{"id":281499,"href":"https:\/\/www.gaveanews.com\/index.php\/wp-json\/wp\/v2\/posts\/281496\/revisions\/281499"}],"wp:featuredmedia":[{"embeddable":true,"href":"https:\/\/www.gaveanews.com\/index.php\/wp-json\/wp\/v2\/media\/281497"}],"wp:attachment":[{"href":"https:\/\/www.gaveanews.com\/index.php\/wp-json\/wp\/v2\/media?parent=281496"}],"wp:term":[{"taxonomy":"category","embeddable":true,"href":"https:\/\/www.gaveanews.com\/index.php\/wp-json\/wp\/v2\/categories?post=281496"},{"taxonomy":"post_tag","embeddable":true,"href":"https:\/\/www.gaveanews.com\/index.php\/wp-json\/wp\/v2\/tags?post=281496"}],"curies":[{"name":"wp","href":"https:\/\/api.w.org\/{rel}","templated":true}]}}