{"id":281498,"date":"2025-12-11T13:50:00","date_gmt":"2025-12-11T16:50:00","guid":{"rendered":"https:\/\/www.gaveanews.com\/?p=281498"},"modified":"2025-12-11T14:27:41","modified_gmt":"2025-12-11T17:27:41","slug":"jogador-do-flamengo-e-liberado-do-intercontinental-e-vai-retornar-ao-brasil","status":"publish","type":"post","link":"https:\/\/www.gaveanews.com\/index.php\/2025\/12\/11\/jogador-do-flamengo-e-liberado-do-intercontinental-e-vai-retornar-ao-brasil\/","title":{"rendered":"Jogador do Flamengo \u00e9 liberado do Intercontinental e vai retornar ao Brasil"},"content":{"rendered":"\n<p>Filipe Lu\u00eds ter\u00e1 uma baixa no elenco do <a href=\"https:\/\/www.gaveanews.com\/index.php\/category\/brasileirao\/flamengo\/\" target=\"_blank\" rel=\"noreferrer noopener\">Flamengo<\/a> durante a disputa da Copa Intercontinental. O goleiro Matheus Cunha recebeu libera\u00e7\u00e3o da diretoria para retornar ao Brasil, ap\u00f3s a vit\u00f3ria por 2 a 1 sobre o Cruz Azul, na quarta-feira (10), a fim de acompanhar o nascimento do seu primeiro filho. <\/p>\n\n\n\n<p>Como a FIFA n\u00e3o permite substitui\u00e7\u00f5es ap\u00f3s a inscri\u00e7\u00e3o dos 26 nomes para o torneio, o Rubro-Negro continuar\u00e1 a competi\u00e7\u00e3o com um goleiro a menos. O clube confirmou a libera\u00e7\u00e3o e detalhou os pr\u00f3ximos passos do jogador. <\/p>\n\n\n\n<p>A volta est\u00e1 prevista para a madrugada de quinta-feira (11), com embarque \u00e0s 1h30 (hor\u00e1rio local de Doha). \u201cO goleiro Matheus Cunha retornar\u00e1 ao Brasil para acompanhar o nascimento de seu primeiro filho. [&#8230;] Como n\u00e3o \u00e9 poss\u00edvel inscrever novos atletas, nenhum jogador ser\u00e1 chamado para substitu\u00ed-lo\u201d, comunicou o clube.<\/p>\n\n\n\n<p>Com a sa\u00edda do reserva imediato, a responsabilidade recai agora sobre Dyogo Alves, terceiro goleiro da lista. O jovem de 21 anos, sobrevivente do inc\u00eandio no Ninho do Urubu, tem cinco jogos como profissional e atuou pela \u00faltima vez no empate com o Mirassol, no encerramento do Brasileiro.<\/p>\n\n\n\n<figure class=\"wp-block-image size-full\"><img loading=\"lazy\" decoding=\"async\" width=\"1200\" height=\"800\" src=\"http:\/\/www.gaveanews.com\/wp-content\/uploads\/Matheus-Cunha.png\" alt=\"Matheus Cunha em embarque com a delega\u00e7\u00e3o do Flamengo\" class=\"wp-image-281501\"\/><figcaption class=\"wp-element-caption\">Matheus Cunha deixar\u00e1 o Flamengo em 2026 (Foto: Gilvan de Souza\/CRF)<\/figcaption><\/figure>\n\n\n\n<p>Matheus Cunha, por sua vez, est\u00e1 de sa\u00edda do clube. Em fim de contrato, o arqueiro tem acerto com o Cruzeiro a partir de 2026. A diretoria flamenguista, ciente da necessidade de reposi\u00e7\u00e3o, mira a contrata\u00e7\u00e3o de Gabriel Braz\u00e3o, atualmente no Santos, para refor\u00e7ar a posi\u00e7\u00e3o.<\/p>\n\n\n\n<p>O Flamengo enfrenta o Pyramids, do Egito, na semifinal da competi\u00e7\u00e3o, e em caso de avan\u00e7o, poder\u00e1 encarar o PSG na decis\u00e3o.<\/p>\n","protected":false},"excerpt":{"rendered":"<p>Filipe Lu\u00eds ter\u00e1 uma baixa no elenco do Flamengo durante a disputa da Copa Intercontinental. O goleiro Matheus Cunha recebeu libera\u00e7\u00e3o da diretoria para retornar ao Brasil, ap\u00f3s a vit\u00f3ria por 2 a 1 sobre o Cruz Azul, na quarta-feira (10), a fim de acompanhar o nascimento do seu primeiro filho. Como a FIFA n\u00e3o [&hellip;]<\/p>\n","protected":false},"author":39,"featured_media":281502,"comment_status":"open","ping_status":"closed","sticky":false,"template":"","format":"standard","meta":{"footnotes":""},"categories":[1],"tags":[548,607,250,537,589],"class_list":["post-281498","post","type-post","status-publish","format-standard","has-post-thumbnail","hentry","category-flamengo","tag-catar","tag-doha","tag-flamengo","tag-intercontinental-de-clubes","tag-matheus-cunha"],"yoast_head":"<!-- This site is optimized with the Yoast SEO Premium plugin v24.2 (Yoast SEO v26.9) - https:\/\/yoast.com\/product\/yoast-seo-premium-wordpress\/ -->\n<title>Jogador do Flamengo \u00e9 liberado do Intercontinental e vai retornar ao Brasil<\/title>\n<meta name=\"description\" content=\"Como a FIFA n\u00e3o permite substitui\u00e7\u00f5es ap\u00f3s os relacionados, o Flamengo continuar\u00e1 a competi\u00e7\u00e3o com um a menos\" \/>\n<meta name=\"robots\" content=\"index, follow, max-snippet:-1, max-image-preview:large, max-video-preview:-1\" \/>\n<link rel=\"canonical\" href=\"https:\/\/www.gaveanews.com\/index.php\/2025\/12\/11\/jogador-do-flamengo-e-liberado-do-intercontinental-e-vai-retornar-ao-brasil\/\" \/>\n<meta property=\"og:locale\" content=\"pt_BR\" \/>\n<meta property=\"og:type\" content=\"article\" \/>\n<meta property=\"og:title\" content=\"Jogador do Flamengo \u00e9 liberado do Intercontinental e vai retornar ao Brasil\" \/>\n<meta property=\"og:description\" content=\"Como a FIFA n\u00e3o permite substitui\u00e7\u00f5es ap\u00f3s os relacionados, o Flamengo continuar\u00e1 a competi\u00e7\u00e3o com um a menos\" \/>\n<meta property=\"og:url\" content=\"https:\/\/www.gaveanews.com\/index.php\/2025\/12\/11\/jogador-do-flamengo-e-liberado-do-intercontinental-e-vai-retornar-ao-brasil\/\" \/>\n<meta property=\"og:site_name\" content=\"G\u00e1vea News\" \/>\n<meta property=\"article:publisher\" content=\"https:\/\/facebook.com\/gaveaNews\/\" \/>\n<meta property=\"article:published_time\" content=\"2025-12-11T16:50:00+00:00\" \/>\n<meta property=\"article:modified_time\" content=\"2025-12-11T17:27:41+00:00\" \/>\n<meta property=\"og:image\" content=\"http:\/\/www.gaveanews.com\/wp-content\/uploads\/Flamengo-no-Intercontinental.png\" \/>\n\t<meta property=\"og:image:width\" content=\"1200\" \/>\n\t<meta property=\"og:image:height\" content=\"800\" \/>\n\t<meta property=\"og:image:type\" content=\"image\/png\" \/>\n<meta name=\"author\" content=\"Reda\u00e7\u00e3o\" \/>\n<meta name=\"twitter:card\" content=\"summary_large_image\" \/>\n<meta name=\"twitter:label1\" content=\"Escrito por\" \/>\n\t<meta name=\"twitter:data1\" content=\"Reda\u00e7\u00e3o\" \/>\n\t<meta name=\"twitter:label2\" content=\"Est. tempo de leitura\" \/>\n\t<meta name=\"twitter:data2\" content=\"2 minutos\" \/>\n<script type=\"application\/ld+json\" class=\"yoast-schema-graph\">{\"@context\":\"https:\/\/schema.org\",\"@graph\":[{\"@type\":\"NewsArticle\",\"@id\":\"https:\/\/www.gaveanews.com\/index.php\/2025\/12\/11\/jogador-do-flamengo-e-liberado-do-intercontinental-e-vai-retornar-ao-brasil\/#article\",\"isPartOf\":{\"@id\":\"https:\/\/www.gaveanews.com\/index.php\/2025\/12\/11\/jogador-do-flamengo-e-liberado-do-intercontinental-e-vai-retornar-ao-brasil\/\"},\"author\":{\"name\":\"Reda\u00e7\u00e3o\",\"@id\":\"https:\/\/www.gaveanews.com\/#\/schema\/person\/c88645e3d550d0b6574305e67dd5a716\"},\"headline\":\"Jogador do Flamengo \u00e9 liberado do Intercontinental e vai retornar ao Brasil\",\"datePublished\":\"2025-12-11T16:50:00+00:00\",\"dateModified\":\"2025-12-11T17:27:41+00:00\",\"mainEntityOfPage\":{\"@id\":\"https:\/\/www.gaveanews.com\/index.php\/2025\/12\/11\/jogador-do-flamengo-e-liberado-do-intercontinental-e-vai-retornar-ao-brasil\/\"},\"wordCount\":293,\"commentCount\":0,\"image\":{\"@id\":\"https:\/\/www.gaveanews.com\/index.php\/2025\/12\/11\/jogador-do-flamengo-e-liberado-do-intercontinental-e-vai-retornar-ao-brasil\/#primaryimage\"},\"thumbnailUrl\":\"https:\/\/www.gaveanews.com\/wp-content\/uploads\/Flamengo-no-Intercontinental.png\",\"keywords\":[\"Catar\",\"Doha\",\"Flamengo\",\"Intercontinental de Clubes\",\"Matheus Cunha\"],\"articleSection\":[\"Flamengo\"],\"inLanguage\":\"pt-BR\",\"potentialAction\":[{\"@type\":\"CommentAction\",\"name\":\"Comment\",\"target\":[\"https:\/\/www.gaveanews.com\/index.php\/2025\/12\/11\/jogador-do-flamengo-e-liberado-do-intercontinental-e-vai-retornar-ao-brasil\/#respond\"]}],\"copyrightYear\":\"2025\",\"copyrightHolder\":{\"@id\":\"https:\/\/www.gaveanews.com\/#organization\"}},{\"@type\":\"WebPage\",\"@id\":\"https:\/\/www.gaveanews.com\/index.php\/2025\/12\/11\/jogador-do-flamengo-e-liberado-do-intercontinental-e-vai-retornar-ao-brasil\/\",\"url\":\"https:\/\/www.gaveanews.com\/index.php\/2025\/12\/11\/jogador-do-flamengo-e-liberado-do-intercontinental-e-vai-retornar-ao-brasil\/\",\"name\":\"Jogador do Flamengo \u00e9 liberado do Intercontinental e vai retornar ao Brasil\",\"isPartOf\":{\"@id\":\"https:\/\/www.gaveanews.com\/#website\"},\"primaryImageOfPage\":{\"@id\":\"https:\/\/www.gaveanews.com\/index.php\/2025\/12\/11\/jogador-do-flamengo-e-liberado-do-intercontinental-e-vai-retornar-ao-brasil\/#primaryimage\"},\"image\":{\"@id\":\"https:\/\/www.gaveanews.com\/index.php\/2025\/12\/11\/jogador-do-flamengo-e-liberado-do-intercontinental-e-vai-retornar-ao-brasil\/#primaryimage\"},\"thumbnailUrl\":\"https:\/\/www.gaveanews.com\/wp-content\/uploads\/Flamengo-no-Intercontinental.png\",\"datePublished\":\"2025-12-11T16:50:00+00:00\",\"dateModified\":\"2025-12-11T17:27:41+00:00\",\"author\":{\"@id\":\"https:\/\/www.gaveanews.com\/#\/schema\/person\/c88645e3d550d0b6574305e67dd5a716\"},\"description\":\"Como a FIFA n\u00e3o permite substitui\u00e7\u00f5es ap\u00f3s os relacionados, o Flamengo continuar\u00e1 a competi\u00e7\u00e3o com um a menos\",\"breadcrumb\":{\"@id\":\"https:\/\/www.gaveanews.com\/index.php\/2025\/12\/11\/jogador-do-flamengo-e-liberado-do-intercontinental-e-vai-retornar-ao-brasil\/#breadcrumb\"},\"inLanguage\":\"pt-BR\",\"potentialAction\":[{\"@type\":\"ReadAction\",\"target\":[\"https:\/\/www.gaveanews.com\/index.php\/2025\/12\/11\/jogador-do-flamengo-e-liberado-do-intercontinental-e-vai-retornar-ao-brasil\/\"]}]},{\"@type\":\"ImageObject\",\"inLanguage\":\"pt-BR\",\"@id\":\"https:\/\/www.gaveanews.com\/index.php\/2025\/12\/11\/jogador-do-flamengo-e-liberado-do-intercontinental-e-vai-retornar-ao-brasil\/#primaryimage\",\"url\":\"https:\/\/www.gaveanews.com\/wp-content\/uploads\/Flamengo-no-Intercontinental.png\",\"contentUrl\":\"https:\/\/www.gaveanews.com\/wp-content\/uploads\/Flamengo-no-Intercontinental.png\",\"width\":1200,\"height\":800,\"caption\":\"Banco de reservas do Flamengo no Intercontinental (Foto: Gilvan de Souza\/CRF)\"},{\"@type\":\"BreadcrumbList\",\"@id\":\"https:\/\/www.gaveanews.com\/index.php\/2025\/12\/11\/jogador-do-flamengo-e-liberado-do-intercontinental-e-vai-retornar-ao-brasil\/#breadcrumb\",\"itemListElement\":[{\"@type\":\"ListItem\",\"position\":1,\"name\":\"Home\",\"item\":\"https:\/\/www.gaveanews.com\/\"},{\"@type\":\"ListItem\",\"position\":2,\"name\":\"Jogador do Flamengo \u00e9 liberado do Intercontinental e vai retornar ao Brasil\"}]},{\"@type\":\"WebSite\",\"@id\":\"https:\/\/www.gaveanews.com\/#website\",\"url\":\"https:\/\/www.gaveanews.com\/\",\"name\":\"G\u00e1vea News\",\"description\":\"Veja todas as not\u00edcias sobre o Flamengo: Contrata\u00e7\u00f5es, categorias de base, resultados das partidas, tabela de classifica\u00e7\u00e3o, pr\u00f3ximos jogos!\",\"potentialAction\":[{\"@type\":\"SearchAction\",\"target\":{\"@type\":\"EntryPoint\",\"urlTemplate\":\"https:\/\/www.gaveanews.com\/?s={search_term_string}\"},\"query-input\":{\"@type\":\"PropertyValueSpecification\",\"valueRequired\":true,\"valueName\":\"search_term_string\"}}],\"inLanguage\":\"pt-BR\"},{\"@type\":\"Person\",\"@id\":\"https:\/\/www.gaveanews.com\/#\/schema\/person\/c88645e3d550d0b6574305e67dd5a716\",\"name\":\"Reda\u00e7\u00e3o\",\"image\":{\"@type\":\"ImageObject\",\"inLanguage\":\"pt-BR\",\"@id\":\"https:\/\/www.gaveanews.com\/#\/schema\/person\/image\/\",\"url\":\"https:\/\/secure.gravatar.com\/avatar\/434098fd823f0dc1b062d14ca22bacaa6e38de28d8c816bbef6fc2f8c44d8ba3?s=96&d=mm&r=g\",\"contentUrl\":\"https:\/\/secure.gravatar.com\/avatar\/434098fd823f0dc1b062d14ca22bacaa6e38de28d8c816bbef6fc2f8c44d8ba3?s=96&d=mm&r=g\",\"caption\":\"Reda\u00e7\u00e3o\"}}]}<\/script>\n<!-- \/ Yoast SEO Premium plugin. -->","yoast_head_json":{"title":"Jogador do Flamengo \u00e9 liberado do Intercontinental e vai retornar ao Brasil","description":"Como a FIFA n\u00e3o permite substitui\u00e7\u00f5es ap\u00f3s os relacionados, o Flamengo continuar\u00e1 a competi\u00e7\u00e3o com um a menos","robots":{"index":"index","follow":"follow","max-snippet":"max-snippet:-1","max-image-preview":"max-image-preview:large","max-video-preview":"max-video-preview:-1"},"canonical":"https:\/\/www.gaveanews.com\/index.php\/2025\/12\/11\/jogador-do-flamengo-e-liberado-do-intercontinental-e-vai-retornar-ao-brasil\/","og_locale":"pt_BR","og_type":"article","og_title":"Jogador do Flamengo \u00e9 liberado do Intercontinental e vai retornar ao Brasil","og_description":"Como a FIFA n\u00e3o permite substitui\u00e7\u00f5es ap\u00f3s os relacionados, o Flamengo continuar\u00e1 a competi\u00e7\u00e3o com um a menos","og_url":"https:\/\/www.gaveanews.com\/index.php\/2025\/12\/11\/jogador-do-flamengo-e-liberado-do-intercontinental-e-vai-retornar-ao-brasil\/","og_site_name":"G\u00e1vea News","article_publisher":"https:\/\/facebook.com\/gaveaNews\/","article_published_time":"2025-12-11T16:50:00+00:00","article_modified_time":"2025-12-11T17:27:41+00:00","og_image":[{"width":1200,"height":800,"url":"http:\/\/www.gaveanews.com\/wp-content\/uploads\/Flamengo-no-Intercontinental.png","type":"image\/png"}],"author":"Reda\u00e7\u00e3o","twitter_card":"summary_large_image","twitter_misc":{"Escrito por":"Reda\u00e7\u00e3o","Est. tempo de leitura":"2 minutos"},"schema":{"@context":"https:\/\/schema.org","@graph":[{"@type":"NewsArticle","@id":"https:\/\/www.gaveanews.com\/index.php\/2025\/12\/11\/jogador-do-flamengo-e-liberado-do-intercontinental-e-vai-retornar-ao-brasil\/#article","isPartOf":{"@id":"https:\/\/www.gaveanews.com\/index.php\/2025\/12\/11\/jogador-do-flamengo-e-liberado-do-intercontinental-e-vai-retornar-ao-brasil\/"},"author":{"name":"Reda\u00e7\u00e3o","@id":"https:\/\/www.gaveanews.com\/#\/schema\/person\/c88645e3d550d0b6574305e67dd5a716"},"headline":"Jogador do Flamengo \u00e9 liberado do Intercontinental e vai retornar ao Brasil","datePublished":"2025-12-11T16:50:00+00:00","dateModified":"2025-12-11T17:27:41+00:00","mainEntityOfPage":{"@id":"https:\/\/www.gaveanews.com\/index.php\/2025\/12\/11\/jogador-do-flamengo-e-liberado-do-intercontinental-e-vai-retornar-ao-brasil\/"},"wordCount":293,"commentCount":0,"image":{"@id":"https:\/\/www.gaveanews.com\/index.php\/2025\/12\/11\/jogador-do-flamengo-e-liberado-do-intercontinental-e-vai-retornar-ao-brasil\/#primaryimage"},"thumbnailUrl":"https:\/\/www.gaveanews.com\/wp-content\/uploads\/Flamengo-no-Intercontinental.png","keywords":["Catar","Doha","Flamengo","Intercontinental de Clubes","Matheus Cunha"],"articleSection":["Flamengo"],"inLanguage":"pt-BR","potentialAction":[{"@type":"CommentAction","name":"Comment","target":["https:\/\/www.gaveanews.com\/index.php\/2025\/12\/11\/jogador-do-flamengo-e-liberado-do-intercontinental-e-vai-retornar-ao-brasil\/#respond"]}],"copyrightYear":"2025","copyrightHolder":{"@id":"https:\/\/www.gaveanews.com\/#organization"}},{"@type":"WebPage","@id":"https:\/\/www.gaveanews.com\/index.php\/2025\/12\/11\/jogador-do-flamengo-e-liberado-do-intercontinental-e-vai-retornar-ao-brasil\/","url":"https:\/\/www.gaveanews.com\/index.php\/2025\/12\/11\/jogador-do-flamengo-e-liberado-do-intercontinental-e-vai-retornar-ao-brasil\/","name":"Jogador do Flamengo \u00e9 liberado do Intercontinental e vai retornar ao Brasil","isPartOf":{"@id":"https:\/\/www.gaveanews.com\/#website"},"primaryImageOfPage":{"@id":"https:\/\/www.gaveanews.com\/index.php\/2025\/12\/11\/jogador-do-flamengo-e-liberado-do-intercontinental-e-vai-retornar-ao-brasil\/#primaryimage"},"image":{"@id":"https:\/\/www.gaveanews.com\/index.php\/2025\/12\/11\/jogador-do-flamengo-e-liberado-do-intercontinental-e-vai-retornar-ao-brasil\/#primaryimage"},"thumbnailUrl":"https:\/\/www.gaveanews.com\/wp-content\/uploads\/Flamengo-no-Intercontinental.png","datePublished":"2025-12-11T16:50:00+00:00","dateModified":"2025-12-11T17:27:41+00:00","author":{"@id":"https:\/\/www.gaveanews.com\/#\/schema\/person\/c88645e3d550d0b6574305e67dd5a716"},"description":"Como a FIFA n\u00e3o permite substitui\u00e7\u00f5es ap\u00f3s os relacionados, o Flamengo continuar\u00e1 a competi\u00e7\u00e3o com um a menos","breadcrumb":{"@id":"https:\/\/www.gaveanews.com\/index.php\/2025\/12\/11\/jogador-do-flamengo-e-liberado-do-intercontinental-e-vai-retornar-ao-brasil\/#breadcrumb"},"inLanguage":"pt-BR","potentialAction":[{"@type":"ReadAction","target":["https:\/\/www.gaveanews.com\/index.php\/2025\/12\/11\/jogador-do-flamengo-e-liberado-do-intercontinental-e-vai-retornar-ao-brasil\/"]}]},{"@type":"ImageObject","inLanguage":"pt-BR","@id":"https:\/\/www.gaveanews.com\/index.php\/2025\/12\/11\/jogador-do-flamengo-e-liberado-do-intercontinental-e-vai-retornar-ao-brasil\/#primaryimage","url":"https:\/\/www.gaveanews.com\/wp-content\/uploads\/Flamengo-no-Intercontinental.png","contentUrl":"https:\/\/www.gaveanews.com\/wp-content\/uploads\/Flamengo-no-Intercontinental.png","width":1200,"height":800,"caption":"Banco de reservas do Flamengo no Intercontinental (Foto: Gilvan de Souza\/CRF)"},{"@type":"BreadcrumbList","@id":"https:\/\/www.gaveanews.com\/index.php\/2025\/12\/11\/jogador-do-flamengo-e-liberado-do-intercontinental-e-vai-retornar-ao-brasil\/#breadcrumb","itemListElement":[{"@type":"ListItem","position":1,"name":"Home","item":"https:\/\/www.gaveanews.com\/"},{"@type":"ListItem","position":2,"name":"Jogador do Flamengo \u00e9 liberado do Intercontinental e vai retornar ao Brasil"}]},{"@type":"WebSite","@id":"https:\/\/www.gaveanews.com\/#website","url":"https:\/\/www.gaveanews.com\/","name":"G\u00e1vea News","description":"Veja todas as not\u00edcias sobre o Flamengo: Contrata\u00e7\u00f5es, categorias de base, resultados das partidas, tabela de classifica\u00e7\u00e3o, pr\u00f3ximos jogos!","potentialAction":[{"@type":"SearchAction","target":{"@type":"EntryPoint","urlTemplate":"https:\/\/www.gaveanews.com\/?s={search_term_string}"},"query-input":{"@type":"PropertyValueSpecification","valueRequired":true,"valueName":"search_term_string"}}],"inLanguage":"pt-BR"},{"@type":"Person","@id":"https:\/\/www.gaveanews.com\/#\/schema\/person\/c88645e3d550d0b6574305e67dd5a716","name":"Reda\u00e7\u00e3o","image":{"@type":"ImageObject","inLanguage":"pt-BR","@id":"https:\/\/www.gaveanews.com\/#\/schema\/person\/image\/","url":"https:\/\/secure.gravatar.com\/avatar\/434098fd823f0dc1b062d14ca22bacaa6e38de28d8c816bbef6fc2f8c44d8ba3?s=96&d=mm&r=g","contentUrl":"https:\/\/secure.gravatar.com\/avatar\/434098fd823f0dc1b062d14ca22bacaa6e38de28d8c816bbef6fc2f8c44d8ba3?s=96&d=mm&r=g","caption":"Reda\u00e7\u00e3o"}}]}},"_links":{"self":[{"href":"https:\/\/www.gaveanews.com\/index.php\/wp-json\/wp\/v2\/posts\/281498","targetHints":{"allow":["GET"]}}],"collection":[{"href":"https:\/\/www.gaveanews.com\/index.php\/wp-json\/wp\/v2\/posts"}],"about":[{"href":"https:\/\/www.gaveanews.com\/index.php\/wp-json\/wp\/v2\/types\/post"}],"author":[{"embeddable":true,"href":"https:\/\/www.gaveanews.com\/index.php\/wp-json\/wp\/v2\/users\/39"}],"replies":[{"embeddable":true,"href":"https:\/\/www.gaveanews.com\/index.php\/wp-json\/wp\/v2\/comments?post=281498"}],"version-history":[{"count":1,"href":"https:\/\/www.gaveanews.com\/index.php\/wp-json\/wp\/v2\/posts\/281498\/revisions"}],"predecessor-version":[{"id":281504,"href":"https:\/\/www.gaveanews.com\/index.php\/wp-json\/wp\/v2\/posts\/281498\/revisions\/281504"}],"wp:featuredmedia":[{"embeddable":true,"href":"https:\/\/www.gaveanews.com\/index.php\/wp-json\/wp\/v2\/media\/281502"}],"wp:attachment":[{"href":"https:\/\/www.gaveanews.com\/index.php\/wp-json\/wp\/v2\/media?parent=281498"}],"wp:term":[{"taxonomy":"category","embeddable":true,"href":"https:\/\/www.gaveanews.com\/index.php\/wp-json\/wp\/v2\/categories?post=281498"},{"taxonomy":"post_tag","embeddable":true,"href":"https:\/\/www.gaveanews.com\/index.php\/wp-json\/wp\/v2\/tags?post=281498"}],"curies":[{"name":"wp","href":"https:\/\/api.w.org\/{rel}","templated":true}]}}