{"id":281506,"date":"2025-12-11T14:44:14","date_gmt":"2025-12-11T17:44:14","guid":{"rendered":"https:\/\/www.gaveanews.com\/?p=281506"},"modified":"2025-12-11T15:32:50","modified_gmt":"2025-12-11T18:32:50","slug":"flamengo-provoca-o-botafogo-apos-vitoria-no-intercontinental","status":"publish","type":"post","link":"https:\/\/www.gaveanews.com\/index.php\/2025\/12\/11\/flamengo-provoca-o-botafogo-apos-vitoria-no-intercontinental\/","title":{"rendered":"Flamengo provoca o Botafogo ap\u00f3s vit\u00f3ria no Intercontinental"},"content":{"rendered":"\n<p>O <a href=\"https:\/\/www.gaveanews.com\/index.php\/category\/brasileirao\/flamengo\/\" target=\"_blank\" rel=\"noreferrer noopener\">Flamengo<\/a> garantiu classifica\u00e7\u00e3o para a semifinal do Intercontinental ao vencer o Cruz Azul por 2 a 1, nessa quarta-feira (10), no Catar. Celebrada com entusiasmo nas redes sociais, o clube aproveitou a vit\u00f3ria para provocar o Botafogo, relembrando a elimina\u00e7\u00e3o diante do Pachuca, em 2024, no mesmo torneio.<\/p>\n\n\n\n<p>Ap\u00f3s o apito final, o perfil oficial do Rubro-Negro publicou: \u201cO primeiro campe\u00e3o brasileiro do Derby das Am\u00e9ricas \u00e9 o Clube de Regatas do Flamengo. O Colossal. Que n\u00e3o para de levantar trof\u00e9u!\u201d. A publica\u00e7\u00e3o fez refer\u00eancia direta \u00e0 passagem frustrada do Botafogo no novo formato da competi\u00e7\u00e3o organizado pela FIFA.<\/p>\n\n\n\n<p>O destaque da vit\u00f3ria ficou por conta de Arrascaeta, autor dos dois gols do Flamengo. Com o resultado, a equipe de Filipe Lu\u00eds avan\u00e7ou para enfrentar o Pyramids, do Egito, neste s\u00e1bado (13), \u00e0s 14h (de Bras\u00edlia), no Ahmad Bin Ali, em Al Rayyan. A partida ter\u00e1 transmiss\u00e3o ao vivo pela TV Globo, sportv, ge tv e ge.<\/p>\n\n\n\n<h3 class=\"wp-block-heading\" id=\"h-veja-provocacao-do-flamengo\">Veja provoca\u00e7\u00e3o do Flamengo<\/h3>\n\n\n\n<figure class=\"wp-block-embed is-type-rich is-provider-twitter wp-block-embed-twitter\"><div class=\"wp-block-embed__wrapper\">\n<blockquote class=\"twitter-tweet\" data-width=\"550\" data-dnt=\"true\"><p lang=\"pt\" dir=\"ltr\">O primeiro campe\u00e3o brasileiro do Derby das Am\u00e9ricas \u00e9 o Clube de Regatas do Flamengo. O Colossal. Que n\u00e3o para de levantar trof\u00e9u!<br><br>MEEEEENGOOOOO!!!<a href=\"https:\/\/twitter.com\/hashtag\/campeao?src=hash&amp;ref_src=twsrc%5Etfw\">#campeao<\/a> <a href=\"https:\/\/t.co\/OBgIPKU6NZ\">pic.twitter.com\/OBgIPKU6NZ<\/a><\/p>&mdash; FL4MEN9O (@Flamengo) <a href=\"https:\/\/twitter.com\/Flamengo\/status\/1998829521961886174?ref_src=twsrc%5Etfw\">December 10, 2025<\/a><\/blockquote><script async src=\"https:\/\/platform.twitter.com\/widgets.js\" charset=\"utf-8\"><\/script>\n<\/div><\/figure>\n\n\n\n<h3 class=\"wp-block-heading\" id=\"h-e-o-adversario-do-flamengo\">E o advers\u00e1rio do Flamengo?<\/h3>\n\n\n\n<p>Os eg\u00edpcios chegam \u00e0 semifinal ap\u00f3s eliminar o Auckland City e o Al-Ahli nas fases anteriores. Campe\u00e3o da Liga dos Campe\u00f5es da \u00c1frica, o Pyramids participa pela primeira vez de uma competi\u00e7\u00e3o internacional organizada pela FIFA, ap\u00f3s ser fundado em 2008.<\/p>\n\n\n\n<p>Quem vencer o confronto de s\u00e1bado enfrentar\u00e1 o PSG na decis\u00e3o da Copa Intercontinental, marcada para quarta-feira (17), tamb\u00e9m \u00e0s 14h (hor\u00e1rio de Bras\u00edlia). O clube franc\u00eas \u00e9 o atual campe\u00e3o da Liga dos Campe\u00f5es da Europa.<\/p>\n","protected":false},"excerpt":{"rendered":"<p>O Flamengo garantiu classifica\u00e7\u00e3o para a semifinal do Intercontinental ao vencer o Cruz Azul por 2 a 1, nessa quarta-feira (10), no Catar. Celebrada com entusiasmo nas redes sociais, o clube aproveitou a vit\u00f3ria para provocar o Botafogo, relembrando a elimina\u00e7\u00e3o diante do Pachuca, em 2024, no mesmo torneio. Ap\u00f3s o apito final, o perfil [&hellip;]<\/p>\n","protected":false},"author":39,"featured_media":281490,"comment_status":"open","ping_status":"closed","sticky":false,"template":"","format":"standard","meta":{"footnotes":""},"categories":[138,1],"tags":[397,547,250,545,609,543],"class_list":["post-281506","post","type-post","status-publish","format-standard","has-post-thumbnail","hentry","category-botafogo","category-flamengo","tag-botafogo","tag-copa-intercontinental","tag-flamengo","tag-instagram","tag-pachuca","tag-x"],"yoast_head":"<!-- This site is optimized with the Yoast SEO Premium plugin v24.2 (Yoast SEO v26.9) - https:\/\/yoast.com\/product\/yoast-seo-premium-wordpress\/ -->\n<title>Flamengo provoca o Botafogo ap\u00f3s vit\u00f3ria no Intercontinental<\/title>\n<meta name=\"description\" content=\"Quem vencer o confronto entre Flamengo e Pyramids enfrentar\u00e1 o PSG na decis\u00e3o da Copa Intercontinental, marcada para quarta-feira (17)\" \/>\n<meta name=\"robots\" content=\"index, follow, max-snippet:-1, max-image-preview:large, max-video-preview:-1\" \/>\n<link rel=\"canonical\" href=\"https:\/\/www.gaveanews.com\/index.php\/2025\/12\/11\/flamengo-provoca-o-botafogo-apos-vitoria-no-intercontinental\/\" \/>\n<meta property=\"og:locale\" content=\"pt_BR\" \/>\n<meta property=\"og:type\" content=\"article\" \/>\n<meta property=\"og:title\" content=\"Flamengo provoca o Botafogo ap\u00f3s vit\u00f3ria no Intercontinental\" \/>\n<meta property=\"og:description\" content=\"Quem vencer o confronto entre Flamengo e Pyramids enfrentar\u00e1 o PSG na decis\u00e3o da Copa Intercontinental, marcada para quarta-feira (17)\" \/>\n<meta property=\"og:url\" content=\"https:\/\/www.gaveanews.com\/index.php\/2025\/12\/11\/flamengo-provoca-o-botafogo-apos-vitoria-no-intercontinental\/\" \/>\n<meta property=\"og:site_name\" content=\"G\u00e1vea News\" \/>\n<meta property=\"article:publisher\" content=\"https:\/\/facebook.com\/gaveaNews\/\" \/>\n<meta property=\"article:published_time\" content=\"2025-12-11T17:44:14+00:00\" \/>\n<meta property=\"article:modified_time\" content=\"2025-12-11T18:32:50+00:00\" \/>\n<meta property=\"og:image\" content=\"http:\/\/www.gaveanews.com\/wp-content\/uploads\/Flamengo-com-o-titulo-do-Derby-das-Americas.png\" \/>\n\t<meta property=\"og:image:width\" content=\"1200\" \/>\n\t<meta property=\"og:image:height\" content=\"900\" \/>\n\t<meta property=\"og:image:type\" content=\"image\/png\" \/>\n<meta name=\"author\" content=\"Reda\u00e7\u00e3o\" \/>\n<meta name=\"twitter:card\" content=\"summary_large_image\" \/>\n<meta name=\"twitter:label1\" content=\"Escrito por\" \/>\n\t<meta name=\"twitter:data1\" content=\"Reda\u00e7\u00e3o\" \/>\n\t<meta name=\"twitter:label2\" content=\"Est. tempo de leitura\" \/>\n\t<meta name=\"twitter:data2\" content=\"2 minutos\" \/>\n<script type=\"application\/ld+json\" class=\"yoast-schema-graph\">{\"@context\":\"https:\/\/schema.org\",\"@graph\":[{\"@type\":\"NewsArticle\",\"@id\":\"https:\/\/www.gaveanews.com\/index.php\/2025\/12\/11\/flamengo-provoca-o-botafogo-apos-vitoria-no-intercontinental\/#article\",\"isPartOf\":{\"@id\":\"https:\/\/www.gaveanews.com\/index.php\/2025\/12\/11\/flamengo-provoca-o-botafogo-apos-vitoria-no-intercontinental\/\"},\"author\":{\"name\":\"Reda\u00e7\u00e3o\",\"@id\":\"https:\/\/www.gaveanews.com\/#\/schema\/person\/c88645e3d550d0b6574305e67dd5a716\"},\"headline\":\"Flamengo provoca o Botafogo ap\u00f3s vit\u00f3ria no Intercontinental\",\"datePublished\":\"2025-12-11T17:44:14+00:00\",\"dateModified\":\"2025-12-11T18:32:50+00:00\",\"mainEntityOfPage\":{\"@id\":\"https:\/\/www.gaveanews.com\/index.php\/2025\/12\/11\/flamengo-provoca-o-botafogo-apos-vitoria-no-intercontinental\/\"},\"wordCount\":282,\"commentCount\":0,\"image\":{\"@id\":\"https:\/\/www.gaveanews.com\/index.php\/2025\/12\/11\/flamengo-provoca-o-botafogo-apos-vitoria-no-intercontinental\/#primaryimage\"},\"thumbnailUrl\":\"https:\/\/www.gaveanews.com\/wp-content\/uploads\/Flamengo-com-o-titulo-do-Derby-das-Americas.png\",\"keywords\":[\"Botafogo\",\"Copa Intercontinental\",\"Flamengo\",\"Instagram\",\"Pachuca\",\"X\"],\"articleSection\":[\"Botafogo\",\"Flamengo\"],\"inLanguage\":\"pt-BR\",\"potentialAction\":[{\"@type\":\"CommentAction\",\"name\":\"Comment\",\"target\":[\"https:\/\/www.gaveanews.com\/index.php\/2025\/12\/11\/flamengo-provoca-o-botafogo-apos-vitoria-no-intercontinental\/#respond\"]}],\"copyrightYear\":\"2025\",\"copyrightHolder\":{\"@id\":\"https:\/\/www.gaveanews.com\/#organization\"}},{\"@type\":\"WebPage\",\"@id\":\"https:\/\/www.gaveanews.com\/index.php\/2025\/12\/11\/flamengo-provoca-o-botafogo-apos-vitoria-no-intercontinental\/\",\"url\":\"https:\/\/www.gaveanews.com\/index.php\/2025\/12\/11\/flamengo-provoca-o-botafogo-apos-vitoria-no-intercontinental\/\",\"name\":\"Flamengo provoca o Botafogo ap\u00f3s vit\u00f3ria no Intercontinental\",\"isPartOf\":{\"@id\":\"https:\/\/www.gaveanews.com\/#website\"},\"primaryImageOfPage\":{\"@id\":\"https:\/\/www.gaveanews.com\/index.php\/2025\/12\/11\/flamengo-provoca-o-botafogo-apos-vitoria-no-intercontinental\/#primaryimage\"},\"image\":{\"@id\":\"https:\/\/www.gaveanews.com\/index.php\/2025\/12\/11\/flamengo-provoca-o-botafogo-apos-vitoria-no-intercontinental\/#primaryimage\"},\"thumbnailUrl\":\"https:\/\/www.gaveanews.com\/wp-content\/uploads\/Flamengo-com-o-titulo-do-Derby-das-Americas.png\",\"datePublished\":\"2025-12-11T17:44:14+00:00\",\"dateModified\":\"2025-12-11T18:32:50+00:00\",\"author\":{\"@id\":\"https:\/\/www.gaveanews.com\/#\/schema\/person\/c88645e3d550d0b6574305e67dd5a716\"},\"description\":\"Quem vencer o confronto entre Flamengo e Pyramids enfrentar\u00e1 o PSG na decis\u00e3o da Copa Intercontinental, marcada para quarta-feira (17)\",\"breadcrumb\":{\"@id\":\"https:\/\/www.gaveanews.com\/index.php\/2025\/12\/11\/flamengo-provoca-o-botafogo-apos-vitoria-no-intercontinental\/#breadcrumb\"},\"inLanguage\":\"pt-BR\",\"potentialAction\":[{\"@type\":\"ReadAction\",\"target\":[\"https:\/\/www.gaveanews.com\/index.php\/2025\/12\/11\/flamengo-provoca-o-botafogo-apos-vitoria-no-intercontinental\/\"]}]},{\"@type\":\"ImageObject\",\"inLanguage\":\"pt-BR\",\"@id\":\"https:\/\/www.gaveanews.com\/index.php\/2025\/12\/11\/flamengo-provoca-o-botafogo-apos-vitoria-no-intercontinental\/#primaryimage\",\"url\":\"https:\/\/www.gaveanews.com\/wp-content\/uploads\/Flamengo-com-o-titulo-do-Derby-das-Americas.png\",\"contentUrl\":\"https:\/\/www.gaveanews.com\/wp-content\/uploads\/Flamengo-com-o-titulo-do-Derby-das-Americas.png\",\"width\":1200,\"height\":900,\"caption\":\"Foto:Adriano Fontes\/Flamengo\"},{\"@type\":\"BreadcrumbList\",\"@id\":\"https:\/\/www.gaveanews.com\/index.php\/2025\/12\/11\/flamengo-provoca-o-botafogo-apos-vitoria-no-intercontinental\/#breadcrumb\",\"itemListElement\":[{\"@type\":\"ListItem\",\"position\":1,\"name\":\"Home\",\"item\":\"https:\/\/www.gaveanews.com\/\"},{\"@type\":\"ListItem\",\"position\":2,\"name\":\"Flamengo provoca o Botafogo ap\u00f3s vit\u00f3ria no Intercontinental\"}]},{\"@type\":\"WebSite\",\"@id\":\"https:\/\/www.gaveanews.com\/#website\",\"url\":\"https:\/\/www.gaveanews.com\/\",\"name\":\"G\u00e1vea News\",\"description\":\"Veja todas as not\u00edcias sobre o Flamengo: Contrata\u00e7\u00f5es, categorias de base, resultados das partidas, tabela de classifica\u00e7\u00e3o, pr\u00f3ximos jogos!\",\"potentialAction\":[{\"@type\":\"SearchAction\",\"target\":{\"@type\":\"EntryPoint\",\"urlTemplate\":\"https:\/\/www.gaveanews.com\/?s={search_term_string}\"},\"query-input\":{\"@type\":\"PropertyValueSpecification\",\"valueRequired\":true,\"valueName\":\"search_term_string\"}}],\"inLanguage\":\"pt-BR\"},{\"@type\":\"Person\",\"@id\":\"https:\/\/www.gaveanews.com\/#\/schema\/person\/c88645e3d550d0b6574305e67dd5a716\",\"name\":\"Reda\u00e7\u00e3o\",\"image\":{\"@type\":\"ImageObject\",\"inLanguage\":\"pt-BR\",\"@id\":\"https:\/\/www.gaveanews.com\/#\/schema\/person\/image\/\",\"url\":\"https:\/\/secure.gravatar.com\/avatar\/434098fd823f0dc1b062d14ca22bacaa6e38de28d8c816bbef6fc2f8c44d8ba3?s=96&d=mm&r=g\",\"contentUrl\":\"https:\/\/secure.gravatar.com\/avatar\/434098fd823f0dc1b062d14ca22bacaa6e38de28d8c816bbef6fc2f8c44d8ba3?s=96&d=mm&r=g\",\"caption\":\"Reda\u00e7\u00e3o\"}}]}<\/script>\n<!-- \/ Yoast SEO Premium plugin. -->","yoast_head_json":{"title":"Flamengo provoca o Botafogo ap\u00f3s vit\u00f3ria no Intercontinental","description":"Quem vencer o confronto entre Flamengo e Pyramids enfrentar\u00e1 o PSG na decis\u00e3o da Copa Intercontinental, marcada para quarta-feira (17)","robots":{"index":"index","follow":"follow","max-snippet":"max-snippet:-1","max-image-preview":"max-image-preview:large","max-video-preview":"max-video-preview:-1"},"canonical":"https:\/\/www.gaveanews.com\/index.php\/2025\/12\/11\/flamengo-provoca-o-botafogo-apos-vitoria-no-intercontinental\/","og_locale":"pt_BR","og_type":"article","og_title":"Flamengo provoca o Botafogo ap\u00f3s vit\u00f3ria no Intercontinental","og_description":"Quem vencer o confronto entre Flamengo e Pyramids enfrentar\u00e1 o PSG na decis\u00e3o da Copa Intercontinental, marcada para quarta-feira (17)","og_url":"https:\/\/www.gaveanews.com\/index.php\/2025\/12\/11\/flamengo-provoca-o-botafogo-apos-vitoria-no-intercontinental\/","og_site_name":"G\u00e1vea News","article_publisher":"https:\/\/facebook.com\/gaveaNews\/","article_published_time":"2025-12-11T17:44:14+00:00","article_modified_time":"2025-12-11T18:32:50+00:00","og_image":[{"width":1200,"height":900,"url":"http:\/\/www.gaveanews.com\/wp-content\/uploads\/Flamengo-com-o-titulo-do-Derby-das-Americas.png","type":"image\/png"}],"author":"Reda\u00e7\u00e3o","twitter_card":"summary_large_image","twitter_misc":{"Escrito por":"Reda\u00e7\u00e3o","Est. tempo de leitura":"2 minutos"},"schema":{"@context":"https:\/\/schema.org","@graph":[{"@type":"NewsArticle","@id":"https:\/\/www.gaveanews.com\/index.php\/2025\/12\/11\/flamengo-provoca-o-botafogo-apos-vitoria-no-intercontinental\/#article","isPartOf":{"@id":"https:\/\/www.gaveanews.com\/index.php\/2025\/12\/11\/flamengo-provoca-o-botafogo-apos-vitoria-no-intercontinental\/"},"author":{"name":"Reda\u00e7\u00e3o","@id":"https:\/\/www.gaveanews.com\/#\/schema\/person\/c88645e3d550d0b6574305e67dd5a716"},"headline":"Flamengo provoca o Botafogo ap\u00f3s vit\u00f3ria no Intercontinental","datePublished":"2025-12-11T17:44:14+00:00","dateModified":"2025-12-11T18:32:50+00:00","mainEntityOfPage":{"@id":"https:\/\/www.gaveanews.com\/index.php\/2025\/12\/11\/flamengo-provoca-o-botafogo-apos-vitoria-no-intercontinental\/"},"wordCount":282,"commentCount":0,"image":{"@id":"https:\/\/www.gaveanews.com\/index.php\/2025\/12\/11\/flamengo-provoca-o-botafogo-apos-vitoria-no-intercontinental\/#primaryimage"},"thumbnailUrl":"https:\/\/www.gaveanews.com\/wp-content\/uploads\/Flamengo-com-o-titulo-do-Derby-das-Americas.png","keywords":["Botafogo","Copa Intercontinental","Flamengo","Instagram","Pachuca","X"],"articleSection":["Botafogo","Flamengo"],"inLanguage":"pt-BR","potentialAction":[{"@type":"CommentAction","name":"Comment","target":["https:\/\/www.gaveanews.com\/index.php\/2025\/12\/11\/flamengo-provoca-o-botafogo-apos-vitoria-no-intercontinental\/#respond"]}],"copyrightYear":"2025","copyrightHolder":{"@id":"https:\/\/www.gaveanews.com\/#organization"}},{"@type":"WebPage","@id":"https:\/\/www.gaveanews.com\/index.php\/2025\/12\/11\/flamengo-provoca-o-botafogo-apos-vitoria-no-intercontinental\/","url":"https:\/\/www.gaveanews.com\/index.php\/2025\/12\/11\/flamengo-provoca-o-botafogo-apos-vitoria-no-intercontinental\/","name":"Flamengo provoca o Botafogo ap\u00f3s vit\u00f3ria no Intercontinental","isPartOf":{"@id":"https:\/\/www.gaveanews.com\/#website"},"primaryImageOfPage":{"@id":"https:\/\/www.gaveanews.com\/index.php\/2025\/12\/11\/flamengo-provoca-o-botafogo-apos-vitoria-no-intercontinental\/#primaryimage"},"image":{"@id":"https:\/\/www.gaveanews.com\/index.php\/2025\/12\/11\/flamengo-provoca-o-botafogo-apos-vitoria-no-intercontinental\/#primaryimage"},"thumbnailUrl":"https:\/\/www.gaveanews.com\/wp-content\/uploads\/Flamengo-com-o-titulo-do-Derby-das-Americas.png","datePublished":"2025-12-11T17:44:14+00:00","dateModified":"2025-12-11T18:32:50+00:00","author":{"@id":"https:\/\/www.gaveanews.com\/#\/schema\/person\/c88645e3d550d0b6574305e67dd5a716"},"description":"Quem vencer o confronto entre Flamengo e Pyramids enfrentar\u00e1 o PSG na decis\u00e3o da Copa Intercontinental, marcada para quarta-feira (17)","breadcrumb":{"@id":"https:\/\/www.gaveanews.com\/index.php\/2025\/12\/11\/flamengo-provoca-o-botafogo-apos-vitoria-no-intercontinental\/#breadcrumb"},"inLanguage":"pt-BR","potentialAction":[{"@type":"ReadAction","target":["https:\/\/www.gaveanews.com\/index.php\/2025\/12\/11\/flamengo-provoca-o-botafogo-apos-vitoria-no-intercontinental\/"]}]},{"@type":"ImageObject","inLanguage":"pt-BR","@id":"https:\/\/www.gaveanews.com\/index.php\/2025\/12\/11\/flamengo-provoca-o-botafogo-apos-vitoria-no-intercontinental\/#primaryimage","url":"https:\/\/www.gaveanews.com\/wp-content\/uploads\/Flamengo-com-o-titulo-do-Derby-das-Americas.png","contentUrl":"https:\/\/www.gaveanews.com\/wp-content\/uploads\/Flamengo-com-o-titulo-do-Derby-das-Americas.png","width":1200,"height":900,"caption":"Foto:Adriano Fontes\/Flamengo"},{"@type":"BreadcrumbList","@id":"https:\/\/www.gaveanews.com\/index.php\/2025\/12\/11\/flamengo-provoca-o-botafogo-apos-vitoria-no-intercontinental\/#breadcrumb","itemListElement":[{"@type":"ListItem","position":1,"name":"Home","item":"https:\/\/www.gaveanews.com\/"},{"@type":"ListItem","position":2,"name":"Flamengo provoca o Botafogo ap\u00f3s vit\u00f3ria no Intercontinental"}]},{"@type":"WebSite","@id":"https:\/\/www.gaveanews.com\/#website","url":"https:\/\/www.gaveanews.com\/","name":"G\u00e1vea News","description":"Veja todas as not\u00edcias sobre o Flamengo: Contrata\u00e7\u00f5es, categorias de base, resultados das partidas, tabela de classifica\u00e7\u00e3o, pr\u00f3ximos jogos!","potentialAction":[{"@type":"SearchAction","target":{"@type":"EntryPoint","urlTemplate":"https:\/\/www.gaveanews.com\/?s={search_term_string}"},"query-input":{"@type":"PropertyValueSpecification","valueRequired":true,"valueName":"search_term_string"}}],"inLanguage":"pt-BR"},{"@type":"Person","@id":"https:\/\/www.gaveanews.com\/#\/schema\/person\/c88645e3d550d0b6574305e67dd5a716","name":"Reda\u00e7\u00e3o","image":{"@type":"ImageObject","inLanguage":"pt-BR","@id":"https:\/\/www.gaveanews.com\/#\/schema\/person\/image\/","url":"https:\/\/secure.gravatar.com\/avatar\/434098fd823f0dc1b062d14ca22bacaa6e38de28d8c816bbef6fc2f8c44d8ba3?s=96&d=mm&r=g","contentUrl":"https:\/\/secure.gravatar.com\/avatar\/434098fd823f0dc1b062d14ca22bacaa6e38de28d8c816bbef6fc2f8c44d8ba3?s=96&d=mm&r=g","caption":"Reda\u00e7\u00e3o"}}]}},"_links":{"self":[{"href":"https:\/\/www.gaveanews.com\/index.php\/wp-json\/wp\/v2\/posts\/281506","targetHints":{"allow":["GET"]}}],"collection":[{"href":"https:\/\/www.gaveanews.com\/index.php\/wp-json\/wp\/v2\/posts"}],"about":[{"href":"https:\/\/www.gaveanews.com\/index.php\/wp-json\/wp\/v2\/types\/post"}],"author":[{"embeddable":true,"href":"https:\/\/www.gaveanews.com\/index.php\/wp-json\/wp\/v2\/users\/39"}],"replies":[{"embeddable":true,"href":"https:\/\/www.gaveanews.com\/index.php\/wp-json\/wp\/v2\/comments?post=281506"}],"version-history":[{"count":1,"href":"https:\/\/www.gaveanews.com\/index.php\/wp-json\/wp\/v2\/posts\/281506\/revisions"}],"predecessor-version":[{"id":281508,"href":"https:\/\/www.gaveanews.com\/index.php\/wp-json\/wp\/v2\/posts\/281506\/revisions\/281508"}],"wp:featuredmedia":[{"embeddable":true,"href":"https:\/\/www.gaveanews.com\/index.php\/wp-json\/wp\/v2\/media\/281490"}],"wp:attachment":[{"href":"https:\/\/www.gaveanews.com\/index.php\/wp-json\/wp\/v2\/media?parent=281506"}],"wp:term":[{"taxonomy":"category","embeddable":true,"href":"https:\/\/www.gaveanews.com\/index.php\/wp-json\/wp\/v2\/categories?post=281506"},{"taxonomy":"post_tag","embeddable":true,"href":"https:\/\/www.gaveanews.com\/index.php\/wp-json\/wp\/v2\/tags?post=281506"}],"curies":[{"name":"wp","href":"https:\/\/api.w.org\/{rel}","templated":true}]}}