{"id":281511,"date":"2025-12-11T16:00:00","date_gmt":"2025-12-11T19:00:00","guid":{"rendered":"https:\/\/www.gaveanews.com\/?p=281511"},"modified":"2025-12-11T15:49:19","modified_gmt":"2025-12-11T18:49:19","slug":"atacante-destaque-da-champions-league-revela-desejo-de-jogar-pelo-flamengo","status":"publish","type":"post","link":"https:\/\/www.gaveanews.com\/index.php\/2025\/12\/11\/atacante-destaque-da-champions-league-revela-desejo-de-jogar-pelo-flamengo\/","title":{"rendered":"Atacante destaque da Champions League revela desejo de jogar pelo Flamengo"},"content":{"rendered":"\n<p>Revelado pelas categorias de base do Coritiba, Igor Paix\u00e3o voltou a ganhar destaque no cen\u00e1rio europeu. Ap\u00f3s uma temporada de destaque no Feyenoord, o atacante foi contratado pelo Marseille em julho, por 35 milh\u00f5es de euros. Desde sua chegada ao clube franc\u00eas, o jogador rapidamente se adaptou ao elenco comandado por Roberto De Zerbi, consolidando-se como titular e participando ativamente da campanha na Champions League.<\/p>\n\n\n\n<p>Atualmente, Igor Paix\u00e3o \u00e9 um dos nomes mais influentes do Marseille. Com quatro gols e uma assist\u00eancia em seis partidas pela competi\u00e7\u00e3o europeia, lidera entre os brasileiros em participa\u00e7\u00f5es diretas em gols na atual edi\u00e7\u00e3o do torneio. Na Ligue 1, tamb\u00e9m tem sido pe\u00e7a frequente no time, com presen\u00e7as regulares nas \u00faltimas rodadas. Ali\u00e1s, no \u00faltimo compromisso pela Champions, diante do Union SG, o atacante marcou o gol de empate e ajudou na virada por 3 a 2, resultado que manteve o clube vivo na competi\u00e7\u00e3o, agora na 16\u00aa coloca\u00e7\u00e3o da fase de liga com nove pontos.<\/p>\n\n\n\n<figure class=\"wp-block-image size-full\"><img loading=\"lazy\" decoding=\"async\" width=\"1200\" height=\"900\" src=\"http:\/\/www.gaveanews.com\/wp-content\/uploads\/Igor-Paixao-no-Olympique-de-Marseille.png\" alt=\"Igor Paix\u00e3o no Olympique de Marseille\" class=\"wp-image-281516\"\/><figcaption class=\"wp-element-caption\">Foto: Divulga\u00e7\u00e3o\/Marseille Instagram<\/figcaption><\/figure>\n\n\n\n<p>Embora esteja em boa fase na Europa, Igor Paix\u00e3o voltou a falar sobre um desejo antigo. Ap\u00f3s a vit\u00f3ria sobre o Union SG, foi questionado se acompanhou o tetracampeonato do Flamengo na Libertadores. O atacante respondeu prontamente e reafirmou o carinho pelo clube carioca, que acompanha desde a inf\u00e2ncia por influ\u00eancia familiar.<\/p>\n\n\n\n<p>\u201cClaro que estou feliz. Sempre. Seria um sonho jogar no Flamengo&#8221;, afirmou na sa\u00edda do est\u00e1dio, ao ser abordado por um jornalista.<\/p>\n\n\n\n<p>Essa declara\u00e7\u00e3o n\u00e3o \u00e9 in\u00e9dita. Anteriormente, quando ainda defendia o Feyenoord, o atacante j\u00e1 havia mencionado o av\u00f4 flamenguista e a admira\u00e7\u00e3o cultivada desde a inf\u00e2ncia pelo clube rubro-negro. Em outra ocasi\u00e3o, ainda na Holanda, comentou que pretendia seguir evoluindo no futebol europeu, mas que via o Flamengo como destino ideal no futuro.<\/p>\n\n\n\n<p>Aos 25 anos, Paix\u00e3o parece viver o melhor momento da carreira. Contratado para ocupar o espa\u00e7o deixado por Luis Henrique, tem correspondido \u00e0s expectativas e ampliado sua presen\u00e7a ofensiva, atuando tanto pelas pontas quanto em fun\u00e7\u00f5es mais centrais. Similarmente, seu rendimento no Marseille representa uma continuidade do desempenho que apresentou no futebol holand\u00eas, onde marcou 16 gols e distribuiu 10 assist\u00eancias na temporada passada.<\/p>\n\n\n\n<p>Por conseguinte, o bom desempenho em campo e as falas p\u00fablicas sobre o Flamengo reacendem a curiosidade dos torcedores brasileiros sobre uma eventual volta ao pa\u00eds. Apesar disso, n\u00e3o h\u00e1 indicativos concretos de negocia\u00e7\u00e3o ou interesse do clube carioca, ao menos por ora. Ainda assim, o nome de Igor Paix\u00e3o permanece em evid\u00eancia, seja pelo desempenho na Europa ou pela liga\u00e7\u00e3o afetiva que mant\u00e9m com o Rubro-Negro.<\/p>\n","protected":false},"excerpt":{"rendered":"<p>Revelado pelas categorias de base do Coritiba, Igor Paix\u00e3o voltou a ganhar destaque no cen\u00e1rio europeu. Ap\u00f3s uma temporada de destaque no Feyenoord, o atacante foi contratado pelo Marseille em julho, por 35 milh\u00f5es de euros. Desde sua chegada ao clube franc\u00eas, o jogador rapidamente se adaptou ao elenco comandado por Roberto De Zerbi, consolidando-se [&hellip;]<\/p>\n","protected":false},"author":18,"featured_media":280259,"comment_status":"open","ping_status":"closed","sticky":false,"template":"","format":"standard","meta":{"footnotes":""},"categories":[1],"tags":[],"class_list":["post-281511","post","type-post","status-publish","format-standard","has-post-thumbnail","hentry","category-flamengo"],"yoast_head":"<!-- This site is optimized with the Yoast SEO Premium plugin v24.2 (Yoast SEO v26.9) - https:\/\/yoast.com\/product\/yoast-seo-premium-wordpress\/ -->\n<title>Atacante destaque da Champions League revela desejo de jogar pelo Flamengo<\/title>\n<meta name=\"robots\" content=\"index, follow, max-snippet:-1, max-image-preview:large, max-video-preview:-1\" \/>\n<link rel=\"canonical\" href=\"https:\/\/www.gaveanews.com\/index.php\/2025\/12\/11\/atacante-destaque-da-champions-league-revela-desejo-de-jogar-pelo-flamengo\/\" \/>\n<meta property=\"og:locale\" content=\"pt_BR\" \/>\n<meta property=\"og:type\" content=\"article\" \/>\n<meta property=\"og:title\" content=\"Atacante destaque da Champions League revela desejo de jogar pelo Flamengo\" \/>\n<meta property=\"og:description\" content=\"Revelado pelas categorias de base do Coritiba, Igor Paix\u00e3o voltou a ganhar destaque no cen\u00e1rio europeu. Ap\u00f3s uma temporada de destaque no Feyenoord, o atacante foi contratado pelo Marseille em julho, por 35 milh\u00f5es de euros. Desde sua chegada ao clube franc\u00eas, o jogador rapidamente se adaptou ao elenco comandado por Roberto De Zerbi, consolidando-se [&hellip;]\" \/>\n<meta property=\"og:url\" content=\"https:\/\/www.gaveanews.com\/index.php\/2025\/12\/11\/atacante-destaque-da-champions-league-revela-desejo-de-jogar-pelo-flamengo\/\" \/>\n<meta property=\"og:site_name\" content=\"G\u00e1vea News\" \/>\n<meta property=\"article:publisher\" content=\"https:\/\/facebook.com\/gaveaNews\/\" \/>\n<meta property=\"article:published_time\" content=\"2025-12-11T19:00:00+00:00\" \/>\n<meta property=\"og:image\" content=\"https:\/\/www.gaveanews.com\/wp-content\/uploads\/Camisa-do-Flamengo-com-homenagem-aos-130-anos.jpg\" \/>\n\t<meta property=\"og:image:width\" content=\"1280\" \/>\n\t<meta property=\"og:image:height\" content=\"960\" \/>\n\t<meta property=\"og:image:type\" content=\"image\/jpeg\" \/>\n<meta name=\"author\" content=\"Paula Silva\" \/>\n<meta name=\"twitter:card\" content=\"summary_large_image\" \/>\n<meta name=\"twitter:label1\" content=\"Escrito por\" \/>\n\t<meta name=\"twitter:data1\" content=\"Paula Silva\" \/>\n\t<meta name=\"twitter:label2\" content=\"Est. tempo de leitura\" \/>\n\t<meta name=\"twitter:data2\" content=\"3 minutos\" \/>\n<script type=\"application\/ld+json\" class=\"yoast-schema-graph\">{\"@context\":\"https:\/\/schema.org\",\"@graph\":[{\"@type\":\"NewsArticle\",\"@id\":\"https:\/\/www.gaveanews.com\/index.php\/2025\/12\/11\/atacante-destaque-da-champions-league-revela-desejo-de-jogar-pelo-flamengo\/#article\",\"isPartOf\":{\"@id\":\"https:\/\/www.gaveanews.com\/index.php\/2025\/12\/11\/atacante-destaque-da-champions-league-revela-desejo-de-jogar-pelo-flamengo\/\"},\"author\":{\"name\":\"Paula Silva\",\"@id\":\"https:\/\/www.gaveanews.com\/#\/schema\/person\/daf63eec72e1164eb13dc35096c2b8da\"},\"headline\":\"Atacante destaque da Champions League revela desejo de jogar pelo Flamengo\",\"datePublished\":\"2025-12-11T19:00:00+00:00\",\"mainEntityOfPage\":{\"@id\":\"https:\/\/www.gaveanews.com\/index.php\/2025\/12\/11\/atacante-destaque-da-champions-league-revela-desejo-de-jogar-pelo-flamengo\/\"},\"wordCount\":469,\"commentCount\":0,\"image\":{\"@id\":\"https:\/\/www.gaveanews.com\/index.php\/2025\/12\/11\/atacante-destaque-da-champions-league-revela-desejo-de-jogar-pelo-flamengo\/#primaryimage\"},\"thumbnailUrl\":\"https:\/\/www.gaveanews.com\/wp-content\/uploads\/Camisa-do-Flamengo-com-homenagem-aos-130-anos.jpg\",\"articleSection\":[\"Flamengo\"],\"inLanguage\":\"pt-BR\",\"potentialAction\":[{\"@type\":\"CommentAction\",\"name\":\"Comment\",\"target\":[\"https:\/\/www.gaveanews.com\/index.php\/2025\/12\/11\/atacante-destaque-da-champions-league-revela-desejo-de-jogar-pelo-flamengo\/#respond\"]}],\"copyrightYear\":\"2025\",\"copyrightHolder\":{\"@id\":\"https:\/\/www.gaveanews.com\/#organization\"}},{\"@type\":\"WebPage\",\"@id\":\"https:\/\/www.gaveanews.com\/index.php\/2025\/12\/11\/atacante-destaque-da-champions-league-revela-desejo-de-jogar-pelo-flamengo\/\",\"url\":\"https:\/\/www.gaveanews.com\/index.php\/2025\/12\/11\/atacante-destaque-da-champions-league-revela-desejo-de-jogar-pelo-flamengo\/\",\"name\":\"Atacante destaque da Champions League revela desejo de jogar pelo Flamengo\",\"isPartOf\":{\"@id\":\"https:\/\/www.gaveanews.com\/#website\"},\"primaryImageOfPage\":{\"@id\":\"https:\/\/www.gaveanews.com\/index.php\/2025\/12\/11\/atacante-destaque-da-champions-league-revela-desejo-de-jogar-pelo-flamengo\/#primaryimage\"},\"image\":{\"@id\":\"https:\/\/www.gaveanews.com\/index.php\/2025\/12\/11\/atacante-destaque-da-champions-league-revela-desejo-de-jogar-pelo-flamengo\/#primaryimage\"},\"thumbnailUrl\":\"https:\/\/www.gaveanews.com\/wp-content\/uploads\/Camisa-do-Flamengo-com-homenagem-aos-130-anos.jpg\",\"datePublished\":\"2025-12-11T19:00:00+00:00\",\"author\":{\"@id\":\"https:\/\/www.gaveanews.com\/#\/schema\/person\/daf63eec72e1164eb13dc35096c2b8da\"},\"breadcrumb\":{\"@id\":\"https:\/\/www.gaveanews.com\/index.php\/2025\/12\/11\/atacante-destaque-da-champions-league-revela-desejo-de-jogar-pelo-flamengo\/#breadcrumb\"},\"inLanguage\":\"pt-BR\",\"potentialAction\":[{\"@type\":\"ReadAction\",\"target\":[\"https:\/\/www.gaveanews.com\/index.php\/2025\/12\/11\/atacante-destaque-da-champions-league-revela-desejo-de-jogar-pelo-flamengo\/\"]}]},{\"@type\":\"ImageObject\",\"inLanguage\":\"pt-BR\",\"@id\":\"https:\/\/www.gaveanews.com\/index.php\/2025\/12\/11\/atacante-destaque-da-champions-league-revela-desejo-de-jogar-pelo-flamengo\/#primaryimage\",\"url\":\"https:\/\/www.gaveanews.com\/wp-content\/uploads\/Camisa-do-Flamengo-com-homenagem-aos-130-anos.jpg\",\"contentUrl\":\"https:\/\/www.gaveanews.com\/wp-content\/uploads\/Camisa-do-Flamengo-com-homenagem-aos-130-anos.jpg\",\"width\":1280,\"height\":960,\"caption\":\"Camisa do Flamengo com homenagem aos 130 anos (Foto: Flickr\/Flamengo)\"},{\"@type\":\"BreadcrumbList\",\"@id\":\"https:\/\/www.gaveanews.com\/index.php\/2025\/12\/11\/atacante-destaque-da-champions-league-revela-desejo-de-jogar-pelo-flamengo\/#breadcrumb\",\"itemListElement\":[{\"@type\":\"ListItem\",\"position\":1,\"name\":\"Home\",\"item\":\"https:\/\/www.gaveanews.com\/\"},{\"@type\":\"ListItem\",\"position\":2,\"name\":\"Atacante destaque da Champions League revela desejo de jogar pelo Flamengo\"}]},{\"@type\":\"WebSite\",\"@id\":\"https:\/\/www.gaveanews.com\/#website\",\"url\":\"https:\/\/www.gaveanews.com\/\",\"name\":\"G\u00e1vea News\",\"description\":\"Veja todas as not\u00edcias sobre o Flamengo: Contrata\u00e7\u00f5es, categorias de base, resultados das partidas, tabela de classifica\u00e7\u00e3o, pr\u00f3ximos jogos!\",\"potentialAction\":[{\"@type\":\"SearchAction\",\"target\":{\"@type\":\"EntryPoint\",\"urlTemplate\":\"https:\/\/www.gaveanews.com\/?s={search_term_string}\"},\"query-input\":{\"@type\":\"PropertyValueSpecification\",\"valueRequired\":true,\"valueName\":\"search_term_string\"}}],\"inLanguage\":\"pt-BR\"},{\"@type\":\"Person\",\"@id\":\"https:\/\/www.gaveanews.com\/#\/schema\/person\/daf63eec72e1164eb13dc35096c2b8da\",\"name\":\"Paula Silva\",\"image\":{\"@type\":\"ImageObject\",\"inLanguage\":\"pt-BR\",\"@id\":\"https:\/\/www.gaveanews.com\/#\/schema\/person\/image\/\",\"url\":\"https:\/\/secure.gravatar.com\/avatar\/eda381c845527cc5d64c13b901833cda29d97500ba040d3e6461f76f51d163bb?s=96&d=mm&r=g\",\"contentUrl\":\"https:\/\/secure.gravatar.com\/avatar\/eda381c845527cc5d64c13b901833cda29d97500ba040d3e6461f76f51d163bb?s=96&d=mm&r=g\",\"caption\":\"Paula Silva\"}}]}<\/script>\n<!-- \/ Yoast SEO Premium plugin. -->","yoast_head_json":{"title":"Atacante destaque da Champions League revela desejo de jogar pelo Flamengo","robots":{"index":"index","follow":"follow","max-snippet":"max-snippet:-1","max-image-preview":"max-image-preview:large","max-video-preview":"max-video-preview:-1"},"canonical":"https:\/\/www.gaveanews.com\/index.php\/2025\/12\/11\/atacante-destaque-da-champions-league-revela-desejo-de-jogar-pelo-flamengo\/","og_locale":"pt_BR","og_type":"article","og_title":"Atacante destaque da Champions League revela desejo de jogar pelo Flamengo","og_description":"Revelado pelas categorias de base do Coritiba, Igor Paix\u00e3o voltou a ganhar destaque no cen\u00e1rio europeu. Ap\u00f3s uma temporada de destaque no Feyenoord, o atacante foi contratado pelo Marseille em julho, por 35 milh\u00f5es de euros. Desde sua chegada ao clube franc\u00eas, o jogador rapidamente se adaptou ao elenco comandado por Roberto De Zerbi, consolidando-se [&hellip;]","og_url":"https:\/\/www.gaveanews.com\/index.php\/2025\/12\/11\/atacante-destaque-da-champions-league-revela-desejo-de-jogar-pelo-flamengo\/","og_site_name":"G\u00e1vea News","article_publisher":"https:\/\/facebook.com\/gaveaNews\/","article_published_time":"2025-12-11T19:00:00+00:00","og_image":[{"width":1280,"height":960,"url":"https:\/\/www.gaveanews.com\/wp-content\/uploads\/Camisa-do-Flamengo-com-homenagem-aos-130-anos.jpg","type":"image\/jpeg"}],"author":"Paula Silva","twitter_card":"summary_large_image","twitter_misc":{"Escrito por":"Paula Silva","Est. tempo de leitura":"3 minutos"},"schema":{"@context":"https:\/\/schema.org","@graph":[{"@type":"NewsArticle","@id":"https:\/\/www.gaveanews.com\/index.php\/2025\/12\/11\/atacante-destaque-da-champions-league-revela-desejo-de-jogar-pelo-flamengo\/#article","isPartOf":{"@id":"https:\/\/www.gaveanews.com\/index.php\/2025\/12\/11\/atacante-destaque-da-champions-league-revela-desejo-de-jogar-pelo-flamengo\/"},"author":{"name":"Paula Silva","@id":"https:\/\/www.gaveanews.com\/#\/schema\/person\/daf63eec72e1164eb13dc35096c2b8da"},"headline":"Atacante destaque da Champions League revela desejo de jogar pelo Flamengo","datePublished":"2025-12-11T19:00:00+00:00","mainEntityOfPage":{"@id":"https:\/\/www.gaveanews.com\/index.php\/2025\/12\/11\/atacante-destaque-da-champions-league-revela-desejo-de-jogar-pelo-flamengo\/"},"wordCount":469,"commentCount":0,"image":{"@id":"https:\/\/www.gaveanews.com\/index.php\/2025\/12\/11\/atacante-destaque-da-champions-league-revela-desejo-de-jogar-pelo-flamengo\/#primaryimage"},"thumbnailUrl":"https:\/\/www.gaveanews.com\/wp-content\/uploads\/Camisa-do-Flamengo-com-homenagem-aos-130-anos.jpg","articleSection":["Flamengo"],"inLanguage":"pt-BR","potentialAction":[{"@type":"CommentAction","name":"Comment","target":["https:\/\/www.gaveanews.com\/index.php\/2025\/12\/11\/atacante-destaque-da-champions-league-revela-desejo-de-jogar-pelo-flamengo\/#respond"]}],"copyrightYear":"2025","copyrightHolder":{"@id":"https:\/\/www.gaveanews.com\/#organization"}},{"@type":"WebPage","@id":"https:\/\/www.gaveanews.com\/index.php\/2025\/12\/11\/atacante-destaque-da-champions-league-revela-desejo-de-jogar-pelo-flamengo\/","url":"https:\/\/www.gaveanews.com\/index.php\/2025\/12\/11\/atacante-destaque-da-champions-league-revela-desejo-de-jogar-pelo-flamengo\/","name":"Atacante destaque da Champions League revela desejo de jogar pelo Flamengo","isPartOf":{"@id":"https:\/\/www.gaveanews.com\/#website"},"primaryImageOfPage":{"@id":"https:\/\/www.gaveanews.com\/index.php\/2025\/12\/11\/atacante-destaque-da-champions-league-revela-desejo-de-jogar-pelo-flamengo\/#primaryimage"},"image":{"@id":"https:\/\/www.gaveanews.com\/index.php\/2025\/12\/11\/atacante-destaque-da-champions-league-revela-desejo-de-jogar-pelo-flamengo\/#primaryimage"},"thumbnailUrl":"https:\/\/www.gaveanews.com\/wp-content\/uploads\/Camisa-do-Flamengo-com-homenagem-aos-130-anos.jpg","datePublished":"2025-12-11T19:00:00+00:00","author":{"@id":"https:\/\/www.gaveanews.com\/#\/schema\/person\/daf63eec72e1164eb13dc35096c2b8da"},"breadcrumb":{"@id":"https:\/\/www.gaveanews.com\/index.php\/2025\/12\/11\/atacante-destaque-da-champions-league-revela-desejo-de-jogar-pelo-flamengo\/#breadcrumb"},"inLanguage":"pt-BR","potentialAction":[{"@type":"ReadAction","target":["https:\/\/www.gaveanews.com\/index.php\/2025\/12\/11\/atacante-destaque-da-champions-league-revela-desejo-de-jogar-pelo-flamengo\/"]}]},{"@type":"ImageObject","inLanguage":"pt-BR","@id":"https:\/\/www.gaveanews.com\/index.php\/2025\/12\/11\/atacante-destaque-da-champions-league-revela-desejo-de-jogar-pelo-flamengo\/#primaryimage","url":"https:\/\/www.gaveanews.com\/wp-content\/uploads\/Camisa-do-Flamengo-com-homenagem-aos-130-anos.jpg","contentUrl":"https:\/\/www.gaveanews.com\/wp-content\/uploads\/Camisa-do-Flamengo-com-homenagem-aos-130-anos.jpg","width":1280,"height":960,"caption":"Camisa do Flamengo com homenagem aos 130 anos (Foto: Flickr\/Flamengo)"},{"@type":"BreadcrumbList","@id":"https:\/\/www.gaveanews.com\/index.php\/2025\/12\/11\/atacante-destaque-da-champions-league-revela-desejo-de-jogar-pelo-flamengo\/#breadcrumb","itemListElement":[{"@type":"ListItem","position":1,"name":"Home","item":"https:\/\/www.gaveanews.com\/"},{"@type":"ListItem","position":2,"name":"Atacante destaque da Champions League revela desejo de jogar pelo Flamengo"}]},{"@type":"WebSite","@id":"https:\/\/www.gaveanews.com\/#website","url":"https:\/\/www.gaveanews.com\/","name":"G\u00e1vea News","description":"Veja todas as not\u00edcias sobre o Flamengo: Contrata\u00e7\u00f5es, categorias de base, resultados das partidas, tabela de classifica\u00e7\u00e3o, pr\u00f3ximos jogos!","potentialAction":[{"@type":"SearchAction","target":{"@type":"EntryPoint","urlTemplate":"https:\/\/www.gaveanews.com\/?s={search_term_string}"},"query-input":{"@type":"PropertyValueSpecification","valueRequired":true,"valueName":"search_term_string"}}],"inLanguage":"pt-BR"},{"@type":"Person","@id":"https:\/\/www.gaveanews.com\/#\/schema\/person\/daf63eec72e1164eb13dc35096c2b8da","name":"Paula Silva","image":{"@type":"ImageObject","inLanguage":"pt-BR","@id":"https:\/\/www.gaveanews.com\/#\/schema\/person\/image\/","url":"https:\/\/secure.gravatar.com\/avatar\/eda381c845527cc5d64c13b901833cda29d97500ba040d3e6461f76f51d163bb?s=96&d=mm&r=g","contentUrl":"https:\/\/secure.gravatar.com\/avatar\/eda381c845527cc5d64c13b901833cda29d97500ba040d3e6461f76f51d163bb?s=96&d=mm&r=g","caption":"Paula Silva"}}]}},"_links":{"self":[{"href":"https:\/\/www.gaveanews.com\/index.php\/wp-json\/wp\/v2\/posts\/281511","targetHints":{"allow":["GET"]}}],"collection":[{"href":"https:\/\/www.gaveanews.com\/index.php\/wp-json\/wp\/v2\/posts"}],"about":[{"href":"https:\/\/www.gaveanews.com\/index.php\/wp-json\/wp\/v2\/types\/post"}],"author":[{"embeddable":true,"href":"https:\/\/www.gaveanews.com\/index.php\/wp-json\/wp\/v2\/users\/18"}],"replies":[{"embeddable":true,"href":"https:\/\/www.gaveanews.com\/index.php\/wp-json\/wp\/v2\/comments?post=281511"}],"version-history":[{"count":1,"href":"https:\/\/www.gaveanews.com\/index.php\/wp-json\/wp\/v2\/posts\/281511\/revisions"}],"predecessor-version":[{"id":281517,"href":"https:\/\/www.gaveanews.com\/index.php\/wp-json\/wp\/v2\/posts\/281511\/revisions\/281517"}],"wp:featuredmedia":[{"embeddable":true,"href":"https:\/\/www.gaveanews.com\/index.php\/wp-json\/wp\/v2\/media\/280259"}],"wp:attachment":[{"href":"https:\/\/www.gaveanews.com\/index.php\/wp-json\/wp\/v2\/media?parent=281511"}],"wp:term":[{"taxonomy":"category","embeddable":true,"href":"https:\/\/www.gaveanews.com\/index.php\/wp-json\/wp\/v2\/categories?post=281511"},{"taxonomy":"post_tag","embeddable":true,"href":"https:\/\/www.gaveanews.com\/index.php\/wp-json\/wp\/v2\/tags?post=281511"}],"curies":[{"name":"wp","href":"https:\/\/api.w.org\/{rel}","templated":true}]}}