{"id":281518,"date":"2025-12-11T16:10:00","date_gmt":"2025-12-11T19:10:00","guid":{"rendered":"https:\/\/www.gaveanews.com\/?p=281518"},"modified":"2025-12-11T15:51:06","modified_gmt":"2025-12-11T18:51:06","slug":"a-declaracao-do-tecnico-do-cruz-azul-apos-a-vitoria-do-flamengo","status":"publish","type":"post","link":"https:\/\/www.gaveanews.com\/index.php\/2025\/12\/11\/a-declaracao-do-tecnico-do-cruz-azul-apos-a-vitoria-do-flamengo\/","title":{"rendered":"A declara\u00e7\u00e3o do t\u00e9cnico do Cruz Azul ap\u00f3s a vit\u00f3ria do Flamengo"},"content":{"rendered":"\n<p>O Flamengo confirmou sua presen\u00e7a na semifinal do Intercontinental de Clubes ao vencer o Cruz Azul por 2 a 1, na quarta-feira (10), em Doha, no Catar. A partida marcou mais um passo do Rubro-Negro na competi\u00e7\u00e3o e tamb\u00e9m serviu como palco para elogios expressivos por parte do t\u00e9cnico advers\u00e1rio.<\/p>\n\n\n\n<p>O treinador Nicol\u00e1s Larcam\u00f3n, que comanda o time mexicano, avaliou o duelo como equilibrado e destacou a for\u00e7a do Flamengo, apontando a equipe como uma das mais qualificadas do cen\u00e1rio internacional. Para ele, apesar do desempenho competitivo do Cruz Azul, erros pontuais definiram o resultado da partida.<\/p>\n\n\n\n<p>&#8220;Sentimento de bronca, sobretudo de bronca, porque \u00e9 um jogo que sab\u00edamos que era de alt\u00edssimo grau de exig\u00eancia contra uma das equipes que me atrevo a dizer que \u00e9 das mais fortes do mundo. E sinto que jogamos de igual para igual, tivemos dom\u00ednio da bola em alguns momentos, mas cometemos erros pontuais que n\u00e3o se pode cometer no alto n\u00edvel e lamentavelmente acabamos pagando alto numa s\u00e9rie que n\u00e3o te d\u00e1 margem&#8221;.<\/p>\n\n\n\n<p>O confronto foi marcado por uma atua\u00e7\u00e3o segura do time brasileiro, que abriu o placar com Arrascaeta, aproveitando erro defensivo do advers\u00e1rio. Jorge S\u00e1nchez empatou para os mexicanos ainda no primeiro tempo. Entretanto, ap\u00f3s o intervalo, o Flamengo retomou o controle da partida e voltou a marcar com o meia uruguaio, selando a classifica\u00e7\u00e3o.<\/p>\n\n\n\n<p>Larcam\u00f3n tamb\u00e9m comentou a estrutura e o modelo de gest\u00e3o do clube carioca. Segundo ele, o Flamengo deixou de ser apenas uma equipe tradicional e popular para se tornar uma institui\u00e7\u00e3o consolidada, com crit\u00e9rios claros de contrata\u00e7\u00e3o e um elenco recheado de atletas experientes.<\/p>\n\n\n\n<p>&#8220;Vemos o Flamengo no M\u00e9xico como veem em todo o mundo. O Flamengo, h\u00e1 alguns anos, mudou de um clube popular e muito conhecido e passou a ser um projeto muito consistente, com um investimento muito forte, trazendo jogadores de muita hierarquia e com um crit\u00e9rio muito elevado quanto ao perfil de contrata\u00e7\u00f5es. Isso, somado ao fato de ter um grand\u00edssimo treinador, que est\u00e1 em seu primeiro processo. Nota-se que \u00e9 um dos futuros treinadores da elite do futebol mundial&#8221;.<\/p>\n\n\n\n<p>O t\u00e9cnico argentino ainda mencionou que a conquista da Libertadores pelo time brasileiro foi marcada por uma atua\u00e7\u00e3o dominante na final contra o Palmeiras, mesmo com o placar magro de 1 a 0. Ele tamb\u00e9m ressaltou a campanha s\u00f3lida no Campeonato Brasileiro, vencido com duas rodadas de anteced\u00eancia.<\/p>\n\n\n\n<p>Com a vit\u00f3ria sobre o Cruz Azul, o Flamengo enfrenta o Pyramids, do Egito, neste s\u00e1bado (13), \u00e0s 14h (hor\u00e1rio de Bras\u00edlia), buscando vaga na decis\u00e3o do torneio. Caso avance, o advers\u00e1rio na final ser\u00e1 o Paris Saint-Germain.<\/p>\n","protected":false},"excerpt":{"rendered":"<p>O Flamengo confirmou sua presen\u00e7a na semifinal do Intercontinental de Clubes ao vencer o Cruz Azul por 2 a 1, na quarta-feira (10), em Doha, no Catar. A partida marcou mais um passo do Rubro-Negro na competi\u00e7\u00e3o e tamb\u00e9m serviu como palco para elogios expressivos por parte do t\u00e9cnico advers\u00e1rio. O treinador Nicol\u00e1s Larcam\u00f3n, que [&hellip;]<\/p>\n","protected":false},"author":18,"featured_media":281439,"comment_status":"open","ping_status":"closed","sticky":false,"template":"","format":"standard","meta":{"footnotes":""},"categories":[1],"tags":[],"class_list":["post-281518","post","type-post","status-publish","format-standard","has-post-thumbnail","hentry","category-flamengo"],"yoast_head":"<!-- This site is optimized with the Yoast SEO Premium plugin v24.2 (Yoast SEO v26.9) - https:\/\/yoast.com\/product\/yoast-seo-premium-wordpress\/ -->\n<title>A declara\u00e7\u00e3o do t\u00e9cnico do Cruz Azul ap\u00f3s a vit\u00f3ria do Flamengo<\/title>\n<meta name=\"robots\" content=\"index, follow, max-snippet:-1, max-image-preview:large, max-video-preview:-1\" \/>\n<link rel=\"canonical\" href=\"https:\/\/www.gaveanews.com\/index.php\/2025\/12\/11\/a-declaracao-do-tecnico-do-cruz-azul-apos-a-vitoria-do-flamengo\/\" \/>\n<meta property=\"og:locale\" content=\"pt_BR\" \/>\n<meta property=\"og:type\" content=\"article\" \/>\n<meta property=\"og:title\" content=\"A declara\u00e7\u00e3o do t\u00e9cnico do Cruz Azul ap\u00f3s a vit\u00f3ria do Flamengo\" \/>\n<meta property=\"og:description\" content=\"O Flamengo confirmou sua presen\u00e7a na semifinal do Intercontinental de Clubes ao vencer o Cruz Azul por 2 a 1, na quarta-feira (10), em Doha, no Catar. A partida marcou mais um passo do Rubro-Negro na competi\u00e7\u00e3o e tamb\u00e9m serviu como palco para elogios expressivos por parte do t\u00e9cnico advers\u00e1rio. O treinador Nicol\u00e1s Larcam\u00f3n, que [&hellip;]\" \/>\n<meta property=\"og:url\" content=\"https:\/\/www.gaveanews.com\/index.php\/2025\/12\/11\/a-declaracao-do-tecnico-do-cruz-azul-apos-a-vitoria-do-flamengo\/\" \/>\n<meta property=\"og:site_name\" content=\"G\u00e1vea News\" \/>\n<meta property=\"article:publisher\" content=\"https:\/\/facebook.com\/gaveaNews\/\" \/>\n<meta property=\"article:published_time\" content=\"2025-12-11T19:10:00+00:00\" \/>\n<meta property=\"og:image\" content=\"https:\/\/www.gaveanews.com\/wp-content\/uploads\/Nicolas-Larcamon-tecnico-do-Cruz-Azul.png\" \/>\n\t<meta property=\"og:image:width\" content=\"1200\" \/>\n\t<meta property=\"og:image:height\" content=\"900\" \/>\n\t<meta property=\"og:image:type\" content=\"image\/png\" \/>\n<meta name=\"author\" content=\"Paula Silva\" \/>\n<meta name=\"twitter:card\" content=\"summary_large_image\" \/>\n<meta name=\"twitter:label1\" content=\"Escrito por\" \/>\n\t<meta name=\"twitter:data1\" content=\"Paula Silva\" \/>\n\t<meta name=\"twitter:label2\" content=\"Est. tempo de leitura\" \/>\n\t<meta name=\"twitter:data2\" content=\"3 minutos\" \/>\n<script type=\"application\/ld+json\" class=\"yoast-schema-graph\">{\"@context\":\"https:\/\/schema.org\",\"@graph\":[{\"@type\":\"NewsArticle\",\"@id\":\"https:\/\/www.gaveanews.com\/index.php\/2025\/12\/11\/a-declaracao-do-tecnico-do-cruz-azul-apos-a-vitoria-do-flamengo\/#article\",\"isPartOf\":{\"@id\":\"https:\/\/www.gaveanews.com\/index.php\/2025\/12\/11\/a-declaracao-do-tecnico-do-cruz-azul-apos-a-vitoria-do-flamengo\/\"},\"author\":{\"name\":\"Paula Silva\",\"@id\":\"https:\/\/www.gaveanews.com\/#\/schema\/person\/daf63eec72e1164eb13dc35096c2b8da\"},\"headline\":\"A declara\u00e7\u00e3o do t\u00e9cnico do Cruz Azul ap\u00f3s a vit\u00f3ria do Flamengo\",\"datePublished\":\"2025-12-11T19:10:00+00:00\",\"mainEntityOfPage\":{\"@id\":\"https:\/\/www.gaveanews.com\/index.php\/2025\/12\/11\/a-declaracao-do-tecnico-do-cruz-azul-apos-a-vitoria-do-flamengo\/\"},\"wordCount\":485,\"commentCount\":0,\"image\":{\"@id\":\"https:\/\/www.gaveanews.com\/index.php\/2025\/12\/11\/a-declaracao-do-tecnico-do-cruz-azul-apos-a-vitoria-do-flamengo\/#primaryimage\"},\"thumbnailUrl\":\"https:\/\/www.gaveanews.com\/wp-content\/uploads\/Nicolas-Larcamon-tecnico-do-Cruz-Azul.png\",\"articleSection\":[\"Flamengo\"],\"inLanguage\":\"pt-BR\",\"potentialAction\":[{\"@type\":\"CommentAction\",\"name\":\"Comment\",\"target\":[\"https:\/\/www.gaveanews.com\/index.php\/2025\/12\/11\/a-declaracao-do-tecnico-do-cruz-azul-apos-a-vitoria-do-flamengo\/#respond\"]}],\"copyrightYear\":\"2025\",\"copyrightHolder\":{\"@id\":\"https:\/\/www.gaveanews.com\/#organization\"}},{\"@type\":\"WebPage\",\"@id\":\"https:\/\/www.gaveanews.com\/index.php\/2025\/12\/11\/a-declaracao-do-tecnico-do-cruz-azul-apos-a-vitoria-do-flamengo\/\",\"url\":\"https:\/\/www.gaveanews.com\/index.php\/2025\/12\/11\/a-declaracao-do-tecnico-do-cruz-azul-apos-a-vitoria-do-flamengo\/\",\"name\":\"A declara\u00e7\u00e3o do t\u00e9cnico do Cruz Azul ap\u00f3s a vit\u00f3ria do Flamengo\",\"isPartOf\":{\"@id\":\"https:\/\/www.gaveanews.com\/#website\"},\"primaryImageOfPage\":{\"@id\":\"https:\/\/www.gaveanews.com\/index.php\/2025\/12\/11\/a-declaracao-do-tecnico-do-cruz-azul-apos-a-vitoria-do-flamengo\/#primaryimage\"},\"image\":{\"@id\":\"https:\/\/www.gaveanews.com\/index.php\/2025\/12\/11\/a-declaracao-do-tecnico-do-cruz-azul-apos-a-vitoria-do-flamengo\/#primaryimage\"},\"thumbnailUrl\":\"https:\/\/www.gaveanews.com\/wp-content\/uploads\/Nicolas-Larcamon-tecnico-do-Cruz-Azul.png\",\"datePublished\":\"2025-12-11T19:10:00+00:00\",\"author\":{\"@id\":\"https:\/\/www.gaveanews.com\/#\/schema\/person\/daf63eec72e1164eb13dc35096c2b8da\"},\"breadcrumb\":{\"@id\":\"https:\/\/www.gaveanews.com\/index.php\/2025\/12\/11\/a-declaracao-do-tecnico-do-cruz-azul-apos-a-vitoria-do-flamengo\/#breadcrumb\"},\"inLanguage\":\"pt-BR\",\"potentialAction\":[{\"@type\":\"ReadAction\",\"target\":[\"https:\/\/www.gaveanews.com\/index.php\/2025\/12\/11\/a-declaracao-do-tecnico-do-cruz-azul-apos-a-vitoria-do-flamengo\/\"]}]},{\"@type\":\"ImageObject\",\"inLanguage\":\"pt-BR\",\"@id\":\"https:\/\/www.gaveanews.com\/index.php\/2025\/12\/11\/a-declaracao-do-tecnico-do-cruz-azul-apos-a-vitoria-do-flamengo\/#primaryimage\",\"url\":\"https:\/\/www.gaveanews.com\/wp-content\/uploads\/Nicolas-Larcamon-tecnico-do-Cruz-Azul.png\",\"contentUrl\":\"https:\/\/www.gaveanews.com\/wp-content\/uploads\/Nicolas-Larcamon-tecnico-do-Cruz-Azul.png\",\"width\":1200,\"height\":900,\"caption\":\"Foto: Reprodu\u00e7\u00e3o\/Instagram Cruz Azul\"},{\"@type\":\"BreadcrumbList\",\"@id\":\"https:\/\/www.gaveanews.com\/index.php\/2025\/12\/11\/a-declaracao-do-tecnico-do-cruz-azul-apos-a-vitoria-do-flamengo\/#breadcrumb\",\"itemListElement\":[{\"@type\":\"ListItem\",\"position\":1,\"name\":\"Home\",\"item\":\"https:\/\/www.gaveanews.com\/\"},{\"@type\":\"ListItem\",\"position\":2,\"name\":\"A declara\u00e7\u00e3o do t\u00e9cnico do Cruz Azul ap\u00f3s a vit\u00f3ria do Flamengo\"}]},{\"@type\":\"WebSite\",\"@id\":\"https:\/\/www.gaveanews.com\/#website\",\"url\":\"https:\/\/www.gaveanews.com\/\",\"name\":\"G\u00e1vea News\",\"description\":\"Veja todas as not\u00edcias sobre o Flamengo: Contrata\u00e7\u00f5es, categorias de base, resultados das partidas, tabela de classifica\u00e7\u00e3o, pr\u00f3ximos jogos!\",\"potentialAction\":[{\"@type\":\"SearchAction\",\"target\":{\"@type\":\"EntryPoint\",\"urlTemplate\":\"https:\/\/www.gaveanews.com\/?s={search_term_string}\"},\"query-input\":{\"@type\":\"PropertyValueSpecification\",\"valueRequired\":true,\"valueName\":\"search_term_string\"}}],\"inLanguage\":\"pt-BR\"},{\"@type\":\"Person\",\"@id\":\"https:\/\/www.gaveanews.com\/#\/schema\/person\/daf63eec72e1164eb13dc35096c2b8da\",\"name\":\"Paula Silva\",\"image\":{\"@type\":\"ImageObject\",\"inLanguage\":\"pt-BR\",\"@id\":\"https:\/\/www.gaveanews.com\/#\/schema\/person\/image\/\",\"url\":\"https:\/\/secure.gravatar.com\/avatar\/eda381c845527cc5d64c13b901833cda29d97500ba040d3e6461f76f51d163bb?s=96&d=mm&r=g\",\"contentUrl\":\"https:\/\/secure.gravatar.com\/avatar\/eda381c845527cc5d64c13b901833cda29d97500ba040d3e6461f76f51d163bb?s=96&d=mm&r=g\",\"caption\":\"Paula Silva\"}}]}<\/script>\n<!-- \/ Yoast SEO Premium plugin. -->","yoast_head_json":{"title":"A declara\u00e7\u00e3o do t\u00e9cnico do Cruz Azul ap\u00f3s a vit\u00f3ria do Flamengo","robots":{"index":"index","follow":"follow","max-snippet":"max-snippet:-1","max-image-preview":"max-image-preview:large","max-video-preview":"max-video-preview:-1"},"canonical":"https:\/\/www.gaveanews.com\/index.php\/2025\/12\/11\/a-declaracao-do-tecnico-do-cruz-azul-apos-a-vitoria-do-flamengo\/","og_locale":"pt_BR","og_type":"article","og_title":"A declara\u00e7\u00e3o do t\u00e9cnico do Cruz Azul ap\u00f3s a vit\u00f3ria do Flamengo","og_description":"O Flamengo confirmou sua presen\u00e7a na semifinal do Intercontinental de Clubes ao vencer o Cruz Azul por 2 a 1, na quarta-feira (10), em Doha, no Catar. A partida marcou mais um passo do Rubro-Negro na competi\u00e7\u00e3o e tamb\u00e9m serviu como palco para elogios expressivos por parte do t\u00e9cnico advers\u00e1rio. O treinador Nicol\u00e1s Larcam\u00f3n, que [&hellip;]","og_url":"https:\/\/www.gaveanews.com\/index.php\/2025\/12\/11\/a-declaracao-do-tecnico-do-cruz-azul-apos-a-vitoria-do-flamengo\/","og_site_name":"G\u00e1vea News","article_publisher":"https:\/\/facebook.com\/gaveaNews\/","article_published_time":"2025-12-11T19:10:00+00:00","og_image":[{"width":1200,"height":900,"url":"https:\/\/www.gaveanews.com\/wp-content\/uploads\/Nicolas-Larcamon-tecnico-do-Cruz-Azul.png","type":"image\/png"}],"author":"Paula Silva","twitter_card":"summary_large_image","twitter_misc":{"Escrito por":"Paula Silva","Est. tempo de leitura":"3 minutos"},"schema":{"@context":"https:\/\/schema.org","@graph":[{"@type":"NewsArticle","@id":"https:\/\/www.gaveanews.com\/index.php\/2025\/12\/11\/a-declaracao-do-tecnico-do-cruz-azul-apos-a-vitoria-do-flamengo\/#article","isPartOf":{"@id":"https:\/\/www.gaveanews.com\/index.php\/2025\/12\/11\/a-declaracao-do-tecnico-do-cruz-azul-apos-a-vitoria-do-flamengo\/"},"author":{"name":"Paula Silva","@id":"https:\/\/www.gaveanews.com\/#\/schema\/person\/daf63eec72e1164eb13dc35096c2b8da"},"headline":"A declara\u00e7\u00e3o do t\u00e9cnico do Cruz Azul ap\u00f3s a vit\u00f3ria do Flamengo","datePublished":"2025-12-11T19:10:00+00:00","mainEntityOfPage":{"@id":"https:\/\/www.gaveanews.com\/index.php\/2025\/12\/11\/a-declaracao-do-tecnico-do-cruz-azul-apos-a-vitoria-do-flamengo\/"},"wordCount":485,"commentCount":0,"image":{"@id":"https:\/\/www.gaveanews.com\/index.php\/2025\/12\/11\/a-declaracao-do-tecnico-do-cruz-azul-apos-a-vitoria-do-flamengo\/#primaryimage"},"thumbnailUrl":"https:\/\/www.gaveanews.com\/wp-content\/uploads\/Nicolas-Larcamon-tecnico-do-Cruz-Azul.png","articleSection":["Flamengo"],"inLanguage":"pt-BR","potentialAction":[{"@type":"CommentAction","name":"Comment","target":["https:\/\/www.gaveanews.com\/index.php\/2025\/12\/11\/a-declaracao-do-tecnico-do-cruz-azul-apos-a-vitoria-do-flamengo\/#respond"]}],"copyrightYear":"2025","copyrightHolder":{"@id":"https:\/\/www.gaveanews.com\/#organization"}},{"@type":"WebPage","@id":"https:\/\/www.gaveanews.com\/index.php\/2025\/12\/11\/a-declaracao-do-tecnico-do-cruz-azul-apos-a-vitoria-do-flamengo\/","url":"https:\/\/www.gaveanews.com\/index.php\/2025\/12\/11\/a-declaracao-do-tecnico-do-cruz-azul-apos-a-vitoria-do-flamengo\/","name":"A declara\u00e7\u00e3o do t\u00e9cnico do Cruz Azul ap\u00f3s a vit\u00f3ria do Flamengo","isPartOf":{"@id":"https:\/\/www.gaveanews.com\/#website"},"primaryImageOfPage":{"@id":"https:\/\/www.gaveanews.com\/index.php\/2025\/12\/11\/a-declaracao-do-tecnico-do-cruz-azul-apos-a-vitoria-do-flamengo\/#primaryimage"},"image":{"@id":"https:\/\/www.gaveanews.com\/index.php\/2025\/12\/11\/a-declaracao-do-tecnico-do-cruz-azul-apos-a-vitoria-do-flamengo\/#primaryimage"},"thumbnailUrl":"https:\/\/www.gaveanews.com\/wp-content\/uploads\/Nicolas-Larcamon-tecnico-do-Cruz-Azul.png","datePublished":"2025-12-11T19:10:00+00:00","author":{"@id":"https:\/\/www.gaveanews.com\/#\/schema\/person\/daf63eec72e1164eb13dc35096c2b8da"},"breadcrumb":{"@id":"https:\/\/www.gaveanews.com\/index.php\/2025\/12\/11\/a-declaracao-do-tecnico-do-cruz-azul-apos-a-vitoria-do-flamengo\/#breadcrumb"},"inLanguage":"pt-BR","potentialAction":[{"@type":"ReadAction","target":["https:\/\/www.gaveanews.com\/index.php\/2025\/12\/11\/a-declaracao-do-tecnico-do-cruz-azul-apos-a-vitoria-do-flamengo\/"]}]},{"@type":"ImageObject","inLanguage":"pt-BR","@id":"https:\/\/www.gaveanews.com\/index.php\/2025\/12\/11\/a-declaracao-do-tecnico-do-cruz-azul-apos-a-vitoria-do-flamengo\/#primaryimage","url":"https:\/\/www.gaveanews.com\/wp-content\/uploads\/Nicolas-Larcamon-tecnico-do-Cruz-Azul.png","contentUrl":"https:\/\/www.gaveanews.com\/wp-content\/uploads\/Nicolas-Larcamon-tecnico-do-Cruz-Azul.png","width":1200,"height":900,"caption":"Foto: Reprodu\u00e7\u00e3o\/Instagram Cruz Azul"},{"@type":"BreadcrumbList","@id":"https:\/\/www.gaveanews.com\/index.php\/2025\/12\/11\/a-declaracao-do-tecnico-do-cruz-azul-apos-a-vitoria-do-flamengo\/#breadcrumb","itemListElement":[{"@type":"ListItem","position":1,"name":"Home","item":"https:\/\/www.gaveanews.com\/"},{"@type":"ListItem","position":2,"name":"A declara\u00e7\u00e3o do t\u00e9cnico do Cruz Azul ap\u00f3s a vit\u00f3ria do Flamengo"}]},{"@type":"WebSite","@id":"https:\/\/www.gaveanews.com\/#website","url":"https:\/\/www.gaveanews.com\/","name":"G\u00e1vea News","description":"Veja todas as not\u00edcias sobre o Flamengo: Contrata\u00e7\u00f5es, categorias de base, resultados das partidas, tabela de classifica\u00e7\u00e3o, pr\u00f3ximos jogos!","potentialAction":[{"@type":"SearchAction","target":{"@type":"EntryPoint","urlTemplate":"https:\/\/www.gaveanews.com\/?s={search_term_string}"},"query-input":{"@type":"PropertyValueSpecification","valueRequired":true,"valueName":"search_term_string"}}],"inLanguage":"pt-BR"},{"@type":"Person","@id":"https:\/\/www.gaveanews.com\/#\/schema\/person\/daf63eec72e1164eb13dc35096c2b8da","name":"Paula Silva","image":{"@type":"ImageObject","inLanguage":"pt-BR","@id":"https:\/\/www.gaveanews.com\/#\/schema\/person\/image\/","url":"https:\/\/secure.gravatar.com\/avatar\/eda381c845527cc5d64c13b901833cda29d97500ba040d3e6461f76f51d163bb?s=96&d=mm&r=g","contentUrl":"https:\/\/secure.gravatar.com\/avatar\/eda381c845527cc5d64c13b901833cda29d97500ba040d3e6461f76f51d163bb?s=96&d=mm&r=g","caption":"Paula Silva"}}]}},"_links":{"self":[{"href":"https:\/\/www.gaveanews.com\/index.php\/wp-json\/wp\/v2\/posts\/281518","targetHints":{"allow":["GET"]}}],"collection":[{"href":"https:\/\/www.gaveanews.com\/index.php\/wp-json\/wp\/v2\/posts"}],"about":[{"href":"https:\/\/www.gaveanews.com\/index.php\/wp-json\/wp\/v2\/types\/post"}],"author":[{"embeddable":true,"href":"https:\/\/www.gaveanews.com\/index.php\/wp-json\/wp\/v2\/users\/18"}],"replies":[{"embeddable":true,"href":"https:\/\/www.gaveanews.com\/index.php\/wp-json\/wp\/v2\/comments?post=281518"}],"version-history":[{"count":1,"href":"https:\/\/www.gaveanews.com\/index.php\/wp-json\/wp\/v2\/posts\/281518\/revisions"}],"predecessor-version":[{"id":281520,"href":"https:\/\/www.gaveanews.com\/index.php\/wp-json\/wp\/v2\/posts\/281518\/revisions\/281520"}],"wp:featuredmedia":[{"embeddable":true,"href":"https:\/\/www.gaveanews.com\/index.php\/wp-json\/wp\/v2\/media\/281439"}],"wp:attachment":[{"href":"https:\/\/www.gaveanews.com\/index.php\/wp-json\/wp\/v2\/media?parent=281518"}],"wp:term":[{"taxonomy":"category","embeddable":true,"href":"https:\/\/www.gaveanews.com\/index.php\/wp-json\/wp\/v2\/categories?post=281518"},{"taxonomy":"post_tag","embeddable":true,"href":"https:\/\/www.gaveanews.com\/index.php\/wp-json\/wp\/v2\/tags?post=281518"}],"curies":[{"name":"wp","href":"https:\/\/api.w.org\/{rel}","templated":true}]}}