{"id":281568,"date":"2025-12-13T13:00:00","date_gmt":"2025-12-13T16:00:00","guid":{"rendered":"https:\/\/www.gaveanews.com\/?p=281568"},"modified":"2025-12-13T13:24:08","modified_gmt":"2025-12-13T16:24:08","slug":"pendencias-internas-interferem-em-acoes-do-flamengo-no-mercado-para-2026","status":"publish","type":"post","link":"https:\/\/www.gaveanews.com\/index.php\/2025\/12\/13\/pendencias-internas-interferem-em-acoes-do-flamengo-no-mercado-para-2026\/","title":{"rendered":"Pend\u00eancias internas interferem em a\u00e7\u00f5es do Flamengo no mercado para 2026"},"content":{"rendered":"\n<p>Enquanto disputa o Intercontinental, o <a href=\"https:\/\/www.gaveanews.com\/index.php\/category\/brasileirao\/flamengo\/\" target=\"_blank\" rel=\"noreferrer noopener\">Flamengo<\/a> conduz paralelamente o planejamento para a temporada de 2026, mas ainda depende da defini\u00e7\u00e3o de dois pontos-chave: a perman\u00eancia de Filipe Lu\u00eds e do diretor de futebol Jos\u00e9 Boto. <\/p>\n\n\n\n<p>De acordo com o presidente Luiz Eduardo Baptista, conhecido como Bap, as negocia\u00e7\u00f5es com ambos est\u00e3o em fase avan\u00e7ada. Sabe-se que tais acordos precisam ser oficializados antes de qualquer movimenta\u00e7\u00e3o no mercado de transfer\u00eancias.<\/p>\n\n\n\n<p>\u201cA renova\u00e7\u00e3o com Filipe est\u00e1 caminhando. Acredito que vai ter um final feliz para todos. Com Boto, est\u00e1 tudo bem encaminhado tamb\u00e9m. (&#8230;) Acredito que n\u00e3o vai mudar nada. At\u00e9 o Natal deve estar com tudo fechado\u201d, declarou o dirigente.<\/p>\n\n\n\n<p>As tratativas com Filipe Lu\u00eds se estendem h\u00e1 alguns meses, mas a participa\u00e7\u00e3o no Intercontinental atrasou os acertos finais. A tend\u00eancia \u00e9 de que o novo contrato tenha validade at\u00e9 dezembro de 2026. <\/p>\n\n\n\n<figure class=\"wp-block-image size-full\"><img loading=\"lazy\" decoding=\"async\" width=\"1280\" height=\"853\" src=\"http:\/\/www.gaveanews.com\/wp-content\/uploads\/Filipe-Luis-e-Jose-Boto-em-celebracao-pelo-titulo-do-Brasileirao.jpg\" alt=\"Filipe Lu\u00eds e Jos\u00e9 Boto\" class=\"wp-image-281424\"\/><figcaption class=\"wp-element-caption\">Filipe Lu\u00eds e Jos\u00e9 Boto em celebra\u00e7\u00e3o pelo t\u00edtulo do Brasileir\u00e3o (Foto: Gilvan de Souza\/Flamengo)<\/figcaption><\/figure>\n\n\n\n<p>J\u00e1 com Boto, que possui cl\u00e1usula de renova\u00e7\u00e3o autom\u00e1tica, o clube aguarda o retorno ao Brasil para uma conversa definitiva com a diretoria. As informa\u00e7\u00f5es s\u00e3o do ge. <\/p>\n\n\n\n<h3 class=\"wp-block-heading\" id=\"h-postura-do-flamengo\">Postura do Flamengo<\/h3>\n\n\n\n<p>Com o comando do futebol indefinido, o Flamengo adota cautela nas abordagens por refor\u00e7os. O departamento de futebol pretende focar, inicialmente, no mercado nacional, priorizando contrata\u00e7\u00f5es pontuais. <\/p>\n\n\n\n<p>O cen\u00e1rio, no entanto, pode mudar conforme a janela se aproxima, principalmente se houver sa\u00eddas no elenco, valorizado ap\u00f3s a conquista da Libertadores e do Campeonato Brasileiro.<\/p>\n","protected":false},"excerpt":{"rendered":"<p>Enquanto disputa o Intercontinental, o Flamengo conduz paralelamente o planejamento para a temporada de 2026, mas ainda depende da defini\u00e7\u00e3o de dois pontos-chave: a perman\u00eancia de Filipe Lu\u00eds e do diretor de futebol Jos\u00e9 Boto. De acordo com o presidente Luiz Eduardo Baptista, conhecido como Bap, as negocia\u00e7\u00f5es com ambos est\u00e3o em fase avan\u00e7ada. Sabe-se [&hellip;]<\/p>\n","protected":false},"author":39,"featured_media":279128,"comment_status":"open","ping_status":"closed","sticky":false,"template":"","format":"standard","meta":{"footnotes":""},"categories":[1],"tags":[635,549,637,532,250,634,531,550,633,636,235],"class_list":["post-281568","post","type-post","status-publish","format-standard","has-post-thumbnail","hentry","category-flamengo","tag-635","tag-bap","tag-contratacoes","tag-filipe-luis","tag-flamengo","tag-janela-de-transferencias","tag-jose-boto","tag-luiz-eduardo-baptista","tag-mercado-da-bola","tag-reforcos","tag-renovacao"],"yoast_head":"<!-- This site is optimized with the Yoast SEO Premium plugin v24.2 (Yoast SEO v26.9) - https:\/\/yoast.com\/product\/yoast-seo-premium-wordpress\/ -->\n<title>Pend\u00eancias internas interferem em a\u00e7\u00f5es do Flamengo no mercado para 2026<\/title>\n<meta name=\"description\" content=\"O cen\u00e1rio pode mudar conforme a janela se aproxima, principalmente se houver sa\u00eddas no elenco do Flamengo\" \/>\n<meta name=\"robots\" content=\"index, follow, max-snippet:-1, max-image-preview:large, max-video-preview:-1\" \/>\n<link rel=\"canonical\" href=\"https:\/\/www.gaveanews.com\/index.php\/2025\/12\/13\/pendencias-internas-interferem-em-acoes-do-flamengo-no-mercado-para-2026\/\" \/>\n<meta property=\"og:locale\" content=\"pt_BR\" \/>\n<meta property=\"og:type\" content=\"article\" \/>\n<meta property=\"og:title\" content=\"Pend\u00eancias internas interferem em a\u00e7\u00f5es do Flamengo no mercado para 2026\" \/>\n<meta property=\"og:description\" content=\"O cen\u00e1rio pode mudar conforme a janela se aproxima, principalmente se houver sa\u00eddas no elenco do Flamengo\" \/>\n<meta property=\"og:url\" content=\"https:\/\/www.gaveanews.com\/index.php\/2025\/12\/13\/pendencias-internas-interferem-em-acoes-do-flamengo-no-mercado-para-2026\/\" \/>\n<meta property=\"og:site_name\" content=\"G\u00e1vea News\" \/>\n<meta property=\"article:publisher\" content=\"https:\/\/facebook.com\/gaveaNews\/\" \/>\n<meta property=\"article:published_time\" content=\"2025-12-13T16:00:00+00:00\" \/>\n<meta property=\"article:modified_time\" content=\"2025-12-13T16:24:08+00:00\" \/>\n<meta property=\"og:image\" content=\"http:\/\/www.gaveanews.com\/wp-content\/uploads\/Clube-de-Regatas-do-Flamengo.jpg\" \/>\n\t<meta property=\"og:image:width\" content=\"1280\" \/>\n\t<meta property=\"og:image:height\" content=\"960\" \/>\n\t<meta property=\"og:image:type\" content=\"image\/jpeg\" \/>\n<meta name=\"author\" content=\"Reda\u00e7\u00e3o\" \/>\n<meta name=\"twitter:card\" content=\"summary_large_image\" \/>\n<meta name=\"twitter:label1\" content=\"Escrito por\" \/>\n\t<meta name=\"twitter:data1\" content=\"Reda\u00e7\u00e3o\" \/>\n\t<meta name=\"twitter:label2\" content=\"Est. tempo de leitura\" \/>\n\t<meta name=\"twitter:data2\" content=\"2 minutos\" \/>\n<script type=\"application\/ld+json\" class=\"yoast-schema-graph\">{\"@context\":\"https:\/\/schema.org\",\"@graph\":[{\"@type\":\"NewsArticle\",\"@id\":\"https:\/\/www.gaveanews.com\/index.php\/2025\/12\/13\/pendencias-internas-interferem-em-acoes-do-flamengo-no-mercado-para-2026\/#article\",\"isPartOf\":{\"@id\":\"https:\/\/www.gaveanews.com\/index.php\/2025\/12\/13\/pendencias-internas-interferem-em-acoes-do-flamengo-no-mercado-para-2026\/\"},\"author\":{\"name\":\"Reda\u00e7\u00e3o\",\"@id\":\"https:\/\/www.gaveanews.com\/#\/schema\/person\/c88645e3d550d0b6574305e67dd5a716\"},\"headline\":\"Pend\u00eancias internas interferem em a\u00e7\u00f5es do Flamengo no mercado para 2026\",\"datePublished\":\"2025-12-13T16:00:00+00:00\",\"dateModified\":\"2025-12-13T16:24:08+00:00\",\"mainEntityOfPage\":{\"@id\":\"https:\/\/www.gaveanews.com\/index.php\/2025\/12\/13\/pendencias-internas-interferem-em-acoes-do-flamengo-no-mercado-para-2026\/\"},\"wordCount\":279,\"commentCount\":0,\"image\":{\"@id\":\"https:\/\/www.gaveanews.com\/index.php\/2025\/12\/13\/pendencias-internas-interferem-em-acoes-do-flamengo-no-mercado-para-2026\/#primaryimage\"},\"thumbnailUrl\":\"https:\/\/www.gaveanews.com\/wp-content\/uploads\/Clube-de-Regatas-do-Flamengo.jpg\",\"keywords\":[\"2026\",\"Bap\",\"contrata\u00e7\u00f5es\",\"Filipe Lu\u00eds\",\"Flamengo\",\"janela de transfer\u00eancias\",\"Jos\u00e9 Boto\",\"Luiz Eduardo Baptista\",\"mercado da bola\",\"refor\u00e7os\",\"Renova\u00e7\u00e3o\"],\"articleSection\":[\"Flamengo\"],\"inLanguage\":\"pt-BR\",\"potentialAction\":[{\"@type\":\"CommentAction\",\"name\":\"Comment\",\"target\":[\"https:\/\/www.gaveanews.com\/index.php\/2025\/12\/13\/pendencias-internas-interferem-em-acoes-do-flamengo-no-mercado-para-2026\/#respond\"]}],\"copyrightYear\":\"2025\",\"copyrightHolder\":{\"@id\":\"https:\/\/www.gaveanews.com\/#organization\"}},{\"@type\":\"WebPage\",\"@id\":\"https:\/\/www.gaveanews.com\/index.php\/2025\/12\/13\/pendencias-internas-interferem-em-acoes-do-flamengo-no-mercado-para-2026\/\",\"url\":\"https:\/\/www.gaveanews.com\/index.php\/2025\/12\/13\/pendencias-internas-interferem-em-acoes-do-flamengo-no-mercado-para-2026\/\",\"name\":\"Pend\u00eancias internas interferem em a\u00e7\u00f5es do Flamengo no mercado para 2026\",\"isPartOf\":{\"@id\":\"https:\/\/www.gaveanews.com\/#website\"},\"primaryImageOfPage\":{\"@id\":\"https:\/\/www.gaveanews.com\/index.php\/2025\/12\/13\/pendencias-internas-interferem-em-acoes-do-flamengo-no-mercado-para-2026\/#primaryimage\"},\"image\":{\"@id\":\"https:\/\/www.gaveanews.com\/index.php\/2025\/12\/13\/pendencias-internas-interferem-em-acoes-do-flamengo-no-mercado-para-2026\/#primaryimage\"},\"thumbnailUrl\":\"https:\/\/www.gaveanews.com\/wp-content\/uploads\/Clube-de-Regatas-do-Flamengo.jpg\",\"datePublished\":\"2025-12-13T16:00:00+00:00\",\"dateModified\":\"2025-12-13T16:24:08+00:00\",\"author\":{\"@id\":\"https:\/\/www.gaveanews.com\/#\/schema\/person\/c88645e3d550d0b6574305e67dd5a716\"},\"description\":\"O cen\u00e1rio pode mudar conforme a janela se aproxima, principalmente se houver sa\u00eddas no elenco do Flamengo\",\"breadcrumb\":{\"@id\":\"https:\/\/www.gaveanews.com\/index.php\/2025\/12\/13\/pendencias-internas-interferem-em-acoes-do-flamengo-no-mercado-para-2026\/#breadcrumb\"},\"inLanguage\":\"pt-BR\",\"potentialAction\":[{\"@type\":\"ReadAction\",\"target\":[\"https:\/\/www.gaveanews.com\/index.php\/2025\/12\/13\/pendencias-internas-interferem-em-acoes-do-flamengo-no-mercado-para-2026\/\"]}]},{\"@type\":\"ImageObject\",\"inLanguage\":\"pt-BR\",\"@id\":\"https:\/\/www.gaveanews.com\/index.php\/2025\/12\/13\/pendencias-internas-interferem-em-acoes-do-flamengo-no-mercado-para-2026\/#primaryimage\",\"url\":\"https:\/\/www.gaveanews.com\/wp-content\/uploads\/Clube-de-Regatas-do-Flamengo.jpg\",\"contentUrl\":\"https:\/\/www.gaveanews.com\/wp-content\/uploads\/Clube-de-Regatas-do-Flamengo.jpg\",\"width\":1280,\"height\":960,\"caption\":\"Clube de Regatas do Flamengo (Foto: Adriano Fontes\/CRF)\"},{\"@type\":\"BreadcrumbList\",\"@id\":\"https:\/\/www.gaveanews.com\/index.php\/2025\/12\/13\/pendencias-internas-interferem-em-acoes-do-flamengo-no-mercado-para-2026\/#breadcrumb\",\"itemListElement\":[{\"@type\":\"ListItem\",\"position\":1,\"name\":\"Home\",\"item\":\"https:\/\/www.gaveanews.com\/\"},{\"@type\":\"ListItem\",\"position\":2,\"name\":\"Pend\u00eancias internas interferem em a\u00e7\u00f5es do Flamengo no mercado para 2026\"}]},{\"@type\":\"WebSite\",\"@id\":\"https:\/\/www.gaveanews.com\/#website\",\"url\":\"https:\/\/www.gaveanews.com\/\",\"name\":\"G\u00e1vea News\",\"description\":\"Veja todas as not\u00edcias sobre o Flamengo: Contrata\u00e7\u00f5es, categorias de base, resultados das partidas, tabela de classifica\u00e7\u00e3o, pr\u00f3ximos jogos!\",\"potentialAction\":[{\"@type\":\"SearchAction\",\"target\":{\"@type\":\"EntryPoint\",\"urlTemplate\":\"https:\/\/www.gaveanews.com\/?s={search_term_string}\"},\"query-input\":{\"@type\":\"PropertyValueSpecification\",\"valueRequired\":true,\"valueName\":\"search_term_string\"}}],\"inLanguage\":\"pt-BR\"},{\"@type\":\"Person\",\"@id\":\"https:\/\/www.gaveanews.com\/#\/schema\/person\/c88645e3d550d0b6574305e67dd5a716\",\"name\":\"Reda\u00e7\u00e3o\",\"image\":{\"@type\":\"ImageObject\",\"inLanguage\":\"pt-BR\",\"@id\":\"https:\/\/www.gaveanews.com\/#\/schema\/person\/image\/\",\"url\":\"https:\/\/secure.gravatar.com\/avatar\/434098fd823f0dc1b062d14ca22bacaa6e38de28d8c816bbef6fc2f8c44d8ba3?s=96&d=mm&r=g\",\"contentUrl\":\"https:\/\/secure.gravatar.com\/avatar\/434098fd823f0dc1b062d14ca22bacaa6e38de28d8c816bbef6fc2f8c44d8ba3?s=96&d=mm&r=g\",\"caption\":\"Reda\u00e7\u00e3o\"}}]}<\/script>\n<!-- \/ Yoast SEO Premium plugin. -->","yoast_head_json":{"title":"Pend\u00eancias internas interferem em a\u00e7\u00f5es do Flamengo no mercado para 2026","description":"O cen\u00e1rio pode mudar conforme a janela se aproxima, principalmente se houver sa\u00eddas no elenco do Flamengo","robots":{"index":"index","follow":"follow","max-snippet":"max-snippet:-1","max-image-preview":"max-image-preview:large","max-video-preview":"max-video-preview:-1"},"canonical":"https:\/\/www.gaveanews.com\/index.php\/2025\/12\/13\/pendencias-internas-interferem-em-acoes-do-flamengo-no-mercado-para-2026\/","og_locale":"pt_BR","og_type":"article","og_title":"Pend\u00eancias internas interferem em a\u00e7\u00f5es do Flamengo no mercado para 2026","og_description":"O cen\u00e1rio pode mudar conforme a janela se aproxima, principalmente se houver sa\u00eddas no elenco do Flamengo","og_url":"https:\/\/www.gaveanews.com\/index.php\/2025\/12\/13\/pendencias-internas-interferem-em-acoes-do-flamengo-no-mercado-para-2026\/","og_site_name":"G\u00e1vea News","article_publisher":"https:\/\/facebook.com\/gaveaNews\/","article_published_time":"2025-12-13T16:00:00+00:00","article_modified_time":"2025-12-13T16:24:08+00:00","og_image":[{"width":1280,"height":960,"url":"http:\/\/www.gaveanews.com\/wp-content\/uploads\/Clube-de-Regatas-do-Flamengo.jpg","type":"image\/jpeg"}],"author":"Reda\u00e7\u00e3o","twitter_card":"summary_large_image","twitter_misc":{"Escrito por":"Reda\u00e7\u00e3o","Est. tempo de leitura":"2 minutos"},"schema":{"@context":"https:\/\/schema.org","@graph":[{"@type":"NewsArticle","@id":"https:\/\/www.gaveanews.com\/index.php\/2025\/12\/13\/pendencias-internas-interferem-em-acoes-do-flamengo-no-mercado-para-2026\/#article","isPartOf":{"@id":"https:\/\/www.gaveanews.com\/index.php\/2025\/12\/13\/pendencias-internas-interferem-em-acoes-do-flamengo-no-mercado-para-2026\/"},"author":{"name":"Reda\u00e7\u00e3o","@id":"https:\/\/www.gaveanews.com\/#\/schema\/person\/c88645e3d550d0b6574305e67dd5a716"},"headline":"Pend\u00eancias internas interferem em a\u00e7\u00f5es do Flamengo no mercado para 2026","datePublished":"2025-12-13T16:00:00+00:00","dateModified":"2025-12-13T16:24:08+00:00","mainEntityOfPage":{"@id":"https:\/\/www.gaveanews.com\/index.php\/2025\/12\/13\/pendencias-internas-interferem-em-acoes-do-flamengo-no-mercado-para-2026\/"},"wordCount":279,"commentCount":0,"image":{"@id":"https:\/\/www.gaveanews.com\/index.php\/2025\/12\/13\/pendencias-internas-interferem-em-acoes-do-flamengo-no-mercado-para-2026\/#primaryimage"},"thumbnailUrl":"https:\/\/www.gaveanews.com\/wp-content\/uploads\/Clube-de-Regatas-do-Flamengo.jpg","keywords":["2026","Bap","contrata\u00e7\u00f5es","Filipe Lu\u00eds","Flamengo","janela de transfer\u00eancias","Jos\u00e9 Boto","Luiz Eduardo Baptista","mercado da bola","refor\u00e7os","Renova\u00e7\u00e3o"],"articleSection":["Flamengo"],"inLanguage":"pt-BR","potentialAction":[{"@type":"CommentAction","name":"Comment","target":["https:\/\/www.gaveanews.com\/index.php\/2025\/12\/13\/pendencias-internas-interferem-em-acoes-do-flamengo-no-mercado-para-2026\/#respond"]}],"copyrightYear":"2025","copyrightHolder":{"@id":"https:\/\/www.gaveanews.com\/#organization"}},{"@type":"WebPage","@id":"https:\/\/www.gaveanews.com\/index.php\/2025\/12\/13\/pendencias-internas-interferem-em-acoes-do-flamengo-no-mercado-para-2026\/","url":"https:\/\/www.gaveanews.com\/index.php\/2025\/12\/13\/pendencias-internas-interferem-em-acoes-do-flamengo-no-mercado-para-2026\/","name":"Pend\u00eancias internas interferem em a\u00e7\u00f5es do Flamengo no mercado para 2026","isPartOf":{"@id":"https:\/\/www.gaveanews.com\/#website"},"primaryImageOfPage":{"@id":"https:\/\/www.gaveanews.com\/index.php\/2025\/12\/13\/pendencias-internas-interferem-em-acoes-do-flamengo-no-mercado-para-2026\/#primaryimage"},"image":{"@id":"https:\/\/www.gaveanews.com\/index.php\/2025\/12\/13\/pendencias-internas-interferem-em-acoes-do-flamengo-no-mercado-para-2026\/#primaryimage"},"thumbnailUrl":"https:\/\/www.gaveanews.com\/wp-content\/uploads\/Clube-de-Regatas-do-Flamengo.jpg","datePublished":"2025-12-13T16:00:00+00:00","dateModified":"2025-12-13T16:24:08+00:00","author":{"@id":"https:\/\/www.gaveanews.com\/#\/schema\/person\/c88645e3d550d0b6574305e67dd5a716"},"description":"O cen\u00e1rio pode mudar conforme a janela se aproxima, principalmente se houver sa\u00eddas no elenco do Flamengo","breadcrumb":{"@id":"https:\/\/www.gaveanews.com\/index.php\/2025\/12\/13\/pendencias-internas-interferem-em-acoes-do-flamengo-no-mercado-para-2026\/#breadcrumb"},"inLanguage":"pt-BR","potentialAction":[{"@type":"ReadAction","target":["https:\/\/www.gaveanews.com\/index.php\/2025\/12\/13\/pendencias-internas-interferem-em-acoes-do-flamengo-no-mercado-para-2026\/"]}]},{"@type":"ImageObject","inLanguage":"pt-BR","@id":"https:\/\/www.gaveanews.com\/index.php\/2025\/12\/13\/pendencias-internas-interferem-em-acoes-do-flamengo-no-mercado-para-2026\/#primaryimage","url":"https:\/\/www.gaveanews.com\/wp-content\/uploads\/Clube-de-Regatas-do-Flamengo.jpg","contentUrl":"https:\/\/www.gaveanews.com\/wp-content\/uploads\/Clube-de-Regatas-do-Flamengo.jpg","width":1280,"height":960,"caption":"Clube de Regatas do Flamengo (Foto: Adriano Fontes\/CRF)"},{"@type":"BreadcrumbList","@id":"https:\/\/www.gaveanews.com\/index.php\/2025\/12\/13\/pendencias-internas-interferem-em-acoes-do-flamengo-no-mercado-para-2026\/#breadcrumb","itemListElement":[{"@type":"ListItem","position":1,"name":"Home","item":"https:\/\/www.gaveanews.com\/"},{"@type":"ListItem","position":2,"name":"Pend\u00eancias internas interferem em a\u00e7\u00f5es do Flamengo no mercado para 2026"}]},{"@type":"WebSite","@id":"https:\/\/www.gaveanews.com\/#website","url":"https:\/\/www.gaveanews.com\/","name":"G\u00e1vea News","description":"Veja todas as not\u00edcias sobre o Flamengo: Contrata\u00e7\u00f5es, categorias de base, resultados das partidas, tabela de classifica\u00e7\u00e3o, pr\u00f3ximos jogos!","potentialAction":[{"@type":"SearchAction","target":{"@type":"EntryPoint","urlTemplate":"https:\/\/www.gaveanews.com\/?s={search_term_string}"},"query-input":{"@type":"PropertyValueSpecification","valueRequired":true,"valueName":"search_term_string"}}],"inLanguage":"pt-BR"},{"@type":"Person","@id":"https:\/\/www.gaveanews.com\/#\/schema\/person\/c88645e3d550d0b6574305e67dd5a716","name":"Reda\u00e7\u00e3o","image":{"@type":"ImageObject","inLanguage":"pt-BR","@id":"https:\/\/www.gaveanews.com\/#\/schema\/person\/image\/","url":"https:\/\/secure.gravatar.com\/avatar\/434098fd823f0dc1b062d14ca22bacaa6e38de28d8c816bbef6fc2f8c44d8ba3?s=96&d=mm&r=g","contentUrl":"https:\/\/secure.gravatar.com\/avatar\/434098fd823f0dc1b062d14ca22bacaa6e38de28d8c816bbef6fc2f8c44d8ba3?s=96&d=mm&r=g","caption":"Reda\u00e7\u00e3o"}}]}},"_links":{"self":[{"href":"https:\/\/www.gaveanews.com\/index.php\/wp-json\/wp\/v2\/posts\/281568","targetHints":{"allow":["GET"]}}],"collection":[{"href":"https:\/\/www.gaveanews.com\/index.php\/wp-json\/wp\/v2\/posts"}],"about":[{"href":"https:\/\/www.gaveanews.com\/index.php\/wp-json\/wp\/v2\/types\/post"}],"author":[{"embeddable":true,"href":"https:\/\/www.gaveanews.com\/index.php\/wp-json\/wp\/v2\/users\/39"}],"replies":[{"embeddable":true,"href":"https:\/\/www.gaveanews.com\/index.php\/wp-json\/wp\/v2\/comments?post=281568"}],"version-history":[{"count":3,"href":"https:\/\/www.gaveanews.com\/index.php\/wp-json\/wp\/v2\/posts\/281568\/revisions"}],"predecessor-version":[{"id":281574,"href":"https:\/\/www.gaveanews.com\/index.php\/wp-json\/wp\/v2\/posts\/281568\/revisions\/281574"}],"wp:featuredmedia":[{"embeddable":true,"href":"https:\/\/www.gaveanews.com\/index.php\/wp-json\/wp\/v2\/media\/279128"}],"wp:attachment":[{"href":"https:\/\/www.gaveanews.com\/index.php\/wp-json\/wp\/v2\/media?parent=281568"}],"wp:term":[{"taxonomy":"category","embeddable":true,"href":"https:\/\/www.gaveanews.com\/index.php\/wp-json\/wp\/v2\/categories?post=281568"},{"taxonomy":"post_tag","embeddable":true,"href":"https:\/\/www.gaveanews.com\/index.php\/wp-json\/wp\/v2\/tags?post=281568"}],"curies":[{"name":"wp","href":"https:\/\/api.w.org\/{rel}","templated":true}]}}