{"id":281575,"date":"2025-12-13T15:55:00","date_gmt":"2025-12-13T18:55:00","guid":{"rendered":"https:\/\/www.gaveanews.com\/?p=281575"},"modified":"2025-12-13T16:37:55","modified_gmt":"2025-12-13T19:37:55","slug":"alo-psg-flamengo-vence-o-pyramids-e-e-finalista-do-mundial-intercontinental","status":"publish","type":"post","link":"https:\/\/www.gaveanews.com\/index.php\/2025\/12\/13\/alo-psg-flamengo-vence-o-pyramids-e-e-finalista-do-mundial-intercontinental\/","title":{"rendered":"Al\u00f4, PSG! Flamengo vence o Pyramids e \u00e9 finalista do Mundial Intercontinental"},"content":{"rendered":"\n<p>O <a href=\"https:\/\/www.gaveanews.com\/index.php\/category\/brasileirao\/flamengo\/\" target=\"_blank\" rel=\"noreferrer noopener\">Flamengo<\/a> venceu o Pyramids por 2 a 0 neste s\u00e1bado (13), em Doha, e garantiu presen\u00e7a na decis\u00e3o do Mundial Intercontinental de Clubes da Fifa. Com esse resultado, a equipe enfrentar\u00e1 o PSG na final, na quarta-feira (17), e disputar\u00e1 o segundo t\u00edtulo desse peso em sua hist\u00f3ria. <\/p>\n\n\n\n<p>O primeiro gol foi marcado por L\u00e9o Pereira, aos 23 minutos da etapa inicial, ap\u00f3s cobran\u00e7a de falta de Arrascaeta. Na volta do intervalo, novamente em jogada de bola parada e com assist\u00eancia do meia uruguaio, Danilo apareceu livre na segunda trave para ampliar. <\/p>\n\n\n\n<p>O zagueiro, inclusive, foi decisivo tamb\u00e9m na conquista do t\u00edtulo da Libertadores, no dia 29 de novembro, em Lima. <\/p>\n\n\n\n<h3 class=\"wp-block-heading\" id=\"h-flamengo-na-final\">Flamengo na final<\/h3>\n\n\n\n<p>Enquanto o time eg\u00edpcio apostou numa estrat\u00e9gia defensiva e tentou contra-ataques, o Rubro-Negro manteve o controle da posse e buscou espa\u00e7os com paci\u00eancia. <\/p>\n\n\n\n<figure class=\"wp-block-image size-full\"><img loading=\"lazy\" decoding=\"async\" width=\"1280\" height=\"853\" src=\"http:\/\/www.gaveanews.com\/wp-content\/uploads\/Danilo-marca-gol-da-vitoria-do-Flamengo-sobre-o-Pyramids.jpg\" alt=\"\" class=\"wp-image-281576\"\/><\/figure>\n\n\n\n<p>Rossi precisou intervir em duas chegadas perigosas do advers\u00e1rio, mas o cen\u00e1rio se manteve favor\u00e1vel ao time de Filipe Lu\u00eds durante quase todo o confronto.<\/p>\n\n\n\n<h3 class=\"wp-block-heading\" id=\"h-retorno-do-idolo\">Retorno do \u00eddolo<\/h3>\n\n\n\n<p>A partida tamb\u00e9m marcou o retorno de Pedro, que voltou a campo ap\u00f3s 52 dias afastado por les\u00f5es no bra\u00e7o e na coxa. O atacante entrou aos 40 minutos do segundo tempo e quase marcou nos acr\u00e9scimos, mas o chute saiu fraco e foi defendido por El Shanawy.<\/p>\n\n\n\n<p>A final do torneio ser\u00e1 realizada na pr\u00f3xima quarta-feira (17), \u00e0s 14h (de Bras\u00edlia), novamente em Doha, com expectativa de casa cheia para o confronto contra o PSG.<\/p>\n","protected":false},"excerpt":{"rendered":"<p>O Flamengo venceu o Pyramids por 2 a 0 neste s\u00e1bado (13), em Doha, e garantiu presen\u00e7a na decis\u00e3o do Mundial Intercontinental de Clubes da Fifa. Com esse resultado, a equipe enfrentar\u00e1 o PSG na final, na quarta-feira (17), e disputar\u00e1 o segundo t\u00edtulo desse peso em sua hist\u00f3ria. O primeiro gol foi marcado por [&hellip;]<\/p>\n","protected":false},"author":39,"featured_media":281577,"comment_status":"open","ping_status":"closed","sticky":false,"template":"","format":"standard","meta":{"footnotes":""},"categories":[1],"tags":[527,547,610,638,538,605,250,525,574,604],"class_list":["post-281575","post","type-post","status-publish","format-standard","has-post-thumbnail","hentry","category-flamengo","tag-arrascaeta","tag-copa-intercontinental","tag-danilo","tag-decisao","tag-fifa","tag-final","tag-flamengo","tag-leo-pereira","tag-mundial","tag-psg"],"yoast_head":"<!-- This site is optimized with the Yoast SEO Premium plugin v24.2 (Yoast SEO v26.9) - https:\/\/yoast.com\/product\/yoast-seo-premium-wordpress\/ -->\n<title>Al\u00f4, PSG! Flamengo vence o Pyramids e \u00e9 finalista do Mundial Intercontinental<\/title>\n<meta name=\"description\" content=\"A final do torneio ser\u00e1 realizada na pr\u00f3xima quarta-feira (17), \u00e0s 14h (de Bras\u00edlia), novamente em Doha, entre Flamengo x PSG\" \/>\n<meta name=\"robots\" content=\"index, follow, max-snippet:-1, max-image-preview:large, max-video-preview:-1\" \/>\n<link rel=\"canonical\" href=\"https:\/\/www.gaveanews.com\/index.php\/2025\/12\/13\/alo-psg-flamengo-vence-o-pyramids-e-e-finalista-do-mundial-intercontinental\/\" \/>\n<meta property=\"og:locale\" content=\"pt_BR\" \/>\n<meta property=\"og:type\" content=\"article\" \/>\n<meta property=\"og:title\" content=\"Al\u00f4, PSG! Flamengo vence o Pyramids e \u00e9 finalista do Mundial Intercontinental\" \/>\n<meta property=\"og:description\" content=\"A final do torneio ser\u00e1 realizada na pr\u00f3xima quarta-feira (17), \u00e0s 14h (de Bras\u00edlia), novamente em Doha, entre Flamengo x PSG\" \/>\n<meta property=\"og:url\" content=\"https:\/\/www.gaveanews.com\/index.php\/2025\/12\/13\/alo-psg-flamengo-vence-o-pyramids-e-e-finalista-do-mundial-intercontinental\/\" \/>\n<meta property=\"og:site_name\" content=\"G\u00e1vea News\" \/>\n<meta property=\"article:publisher\" content=\"https:\/\/facebook.com\/gaveaNews\/\" \/>\n<meta property=\"article:published_time\" content=\"2025-12-13T18:55:00+00:00\" \/>\n<meta property=\"article:modified_time\" content=\"2025-12-13T19:37:55+00:00\" \/>\n<meta property=\"og:image\" content=\"http:\/\/www.gaveanews.com\/wp-content\/uploads\/Leo-Pereira-e-Danilo-marcam-gol-da-classificacao-no-Intercontinental.jpg\" \/>\n\t<meta property=\"og:image:width\" content=\"1280\" \/>\n\t<meta property=\"og:image:height\" content=\"853\" \/>\n\t<meta property=\"og:image:type\" content=\"image\/jpeg\" \/>\n<meta name=\"author\" content=\"Reda\u00e7\u00e3o\" \/>\n<meta name=\"twitter:card\" content=\"summary_large_image\" \/>\n<meta name=\"twitter:label1\" content=\"Escrito por\" \/>\n\t<meta name=\"twitter:data1\" content=\"Reda\u00e7\u00e3o\" \/>\n\t<meta name=\"twitter:label2\" content=\"Est. tempo de leitura\" \/>\n\t<meta name=\"twitter:data2\" content=\"2 minutos\" \/>\n<script type=\"application\/ld+json\" class=\"yoast-schema-graph\">{\"@context\":\"https:\/\/schema.org\",\"@graph\":[{\"@type\":\"NewsArticle\",\"@id\":\"https:\/\/www.gaveanews.com\/index.php\/2025\/12\/13\/alo-psg-flamengo-vence-o-pyramids-e-e-finalista-do-mundial-intercontinental\/#article\",\"isPartOf\":{\"@id\":\"https:\/\/www.gaveanews.com\/index.php\/2025\/12\/13\/alo-psg-flamengo-vence-o-pyramids-e-e-finalista-do-mundial-intercontinental\/\"},\"author\":{\"name\":\"Reda\u00e7\u00e3o\",\"@id\":\"https:\/\/www.gaveanews.com\/#\/schema\/person\/c88645e3d550d0b6574305e67dd5a716\"},\"headline\":\"Al\u00f4, PSG! Flamengo vence o Pyramids e \u00e9 finalista do Mundial Intercontinental\",\"datePublished\":\"2025-12-13T18:55:00+00:00\",\"dateModified\":\"2025-12-13T19:37:55+00:00\",\"mainEntityOfPage\":{\"@id\":\"https:\/\/www.gaveanews.com\/index.php\/2025\/12\/13\/alo-psg-flamengo-vence-o-pyramids-e-e-finalista-do-mundial-intercontinental\/\"},\"wordCount\":270,\"commentCount\":0,\"image\":{\"@id\":\"https:\/\/www.gaveanews.com\/index.php\/2025\/12\/13\/alo-psg-flamengo-vence-o-pyramids-e-e-finalista-do-mundial-intercontinental\/#primaryimage\"},\"thumbnailUrl\":\"https:\/\/www.gaveanews.com\/wp-content\/uploads\/Leo-Pereira-e-Danilo-marcam-gol-da-classificacao-no-Intercontinental.jpg\",\"keywords\":[\"Arrascaeta\",\"Copa Intercontinental\",\"Danilo\",\"decis\u00e3o\",\"Fifa\",\"final\",\"Flamengo\",\"L\u00e9o Pereira\",\"Mundial\",\"PSG\"],\"articleSection\":[\"Flamengo\"],\"inLanguage\":\"pt-BR\",\"potentialAction\":[{\"@type\":\"CommentAction\",\"name\":\"Comment\",\"target\":[\"https:\/\/www.gaveanews.com\/index.php\/2025\/12\/13\/alo-psg-flamengo-vence-o-pyramids-e-e-finalista-do-mundial-intercontinental\/#respond\"]}],\"copyrightYear\":\"2025\",\"copyrightHolder\":{\"@id\":\"https:\/\/www.gaveanews.com\/#organization\"}},{\"@type\":\"WebPage\",\"@id\":\"https:\/\/www.gaveanews.com\/index.php\/2025\/12\/13\/alo-psg-flamengo-vence-o-pyramids-e-e-finalista-do-mundial-intercontinental\/\",\"url\":\"https:\/\/www.gaveanews.com\/index.php\/2025\/12\/13\/alo-psg-flamengo-vence-o-pyramids-e-e-finalista-do-mundial-intercontinental\/\",\"name\":\"Al\u00f4, PSG! Flamengo vence o Pyramids e \u00e9 finalista do Mundial Intercontinental\",\"isPartOf\":{\"@id\":\"https:\/\/www.gaveanews.com\/#website\"},\"primaryImageOfPage\":{\"@id\":\"https:\/\/www.gaveanews.com\/index.php\/2025\/12\/13\/alo-psg-flamengo-vence-o-pyramids-e-e-finalista-do-mundial-intercontinental\/#primaryimage\"},\"image\":{\"@id\":\"https:\/\/www.gaveanews.com\/index.php\/2025\/12\/13\/alo-psg-flamengo-vence-o-pyramids-e-e-finalista-do-mundial-intercontinental\/#primaryimage\"},\"thumbnailUrl\":\"https:\/\/www.gaveanews.com\/wp-content\/uploads\/Leo-Pereira-e-Danilo-marcam-gol-da-classificacao-no-Intercontinental.jpg\",\"datePublished\":\"2025-12-13T18:55:00+00:00\",\"dateModified\":\"2025-12-13T19:37:55+00:00\",\"author\":{\"@id\":\"https:\/\/www.gaveanews.com\/#\/schema\/person\/c88645e3d550d0b6574305e67dd5a716\"},\"description\":\"A final do torneio ser\u00e1 realizada na pr\u00f3xima quarta-feira (17), \u00e0s 14h (de Bras\u00edlia), novamente em Doha, entre Flamengo x PSG\",\"breadcrumb\":{\"@id\":\"https:\/\/www.gaveanews.com\/index.php\/2025\/12\/13\/alo-psg-flamengo-vence-o-pyramids-e-e-finalista-do-mundial-intercontinental\/#breadcrumb\"},\"inLanguage\":\"pt-BR\",\"potentialAction\":[{\"@type\":\"ReadAction\",\"target\":[\"https:\/\/www.gaveanews.com\/index.php\/2025\/12\/13\/alo-psg-flamengo-vence-o-pyramids-e-e-finalista-do-mundial-intercontinental\/\"]}]},{\"@type\":\"ImageObject\",\"inLanguage\":\"pt-BR\",\"@id\":\"https:\/\/www.gaveanews.com\/index.php\/2025\/12\/13\/alo-psg-flamengo-vence-o-pyramids-e-e-finalista-do-mundial-intercontinental\/#primaryimage\",\"url\":\"https:\/\/www.gaveanews.com\/wp-content\/uploads\/Leo-Pereira-e-Danilo-marcam-gol-da-classificacao-no-Intercontinental.jpg\",\"contentUrl\":\"https:\/\/www.gaveanews.com\/wp-content\/uploads\/Leo-Pereira-e-Danilo-marcam-gol-da-classificacao-no-Intercontinental.jpg\",\"width\":1280,\"height\":853,\"caption\":\"L\u00e9o Pereira e Danilo marcam gol da classifica\u00e7\u00e3o no Intercontinental (Foto: Gilvan de Souza\/Flamengo)\"},{\"@type\":\"BreadcrumbList\",\"@id\":\"https:\/\/www.gaveanews.com\/index.php\/2025\/12\/13\/alo-psg-flamengo-vence-o-pyramids-e-e-finalista-do-mundial-intercontinental\/#breadcrumb\",\"itemListElement\":[{\"@type\":\"ListItem\",\"position\":1,\"name\":\"Home\",\"item\":\"https:\/\/www.gaveanews.com\/\"},{\"@type\":\"ListItem\",\"position\":2,\"name\":\"Al\u00f4, PSG! Flamengo vence o Pyramids e \u00e9 finalista do Mundial Intercontinental\"}]},{\"@type\":\"WebSite\",\"@id\":\"https:\/\/www.gaveanews.com\/#website\",\"url\":\"https:\/\/www.gaveanews.com\/\",\"name\":\"G\u00e1vea News\",\"description\":\"Veja todas as not\u00edcias sobre o Flamengo: Contrata\u00e7\u00f5es, categorias de base, resultados das partidas, tabela de classifica\u00e7\u00e3o, pr\u00f3ximos jogos!\",\"potentialAction\":[{\"@type\":\"SearchAction\",\"target\":{\"@type\":\"EntryPoint\",\"urlTemplate\":\"https:\/\/www.gaveanews.com\/?s={search_term_string}\"},\"query-input\":{\"@type\":\"PropertyValueSpecification\",\"valueRequired\":true,\"valueName\":\"search_term_string\"}}],\"inLanguage\":\"pt-BR\"},{\"@type\":\"Person\",\"@id\":\"https:\/\/www.gaveanews.com\/#\/schema\/person\/c88645e3d550d0b6574305e67dd5a716\",\"name\":\"Reda\u00e7\u00e3o\",\"image\":{\"@type\":\"ImageObject\",\"inLanguage\":\"pt-BR\",\"@id\":\"https:\/\/www.gaveanews.com\/#\/schema\/person\/image\/\",\"url\":\"https:\/\/secure.gravatar.com\/avatar\/434098fd823f0dc1b062d14ca22bacaa6e38de28d8c816bbef6fc2f8c44d8ba3?s=96&d=mm&r=g\",\"contentUrl\":\"https:\/\/secure.gravatar.com\/avatar\/434098fd823f0dc1b062d14ca22bacaa6e38de28d8c816bbef6fc2f8c44d8ba3?s=96&d=mm&r=g\",\"caption\":\"Reda\u00e7\u00e3o\"}}]}<\/script>\n<!-- \/ Yoast SEO Premium plugin. -->","yoast_head_json":{"title":"Al\u00f4, PSG! Flamengo vence o Pyramids e \u00e9 finalista do Mundial Intercontinental","description":"A final do torneio ser\u00e1 realizada na pr\u00f3xima quarta-feira (17), \u00e0s 14h (de Bras\u00edlia), novamente em Doha, entre Flamengo x PSG","robots":{"index":"index","follow":"follow","max-snippet":"max-snippet:-1","max-image-preview":"max-image-preview:large","max-video-preview":"max-video-preview:-1"},"canonical":"https:\/\/www.gaveanews.com\/index.php\/2025\/12\/13\/alo-psg-flamengo-vence-o-pyramids-e-e-finalista-do-mundial-intercontinental\/","og_locale":"pt_BR","og_type":"article","og_title":"Al\u00f4, PSG! Flamengo vence o Pyramids e \u00e9 finalista do Mundial Intercontinental","og_description":"A final do torneio ser\u00e1 realizada na pr\u00f3xima quarta-feira (17), \u00e0s 14h (de Bras\u00edlia), novamente em Doha, entre Flamengo x PSG","og_url":"https:\/\/www.gaveanews.com\/index.php\/2025\/12\/13\/alo-psg-flamengo-vence-o-pyramids-e-e-finalista-do-mundial-intercontinental\/","og_site_name":"G\u00e1vea News","article_publisher":"https:\/\/facebook.com\/gaveaNews\/","article_published_time":"2025-12-13T18:55:00+00:00","article_modified_time":"2025-12-13T19:37:55+00:00","og_image":[{"width":1280,"height":853,"url":"http:\/\/www.gaveanews.com\/wp-content\/uploads\/Leo-Pereira-e-Danilo-marcam-gol-da-classificacao-no-Intercontinental.jpg","type":"image\/jpeg"}],"author":"Reda\u00e7\u00e3o","twitter_card":"summary_large_image","twitter_misc":{"Escrito por":"Reda\u00e7\u00e3o","Est. tempo de leitura":"2 minutos"},"schema":{"@context":"https:\/\/schema.org","@graph":[{"@type":"NewsArticle","@id":"https:\/\/www.gaveanews.com\/index.php\/2025\/12\/13\/alo-psg-flamengo-vence-o-pyramids-e-e-finalista-do-mundial-intercontinental\/#article","isPartOf":{"@id":"https:\/\/www.gaveanews.com\/index.php\/2025\/12\/13\/alo-psg-flamengo-vence-o-pyramids-e-e-finalista-do-mundial-intercontinental\/"},"author":{"name":"Reda\u00e7\u00e3o","@id":"https:\/\/www.gaveanews.com\/#\/schema\/person\/c88645e3d550d0b6574305e67dd5a716"},"headline":"Al\u00f4, PSG! Flamengo vence o Pyramids e \u00e9 finalista do Mundial Intercontinental","datePublished":"2025-12-13T18:55:00+00:00","dateModified":"2025-12-13T19:37:55+00:00","mainEntityOfPage":{"@id":"https:\/\/www.gaveanews.com\/index.php\/2025\/12\/13\/alo-psg-flamengo-vence-o-pyramids-e-e-finalista-do-mundial-intercontinental\/"},"wordCount":270,"commentCount":0,"image":{"@id":"https:\/\/www.gaveanews.com\/index.php\/2025\/12\/13\/alo-psg-flamengo-vence-o-pyramids-e-e-finalista-do-mundial-intercontinental\/#primaryimage"},"thumbnailUrl":"https:\/\/www.gaveanews.com\/wp-content\/uploads\/Leo-Pereira-e-Danilo-marcam-gol-da-classificacao-no-Intercontinental.jpg","keywords":["Arrascaeta","Copa Intercontinental","Danilo","decis\u00e3o","Fifa","final","Flamengo","L\u00e9o Pereira","Mundial","PSG"],"articleSection":["Flamengo"],"inLanguage":"pt-BR","potentialAction":[{"@type":"CommentAction","name":"Comment","target":["https:\/\/www.gaveanews.com\/index.php\/2025\/12\/13\/alo-psg-flamengo-vence-o-pyramids-e-e-finalista-do-mundial-intercontinental\/#respond"]}],"copyrightYear":"2025","copyrightHolder":{"@id":"https:\/\/www.gaveanews.com\/#organization"}},{"@type":"WebPage","@id":"https:\/\/www.gaveanews.com\/index.php\/2025\/12\/13\/alo-psg-flamengo-vence-o-pyramids-e-e-finalista-do-mundial-intercontinental\/","url":"https:\/\/www.gaveanews.com\/index.php\/2025\/12\/13\/alo-psg-flamengo-vence-o-pyramids-e-e-finalista-do-mundial-intercontinental\/","name":"Al\u00f4, PSG! Flamengo vence o Pyramids e \u00e9 finalista do Mundial Intercontinental","isPartOf":{"@id":"https:\/\/www.gaveanews.com\/#website"},"primaryImageOfPage":{"@id":"https:\/\/www.gaveanews.com\/index.php\/2025\/12\/13\/alo-psg-flamengo-vence-o-pyramids-e-e-finalista-do-mundial-intercontinental\/#primaryimage"},"image":{"@id":"https:\/\/www.gaveanews.com\/index.php\/2025\/12\/13\/alo-psg-flamengo-vence-o-pyramids-e-e-finalista-do-mundial-intercontinental\/#primaryimage"},"thumbnailUrl":"https:\/\/www.gaveanews.com\/wp-content\/uploads\/Leo-Pereira-e-Danilo-marcam-gol-da-classificacao-no-Intercontinental.jpg","datePublished":"2025-12-13T18:55:00+00:00","dateModified":"2025-12-13T19:37:55+00:00","author":{"@id":"https:\/\/www.gaveanews.com\/#\/schema\/person\/c88645e3d550d0b6574305e67dd5a716"},"description":"A final do torneio ser\u00e1 realizada na pr\u00f3xima quarta-feira (17), \u00e0s 14h (de Bras\u00edlia), novamente em Doha, entre Flamengo x PSG","breadcrumb":{"@id":"https:\/\/www.gaveanews.com\/index.php\/2025\/12\/13\/alo-psg-flamengo-vence-o-pyramids-e-e-finalista-do-mundial-intercontinental\/#breadcrumb"},"inLanguage":"pt-BR","potentialAction":[{"@type":"ReadAction","target":["https:\/\/www.gaveanews.com\/index.php\/2025\/12\/13\/alo-psg-flamengo-vence-o-pyramids-e-e-finalista-do-mundial-intercontinental\/"]}]},{"@type":"ImageObject","inLanguage":"pt-BR","@id":"https:\/\/www.gaveanews.com\/index.php\/2025\/12\/13\/alo-psg-flamengo-vence-o-pyramids-e-e-finalista-do-mundial-intercontinental\/#primaryimage","url":"https:\/\/www.gaveanews.com\/wp-content\/uploads\/Leo-Pereira-e-Danilo-marcam-gol-da-classificacao-no-Intercontinental.jpg","contentUrl":"https:\/\/www.gaveanews.com\/wp-content\/uploads\/Leo-Pereira-e-Danilo-marcam-gol-da-classificacao-no-Intercontinental.jpg","width":1280,"height":853,"caption":"L\u00e9o Pereira e Danilo marcam gol da classifica\u00e7\u00e3o no Intercontinental (Foto: Gilvan de Souza\/Flamengo)"},{"@type":"BreadcrumbList","@id":"https:\/\/www.gaveanews.com\/index.php\/2025\/12\/13\/alo-psg-flamengo-vence-o-pyramids-e-e-finalista-do-mundial-intercontinental\/#breadcrumb","itemListElement":[{"@type":"ListItem","position":1,"name":"Home","item":"https:\/\/www.gaveanews.com\/"},{"@type":"ListItem","position":2,"name":"Al\u00f4, PSG! Flamengo vence o Pyramids e \u00e9 finalista do Mundial Intercontinental"}]},{"@type":"WebSite","@id":"https:\/\/www.gaveanews.com\/#website","url":"https:\/\/www.gaveanews.com\/","name":"G\u00e1vea News","description":"Veja todas as not\u00edcias sobre o Flamengo: Contrata\u00e7\u00f5es, categorias de base, resultados das partidas, tabela de classifica\u00e7\u00e3o, pr\u00f3ximos jogos!","potentialAction":[{"@type":"SearchAction","target":{"@type":"EntryPoint","urlTemplate":"https:\/\/www.gaveanews.com\/?s={search_term_string}"},"query-input":{"@type":"PropertyValueSpecification","valueRequired":true,"valueName":"search_term_string"}}],"inLanguage":"pt-BR"},{"@type":"Person","@id":"https:\/\/www.gaveanews.com\/#\/schema\/person\/c88645e3d550d0b6574305e67dd5a716","name":"Reda\u00e7\u00e3o","image":{"@type":"ImageObject","inLanguage":"pt-BR","@id":"https:\/\/www.gaveanews.com\/#\/schema\/person\/image\/","url":"https:\/\/secure.gravatar.com\/avatar\/434098fd823f0dc1b062d14ca22bacaa6e38de28d8c816bbef6fc2f8c44d8ba3?s=96&d=mm&r=g","contentUrl":"https:\/\/secure.gravatar.com\/avatar\/434098fd823f0dc1b062d14ca22bacaa6e38de28d8c816bbef6fc2f8c44d8ba3?s=96&d=mm&r=g","caption":"Reda\u00e7\u00e3o"}}]}},"_links":{"self":[{"href":"https:\/\/www.gaveanews.com\/index.php\/wp-json\/wp\/v2\/posts\/281575","targetHints":{"allow":["GET"]}}],"collection":[{"href":"https:\/\/www.gaveanews.com\/index.php\/wp-json\/wp\/v2\/posts"}],"about":[{"href":"https:\/\/www.gaveanews.com\/index.php\/wp-json\/wp\/v2\/types\/post"}],"author":[{"embeddable":true,"href":"https:\/\/www.gaveanews.com\/index.php\/wp-json\/wp\/v2\/users\/39"}],"replies":[{"embeddable":true,"href":"https:\/\/www.gaveanews.com\/index.php\/wp-json\/wp\/v2\/comments?post=281575"}],"version-history":[{"count":1,"href":"https:\/\/www.gaveanews.com\/index.php\/wp-json\/wp\/v2\/posts\/281575\/revisions"}],"predecessor-version":[{"id":281578,"href":"https:\/\/www.gaveanews.com\/index.php\/wp-json\/wp\/v2\/posts\/281575\/revisions\/281578"}],"wp:featuredmedia":[{"embeddable":true,"href":"https:\/\/www.gaveanews.com\/index.php\/wp-json\/wp\/v2\/media\/281577"}],"wp:attachment":[{"href":"https:\/\/www.gaveanews.com\/index.php\/wp-json\/wp\/v2\/media?parent=281575"}],"wp:term":[{"taxonomy":"category","embeddable":true,"href":"https:\/\/www.gaveanews.com\/index.php\/wp-json\/wp\/v2\/categories?post=281575"},{"taxonomy":"post_tag","embeddable":true,"href":"https:\/\/www.gaveanews.com\/index.php\/wp-json\/wp\/v2\/tags?post=281575"}],"curies":[{"name":"wp","href":"https:\/\/api.w.org\/{rel}","templated":true}]}}