{"id":281579,"date":"2025-12-13T17:00:00","date_gmt":"2025-12-13T20:00:00","guid":{"rendered":"https:\/\/www.gaveanews.com\/?p=281579"},"modified":"2025-12-13T16:43:09","modified_gmt":"2025-12-13T19:43:09","slug":"autor-do-gol-leo-pereira-tem-torcida-especial-no-catar","status":"publish","type":"post","link":"https:\/\/www.gaveanews.com\/index.php\/2025\/12\/13\/autor-do-gol-leo-pereira-tem-torcida-especial-no-catar\/","title":{"rendered":"Autor do gol, L\u00e9o Pereira tem torcida especial no Catar"},"content":{"rendered":"\n<p>L\u00e9o Pereira, zagueiro do <a href=\"https:\/\/www.gaveanews.com\/index.php\/category\/brasileirao\/flamengo\/\" target=\"_blank\" rel=\"noreferrer noopener\">Flamengo<\/a>, voltou a ser destaque dentro e fora de campo. Neste s\u00e1bado (13), o defensor marcou o primeiro gol na vit\u00f3ria por 2 a 0 sobre o Pyramids, no Est\u00e1dio Ahmad bin Ali, no Catar, pela semifinal da Copa Intercontinental. <\/p>\n\n\n\n<p>Enquanto atuava, sua namorada, Karoline Lima, vibrava com lances diretamente da arquibancada. A influenciadora viajou ao pa\u00eds do Oriente M\u00e9dio para acompanhar a fase decisiva da competi\u00e7\u00e3o, logo ap\u00f3s reatarem o relacionamento. <\/p>\n\n\n\n<p>A presen\u00e7a de Karoline nas arquibancadas coincidiu com a boa atua\u00e7\u00e3o de L\u00e9o Pereira. O zagueiro abriu o placar ainda no primeiro tempo, em jogada de bola parada, e emocionou a parceira com a comemora\u00e7\u00e3o. <\/p>\n\n\n\n<figure class=\"wp-block-embed is-type-rich is-provider-twitter wp-block-embed-twitter\"><div class=\"wp-block-embed__wrapper\">\n<blockquote class=\"twitter-tweet\" data-width=\"550\" data-dnt=\"true\"><p lang=\"pt\" dir=\"ltr\">A rea\u00e7\u00e3o da Karoline no gol do L\u00e9o Pereira.<br><br>\ud83d\udd34\u26ab\ufe0f<a href=\"https:\/\/twitter.com\/hashtag\/Flamengo?src=hash&amp;ref_src=twsrc%5Etfw\">#Flamengo<\/a> <a href=\"https:\/\/twitter.com\/hashtag\/CRF?src=hash&amp;ref_src=twsrc%5Etfw\">#CRF<\/a> <a href=\"https:\/\/twitter.com\/1MauroSantAnna?ref_src=twsrc%5Etfw\">@1MauroSantAnna<\/a> <a href=\"https:\/\/t.co\/wDUc8667DN\">pic.twitter.com\/wDUc8667DN<\/a><\/p>&mdash; Bruno Lemos (@Lemos_Santos) <a href=\"https:\/\/twitter.com\/Lemos_Santos\/status\/1999894281600090574?ref_src=twsrc%5Etfw\">December 13, 2025<\/a><\/blockquote><script async src=\"https:\/\/platform.twitter.com\/widgets.js\" charset=\"utf-8\"><\/script>\n<\/div><\/figure>\n\n\n\n<p>O segundo gol da partida foi marcado por Danilo, tamb\u00e9m em lance de bola parada, o que confirmou a classifica\u00e7\u00e3o rubro-negra para a final.<\/p>\n\n\n\n<h3 class=\"wp-block-heading\" id=\"h-flamengo-campeao-e-finalista\">Flamengo campe\u00e3o e finalista<\/h3>\n\n\n\n<p>A vit\u00f3ria garantiu ao Rubro-Negro mais um trof\u00e9u no ano, o da Copa Challenger, nome oficial dado \u00e0 fase semifinal do Intercontinental. O clube j\u00e1 havia conquistado o Derby das Am\u00e9ricas ao superar o Cruz Azul, tamb\u00e9m em Doha, na quarta-feira anterior. Ambos os jogos ocorreram no mesmo est\u00e1dio.<\/p>\n\n\n\n<p>A final entre Flamengo e Paris Saint-Germain acontecer\u00e1 na pr\u00f3xima quarta-feira (17), \u00e0s 14h (de Bras\u00edlia), novamente no Est\u00e1dio Ahmad bin Ali, em Al-Rayyan. O t\u00edtulo intercontinental sair\u00e1 de jogo \u00fanico.<\/p>\n","protected":false},"excerpt":{"rendered":"<p>L\u00e9o Pereira, zagueiro do Flamengo, voltou a ser destaque dentro e fora de campo. Neste s\u00e1bado (13), o defensor marcou o primeiro gol na vit\u00f3ria por 2 a 0 sobre o Pyramids, no Est\u00e1dio Ahmad bin Ali, no Catar, pela semifinal da Copa Intercontinental. Enquanto atuava, sua namorada, Karoline Lima, vibrava com lances diretamente da [&hellip;]<\/p>\n","protected":false},"author":39,"featured_media":281585,"comment_status":"open","ping_status":"closed","sticky":false,"template":"","format":"standard","meta":{"footnotes":""},"categories":[1],"tags":[],"class_list":["post-281579","post","type-post","status-publish","format-standard","has-post-thumbnail","hentry","category-flamengo"],"yoast_head":"<!-- This site is optimized with the Yoast SEO Premium plugin v24.2 (Yoast SEO v26.9) - https:\/\/yoast.com\/product\/yoast-seo-premium-wordpress\/ -->\n<title>Autor do gol, L\u00e9o Pereira tem torcida especial no Catar<\/title>\n<meta name=\"description\" content=\"L\u00e9o Pereira abriu o placar para o Flamengo ainda no primeiro tempo, em jogada de bola parada, bem como fez Danilo no gol da classifica\u00e7\u00e3o\" \/>\n<meta name=\"robots\" content=\"index, follow, max-snippet:-1, max-image-preview:large, max-video-preview:-1\" \/>\n<link rel=\"canonical\" href=\"https:\/\/www.gaveanews.com\/index.php\/2025\/12\/13\/autor-do-gol-leo-pereira-tem-torcida-especial-no-catar\/\" \/>\n<meta property=\"og:locale\" content=\"pt_BR\" \/>\n<meta property=\"og:type\" content=\"article\" \/>\n<meta property=\"og:title\" content=\"Autor do gol, L\u00e9o Pereira tem torcida especial no Catar\" \/>\n<meta property=\"og:description\" content=\"L\u00e9o Pereira abriu o placar para o Flamengo ainda no primeiro tempo, em jogada de bola parada, bem como fez Danilo no gol da classifica\u00e7\u00e3o\" \/>\n<meta property=\"og:url\" content=\"https:\/\/www.gaveanews.com\/index.php\/2025\/12\/13\/autor-do-gol-leo-pereira-tem-torcida-especial-no-catar\/\" \/>\n<meta property=\"og:site_name\" content=\"G\u00e1vea News\" \/>\n<meta property=\"article:publisher\" content=\"https:\/\/facebook.com\/gaveaNews\/\" \/>\n<meta property=\"article:published_time\" content=\"2025-12-13T20:00:00+00:00\" \/>\n<meta property=\"og:image\" content=\"https:\/\/www.gaveanews.com\/wp-content\/uploads\/Leo-Pereira-abre-o-placar-da-classificacao-do-Flamengo.jpg\" \/>\n\t<meta property=\"og:image:width\" content=\"1280\" \/>\n\t<meta property=\"og:image:height\" content=\"853\" \/>\n\t<meta property=\"og:image:type\" content=\"image\/jpeg\" \/>\n<meta name=\"author\" content=\"Reda\u00e7\u00e3o\" \/>\n<meta name=\"twitter:card\" content=\"summary_large_image\" \/>\n<meta name=\"twitter:label1\" content=\"Escrito por\" \/>\n\t<meta name=\"twitter:data1\" content=\"Reda\u00e7\u00e3o\" \/>\n\t<meta name=\"twitter:label2\" content=\"Est. tempo de leitura\" \/>\n\t<meta name=\"twitter:data2\" content=\"2 minutos\" \/>\n<script type=\"application\/ld+json\" class=\"yoast-schema-graph\">{\"@context\":\"https:\/\/schema.org\",\"@graph\":[{\"@type\":\"NewsArticle\",\"@id\":\"https:\/\/www.gaveanews.com\/index.php\/2025\/12\/13\/autor-do-gol-leo-pereira-tem-torcida-especial-no-catar\/#article\",\"isPartOf\":{\"@id\":\"https:\/\/www.gaveanews.com\/index.php\/2025\/12\/13\/autor-do-gol-leo-pereira-tem-torcida-especial-no-catar\/\"},\"author\":{\"name\":\"Reda\u00e7\u00e3o\",\"@id\":\"https:\/\/www.gaveanews.com\/#\/schema\/person\/c88645e3d550d0b6574305e67dd5a716\"},\"headline\":\"Autor do gol, L\u00e9o Pereira tem torcida especial no Catar\",\"datePublished\":\"2025-12-13T20:00:00+00:00\",\"mainEntityOfPage\":{\"@id\":\"https:\/\/www.gaveanews.com\/index.php\/2025\/12\/13\/autor-do-gol-leo-pereira-tem-torcida-especial-no-catar\/\"},\"wordCount\":255,\"commentCount\":0,\"image\":{\"@id\":\"https:\/\/www.gaveanews.com\/index.php\/2025\/12\/13\/autor-do-gol-leo-pereira-tem-torcida-especial-no-catar\/#primaryimage\"},\"thumbnailUrl\":\"https:\/\/www.gaveanews.com\/wp-content\/uploads\/Leo-Pereira-abre-o-placar-da-classificacao-do-Flamengo.jpg\",\"articleSection\":[\"Flamengo\"],\"inLanguage\":\"pt-BR\",\"potentialAction\":[{\"@type\":\"CommentAction\",\"name\":\"Comment\",\"target\":[\"https:\/\/www.gaveanews.com\/index.php\/2025\/12\/13\/autor-do-gol-leo-pereira-tem-torcida-especial-no-catar\/#respond\"]}],\"copyrightYear\":\"2025\",\"copyrightHolder\":{\"@id\":\"https:\/\/www.gaveanews.com\/#organization\"}},{\"@type\":\"WebPage\",\"@id\":\"https:\/\/www.gaveanews.com\/index.php\/2025\/12\/13\/autor-do-gol-leo-pereira-tem-torcida-especial-no-catar\/\",\"url\":\"https:\/\/www.gaveanews.com\/index.php\/2025\/12\/13\/autor-do-gol-leo-pereira-tem-torcida-especial-no-catar\/\",\"name\":\"Autor do gol, L\u00e9o Pereira tem torcida especial no Catar\",\"isPartOf\":{\"@id\":\"https:\/\/www.gaveanews.com\/#website\"},\"primaryImageOfPage\":{\"@id\":\"https:\/\/www.gaveanews.com\/index.php\/2025\/12\/13\/autor-do-gol-leo-pereira-tem-torcida-especial-no-catar\/#primaryimage\"},\"image\":{\"@id\":\"https:\/\/www.gaveanews.com\/index.php\/2025\/12\/13\/autor-do-gol-leo-pereira-tem-torcida-especial-no-catar\/#primaryimage\"},\"thumbnailUrl\":\"https:\/\/www.gaveanews.com\/wp-content\/uploads\/Leo-Pereira-abre-o-placar-da-classificacao-do-Flamengo.jpg\",\"datePublished\":\"2025-12-13T20:00:00+00:00\",\"author\":{\"@id\":\"https:\/\/www.gaveanews.com\/#\/schema\/person\/c88645e3d550d0b6574305e67dd5a716\"},\"description\":\"L\u00e9o Pereira abriu o placar para o Flamengo ainda no primeiro tempo, em jogada de bola parada, bem como fez Danilo no gol da classifica\u00e7\u00e3o\",\"breadcrumb\":{\"@id\":\"https:\/\/www.gaveanews.com\/index.php\/2025\/12\/13\/autor-do-gol-leo-pereira-tem-torcida-especial-no-catar\/#breadcrumb\"},\"inLanguage\":\"pt-BR\",\"potentialAction\":[{\"@type\":\"ReadAction\",\"target\":[\"https:\/\/www.gaveanews.com\/index.php\/2025\/12\/13\/autor-do-gol-leo-pereira-tem-torcida-especial-no-catar\/\"]}]},{\"@type\":\"ImageObject\",\"inLanguage\":\"pt-BR\",\"@id\":\"https:\/\/www.gaveanews.com\/index.php\/2025\/12\/13\/autor-do-gol-leo-pereira-tem-torcida-especial-no-catar\/#primaryimage\",\"url\":\"https:\/\/www.gaveanews.com\/wp-content\/uploads\/Leo-Pereira-abre-o-placar-da-classificacao-do-Flamengo.jpg\",\"contentUrl\":\"https:\/\/www.gaveanews.com\/wp-content\/uploads\/Leo-Pereira-abre-o-placar-da-classificacao-do-Flamengo.jpg\",\"width\":1280,\"height\":853,\"caption\":\"L\u00e9o Pereira abre o placar em Doha (Foto: Gilvan de Souza\/CRF)\"},{\"@type\":\"BreadcrumbList\",\"@id\":\"https:\/\/www.gaveanews.com\/index.php\/2025\/12\/13\/autor-do-gol-leo-pereira-tem-torcida-especial-no-catar\/#breadcrumb\",\"itemListElement\":[{\"@type\":\"ListItem\",\"position\":1,\"name\":\"Home\",\"item\":\"https:\/\/www.gaveanews.com\/\"},{\"@type\":\"ListItem\",\"position\":2,\"name\":\"Autor do gol, L\u00e9o Pereira tem torcida especial no Catar\"}]},{\"@type\":\"WebSite\",\"@id\":\"https:\/\/www.gaveanews.com\/#website\",\"url\":\"https:\/\/www.gaveanews.com\/\",\"name\":\"G\u00e1vea News\",\"description\":\"Veja todas as not\u00edcias sobre o Flamengo: Contrata\u00e7\u00f5es, categorias de base, resultados das partidas, tabela de classifica\u00e7\u00e3o, pr\u00f3ximos jogos!\",\"potentialAction\":[{\"@type\":\"SearchAction\",\"target\":{\"@type\":\"EntryPoint\",\"urlTemplate\":\"https:\/\/www.gaveanews.com\/?s={search_term_string}\"},\"query-input\":{\"@type\":\"PropertyValueSpecification\",\"valueRequired\":true,\"valueName\":\"search_term_string\"}}],\"inLanguage\":\"pt-BR\"},{\"@type\":\"Person\",\"@id\":\"https:\/\/www.gaveanews.com\/#\/schema\/person\/c88645e3d550d0b6574305e67dd5a716\",\"name\":\"Reda\u00e7\u00e3o\",\"image\":{\"@type\":\"ImageObject\",\"inLanguage\":\"pt-BR\",\"@id\":\"https:\/\/www.gaveanews.com\/#\/schema\/person\/image\/\",\"url\":\"https:\/\/secure.gravatar.com\/avatar\/434098fd823f0dc1b062d14ca22bacaa6e38de28d8c816bbef6fc2f8c44d8ba3?s=96&d=mm&r=g\",\"contentUrl\":\"https:\/\/secure.gravatar.com\/avatar\/434098fd823f0dc1b062d14ca22bacaa6e38de28d8c816bbef6fc2f8c44d8ba3?s=96&d=mm&r=g\",\"caption\":\"Reda\u00e7\u00e3o\"}}]}<\/script>\n<!-- \/ Yoast SEO Premium plugin. -->","yoast_head_json":{"title":"Autor do gol, L\u00e9o Pereira tem torcida especial no Catar","description":"L\u00e9o Pereira abriu o placar para o Flamengo ainda no primeiro tempo, em jogada de bola parada, bem como fez Danilo no gol da classifica\u00e7\u00e3o","robots":{"index":"index","follow":"follow","max-snippet":"max-snippet:-1","max-image-preview":"max-image-preview:large","max-video-preview":"max-video-preview:-1"},"canonical":"https:\/\/www.gaveanews.com\/index.php\/2025\/12\/13\/autor-do-gol-leo-pereira-tem-torcida-especial-no-catar\/","og_locale":"pt_BR","og_type":"article","og_title":"Autor do gol, L\u00e9o Pereira tem torcida especial no Catar","og_description":"L\u00e9o Pereira abriu o placar para o Flamengo ainda no primeiro tempo, em jogada de bola parada, bem como fez Danilo no gol da classifica\u00e7\u00e3o","og_url":"https:\/\/www.gaveanews.com\/index.php\/2025\/12\/13\/autor-do-gol-leo-pereira-tem-torcida-especial-no-catar\/","og_site_name":"G\u00e1vea News","article_publisher":"https:\/\/facebook.com\/gaveaNews\/","article_published_time":"2025-12-13T20:00:00+00:00","og_image":[{"width":1280,"height":853,"url":"https:\/\/www.gaveanews.com\/wp-content\/uploads\/Leo-Pereira-abre-o-placar-da-classificacao-do-Flamengo.jpg","type":"image\/jpeg"}],"author":"Reda\u00e7\u00e3o","twitter_card":"summary_large_image","twitter_misc":{"Escrito por":"Reda\u00e7\u00e3o","Est. tempo de leitura":"2 minutos"},"schema":{"@context":"https:\/\/schema.org","@graph":[{"@type":"NewsArticle","@id":"https:\/\/www.gaveanews.com\/index.php\/2025\/12\/13\/autor-do-gol-leo-pereira-tem-torcida-especial-no-catar\/#article","isPartOf":{"@id":"https:\/\/www.gaveanews.com\/index.php\/2025\/12\/13\/autor-do-gol-leo-pereira-tem-torcida-especial-no-catar\/"},"author":{"name":"Reda\u00e7\u00e3o","@id":"https:\/\/www.gaveanews.com\/#\/schema\/person\/c88645e3d550d0b6574305e67dd5a716"},"headline":"Autor do gol, L\u00e9o Pereira tem torcida especial no Catar","datePublished":"2025-12-13T20:00:00+00:00","mainEntityOfPage":{"@id":"https:\/\/www.gaveanews.com\/index.php\/2025\/12\/13\/autor-do-gol-leo-pereira-tem-torcida-especial-no-catar\/"},"wordCount":255,"commentCount":0,"image":{"@id":"https:\/\/www.gaveanews.com\/index.php\/2025\/12\/13\/autor-do-gol-leo-pereira-tem-torcida-especial-no-catar\/#primaryimage"},"thumbnailUrl":"https:\/\/www.gaveanews.com\/wp-content\/uploads\/Leo-Pereira-abre-o-placar-da-classificacao-do-Flamengo.jpg","articleSection":["Flamengo"],"inLanguage":"pt-BR","potentialAction":[{"@type":"CommentAction","name":"Comment","target":["https:\/\/www.gaveanews.com\/index.php\/2025\/12\/13\/autor-do-gol-leo-pereira-tem-torcida-especial-no-catar\/#respond"]}],"copyrightYear":"2025","copyrightHolder":{"@id":"https:\/\/www.gaveanews.com\/#organization"}},{"@type":"WebPage","@id":"https:\/\/www.gaveanews.com\/index.php\/2025\/12\/13\/autor-do-gol-leo-pereira-tem-torcida-especial-no-catar\/","url":"https:\/\/www.gaveanews.com\/index.php\/2025\/12\/13\/autor-do-gol-leo-pereira-tem-torcida-especial-no-catar\/","name":"Autor do gol, L\u00e9o Pereira tem torcida especial no Catar","isPartOf":{"@id":"https:\/\/www.gaveanews.com\/#website"},"primaryImageOfPage":{"@id":"https:\/\/www.gaveanews.com\/index.php\/2025\/12\/13\/autor-do-gol-leo-pereira-tem-torcida-especial-no-catar\/#primaryimage"},"image":{"@id":"https:\/\/www.gaveanews.com\/index.php\/2025\/12\/13\/autor-do-gol-leo-pereira-tem-torcida-especial-no-catar\/#primaryimage"},"thumbnailUrl":"https:\/\/www.gaveanews.com\/wp-content\/uploads\/Leo-Pereira-abre-o-placar-da-classificacao-do-Flamengo.jpg","datePublished":"2025-12-13T20:00:00+00:00","author":{"@id":"https:\/\/www.gaveanews.com\/#\/schema\/person\/c88645e3d550d0b6574305e67dd5a716"},"description":"L\u00e9o Pereira abriu o placar para o Flamengo ainda no primeiro tempo, em jogada de bola parada, bem como fez Danilo no gol da classifica\u00e7\u00e3o","breadcrumb":{"@id":"https:\/\/www.gaveanews.com\/index.php\/2025\/12\/13\/autor-do-gol-leo-pereira-tem-torcida-especial-no-catar\/#breadcrumb"},"inLanguage":"pt-BR","potentialAction":[{"@type":"ReadAction","target":["https:\/\/www.gaveanews.com\/index.php\/2025\/12\/13\/autor-do-gol-leo-pereira-tem-torcida-especial-no-catar\/"]}]},{"@type":"ImageObject","inLanguage":"pt-BR","@id":"https:\/\/www.gaveanews.com\/index.php\/2025\/12\/13\/autor-do-gol-leo-pereira-tem-torcida-especial-no-catar\/#primaryimage","url":"https:\/\/www.gaveanews.com\/wp-content\/uploads\/Leo-Pereira-abre-o-placar-da-classificacao-do-Flamengo.jpg","contentUrl":"https:\/\/www.gaveanews.com\/wp-content\/uploads\/Leo-Pereira-abre-o-placar-da-classificacao-do-Flamengo.jpg","width":1280,"height":853,"caption":"L\u00e9o Pereira abre o placar em Doha (Foto: Gilvan de Souza\/CRF)"},{"@type":"BreadcrumbList","@id":"https:\/\/www.gaveanews.com\/index.php\/2025\/12\/13\/autor-do-gol-leo-pereira-tem-torcida-especial-no-catar\/#breadcrumb","itemListElement":[{"@type":"ListItem","position":1,"name":"Home","item":"https:\/\/www.gaveanews.com\/"},{"@type":"ListItem","position":2,"name":"Autor do gol, L\u00e9o Pereira tem torcida especial no Catar"}]},{"@type":"WebSite","@id":"https:\/\/www.gaveanews.com\/#website","url":"https:\/\/www.gaveanews.com\/","name":"G\u00e1vea News","description":"Veja todas as not\u00edcias sobre o Flamengo: Contrata\u00e7\u00f5es, categorias de base, resultados das partidas, tabela de classifica\u00e7\u00e3o, pr\u00f3ximos jogos!","potentialAction":[{"@type":"SearchAction","target":{"@type":"EntryPoint","urlTemplate":"https:\/\/www.gaveanews.com\/?s={search_term_string}"},"query-input":{"@type":"PropertyValueSpecification","valueRequired":true,"valueName":"search_term_string"}}],"inLanguage":"pt-BR"},{"@type":"Person","@id":"https:\/\/www.gaveanews.com\/#\/schema\/person\/c88645e3d550d0b6574305e67dd5a716","name":"Reda\u00e7\u00e3o","image":{"@type":"ImageObject","inLanguage":"pt-BR","@id":"https:\/\/www.gaveanews.com\/#\/schema\/person\/image\/","url":"https:\/\/secure.gravatar.com\/avatar\/434098fd823f0dc1b062d14ca22bacaa6e38de28d8c816bbef6fc2f8c44d8ba3?s=96&d=mm&r=g","contentUrl":"https:\/\/secure.gravatar.com\/avatar\/434098fd823f0dc1b062d14ca22bacaa6e38de28d8c816bbef6fc2f8c44d8ba3?s=96&d=mm&r=g","caption":"Reda\u00e7\u00e3o"}}]}},"_links":{"self":[{"href":"https:\/\/www.gaveanews.com\/index.php\/wp-json\/wp\/v2\/posts\/281579","targetHints":{"allow":["GET"]}}],"collection":[{"href":"https:\/\/www.gaveanews.com\/index.php\/wp-json\/wp\/v2\/posts"}],"about":[{"href":"https:\/\/www.gaveanews.com\/index.php\/wp-json\/wp\/v2\/types\/post"}],"author":[{"embeddable":true,"href":"https:\/\/www.gaveanews.com\/index.php\/wp-json\/wp\/v2\/users\/39"}],"replies":[{"embeddable":true,"href":"https:\/\/www.gaveanews.com\/index.php\/wp-json\/wp\/v2\/comments?post=281579"}],"version-history":[{"count":1,"href":"https:\/\/www.gaveanews.com\/index.php\/wp-json\/wp\/v2\/posts\/281579\/revisions"}],"predecessor-version":[{"id":281586,"href":"https:\/\/www.gaveanews.com\/index.php\/wp-json\/wp\/v2\/posts\/281579\/revisions\/281586"}],"wp:featuredmedia":[{"embeddable":true,"href":"https:\/\/www.gaveanews.com\/index.php\/wp-json\/wp\/v2\/media\/281585"}],"wp:attachment":[{"href":"https:\/\/www.gaveanews.com\/index.php\/wp-json\/wp\/v2\/media?parent=281579"}],"wp:term":[{"taxonomy":"category","embeddable":true,"href":"https:\/\/www.gaveanews.com\/index.php\/wp-json\/wp\/v2\/categories?post=281579"},{"taxonomy":"post_tag","embeddable":true,"href":"https:\/\/www.gaveanews.com\/index.php\/wp-json\/wp\/v2\/tags?post=281579"}],"curies":[{"name":"wp","href":"https:\/\/api.w.org\/{rel}","templated":true}]}}