{"id":281580,"date":"2025-12-13T16:10:00","date_gmt":"2025-12-13T19:10:00","guid":{"rendered":"https:\/\/www.gaveanews.com\/?p=281580"},"modified":"2025-12-13T16:21:19","modified_gmt":"2025-12-13T19:21:19","slug":"nao-perca-as-contas-flamengo-e-campeao-da-taca-challenger-apos-vitoria-sobre-o-pyramids","status":"publish","type":"post","link":"https:\/\/www.gaveanews.com\/index.php\/2025\/12\/13\/nao-perca-as-contas-flamengo-e-campeao-da-taca-challenger-apos-vitoria-sobre-o-pyramids\/","title":{"rendered":"N\u00e3o perca as contas! Flamengo \u00e9 campe\u00e3o da Ta\u00e7a Challenger ap\u00f3s vit\u00f3ria sobre o Pyramids"},"content":{"rendered":"\n<p>O <a href=\"https:\/\/www.gaveanews.com\/index.php\/category\/brasileirao\/flamengo\/\" target=\"_blank\" rel=\"noreferrer noopener\">Flamengo<\/a> confirmou sua superioridade t\u00e9cnica e garantiu presen\u00e7a na final do Mundial Intercontinental da Fifa ao vencer o Pyramids por 2 a 0 neste s\u00e1bado (13), em Doha. Mais que isso, conquistou a ta\u00e7a da Copa Challenger, competi\u00e7\u00e3o que antecede a decis\u00e3o global entre clubes.<\/p>\n\n\n\n<p>Com gols de L\u00e9o Pereira e Danilo, em jogadas de bola parada, a equipe levantou mais um trof\u00e9u no Catar. Bruno Henrique, capit\u00e3o da equipe ao fim do jogo, levantou a ta\u00e7a. <\/p>\n\n\n\n<p>A partida come\u00e7ou com dom\u00ednio rubro-negro, que logo aos quatro minutos criou uma grande chance com Everton Cebolinha, em finaliza\u00e7\u00e3o bloqueada. Aos 23, o placar foi aberto ap\u00f3s cobran\u00e7a de falta de Arrascaeta e cabeceio firme de L\u00e9o Pereira. <\/p>\n\n\n\n<p>O time eg\u00edpcio teve pouco espa\u00e7o para reagir, mas chegou a assustar no fim do primeiro tempo, obrigando Rossi a fazer boa defesa.<\/p>\n\n\n\n<figure class=\"wp-block-embed is-type-rich is-provider-twitter wp-block-embed-twitter\"><div class=\"wp-block-embed__wrapper\">\n<blockquote class=\"twitter-tweet\" data-width=\"550\" data-dnt=\"true\"><p lang=\"pt\" dir=\"ltr\">\ud83c\udfc6 Bruno Henrique levanta a ta\u00e7a junto do grupo! A Challenger Cup \u00e9 do Flamengo! <a href=\"https:\/\/twitter.com\/hashtag\/CopaIntercontinental?src=hash&amp;ref_src=twsrc%5Etfw\">#CopaIntercontinental<\/a> <a href=\"https:\/\/t.co\/LJANQCDge4\">pic.twitter.com\/LJANQCDge4<\/a><\/p>&mdash; ge (@geglobo) <a href=\"https:\/\/twitter.com\/geglobo\/status\/1999920458230079612?ref_src=twsrc%5Etfw\">December 13, 2025<\/a><\/blockquote><script async src=\"https:\/\/platform.twitter.com\/widgets.js\" charset=\"utf-8\"><\/script>\n<\/div><\/figure>\n\n\n\n<h3 class=\"wp-block-heading\" id=\"h-flamengo-confirma-a-vitoria\">Flamengo confirma a vit\u00f3ria<\/h3>\n\n\n\n<p>Na etapa complementar, o Rubro-Negro manteve o controle e ampliou cedo. Aos seis minutos, nova cobran\u00e7a de falta de Arrascaeta encontrou Danilo livre na segunda trave para marcar o segundo gol. <\/p>\n\n\n\n<p>Com a vantagem, a equipe brasileira administrou o ritmo e neutralizou as investidas advers\u00e1rias at\u00e9 o apito final.<\/p>\n\n\n\n<p>Bruno Henrique teve chance de ampliar aos 30 minutos, ap\u00f3s interceptar a sa\u00edda de bola e tentar driblar o goleiro, que conseguiu evitar o terceiro. Ainda assim, o Mais Querido controlou as a\u00e7\u00f5es e assegurou mais uma conquista internacional.<\/p>\n\n\n\n<h3 class=\"wp-block-heading\" id=\"h-mais-sobre-o-novo-titulo\">Mais sobre o novo t\u00edtulo<\/h3>\n\n\n\n<p>A Copa Challenger, organizada pela Fifa desde 2023, coloca os vencedores do D\u00e9rbi das Am\u00e9ricas e da Copa \u00c1frica-\u00c1sia-Pac\u00edfico frente a frente. O Pachuca ficou com o trof\u00e9u na \u00faltima edi\u00e7\u00e3o. <\/p>\n\n\n\n<p>Com o t\u00edtulo assegurado, o Rubro-Negro volta a campo na quarta-feira (17), \u00e0s 14h (de Bras\u00edlia), quando enfrentar\u00e1 o PSG na grande final do torneio intercontinental.<\/p>\n","protected":false},"excerpt":{"rendered":"<p>O Flamengo confirmou sua superioridade t\u00e9cnica e garantiu presen\u00e7a na final do Mundial Intercontinental da Fifa ao vencer o Pyramids por 2 a 0 neste s\u00e1bado (13), em Doha. Mais que isso, conquistou a ta\u00e7a da Copa Challenger, competi\u00e7\u00e3o que antecede a decis\u00e3o global entre clubes. Com gols de L\u00e9o Pereira e Danilo, em jogadas [&hellip;]<\/p>\n","protected":false},"author":39,"featured_media":281581,"comment_status":"open","ping_status":"closed","sticky":false,"template":"","format":"standard","meta":{"footnotes":""},"categories":[1],"tags":[565,547,610,538,525,574,608,639],"class_list":["post-281580","post","type-post","status-publish","format-standard","has-post-thumbnail","hentry","category-flamengo","tag-bruno-henrique","tag-copa-intercontinental","tag-danilo","tag-fifa","tag-leo-pereira","tag-mundial","tag-pyramids","tag-taca-challenger"],"yoast_head":"<!-- This site is optimized with the Yoast SEO Premium plugin v24.2 (Yoast SEO v26.9) - https:\/\/yoast.com\/product\/yoast-seo-premium-wordpress\/ -->\n<title>N\u00e3o perca as contas! Flamengo \u00e9 campe\u00e3o da Ta\u00e7a Challenger ap\u00f3s vit\u00f3ria sobre o Pyramids<\/title>\n<meta name=\"description\" content=\"Com o t\u00edtulo assegurado, o Flamengo de Filipe Lu\u00eds volta a campo na quarta-feira (17), \u00e0s 14h, contra o PSG\" \/>\n<meta name=\"robots\" content=\"index, follow, max-snippet:-1, max-image-preview:large, max-video-preview:-1\" \/>\n<link rel=\"canonical\" href=\"https:\/\/www.gaveanews.com\/index.php\/2025\/12\/13\/nao-perca-as-contas-flamengo-e-campeao-da-taca-challenger-apos-vitoria-sobre-o-pyramids\/\" \/>\n<meta property=\"og:locale\" content=\"pt_BR\" \/>\n<meta property=\"og:type\" content=\"article\" \/>\n<meta property=\"og:title\" content=\"N\u00e3o perca as contas! Flamengo \u00e9 campe\u00e3o da Ta\u00e7a Challenger ap\u00f3s vit\u00f3ria sobre o Pyramids\" \/>\n<meta property=\"og:description\" content=\"Com o t\u00edtulo assegurado, o Flamengo de Filipe Lu\u00eds volta a campo na quarta-feira (17), \u00e0s 14h, contra o PSG\" \/>\n<meta property=\"og:url\" content=\"https:\/\/www.gaveanews.com\/index.php\/2025\/12\/13\/nao-perca-as-contas-flamengo-e-campeao-da-taca-challenger-apos-vitoria-sobre-o-pyramids\/\" \/>\n<meta property=\"og:site_name\" content=\"G\u00e1vea News\" \/>\n<meta property=\"article:publisher\" content=\"https:\/\/facebook.com\/gaveaNews\/\" \/>\n<meta property=\"article:published_time\" content=\"2025-12-13T19:10:00+00:00\" \/>\n<meta property=\"article:modified_time\" content=\"2025-12-13T19:21:19+00:00\" \/>\n<meta property=\"og:image\" content=\"http:\/\/www.gaveanews.com\/wp-content\/uploads\/Flamengo-campeao-da-Copa-Challenger.jpg\" \/>\n\t<meta property=\"og:image:width\" content=\"1280\" \/>\n\t<meta property=\"og:image:height\" content=\"853\" \/>\n\t<meta property=\"og:image:type\" content=\"image\/jpeg\" \/>\n<meta name=\"author\" content=\"Reda\u00e7\u00e3o\" \/>\n<meta name=\"twitter:card\" content=\"summary_large_image\" \/>\n<meta name=\"twitter:label1\" content=\"Escrito por\" \/>\n\t<meta name=\"twitter:data1\" content=\"Reda\u00e7\u00e3o\" \/>\n\t<meta name=\"twitter:label2\" content=\"Est. tempo de leitura\" \/>\n\t<meta name=\"twitter:data2\" content=\"2 minutos\" \/>\n<script type=\"application\/ld+json\" class=\"yoast-schema-graph\">{\"@context\":\"https:\/\/schema.org\",\"@graph\":[{\"@type\":\"NewsArticle\",\"@id\":\"https:\/\/www.gaveanews.com\/index.php\/2025\/12\/13\/nao-perca-as-contas-flamengo-e-campeao-da-taca-challenger-apos-vitoria-sobre-o-pyramids\/#article\",\"isPartOf\":{\"@id\":\"https:\/\/www.gaveanews.com\/index.php\/2025\/12\/13\/nao-perca-as-contas-flamengo-e-campeao-da-taca-challenger-apos-vitoria-sobre-o-pyramids\/\"},\"author\":{\"name\":\"Reda\u00e7\u00e3o\",\"@id\":\"https:\/\/www.gaveanews.com\/#\/schema\/person\/c88645e3d550d0b6574305e67dd5a716\"},\"headline\":\"N\u00e3o perca as contas! Flamengo \u00e9 campe\u00e3o da Ta\u00e7a Challenger ap\u00f3s vit\u00f3ria sobre o Pyramids\",\"datePublished\":\"2025-12-13T19:10:00+00:00\",\"dateModified\":\"2025-12-13T19:21:19+00:00\",\"mainEntityOfPage\":{\"@id\":\"https:\/\/www.gaveanews.com\/index.php\/2025\/12\/13\/nao-perca-as-contas-flamengo-e-campeao-da-taca-challenger-apos-vitoria-sobre-o-pyramids\/\"},\"wordCount\":344,\"commentCount\":0,\"image\":{\"@id\":\"https:\/\/www.gaveanews.com\/index.php\/2025\/12\/13\/nao-perca-as-contas-flamengo-e-campeao-da-taca-challenger-apos-vitoria-sobre-o-pyramids\/#primaryimage\"},\"thumbnailUrl\":\"https:\/\/www.gaveanews.com\/wp-content\/uploads\/Flamengo-campeao-da-Copa-Challenger.jpg\",\"keywords\":[\"Bruno Henrique\",\"Copa Intercontinental\",\"Danilo\",\"Fifa\",\"L\u00e9o Pereira\",\"Mundial\",\"Pyramids\",\"Ta\u00e7a Challenger\"],\"articleSection\":[\"Flamengo\"],\"inLanguage\":\"pt-BR\",\"potentialAction\":[{\"@type\":\"CommentAction\",\"name\":\"Comment\",\"target\":[\"https:\/\/www.gaveanews.com\/index.php\/2025\/12\/13\/nao-perca-as-contas-flamengo-e-campeao-da-taca-challenger-apos-vitoria-sobre-o-pyramids\/#respond\"]}],\"copyrightYear\":\"2025\",\"copyrightHolder\":{\"@id\":\"https:\/\/www.gaveanews.com\/#organization\"}},{\"@type\":\"WebPage\",\"@id\":\"https:\/\/www.gaveanews.com\/index.php\/2025\/12\/13\/nao-perca-as-contas-flamengo-e-campeao-da-taca-challenger-apos-vitoria-sobre-o-pyramids\/\",\"url\":\"https:\/\/www.gaveanews.com\/index.php\/2025\/12\/13\/nao-perca-as-contas-flamengo-e-campeao-da-taca-challenger-apos-vitoria-sobre-o-pyramids\/\",\"name\":\"N\u00e3o perca as contas! Flamengo \u00e9 campe\u00e3o da Ta\u00e7a Challenger ap\u00f3s vit\u00f3ria sobre o Pyramids\",\"isPartOf\":{\"@id\":\"https:\/\/www.gaveanews.com\/#website\"},\"primaryImageOfPage\":{\"@id\":\"https:\/\/www.gaveanews.com\/index.php\/2025\/12\/13\/nao-perca-as-contas-flamengo-e-campeao-da-taca-challenger-apos-vitoria-sobre-o-pyramids\/#primaryimage\"},\"image\":{\"@id\":\"https:\/\/www.gaveanews.com\/index.php\/2025\/12\/13\/nao-perca-as-contas-flamengo-e-campeao-da-taca-challenger-apos-vitoria-sobre-o-pyramids\/#primaryimage\"},\"thumbnailUrl\":\"https:\/\/www.gaveanews.com\/wp-content\/uploads\/Flamengo-campeao-da-Copa-Challenger.jpg\",\"datePublished\":\"2025-12-13T19:10:00+00:00\",\"dateModified\":\"2025-12-13T19:21:19+00:00\",\"author\":{\"@id\":\"https:\/\/www.gaveanews.com\/#\/schema\/person\/c88645e3d550d0b6574305e67dd5a716\"},\"description\":\"Com o t\u00edtulo assegurado, o Flamengo de Filipe Lu\u00eds volta a campo na quarta-feira (17), \u00e0s 14h, contra o PSG\",\"breadcrumb\":{\"@id\":\"https:\/\/www.gaveanews.com\/index.php\/2025\/12\/13\/nao-perca-as-contas-flamengo-e-campeao-da-taca-challenger-apos-vitoria-sobre-o-pyramids\/#breadcrumb\"},\"inLanguage\":\"pt-BR\",\"potentialAction\":[{\"@type\":\"ReadAction\",\"target\":[\"https:\/\/www.gaveanews.com\/index.php\/2025\/12\/13\/nao-perca-as-contas-flamengo-e-campeao-da-taca-challenger-apos-vitoria-sobre-o-pyramids\/\"]}]},{\"@type\":\"ImageObject\",\"inLanguage\":\"pt-BR\",\"@id\":\"https:\/\/www.gaveanews.com\/index.php\/2025\/12\/13\/nao-perca-as-contas-flamengo-e-campeao-da-taca-challenger-apos-vitoria-sobre-o-pyramids\/#primaryimage\",\"url\":\"https:\/\/www.gaveanews.com\/wp-content\/uploads\/Flamengo-campeao-da-Copa-Challenger.jpg\",\"contentUrl\":\"https:\/\/www.gaveanews.com\/wp-content\/uploads\/Flamengo-campeao-da-Copa-Challenger.jpg\",\"width\":1280,\"height\":853,\"caption\":\"Flamengo campe\u00e3o da Copa Challenger (Foto: Reprodu\u00e7\u00e3o)\"},{\"@type\":\"BreadcrumbList\",\"@id\":\"https:\/\/www.gaveanews.com\/index.php\/2025\/12\/13\/nao-perca-as-contas-flamengo-e-campeao-da-taca-challenger-apos-vitoria-sobre-o-pyramids\/#breadcrumb\",\"itemListElement\":[{\"@type\":\"ListItem\",\"position\":1,\"name\":\"Home\",\"item\":\"https:\/\/www.gaveanews.com\/\"},{\"@type\":\"ListItem\",\"position\":2,\"name\":\"N\u00e3o perca as contas! Flamengo \u00e9 campe\u00e3o da Ta\u00e7a Challenger ap\u00f3s vit\u00f3ria sobre o Pyramids\"}]},{\"@type\":\"WebSite\",\"@id\":\"https:\/\/www.gaveanews.com\/#website\",\"url\":\"https:\/\/www.gaveanews.com\/\",\"name\":\"G\u00e1vea News\",\"description\":\"Veja todas as not\u00edcias sobre o Flamengo: Contrata\u00e7\u00f5es, categorias de base, resultados das partidas, tabela de classifica\u00e7\u00e3o, pr\u00f3ximos jogos!\",\"potentialAction\":[{\"@type\":\"SearchAction\",\"target\":{\"@type\":\"EntryPoint\",\"urlTemplate\":\"https:\/\/www.gaveanews.com\/?s={search_term_string}\"},\"query-input\":{\"@type\":\"PropertyValueSpecification\",\"valueRequired\":true,\"valueName\":\"search_term_string\"}}],\"inLanguage\":\"pt-BR\"},{\"@type\":\"Person\",\"@id\":\"https:\/\/www.gaveanews.com\/#\/schema\/person\/c88645e3d550d0b6574305e67dd5a716\",\"name\":\"Reda\u00e7\u00e3o\",\"image\":{\"@type\":\"ImageObject\",\"inLanguage\":\"pt-BR\",\"@id\":\"https:\/\/www.gaveanews.com\/#\/schema\/person\/image\/\",\"url\":\"https:\/\/secure.gravatar.com\/avatar\/434098fd823f0dc1b062d14ca22bacaa6e38de28d8c816bbef6fc2f8c44d8ba3?s=96&d=mm&r=g\",\"contentUrl\":\"https:\/\/secure.gravatar.com\/avatar\/434098fd823f0dc1b062d14ca22bacaa6e38de28d8c816bbef6fc2f8c44d8ba3?s=96&d=mm&r=g\",\"caption\":\"Reda\u00e7\u00e3o\"}}]}<\/script>\n<!-- \/ Yoast SEO Premium plugin. -->","yoast_head_json":{"title":"N\u00e3o perca as contas! Flamengo \u00e9 campe\u00e3o da Ta\u00e7a Challenger ap\u00f3s vit\u00f3ria sobre o Pyramids","description":"Com o t\u00edtulo assegurado, o Flamengo de Filipe Lu\u00eds volta a campo na quarta-feira (17), \u00e0s 14h, contra o PSG","robots":{"index":"index","follow":"follow","max-snippet":"max-snippet:-1","max-image-preview":"max-image-preview:large","max-video-preview":"max-video-preview:-1"},"canonical":"https:\/\/www.gaveanews.com\/index.php\/2025\/12\/13\/nao-perca-as-contas-flamengo-e-campeao-da-taca-challenger-apos-vitoria-sobre-o-pyramids\/","og_locale":"pt_BR","og_type":"article","og_title":"N\u00e3o perca as contas! Flamengo \u00e9 campe\u00e3o da Ta\u00e7a Challenger ap\u00f3s vit\u00f3ria sobre o Pyramids","og_description":"Com o t\u00edtulo assegurado, o Flamengo de Filipe Lu\u00eds volta a campo na quarta-feira (17), \u00e0s 14h, contra o PSG","og_url":"https:\/\/www.gaveanews.com\/index.php\/2025\/12\/13\/nao-perca-as-contas-flamengo-e-campeao-da-taca-challenger-apos-vitoria-sobre-o-pyramids\/","og_site_name":"G\u00e1vea News","article_publisher":"https:\/\/facebook.com\/gaveaNews\/","article_published_time":"2025-12-13T19:10:00+00:00","article_modified_time":"2025-12-13T19:21:19+00:00","og_image":[{"width":1280,"height":853,"url":"http:\/\/www.gaveanews.com\/wp-content\/uploads\/Flamengo-campeao-da-Copa-Challenger.jpg","type":"image\/jpeg"}],"author":"Reda\u00e7\u00e3o","twitter_card":"summary_large_image","twitter_misc":{"Escrito por":"Reda\u00e7\u00e3o","Est. tempo de leitura":"2 minutos"},"schema":{"@context":"https:\/\/schema.org","@graph":[{"@type":"NewsArticle","@id":"https:\/\/www.gaveanews.com\/index.php\/2025\/12\/13\/nao-perca-as-contas-flamengo-e-campeao-da-taca-challenger-apos-vitoria-sobre-o-pyramids\/#article","isPartOf":{"@id":"https:\/\/www.gaveanews.com\/index.php\/2025\/12\/13\/nao-perca-as-contas-flamengo-e-campeao-da-taca-challenger-apos-vitoria-sobre-o-pyramids\/"},"author":{"name":"Reda\u00e7\u00e3o","@id":"https:\/\/www.gaveanews.com\/#\/schema\/person\/c88645e3d550d0b6574305e67dd5a716"},"headline":"N\u00e3o perca as contas! Flamengo \u00e9 campe\u00e3o da Ta\u00e7a Challenger ap\u00f3s vit\u00f3ria sobre o Pyramids","datePublished":"2025-12-13T19:10:00+00:00","dateModified":"2025-12-13T19:21:19+00:00","mainEntityOfPage":{"@id":"https:\/\/www.gaveanews.com\/index.php\/2025\/12\/13\/nao-perca-as-contas-flamengo-e-campeao-da-taca-challenger-apos-vitoria-sobre-o-pyramids\/"},"wordCount":344,"commentCount":0,"image":{"@id":"https:\/\/www.gaveanews.com\/index.php\/2025\/12\/13\/nao-perca-as-contas-flamengo-e-campeao-da-taca-challenger-apos-vitoria-sobre-o-pyramids\/#primaryimage"},"thumbnailUrl":"https:\/\/www.gaveanews.com\/wp-content\/uploads\/Flamengo-campeao-da-Copa-Challenger.jpg","keywords":["Bruno Henrique","Copa Intercontinental","Danilo","Fifa","L\u00e9o Pereira","Mundial","Pyramids","Ta\u00e7a Challenger"],"articleSection":["Flamengo"],"inLanguage":"pt-BR","potentialAction":[{"@type":"CommentAction","name":"Comment","target":["https:\/\/www.gaveanews.com\/index.php\/2025\/12\/13\/nao-perca-as-contas-flamengo-e-campeao-da-taca-challenger-apos-vitoria-sobre-o-pyramids\/#respond"]}],"copyrightYear":"2025","copyrightHolder":{"@id":"https:\/\/www.gaveanews.com\/#organization"}},{"@type":"WebPage","@id":"https:\/\/www.gaveanews.com\/index.php\/2025\/12\/13\/nao-perca-as-contas-flamengo-e-campeao-da-taca-challenger-apos-vitoria-sobre-o-pyramids\/","url":"https:\/\/www.gaveanews.com\/index.php\/2025\/12\/13\/nao-perca-as-contas-flamengo-e-campeao-da-taca-challenger-apos-vitoria-sobre-o-pyramids\/","name":"N\u00e3o perca as contas! Flamengo \u00e9 campe\u00e3o da Ta\u00e7a Challenger ap\u00f3s vit\u00f3ria sobre o Pyramids","isPartOf":{"@id":"https:\/\/www.gaveanews.com\/#website"},"primaryImageOfPage":{"@id":"https:\/\/www.gaveanews.com\/index.php\/2025\/12\/13\/nao-perca-as-contas-flamengo-e-campeao-da-taca-challenger-apos-vitoria-sobre-o-pyramids\/#primaryimage"},"image":{"@id":"https:\/\/www.gaveanews.com\/index.php\/2025\/12\/13\/nao-perca-as-contas-flamengo-e-campeao-da-taca-challenger-apos-vitoria-sobre-o-pyramids\/#primaryimage"},"thumbnailUrl":"https:\/\/www.gaveanews.com\/wp-content\/uploads\/Flamengo-campeao-da-Copa-Challenger.jpg","datePublished":"2025-12-13T19:10:00+00:00","dateModified":"2025-12-13T19:21:19+00:00","author":{"@id":"https:\/\/www.gaveanews.com\/#\/schema\/person\/c88645e3d550d0b6574305e67dd5a716"},"description":"Com o t\u00edtulo assegurado, o Flamengo de Filipe Lu\u00eds volta a campo na quarta-feira (17), \u00e0s 14h, contra o PSG","breadcrumb":{"@id":"https:\/\/www.gaveanews.com\/index.php\/2025\/12\/13\/nao-perca-as-contas-flamengo-e-campeao-da-taca-challenger-apos-vitoria-sobre-o-pyramids\/#breadcrumb"},"inLanguage":"pt-BR","potentialAction":[{"@type":"ReadAction","target":["https:\/\/www.gaveanews.com\/index.php\/2025\/12\/13\/nao-perca-as-contas-flamengo-e-campeao-da-taca-challenger-apos-vitoria-sobre-o-pyramids\/"]}]},{"@type":"ImageObject","inLanguage":"pt-BR","@id":"https:\/\/www.gaveanews.com\/index.php\/2025\/12\/13\/nao-perca-as-contas-flamengo-e-campeao-da-taca-challenger-apos-vitoria-sobre-o-pyramids\/#primaryimage","url":"https:\/\/www.gaveanews.com\/wp-content\/uploads\/Flamengo-campeao-da-Copa-Challenger.jpg","contentUrl":"https:\/\/www.gaveanews.com\/wp-content\/uploads\/Flamengo-campeao-da-Copa-Challenger.jpg","width":1280,"height":853,"caption":"Flamengo campe\u00e3o da Copa Challenger (Foto: Reprodu\u00e7\u00e3o)"},{"@type":"BreadcrumbList","@id":"https:\/\/www.gaveanews.com\/index.php\/2025\/12\/13\/nao-perca-as-contas-flamengo-e-campeao-da-taca-challenger-apos-vitoria-sobre-o-pyramids\/#breadcrumb","itemListElement":[{"@type":"ListItem","position":1,"name":"Home","item":"https:\/\/www.gaveanews.com\/"},{"@type":"ListItem","position":2,"name":"N\u00e3o perca as contas! Flamengo \u00e9 campe\u00e3o da Ta\u00e7a Challenger ap\u00f3s vit\u00f3ria sobre o Pyramids"}]},{"@type":"WebSite","@id":"https:\/\/www.gaveanews.com\/#website","url":"https:\/\/www.gaveanews.com\/","name":"G\u00e1vea News","description":"Veja todas as not\u00edcias sobre o Flamengo: Contrata\u00e7\u00f5es, categorias de base, resultados das partidas, tabela de classifica\u00e7\u00e3o, pr\u00f3ximos jogos!","potentialAction":[{"@type":"SearchAction","target":{"@type":"EntryPoint","urlTemplate":"https:\/\/www.gaveanews.com\/?s={search_term_string}"},"query-input":{"@type":"PropertyValueSpecification","valueRequired":true,"valueName":"search_term_string"}}],"inLanguage":"pt-BR"},{"@type":"Person","@id":"https:\/\/www.gaveanews.com\/#\/schema\/person\/c88645e3d550d0b6574305e67dd5a716","name":"Reda\u00e7\u00e3o","image":{"@type":"ImageObject","inLanguage":"pt-BR","@id":"https:\/\/www.gaveanews.com\/#\/schema\/person\/image\/","url":"https:\/\/secure.gravatar.com\/avatar\/434098fd823f0dc1b062d14ca22bacaa6e38de28d8c816bbef6fc2f8c44d8ba3?s=96&d=mm&r=g","contentUrl":"https:\/\/secure.gravatar.com\/avatar\/434098fd823f0dc1b062d14ca22bacaa6e38de28d8c816bbef6fc2f8c44d8ba3?s=96&d=mm&r=g","caption":"Reda\u00e7\u00e3o"}}]}},"_links":{"self":[{"href":"https:\/\/www.gaveanews.com\/index.php\/wp-json\/wp\/v2\/posts\/281580","targetHints":{"allow":["GET"]}}],"collection":[{"href":"https:\/\/www.gaveanews.com\/index.php\/wp-json\/wp\/v2\/posts"}],"about":[{"href":"https:\/\/www.gaveanews.com\/index.php\/wp-json\/wp\/v2\/types\/post"}],"author":[{"embeddable":true,"href":"https:\/\/www.gaveanews.com\/index.php\/wp-json\/wp\/v2\/users\/39"}],"replies":[{"embeddable":true,"href":"https:\/\/www.gaveanews.com\/index.php\/wp-json\/wp\/v2\/comments?post=281580"}],"version-history":[{"count":1,"href":"https:\/\/www.gaveanews.com\/index.php\/wp-json\/wp\/v2\/posts\/281580\/revisions"}],"predecessor-version":[{"id":281582,"href":"https:\/\/www.gaveanews.com\/index.php\/wp-json\/wp\/v2\/posts\/281580\/revisions\/281582"}],"wp:featuredmedia":[{"embeddable":true,"href":"https:\/\/www.gaveanews.com\/index.php\/wp-json\/wp\/v2\/media\/281581"}],"wp:attachment":[{"href":"https:\/\/www.gaveanews.com\/index.php\/wp-json\/wp\/v2\/media?parent=281580"}],"wp:term":[{"taxonomy":"category","embeddable":true,"href":"https:\/\/www.gaveanews.com\/index.php\/wp-json\/wp\/v2\/categories?post=281580"},{"taxonomy":"post_tag","embeddable":true,"href":"https:\/\/www.gaveanews.com\/index.php\/wp-json\/wp\/v2\/tags?post=281580"}],"curies":[{"name":"wp","href":"https:\/\/api.w.org\/{rel}","templated":true}]}}