{"id":281587,"date":"2025-12-13T17:30:00","date_gmt":"2025-12-13T20:30:00","guid":{"rendered":"https:\/\/www.gaveanews.com\/?p=281587"},"modified":"2025-12-13T16:54:47","modified_gmt":"2025-12-13T19:54:47","slug":"perfil-do-psg-divulga-final-contra-o-flamengo-pelo-mundial-intercontinental","status":"publish","type":"post","link":"https:\/\/www.gaveanews.com\/index.php\/2025\/12\/13\/perfil-do-psg-divulga-final-contra-o-flamengo-pelo-mundial-intercontinental\/","title":{"rendered":"Perfil do PSG divulga final contra o Flamengo, pelo Mundial Intercontinental"},"content":{"rendered":"\n<p>Pouco depois da classifica\u00e7\u00e3o do <a href=\"https:\/\/www.gaveanews.com\/index.php\/category\/brasileirao\/flamengo\/\" target=\"_blank\" rel=\"noreferrer noopener\">Flamengo<\/a> \u00e0 final do Intercontinental, o PSG confirmou oficialmente, por meio de seu perfil em portugu\u00eas, o duelo decisivo entre os dois clubes. A final ser\u00e1 na quarta-feira (17), \u00e0s 14h (de Bras\u00edlia), no Est\u00e1dio Ahmad bin Ali, onde o Rubro-Negro venceu o Pyramids por 2 a 0, neste s\u00e1bado (13).<\/p>\n\n\n\n<p>Os gols da semifinal foram marcados pelos zagueiros L\u00e9o Pereira e Danilo, ambos ap\u00f3s assist\u00eancias de Arrascaeta em jogadas de bola parada. O primeiro saiu aos 23 minutos do primeiro tempo, ap\u00f3s cruzamento do meia uruguaio. <\/p>\n\n\n\n<p>O segundo, logo aos seis da etapa final, em nova cobran\u00e7a precisa para a \u00e1rea.<\/p>\n\n\n\n<h3 class=\"wp-block-heading\" id=\"h-flamengo-avanca-a-final\">Flamengo avan\u00e7a \u00e0 final<\/h3>\n\n\n\n<p>O Rubro-Negro teve dificuldade para criar lances claros no in\u00edcio do jogo, apesar de dominar a posse de bola. Cebolinha finalizou com perigo logo no in\u00edcio, mas parou na defesa. <\/p>\n\n\n\n<figure class=\"wp-block-embed is-type-rich is-provider-twitter wp-block-embed-twitter\"><div class=\"wp-block-embed__wrapper\">\n<blockquote class=\"twitter-tweet\" data-width=\"550\" data-dnt=\"true\"><p lang=\"pt\" dir=\"ltr\">A final est\u00e1 marcada: enfrentaremos o <a href=\"https:\/\/twitter.com\/Flamengo?ref_src=twsrc%5Etfw\">@Flamengo<\/a> na Copa Intercontinental! \ud83c\udfc6<a href=\"https:\/\/twitter.com\/hashtag\/FIFAIntercontinentalCup?src=hash&amp;ref_src=twsrc%5Etfw\">#FIFAIntercontinentalCup<\/a> <a href=\"https:\/\/t.co\/ZGDei1EMOx\">pic.twitter.com\/ZGDei1EMOx<\/a><\/p>&mdash; Paris Saint-Germain (@PSGbrasil) <a href=\"https:\/\/twitter.com\/PSGbrasil\/status\/1999916318821425529?ref_src=twsrc%5Etfw\">December 13, 2025<\/a><\/blockquote><script async src=\"https:\/\/platform.twitter.com\/widgets.js\" charset=\"utf-8\"><\/script>\n<\/div><\/figure>\n\n\n\n<p>Depois disso, o jogo s\u00f3 ganhou ritmo ap\u00f3s o gol. Rossi, diferente da estreia, trabalhou um pouco mais e impediu o empate com defesas importantes.<\/p>\n\n\n\n<p>O segundo tempo come\u00e7ou com o time eg\u00edpcio tentando pressionar, mas o Flamengo ampliou rapidamente. Com a vantagem consolidada, a equipe de Filipe Lu\u00eds controlou a posse e passou a administrar o resultado. <\/p>\n\n\n\n<p>Na reta final, Pedro voltou aos gramados ap\u00f3s quase dois meses afastado por les\u00f5es e entrou no lugar de Carrascal.<\/p>\n\n\n\n<p>Com a vit\u00f3ria, o Flamengo tamb\u00e9m levantou a ta\u00e7a da Copa Challenger, entregue ao vencedor da fase semifinal. Agora, o clube se prepara para enfrentar o PSG, atual campe\u00e3o da Champions League, em jogo \u00fanico valendo o t\u00edtulo do Intercontinental.<\/p>\n","protected":false},"excerpt":{"rendered":"<p>Pouco depois da classifica\u00e7\u00e3o do Flamengo \u00e0 final do Intercontinental, o PSG confirmou oficialmente, por meio de seu perfil em portugu\u00eas, o duelo decisivo entre os dois clubes. A final ser\u00e1 na quarta-feira (17), \u00e0s 14h (de Bras\u00edlia), no Est\u00e1dio Ahmad bin Ali, onde o Rubro-Negro venceu o Pyramids por 2 a 0, neste s\u00e1bado [&hellip;]<\/p>\n","protected":false},"author":39,"featured_media":281588,"comment_status":"open","ping_status":"closed","sticky":false,"template":"","format":"standard","meta":{"footnotes":""},"categories":[1,78,102],"tags":[638,538,605,250,545,528,604,568,543],"class_list":["post-281587","post","type-post","status-publish","format-standard","has-post-thumbnail","hentry","category-flamengo","category-futebol-internacional","category-psg","tag-decisao","tag-fifa","tag-final","tag-flamengo","tag-instagram","tag-intercontinental","tag-psg","tag-twitter","tag-x"],"yoast_head":"<!-- This site is optimized with the Yoast SEO Premium plugin v24.2 (Yoast SEO v26.9) - https:\/\/yoast.com\/product\/yoast-seo-premium-wordpress\/ -->\n<title>Perfil do PSG divulga final contra o Flamengo, pelo Mundial Intercontinental<\/title>\n<meta name=\"description\" content=\"Com a vit\u00f3ria, o Flamengo tamb\u00e9m levantou a ta\u00e7a da Copa Challenger, entregue ao vencedor da fase semifinal.\" \/>\n<meta name=\"robots\" content=\"index, follow, max-snippet:-1, max-image-preview:large, max-video-preview:-1\" \/>\n<link rel=\"canonical\" href=\"https:\/\/www.gaveanews.com\/index.php\/2025\/12\/13\/perfil-do-psg-divulga-final-contra-o-flamengo-pelo-mundial-intercontinental\/\" \/>\n<meta property=\"og:locale\" content=\"pt_BR\" \/>\n<meta property=\"og:type\" content=\"article\" \/>\n<meta property=\"og:title\" content=\"Perfil do PSG divulga final contra o Flamengo, pelo Mundial Intercontinental\" \/>\n<meta property=\"og:description\" content=\"Com a vit\u00f3ria, o Flamengo tamb\u00e9m levantou a ta\u00e7a da Copa Challenger, entregue ao vencedor da fase semifinal.\" \/>\n<meta property=\"og:url\" content=\"https:\/\/www.gaveanews.com\/index.php\/2025\/12\/13\/perfil-do-psg-divulga-final-contra-o-flamengo-pelo-mundial-intercontinental\/\" \/>\n<meta property=\"og:site_name\" content=\"G\u00e1vea News\" \/>\n<meta property=\"article:publisher\" content=\"https:\/\/facebook.com\/gaveaNews\/\" \/>\n<meta property=\"article:published_time\" content=\"2025-12-13T20:30:00+00:00\" \/>\n<meta property=\"og:image\" content=\"https:\/\/www.gaveanews.com\/wp-content\/uploads\/Flamengo-enfrenta-o-PSG-na-final-do-Mundial-Intercontinental.jpg\" \/>\n\t<meta property=\"og:image:width\" content=\"1280\" \/>\n\t<meta property=\"og:image:height\" content=\"853\" \/>\n\t<meta property=\"og:image:type\" content=\"image\/jpeg\" \/>\n<meta name=\"author\" content=\"Reda\u00e7\u00e3o\" \/>\n<meta name=\"twitter:card\" content=\"summary_large_image\" \/>\n<meta name=\"twitter:label1\" content=\"Escrito por\" \/>\n\t<meta name=\"twitter:data1\" content=\"Reda\u00e7\u00e3o\" \/>\n\t<meta name=\"twitter:label2\" content=\"Est. tempo de leitura\" \/>\n\t<meta name=\"twitter:data2\" content=\"2 minutos\" \/>\n<script type=\"application\/ld+json\" class=\"yoast-schema-graph\">{\"@context\":\"https:\/\/schema.org\",\"@graph\":[{\"@type\":\"NewsArticle\",\"@id\":\"https:\/\/www.gaveanews.com\/index.php\/2025\/12\/13\/perfil-do-psg-divulga-final-contra-o-flamengo-pelo-mundial-intercontinental\/#article\",\"isPartOf\":{\"@id\":\"https:\/\/www.gaveanews.com\/index.php\/2025\/12\/13\/perfil-do-psg-divulga-final-contra-o-flamengo-pelo-mundial-intercontinental\/\"},\"author\":{\"name\":\"Reda\u00e7\u00e3o\",\"@id\":\"https:\/\/www.gaveanews.com\/#\/schema\/person\/c88645e3d550d0b6574305e67dd5a716\"},\"headline\":\"Perfil do PSG divulga final contra o Flamengo, pelo Mundial Intercontinental\",\"datePublished\":\"2025-12-13T20:30:00+00:00\",\"mainEntityOfPage\":{\"@id\":\"https:\/\/www.gaveanews.com\/index.php\/2025\/12\/13\/perfil-do-psg-divulga-final-contra-o-flamengo-pelo-mundial-intercontinental\/\"},\"wordCount\":292,\"commentCount\":0,\"image\":{\"@id\":\"https:\/\/www.gaveanews.com\/index.php\/2025\/12\/13\/perfil-do-psg-divulga-final-contra-o-flamengo-pelo-mundial-intercontinental\/#primaryimage\"},\"thumbnailUrl\":\"https:\/\/www.gaveanews.com\/wp-content\/uploads\/Flamengo-enfrenta-o-PSG-na-final-do-Mundial-Intercontinental.jpg\",\"keywords\":[\"decis\u00e3o\",\"Fifa\",\"final\",\"Flamengo\",\"Instagram\",\"Intercontinental\",\"PSG\",\"Twitter\",\"X\"],\"articleSection\":[\"Flamengo\",\"Futebol Internacional\",\"PSG\"],\"inLanguage\":\"pt-BR\",\"potentialAction\":[{\"@type\":\"CommentAction\",\"name\":\"Comment\",\"target\":[\"https:\/\/www.gaveanews.com\/index.php\/2025\/12\/13\/perfil-do-psg-divulga-final-contra-o-flamengo-pelo-mundial-intercontinental\/#respond\"]}],\"copyrightYear\":\"2025\",\"copyrightHolder\":{\"@id\":\"https:\/\/www.gaveanews.com\/#organization\"}},{\"@type\":\"WebPage\",\"@id\":\"https:\/\/www.gaveanews.com\/index.php\/2025\/12\/13\/perfil-do-psg-divulga-final-contra-o-flamengo-pelo-mundial-intercontinental\/\",\"url\":\"https:\/\/www.gaveanews.com\/index.php\/2025\/12\/13\/perfil-do-psg-divulga-final-contra-o-flamengo-pelo-mundial-intercontinental\/\",\"name\":\"Perfil do PSG divulga final contra o Flamengo, pelo Mundial Intercontinental\",\"isPartOf\":{\"@id\":\"https:\/\/www.gaveanews.com\/#website\"},\"primaryImageOfPage\":{\"@id\":\"https:\/\/www.gaveanews.com\/index.php\/2025\/12\/13\/perfil-do-psg-divulga-final-contra-o-flamengo-pelo-mundial-intercontinental\/#primaryimage\"},\"image\":{\"@id\":\"https:\/\/www.gaveanews.com\/index.php\/2025\/12\/13\/perfil-do-psg-divulga-final-contra-o-flamengo-pelo-mundial-intercontinental\/#primaryimage\"},\"thumbnailUrl\":\"https:\/\/www.gaveanews.com\/wp-content\/uploads\/Flamengo-enfrenta-o-PSG-na-final-do-Mundial-Intercontinental.jpg\",\"datePublished\":\"2025-12-13T20:30:00+00:00\",\"author\":{\"@id\":\"https:\/\/www.gaveanews.com\/#\/schema\/person\/c88645e3d550d0b6574305e67dd5a716\"},\"description\":\"Com a vit\u00f3ria, o Flamengo tamb\u00e9m levantou a ta\u00e7a da Copa Challenger, entregue ao vencedor da fase semifinal.\",\"breadcrumb\":{\"@id\":\"https:\/\/www.gaveanews.com\/index.php\/2025\/12\/13\/perfil-do-psg-divulga-final-contra-o-flamengo-pelo-mundial-intercontinental\/#breadcrumb\"},\"inLanguage\":\"pt-BR\",\"potentialAction\":[{\"@type\":\"ReadAction\",\"target\":[\"https:\/\/www.gaveanews.com\/index.php\/2025\/12\/13\/perfil-do-psg-divulga-final-contra-o-flamengo-pelo-mundial-intercontinental\/\"]}]},{\"@type\":\"ImageObject\",\"inLanguage\":\"pt-BR\",\"@id\":\"https:\/\/www.gaveanews.com\/index.php\/2025\/12\/13\/perfil-do-psg-divulga-final-contra-o-flamengo-pelo-mundial-intercontinental\/#primaryimage\",\"url\":\"https:\/\/www.gaveanews.com\/wp-content\/uploads\/Flamengo-enfrenta-o-PSG-na-final-do-Mundial-Intercontinental.jpg\",\"contentUrl\":\"https:\/\/www.gaveanews.com\/wp-content\/uploads\/Flamengo-enfrenta-o-PSG-na-final-do-Mundial-Intercontinental.jpg\",\"width\":1280,\"height\":853,\"caption\":\"PSG anuncia final contra o Flamengo nas redes (Foto: Divulga\u00e7\u00e3o)\"},{\"@type\":\"BreadcrumbList\",\"@id\":\"https:\/\/www.gaveanews.com\/index.php\/2025\/12\/13\/perfil-do-psg-divulga-final-contra-o-flamengo-pelo-mundial-intercontinental\/#breadcrumb\",\"itemListElement\":[{\"@type\":\"ListItem\",\"position\":1,\"name\":\"Home\",\"item\":\"https:\/\/www.gaveanews.com\/\"},{\"@type\":\"ListItem\",\"position\":2,\"name\":\"Perfil do PSG divulga final contra o Flamengo, pelo Mundial Intercontinental\"}]},{\"@type\":\"WebSite\",\"@id\":\"https:\/\/www.gaveanews.com\/#website\",\"url\":\"https:\/\/www.gaveanews.com\/\",\"name\":\"G\u00e1vea News\",\"description\":\"Veja todas as not\u00edcias sobre o Flamengo: Contrata\u00e7\u00f5es, categorias de base, resultados das partidas, tabela de classifica\u00e7\u00e3o, pr\u00f3ximos jogos!\",\"potentialAction\":[{\"@type\":\"SearchAction\",\"target\":{\"@type\":\"EntryPoint\",\"urlTemplate\":\"https:\/\/www.gaveanews.com\/?s={search_term_string}\"},\"query-input\":{\"@type\":\"PropertyValueSpecification\",\"valueRequired\":true,\"valueName\":\"search_term_string\"}}],\"inLanguage\":\"pt-BR\"},{\"@type\":\"Person\",\"@id\":\"https:\/\/www.gaveanews.com\/#\/schema\/person\/c88645e3d550d0b6574305e67dd5a716\",\"name\":\"Reda\u00e7\u00e3o\",\"image\":{\"@type\":\"ImageObject\",\"inLanguage\":\"pt-BR\",\"@id\":\"https:\/\/www.gaveanews.com\/#\/schema\/person\/image\/\",\"url\":\"https:\/\/secure.gravatar.com\/avatar\/434098fd823f0dc1b062d14ca22bacaa6e38de28d8c816bbef6fc2f8c44d8ba3?s=96&d=mm&r=g\",\"contentUrl\":\"https:\/\/secure.gravatar.com\/avatar\/434098fd823f0dc1b062d14ca22bacaa6e38de28d8c816bbef6fc2f8c44d8ba3?s=96&d=mm&r=g\",\"caption\":\"Reda\u00e7\u00e3o\"}}]}<\/script>\n<!-- \/ Yoast SEO Premium plugin. -->","yoast_head_json":{"title":"Perfil do PSG divulga final contra o Flamengo, pelo Mundial Intercontinental","description":"Com a vit\u00f3ria, o Flamengo tamb\u00e9m levantou a ta\u00e7a da Copa Challenger, entregue ao vencedor da fase semifinal.","robots":{"index":"index","follow":"follow","max-snippet":"max-snippet:-1","max-image-preview":"max-image-preview:large","max-video-preview":"max-video-preview:-1"},"canonical":"https:\/\/www.gaveanews.com\/index.php\/2025\/12\/13\/perfil-do-psg-divulga-final-contra-o-flamengo-pelo-mundial-intercontinental\/","og_locale":"pt_BR","og_type":"article","og_title":"Perfil do PSG divulga final contra o Flamengo, pelo Mundial Intercontinental","og_description":"Com a vit\u00f3ria, o Flamengo tamb\u00e9m levantou a ta\u00e7a da Copa Challenger, entregue ao vencedor da fase semifinal.","og_url":"https:\/\/www.gaveanews.com\/index.php\/2025\/12\/13\/perfil-do-psg-divulga-final-contra-o-flamengo-pelo-mundial-intercontinental\/","og_site_name":"G\u00e1vea News","article_publisher":"https:\/\/facebook.com\/gaveaNews\/","article_published_time":"2025-12-13T20:30:00+00:00","og_image":[{"width":1280,"height":853,"url":"https:\/\/www.gaveanews.com\/wp-content\/uploads\/Flamengo-enfrenta-o-PSG-na-final-do-Mundial-Intercontinental.jpg","type":"image\/jpeg"}],"author":"Reda\u00e7\u00e3o","twitter_card":"summary_large_image","twitter_misc":{"Escrito por":"Reda\u00e7\u00e3o","Est. tempo de leitura":"2 minutos"},"schema":{"@context":"https:\/\/schema.org","@graph":[{"@type":"NewsArticle","@id":"https:\/\/www.gaveanews.com\/index.php\/2025\/12\/13\/perfil-do-psg-divulga-final-contra-o-flamengo-pelo-mundial-intercontinental\/#article","isPartOf":{"@id":"https:\/\/www.gaveanews.com\/index.php\/2025\/12\/13\/perfil-do-psg-divulga-final-contra-o-flamengo-pelo-mundial-intercontinental\/"},"author":{"name":"Reda\u00e7\u00e3o","@id":"https:\/\/www.gaveanews.com\/#\/schema\/person\/c88645e3d550d0b6574305e67dd5a716"},"headline":"Perfil do PSG divulga final contra o Flamengo, pelo Mundial Intercontinental","datePublished":"2025-12-13T20:30:00+00:00","mainEntityOfPage":{"@id":"https:\/\/www.gaveanews.com\/index.php\/2025\/12\/13\/perfil-do-psg-divulga-final-contra-o-flamengo-pelo-mundial-intercontinental\/"},"wordCount":292,"commentCount":0,"image":{"@id":"https:\/\/www.gaveanews.com\/index.php\/2025\/12\/13\/perfil-do-psg-divulga-final-contra-o-flamengo-pelo-mundial-intercontinental\/#primaryimage"},"thumbnailUrl":"https:\/\/www.gaveanews.com\/wp-content\/uploads\/Flamengo-enfrenta-o-PSG-na-final-do-Mundial-Intercontinental.jpg","keywords":["decis\u00e3o","Fifa","final","Flamengo","Instagram","Intercontinental","PSG","Twitter","X"],"articleSection":["Flamengo","Futebol Internacional","PSG"],"inLanguage":"pt-BR","potentialAction":[{"@type":"CommentAction","name":"Comment","target":["https:\/\/www.gaveanews.com\/index.php\/2025\/12\/13\/perfil-do-psg-divulga-final-contra-o-flamengo-pelo-mundial-intercontinental\/#respond"]}],"copyrightYear":"2025","copyrightHolder":{"@id":"https:\/\/www.gaveanews.com\/#organization"}},{"@type":"WebPage","@id":"https:\/\/www.gaveanews.com\/index.php\/2025\/12\/13\/perfil-do-psg-divulga-final-contra-o-flamengo-pelo-mundial-intercontinental\/","url":"https:\/\/www.gaveanews.com\/index.php\/2025\/12\/13\/perfil-do-psg-divulga-final-contra-o-flamengo-pelo-mundial-intercontinental\/","name":"Perfil do PSG divulga final contra o Flamengo, pelo Mundial Intercontinental","isPartOf":{"@id":"https:\/\/www.gaveanews.com\/#website"},"primaryImageOfPage":{"@id":"https:\/\/www.gaveanews.com\/index.php\/2025\/12\/13\/perfil-do-psg-divulga-final-contra-o-flamengo-pelo-mundial-intercontinental\/#primaryimage"},"image":{"@id":"https:\/\/www.gaveanews.com\/index.php\/2025\/12\/13\/perfil-do-psg-divulga-final-contra-o-flamengo-pelo-mundial-intercontinental\/#primaryimage"},"thumbnailUrl":"https:\/\/www.gaveanews.com\/wp-content\/uploads\/Flamengo-enfrenta-o-PSG-na-final-do-Mundial-Intercontinental.jpg","datePublished":"2025-12-13T20:30:00+00:00","author":{"@id":"https:\/\/www.gaveanews.com\/#\/schema\/person\/c88645e3d550d0b6574305e67dd5a716"},"description":"Com a vit\u00f3ria, o Flamengo tamb\u00e9m levantou a ta\u00e7a da Copa Challenger, entregue ao vencedor da fase semifinal.","breadcrumb":{"@id":"https:\/\/www.gaveanews.com\/index.php\/2025\/12\/13\/perfil-do-psg-divulga-final-contra-o-flamengo-pelo-mundial-intercontinental\/#breadcrumb"},"inLanguage":"pt-BR","potentialAction":[{"@type":"ReadAction","target":["https:\/\/www.gaveanews.com\/index.php\/2025\/12\/13\/perfil-do-psg-divulga-final-contra-o-flamengo-pelo-mundial-intercontinental\/"]}]},{"@type":"ImageObject","inLanguage":"pt-BR","@id":"https:\/\/www.gaveanews.com\/index.php\/2025\/12\/13\/perfil-do-psg-divulga-final-contra-o-flamengo-pelo-mundial-intercontinental\/#primaryimage","url":"https:\/\/www.gaveanews.com\/wp-content\/uploads\/Flamengo-enfrenta-o-PSG-na-final-do-Mundial-Intercontinental.jpg","contentUrl":"https:\/\/www.gaveanews.com\/wp-content\/uploads\/Flamengo-enfrenta-o-PSG-na-final-do-Mundial-Intercontinental.jpg","width":1280,"height":853,"caption":"PSG anuncia final contra o Flamengo nas redes (Foto: Divulga\u00e7\u00e3o)"},{"@type":"BreadcrumbList","@id":"https:\/\/www.gaveanews.com\/index.php\/2025\/12\/13\/perfil-do-psg-divulga-final-contra-o-flamengo-pelo-mundial-intercontinental\/#breadcrumb","itemListElement":[{"@type":"ListItem","position":1,"name":"Home","item":"https:\/\/www.gaveanews.com\/"},{"@type":"ListItem","position":2,"name":"Perfil do PSG divulga final contra o Flamengo, pelo Mundial Intercontinental"}]},{"@type":"WebSite","@id":"https:\/\/www.gaveanews.com\/#website","url":"https:\/\/www.gaveanews.com\/","name":"G\u00e1vea News","description":"Veja todas as not\u00edcias sobre o Flamengo: Contrata\u00e7\u00f5es, categorias de base, resultados das partidas, tabela de classifica\u00e7\u00e3o, pr\u00f3ximos jogos!","potentialAction":[{"@type":"SearchAction","target":{"@type":"EntryPoint","urlTemplate":"https:\/\/www.gaveanews.com\/?s={search_term_string}"},"query-input":{"@type":"PropertyValueSpecification","valueRequired":true,"valueName":"search_term_string"}}],"inLanguage":"pt-BR"},{"@type":"Person","@id":"https:\/\/www.gaveanews.com\/#\/schema\/person\/c88645e3d550d0b6574305e67dd5a716","name":"Reda\u00e7\u00e3o","image":{"@type":"ImageObject","inLanguage":"pt-BR","@id":"https:\/\/www.gaveanews.com\/#\/schema\/person\/image\/","url":"https:\/\/secure.gravatar.com\/avatar\/434098fd823f0dc1b062d14ca22bacaa6e38de28d8c816bbef6fc2f8c44d8ba3?s=96&d=mm&r=g","contentUrl":"https:\/\/secure.gravatar.com\/avatar\/434098fd823f0dc1b062d14ca22bacaa6e38de28d8c816bbef6fc2f8c44d8ba3?s=96&d=mm&r=g","caption":"Reda\u00e7\u00e3o"}}]}},"_links":{"self":[{"href":"https:\/\/www.gaveanews.com\/index.php\/wp-json\/wp\/v2\/posts\/281587","targetHints":{"allow":["GET"]}}],"collection":[{"href":"https:\/\/www.gaveanews.com\/index.php\/wp-json\/wp\/v2\/posts"}],"about":[{"href":"https:\/\/www.gaveanews.com\/index.php\/wp-json\/wp\/v2\/types\/post"}],"author":[{"embeddable":true,"href":"https:\/\/www.gaveanews.com\/index.php\/wp-json\/wp\/v2\/users\/39"}],"replies":[{"embeddable":true,"href":"https:\/\/www.gaveanews.com\/index.php\/wp-json\/wp\/v2\/comments?post=281587"}],"version-history":[{"count":1,"href":"https:\/\/www.gaveanews.com\/index.php\/wp-json\/wp\/v2\/posts\/281587\/revisions"}],"predecessor-version":[{"id":281589,"href":"https:\/\/www.gaveanews.com\/index.php\/wp-json\/wp\/v2\/posts\/281587\/revisions\/281589"}],"wp:featuredmedia":[{"embeddable":true,"href":"https:\/\/www.gaveanews.com\/index.php\/wp-json\/wp\/v2\/media\/281588"}],"wp:attachment":[{"href":"https:\/\/www.gaveanews.com\/index.php\/wp-json\/wp\/v2\/media?parent=281587"}],"wp:term":[{"taxonomy":"category","embeddable":true,"href":"https:\/\/www.gaveanews.com\/index.php\/wp-json\/wp\/v2\/categories?post=281587"},{"taxonomy":"post_tag","embeddable":true,"href":"https:\/\/www.gaveanews.com\/index.php\/wp-json\/wp\/v2\/tags?post=281587"}],"curies":[{"name":"wp","href":"https:\/\/api.w.org\/{rel}","templated":true}]}}