{"id":281592,"date":"2025-12-13T19:00:00","date_gmt":"2025-12-13T22:00:00","guid":{"rendered":"https:\/\/www.gaveanews.com\/?p=281592"},"modified":"2025-12-13T17:54:57","modified_gmt":"2025-12-13T20:54:57","slug":"filipe-luis-fala-sobre-licoes-do-mundial-para-ultima-decisao-do-flamengo-em-2025","status":"publish","type":"post","link":"https:\/\/www.gaveanews.com\/index.php\/2025\/12\/13\/filipe-luis-fala-sobre-licoes-do-mundial-para-ultima-decisao-do-flamengo-em-2025\/","title":{"rendered":"Filipe Lu\u00eds fala sobre &#8220;li\u00e7\u00f5es do Mundial&#8221; para \u00faltima decis\u00e3o do Flamengo em 2025"},"content":{"rendered":"\n<p>Filipe Lu\u00eds voltou a viver um momento decisivo \u00e0 frente do <a href=\"https:\/\/www.gaveanews.com\/index.php\/category\/brasileirao\/flamengo\/\" target=\"_blank\" rel=\"noreferrer noopener\">Flamengo<\/a>. Neste s\u00e1bado (13), o t\u00e9cnico classificou o time para a final da Copa Intercontinental ap\u00f3s a vit\u00f3ria por 2 a 0 sobre o Pyramids, no Catar.<\/p>\n\n\n\n<p>O placar constru\u00eddo com gols de L\u00e9o Pereira e Danilo, ambos em bolas paradas, garantiu n\u00e3o s\u00f3 a vaga na final contra o PSG, mas tamb\u00e9m mais uma ta\u00e7a ao clube: a Copa Challenger.<\/p>\n\n\n\n<p>Com o resultado, Filipe falou menos sobre o placar e mais sobre o caminho at\u00e9 aqui. Ao relembrar a experi\u00eancia no Mundial de Clubes, sobretudo do triunfo do Chelsea e elimina\u00e7\u00e3o pelo Bayern, o treinador apontou os aprendizados trazidos de um torneio com condi\u00e7\u00f5es e exig\u00eancias distintas. <\/p>\n\n\n\n<p>\u201cNos Estados Unidos, clima diferente, gramado diferente, a bola, era tudo diferente. Cada jogo tem uma hist\u00f3ria\u201d, disse, refor\u00e7ando que a equipe se mant\u00e9m com sede de vit\u00f3ria.<\/p>\n\n\n\n<figure class=\"wp-block-image size-full\"><img loading=\"lazy\" decoding=\"async\" width=\"1280\" height=\"853\" src=\"http:\/\/www.gaveanews.com\/wp-content\/uploads\/Flamengo-vence-Chelsea-de-virada-nos-EUA.jpg\" alt=\"Flamengo vence Chelsea\" class=\"wp-image-281594\"\/><figcaption class=\"wp-element-caption\">Flamengo vence Chelsea de virada nos EUA (Foto: Gilvan de Souza\/CRF)<\/figcaption><\/figure>\n\n\n\n<p>Na vis\u00e3o do t\u00e9cnico, enfrentar o PSG ser\u00e1 um desafio de alto n\u00edvel, mas tamb\u00e9m uma oportunidade de aplicar o que foi vivido e corrigido ao longo do ano. <\/p>\n\n\n\n<p>\u201cVamos enfrentar o campe\u00e3o da Champions com o melhor treinador do mundo, melhor equipe do mundo. Vamos tentar fazer um jogo perfeito. \u00c9 a \u00fanica chance de vencermos o advers\u00e1rio\u201d, declarou Filipe, ao destacar o esfor\u00e7o coletivo dos atletas.<\/p>\n\n\n\n<p>Flamengo e PSG entram em campo na pr\u00f3xima quarta-feira (17), \u00e0s 14h (de Bras\u00edlia), no Est\u00e1dio Ahmad bin Ali, em Al Rayyan. A partida definir\u00e1 o campe\u00e3o do Mundial Intercontinental da Fifa de 2025.<\/p>\n","protected":false},"excerpt":{"rendered":"<p>Filipe Lu\u00eds voltou a viver um momento decisivo \u00e0 frente do Flamengo. Neste s\u00e1bado (13), o t\u00e9cnico classificou o time para a final da Copa Intercontinental ap\u00f3s a vit\u00f3ria por 2 a 0 sobre o Pyramids, no Catar. O placar constru\u00eddo com gols de L\u00e9o Pereira e Danilo, ambos em bolas paradas, garantiu n\u00e3o s\u00f3 [&hellip;]<\/p>\n","protected":false},"author":39,"featured_media":281593,"comment_status":"open","ping_status":"closed","sticky":false,"template":"","format":"standard","meta":{"footnotes":""},"categories":[1],"tags":[538,532,250,528,606],"class_list":["post-281592","post","type-post","status-publish","format-standard","has-post-thumbnail","hentry","category-flamengo","tag-fifa","tag-filipe-luis","tag-flamengo","tag-intercontinental","tag-mundial-de-clubes"],"yoast_head":"<!-- This site is optimized with the Yoast SEO Premium plugin v24.2 (Yoast SEO v26.9) - https:\/\/yoast.com\/product\/yoast-seo-premium-wordpress\/ -->\n<title>Filipe Lu\u00eds fala sobre &quot;li\u00e7\u00f5es do Mundial&quot; para \u00faltima decis\u00e3o do Flamengo em 2025<\/title>\n<meta name=\"description\" content=\"Flamengo e PSG entram em campo na pr\u00f3xima quarta-feira (17), \u00e0s 14h (de Bras\u00edlia), no Est\u00e1dio Ahmad bin Ali, em Al Rayyan\" \/>\n<meta name=\"robots\" content=\"index, follow, max-snippet:-1, max-image-preview:large, max-video-preview:-1\" \/>\n<link rel=\"canonical\" href=\"https:\/\/www.gaveanews.com\/index.php\/2025\/12\/13\/filipe-luis-fala-sobre-licoes-do-mundial-para-ultima-decisao-do-flamengo-em-2025\/\" \/>\n<meta property=\"og:locale\" content=\"pt_BR\" \/>\n<meta property=\"og:type\" content=\"article\" \/>\n<meta property=\"og:title\" content=\"Filipe Lu\u00eds fala sobre &quot;li\u00e7\u00f5es do Mundial&quot; para \u00faltima decis\u00e3o do Flamengo em 2025\" \/>\n<meta property=\"og:description\" content=\"Flamengo e PSG entram em campo na pr\u00f3xima quarta-feira (17), \u00e0s 14h (de Bras\u00edlia), no Est\u00e1dio Ahmad bin Ali, em Al Rayyan\" \/>\n<meta property=\"og:url\" content=\"https:\/\/www.gaveanews.com\/index.php\/2025\/12\/13\/filipe-luis-fala-sobre-licoes-do-mundial-para-ultima-decisao-do-flamengo-em-2025\/\" \/>\n<meta property=\"og:site_name\" content=\"G\u00e1vea News\" \/>\n<meta property=\"article:publisher\" content=\"https:\/\/facebook.com\/gaveaNews\/\" \/>\n<meta property=\"article:published_time\" content=\"2025-12-13T22:00:00+00:00\" \/>\n<meta property=\"og:image\" content=\"https:\/\/www.gaveanews.com\/wp-content\/uploads\/Filipe-Luis-em-coletiva-pos-classificacao-a-final-do-Intercontinental.jpg\" \/>\n\t<meta property=\"og:image:width\" content=\"1280\" \/>\n\t<meta property=\"og:image:height\" content=\"853\" \/>\n\t<meta property=\"og:image:type\" content=\"image\/jpeg\" \/>\n<meta name=\"author\" content=\"Reda\u00e7\u00e3o\" \/>\n<meta name=\"twitter:card\" content=\"summary_large_image\" \/>\n<meta name=\"twitter:label1\" content=\"Escrito por\" \/>\n\t<meta name=\"twitter:data1\" content=\"Reda\u00e7\u00e3o\" \/>\n\t<meta name=\"twitter:label2\" content=\"Est. tempo de leitura\" \/>\n\t<meta name=\"twitter:data2\" content=\"2 minutos\" \/>\n<script type=\"application\/ld+json\" class=\"yoast-schema-graph\">{\"@context\":\"https:\/\/schema.org\",\"@graph\":[{\"@type\":\"NewsArticle\",\"@id\":\"https:\/\/www.gaveanews.com\/index.php\/2025\/12\/13\/filipe-luis-fala-sobre-licoes-do-mundial-para-ultima-decisao-do-flamengo-em-2025\/#article\",\"isPartOf\":{\"@id\":\"https:\/\/www.gaveanews.com\/index.php\/2025\/12\/13\/filipe-luis-fala-sobre-licoes-do-mundial-para-ultima-decisao-do-flamengo-em-2025\/\"},\"author\":{\"name\":\"Reda\u00e7\u00e3o\",\"@id\":\"https:\/\/www.gaveanews.com\/#\/schema\/person\/c88645e3d550d0b6574305e67dd5a716\"},\"headline\":\"Filipe Lu\u00eds fala sobre &#8220;li\u00e7\u00f5es do Mundial&#8221; para \u00faltima decis\u00e3o do Flamengo em 2025\",\"datePublished\":\"2025-12-13T22:00:00+00:00\",\"mainEntityOfPage\":{\"@id\":\"https:\/\/www.gaveanews.com\/index.php\/2025\/12\/13\/filipe-luis-fala-sobre-licoes-do-mundial-para-ultima-decisao-do-flamengo-em-2025\/\"},\"wordCount\":299,\"commentCount\":0,\"image\":{\"@id\":\"https:\/\/www.gaveanews.com\/index.php\/2025\/12\/13\/filipe-luis-fala-sobre-licoes-do-mundial-para-ultima-decisao-do-flamengo-em-2025\/#primaryimage\"},\"thumbnailUrl\":\"https:\/\/www.gaveanews.com\/wp-content\/uploads\/Filipe-Luis-em-coletiva-pos-classificacao-a-final-do-Intercontinental.jpg\",\"keywords\":[\"Fifa\",\"Filipe Lu\u00eds\",\"Flamengo\",\"Intercontinental\",\"Mundial de Clubes\"],\"articleSection\":[\"Flamengo\"],\"inLanguage\":\"pt-BR\",\"potentialAction\":[{\"@type\":\"CommentAction\",\"name\":\"Comment\",\"target\":[\"https:\/\/www.gaveanews.com\/index.php\/2025\/12\/13\/filipe-luis-fala-sobre-licoes-do-mundial-para-ultima-decisao-do-flamengo-em-2025\/#respond\"]}],\"copyrightYear\":\"2025\",\"copyrightHolder\":{\"@id\":\"https:\/\/www.gaveanews.com\/#organization\"}},{\"@type\":\"WebPage\",\"@id\":\"https:\/\/www.gaveanews.com\/index.php\/2025\/12\/13\/filipe-luis-fala-sobre-licoes-do-mundial-para-ultima-decisao-do-flamengo-em-2025\/\",\"url\":\"https:\/\/www.gaveanews.com\/index.php\/2025\/12\/13\/filipe-luis-fala-sobre-licoes-do-mundial-para-ultima-decisao-do-flamengo-em-2025\/\",\"name\":\"Filipe Lu\u00eds fala sobre \\\"li\u00e7\u00f5es do Mundial\\\" para \u00faltima decis\u00e3o do Flamengo em 2025\",\"isPartOf\":{\"@id\":\"https:\/\/www.gaveanews.com\/#website\"},\"primaryImageOfPage\":{\"@id\":\"https:\/\/www.gaveanews.com\/index.php\/2025\/12\/13\/filipe-luis-fala-sobre-licoes-do-mundial-para-ultima-decisao-do-flamengo-em-2025\/#primaryimage\"},\"image\":{\"@id\":\"https:\/\/www.gaveanews.com\/index.php\/2025\/12\/13\/filipe-luis-fala-sobre-licoes-do-mundial-para-ultima-decisao-do-flamengo-em-2025\/#primaryimage\"},\"thumbnailUrl\":\"https:\/\/www.gaveanews.com\/wp-content\/uploads\/Filipe-Luis-em-coletiva-pos-classificacao-a-final-do-Intercontinental.jpg\",\"datePublished\":\"2025-12-13T22:00:00+00:00\",\"author\":{\"@id\":\"https:\/\/www.gaveanews.com\/#\/schema\/person\/c88645e3d550d0b6574305e67dd5a716\"},\"description\":\"Flamengo e PSG entram em campo na pr\u00f3xima quarta-feira (17), \u00e0s 14h (de Bras\u00edlia), no Est\u00e1dio Ahmad bin Ali, em Al Rayyan\",\"breadcrumb\":{\"@id\":\"https:\/\/www.gaveanews.com\/index.php\/2025\/12\/13\/filipe-luis-fala-sobre-licoes-do-mundial-para-ultima-decisao-do-flamengo-em-2025\/#breadcrumb\"},\"inLanguage\":\"pt-BR\",\"potentialAction\":[{\"@type\":\"ReadAction\",\"target\":[\"https:\/\/www.gaveanews.com\/index.php\/2025\/12\/13\/filipe-luis-fala-sobre-licoes-do-mundial-para-ultima-decisao-do-flamengo-em-2025\/\"]}]},{\"@type\":\"ImageObject\",\"inLanguage\":\"pt-BR\",\"@id\":\"https:\/\/www.gaveanews.com\/index.php\/2025\/12\/13\/filipe-luis-fala-sobre-licoes-do-mundial-para-ultima-decisao-do-flamengo-em-2025\/#primaryimage\",\"url\":\"https:\/\/www.gaveanews.com\/wp-content\/uploads\/Filipe-Luis-em-coletiva-pos-classificacao-a-final-do-Intercontinental.jpg\",\"contentUrl\":\"https:\/\/www.gaveanews.com\/wp-content\/uploads\/Filipe-Luis-em-coletiva-pos-classificacao-a-final-do-Intercontinental.jpg\",\"width\":1280,\"height\":853,\"caption\":\"Filipe Lu\u00eds em coletiva de imprensa em Doha (Foto: Reprodu\u00e7\u00e3o\/FlamengoTV)\"},{\"@type\":\"BreadcrumbList\",\"@id\":\"https:\/\/www.gaveanews.com\/index.php\/2025\/12\/13\/filipe-luis-fala-sobre-licoes-do-mundial-para-ultima-decisao-do-flamengo-em-2025\/#breadcrumb\",\"itemListElement\":[{\"@type\":\"ListItem\",\"position\":1,\"name\":\"Home\",\"item\":\"https:\/\/www.gaveanews.com\/\"},{\"@type\":\"ListItem\",\"position\":2,\"name\":\"Filipe Lu\u00eds fala sobre &#8220;li\u00e7\u00f5es do Mundial&#8221; para \u00faltima decis\u00e3o do Flamengo em 2025\"}]},{\"@type\":\"WebSite\",\"@id\":\"https:\/\/www.gaveanews.com\/#website\",\"url\":\"https:\/\/www.gaveanews.com\/\",\"name\":\"G\u00e1vea News\",\"description\":\"Veja todas as not\u00edcias sobre o Flamengo: Contrata\u00e7\u00f5es, categorias de base, resultados das partidas, tabela de classifica\u00e7\u00e3o, pr\u00f3ximos jogos!\",\"potentialAction\":[{\"@type\":\"SearchAction\",\"target\":{\"@type\":\"EntryPoint\",\"urlTemplate\":\"https:\/\/www.gaveanews.com\/?s={search_term_string}\"},\"query-input\":{\"@type\":\"PropertyValueSpecification\",\"valueRequired\":true,\"valueName\":\"search_term_string\"}}],\"inLanguage\":\"pt-BR\"},{\"@type\":\"Person\",\"@id\":\"https:\/\/www.gaveanews.com\/#\/schema\/person\/c88645e3d550d0b6574305e67dd5a716\",\"name\":\"Reda\u00e7\u00e3o\",\"image\":{\"@type\":\"ImageObject\",\"inLanguage\":\"pt-BR\",\"@id\":\"https:\/\/www.gaveanews.com\/#\/schema\/person\/image\/\",\"url\":\"https:\/\/secure.gravatar.com\/avatar\/434098fd823f0dc1b062d14ca22bacaa6e38de28d8c816bbef6fc2f8c44d8ba3?s=96&d=mm&r=g\",\"contentUrl\":\"https:\/\/secure.gravatar.com\/avatar\/434098fd823f0dc1b062d14ca22bacaa6e38de28d8c816bbef6fc2f8c44d8ba3?s=96&d=mm&r=g\",\"caption\":\"Reda\u00e7\u00e3o\"}}]}<\/script>\n<!-- \/ Yoast SEO Premium plugin. -->","yoast_head_json":{"title":"Filipe Lu\u00eds fala sobre \"li\u00e7\u00f5es do Mundial\" para \u00faltima decis\u00e3o do Flamengo em 2025","description":"Flamengo e PSG entram em campo na pr\u00f3xima quarta-feira (17), \u00e0s 14h (de Bras\u00edlia), no Est\u00e1dio Ahmad bin Ali, em Al Rayyan","robots":{"index":"index","follow":"follow","max-snippet":"max-snippet:-1","max-image-preview":"max-image-preview:large","max-video-preview":"max-video-preview:-1"},"canonical":"https:\/\/www.gaveanews.com\/index.php\/2025\/12\/13\/filipe-luis-fala-sobre-licoes-do-mundial-para-ultima-decisao-do-flamengo-em-2025\/","og_locale":"pt_BR","og_type":"article","og_title":"Filipe Lu\u00eds fala sobre \"li\u00e7\u00f5es do Mundial\" para \u00faltima decis\u00e3o do Flamengo em 2025","og_description":"Flamengo e PSG entram em campo na pr\u00f3xima quarta-feira (17), \u00e0s 14h (de Bras\u00edlia), no Est\u00e1dio Ahmad bin Ali, em Al Rayyan","og_url":"https:\/\/www.gaveanews.com\/index.php\/2025\/12\/13\/filipe-luis-fala-sobre-licoes-do-mundial-para-ultima-decisao-do-flamengo-em-2025\/","og_site_name":"G\u00e1vea News","article_publisher":"https:\/\/facebook.com\/gaveaNews\/","article_published_time":"2025-12-13T22:00:00+00:00","og_image":[{"width":1280,"height":853,"url":"https:\/\/www.gaveanews.com\/wp-content\/uploads\/Filipe-Luis-em-coletiva-pos-classificacao-a-final-do-Intercontinental.jpg","type":"image\/jpeg"}],"author":"Reda\u00e7\u00e3o","twitter_card":"summary_large_image","twitter_misc":{"Escrito por":"Reda\u00e7\u00e3o","Est. tempo de leitura":"2 minutos"},"schema":{"@context":"https:\/\/schema.org","@graph":[{"@type":"NewsArticle","@id":"https:\/\/www.gaveanews.com\/index.php\/2025\/12\/13\/filipe-luis-fala-sobre-licoes-do-mundial-para-ultima-decisao-do-flamengo-em-2025\/#article","isPartOf":{"@id":"https:\/\/www.gaveanews.com\/index.php\/2025\/12\/13\/filipe-luis-fala-sobre-licoes-do-mundial-para-ultima-decisao-do-flamengo-em-2025\/"},"author":{"name":"Reda\u00e7\u00e3o","@id":"https:\/\/www.gaveanews.com\/#\/schema\/person\/c88645e3d550d0b6574305e67dd5a716"},"headline":"Filipe Lu\u00eds fala sobre &#8220;li\u00e7\u00f5es do Mundial&#8221; para \u00faltima decis\u00e3o do Flamengo em 2025","datePublished":"2025-12-13T22:00:00+00:00","mainEntityOfPage":{"@id":"https:\/\/www.gaveanews.com\/index.php\/2025\/12\/13\/filipe-luis-fala-sobre-licoes-do-mundial-para-ultima-decisao-do-flamengo-em-2025\/"},"wordCount":299,"commentCount":0,"image":{"@id":"https:\/\/www.gaveanews.com\/index.php\/2025\/12\/13\/filipe-luis-fala-sobre-licoes-do-mundial-para-ultima-decisao-do-flamengo-em-2025\/#primaryimage"},"thumbnailUrl":"https:\/\/www.gaveanews.com\/wp-content\/uploads\/Filipe-Luis-em-coletiva-pos-classificacao-a-final-do-Intercontinental.jpg","keywords":["Fifa","Filipe Lu\u00eds","Flamengo","Intercontinental","Mundial de Clubes"],"articleSection":["Flamengo"],"inLanguage":"pt-BR","potentialAction":[{"@type":"CommentAction","name":"Comment","target":["https:\/\/www.gaveanews.com\/index.php\/2025\/12\/13\/filipe-luis-fala-sobre-licoes-do-mundial-para-ultima-decisao-do-flamengo-em-2025\/#respond"]}],"copyrightYear":"2025","copyrightHolder":{"@id":"https:\/\/www.gaveanews.com\/#organization"}},{"@type":"WebPage","@id":"https:\/\/www.gaveanews.com\/index.php\/2025\/12\/13\/filipe-luis-fala-sobre-licoes-do-mundial-para-ultima-decisao-do-flamengo-em-2025\/","url":"https:\/\/www.gaveanews.com\/index.php\/2025\/12\/13\/filipe-luis-fala-sobre-licoes-do-mundial-para-ultima-decisao-do-flamengo-em-2025\/","name":"Filipe Lu\u00eds fala sobre \"li\u00e7\u00f5es do Mundial\" para \u00faltima decis\u00e3o do Flamengo em 2025","isPartOf":{"@id":"https:\/\/www.gaveanews.com\/#website"},"primaryImageOfPage":{"@id":"https:\/\/www.gaveanews.com\/index.php\/2025\/12\/13\/filipe-luis-fala-sobre-licoes-do-mundial-para-ultima-decisao-do-flamengo-em-2025\/#primaryimage"},"image":{"@id":"https:\/\/www.gaveanews.com\/index.php\/2025\/12\/13\/filipe-luis-fala-sobre-licoes-do-mundial-para-ultima-decisao-do-flamengo-em-2025\/#primaryimage"},"thumbnailUrl":"https:\/\/www.gaveanews.com\/wp-content\/uploads\/Filipe-Luis-em-coletiva-pos-classificacao-a-final-do-Intercontinental.jpg","datePublished":"2025-12-13T22:00:00+00:00","author":{"@id":"https:\/\/www.gaveanews.com\/#\/schema\/person\/c88645e3d550d0b6574305e67dd5a716"},"description":"Flamengo e PSG entram em campo na pr\u00f3xima quarta-feira (17), \u00e0s 14h (de Bras\u00edlia), no Est\u00e1dio Ahmad bin Ali, em Al Rayyan","breadcrumb":{"@id":"https:\/\/www.gaveanews.com\/index.php\/2025\/12\/13\/filipe-luis-fala-sobre-licoes-do-mundial-para-ultima-decisao-do-flamengo-em-2025\/#breadcrumb"},"inLanguage":"pt-BR","potentialAction":[{"@type":"ReadAction","target":["https:\/\/www.gaveanews.com\/index.php\/2025\/12\/13\/filipe-luis-fala-sobre-licoes-do-mundial-para-ultima-decisao-do-flamengo-em-2025\/"]}]},{"@type":"ImageObject","inLanguage":"pt-BR","@id":"https:\/\/www.gaveanews.com\/index.php\/2025\/12\/13\/filipe-luis-fala-sobre-licoes-do-mundial-para-ultima-decisao-do-flamengo-em-2025\/#primaryimage","url":"https:\/\/www.gaveanews.com\/wp-content\/uploads\/Filipe-Luis-em-coletiva-pos-classificacao-a-final-do-Intercontinental.jpg","contentUrl":"https:\/\/www.gaveanews.com\/wp-content\/uploads\/Filipe-Luis-em-coletiva-pos-classificacao-a-final-do-Intercontinental.jpg","width":1280,"height":853,"caption":"Filipe Lu\u00eds em coletiva de imprensa em Doha (Foto: Reprodu\u00e7\u00e3o\/FlamengoTV)"},{"@type":"BreadcrumbList","@id":"https:\/\/www.gaveanews.com\/index.php\/2025\/12\/13\/filipe-luis-fala-sobre-licoes-do-mundial-para-ultima-decisao-do-flamengo-em-2025\/#breadcrumb","itemListElement":[{"@type":"ListItem","position":1,"name":"Home","item":"https:\/\/www.gaveanews.com\/"},{"@type":"ListItem","position":2,"name":"Filipe Lu\u00eds fala sobre &#8220;li\u00e7\u00f5es do Mundial&#8221; para \u00faltima decis\u00e3o do Flamengo em 2025"}]},{"@type":"WebSite","@id":"https:\/\/www.gaveanews.com\/#website","url":"https:\/\/www.gaveanews.com\/","name":"G\u00e1vea News","description":"Veja todas as not\u00edcias sobre o Flamengo: Contrata\u00e7\u00f5es, categorias de base, resultados das partidas, tabela de classifica\u00e7\u00e3o, pr\u00f3ximos jogos!","potentialAction":[{"@type":"SearchAction","target":{"@type":"EntryPoint","urlTemplate":"https:\/\/www.gaveanews.com\/?s={search_term_string}"},"query-input":{"@type":"PropertyValueSpecification","valueRequired":true,"valueName":"search_term_string"}}],"inLanguage":"pt-BR"},{"@type":"Person","@id":"https:\/\/www.gaveanews.com\/#\/schema\/person\/c88645e3d550d0b6574305e67dd5a716","name":"Reda\u00e7\u00e3o","image":{"@type":"ImageObject","inLanguage":"pt-BR","@id":"https:\/\/www.gaveanews.com\/#\/schema\/person\/image\/","url":"https:\/\/secure.gravatar.com\/avatar\/434098fd823f0dc1b062d14ca22bacaa6e38de28d8c816bbef6fc2f8c44d8ba3?s=96&d=mm&r=g","contentUrl":"https:\/\/secure.gravatar.com\/avatar\/434098fd823f0dc1b062d14ca22bacaa6e38de28d8c816bbef6fc2f8c44d8ba3?s=96&d=mm&r=g","caption":"Reda\u00e7\u00e3o"}}]}},"_links":{"self":[{"href":"https:\/\/www.gaveanews.com\/index.php\/wp-json\/wp\/v2\/posts\/281592","targetHints":{"allow":["GET"]}}],"collection":[{"href":"https:\/\/www.gaveanews.com\/index.php\/wp-json\/wp\/v2\/posts"}],"about":[{"href":"https:\/\/www.gaveanews.com\/index.php\/wp-json\/wp\/v2\/types\/post"}],"author":[{"embeddable":true,"href":"https:\/\/www.gaveanews.com\/index.php\/wp-json\/wp\/v2\/users\/39"}],"replies":[{"embeddable":true,"href":"https:\/\/www.gaveanews.com\/index.php\/wp-json\/wp\/v2\/comments?post=281592"}],"version-history":[{"count":1,"href":"https:\/\/www.gaveanews.com\/index.php\/wp-json\/wp\/v2\/posts\/281592\/revisions"}],"predecessor-version":[{"id":281595,"href":"https:\/\/www.gaveanews.com\/index.php\/wp-json\/wp\/v2\/posts\/281592\/revisions\/281595"}],"wp:featuredmedia":[{"embeddable":true,"href":"https:\/\/www.gaveanews.com\/index.php\/wp-json\/wp\/v2\/media\/281593"}],"wp:attachment":[{"href":"https:\/\/www.gaveanews.com\/index.php\/wp-json\/wp\/v2\/media?parent=281592"}],"wp:term":[{"taxonomy":"category","embeddable":true,"href":"https:\/\/www.gaveanews.com\/index.php\/wp-json\/wp\/v2\/categories?post=281592"},{"taxonomy":"post_tag","embeddable":true,"href":"https:\/\/www.gaveanews.com\/index.php\/wp-json\/wp\/v2\/tags?post=281592"}],"curies":[{"name":"wp","href":"https:\/\/api.w.org\/{rel}","templated":true}]}}