{"id":281598,"date":"2025-12-14T19:22:04","date_gmt":"2025-12-14T22:22:04","guid":{"rendered":"https:\/\/www.gaveanews.com\/?p=281598"},"modified":"2025-12-14T19:22:09","modified_gmt":"2025-12-14T22:22:09","slug":"flamengo-avalia-saida-de-volante-para-2026","status":"publish","type":"post","link":"https:\/\/www.gaveanews.com\/index.php\/2025\/12\/14\/flamengo-avalia-saida-de-volante-para-2026\/","title":{"rendered":"Flamengo avalia sa\u00edda de volante para 2026"},"content":{"rendered":"\n<p>A perman\u00eancia de Allan no elenco do Flamengo para 2026 est\u00e1 em xeque ap\u00f3s os desdobramentos recentes no clube carioca. O volante, contratado em julho de 2023 por 8,2 milh\u00f5es de euros, n\u00e3o embarcou com o grupo para a disputa da Copa Intercontinental no Catar. Embora o regulamento da FIFA permita apenas 26 atletas inscritos \u2014 sendo tr\u00eas goleiros \u2014, a exclus\u00e3o do meio-campista da lista chamou a aten\u00e7\u00e3o nos bastidores.<\/p>\n\n\n\n<p>A decis\u00e3o da comiss\u00e3o t\u00e9cnica, liderada por Filipe Lu\u00eds, evidencia crit\u00e9rios t\u00e9cnicos e f\u00edsicos na montagem do grupo. Conforme relatos internos, Allan n\u00e3o est\u00e1 entre as principais op\u00e7\u00f5es do treinador no momento, o que foi interpretado como um poss\u00edvel indicativo de que ele pode ser negociado na pr\u00f3xima janela de transfer\u00eancias. Ainda que o clube trate a aus\u00eancia como uma escolha estrat\u00e9gica dentro do limite permitido, a sinaliza\u00e7\u00e3o \u00e9 clara.<\/p>\n\n\n\n<figure class=\"wp-block-image size-full\"><img loading=\"lazy\" decoding=\"async\" width=\"900\" height=\"600\" src=\"http:\/\/www.gaveanews.com\/wp-content\/uploads\/allan-flamengo-botafogo.webp\" alt=\"\" class=\"wp-image-106055\" srcset=\"https:\/\/www.gaveanews.com\/wp-content\/uploads\/allan-flamengo-botafogo.webp 900w, https:\/\/www.gaveanews.com\/wp-content\/uploads\/allan-flamengo-botafogo-300x200.webp 300w, https:\/\/www.gaveanews.com\/wp-content\/uploads\/allan-flamengo-botafogo-768x512.webp 768w, https:\/\/www.gaveanews.com\/wp-content\/uploads\/allan-flamengo-botafogo-630x420.webp 630w, https:\/\/www.gaveanews.com\/wp-content\/uploads\/allan-flamengo-botafogo-640x427.webp 640w, https:\/\/www.gaveanews.com\/wp-content\/uploads\/allan-flamengo-botafogo-681x454.webp 681w, https:\/\/www.gaveanews.com\/wp-content\/uploads\/allan-flamengo-botafogo-100x67.webp 100w\" sizes=\"auto, (max-width: 900px) 100vw, 900px\" \/><figcaption class=\"wp-element-caption\">Allan em a\u00e7\u00e3o pelo Flamengo contra o Botafogo (Foto: Marcelo Cortes\/ Flamengo)<\/figcaption><\/figure>\n\n\n\n<p>A situa\u00e7\u00e3o f\u00edsica do jogador tamb\u00e9m pesa na avalia\u00e7\u00e3o. Allan convive com uma fascite plantar no p\u00e9 esquerdo, o que vem limitando sua participa\u00e7\u00e3o nos treinos. As dores recorrentes acabam por dificultar sua continuidade nas atividades com o restante do elenco. Isso o coloca em desvantagem na disputa por espa\u00e7o, especialmente ap\u00f3s as chegadas de Jorginho e Sa\u00fal, que refor\u00e7aram o meio-campo rubro-negro e ampliaram a concorr\u00eancia direta por minutos em campo.<\/p>\n\n\n\n<p>Apesar do alto investimento e das expectativas iniciais, Allan n\u00e3o conseguiu se consolidar como titular absoluto. Desde sua chegada, participou de 33 partidas e foi titular em apenas 17 delas. O baixo aproveitamento e as les\u00f5es recorrentes acabaram afetando sua regularidade e influ\u00eancia nas partidas. Por isso, o Flamengo considera ouvir propostas que possam surgir para o jogador, analisando tamb\u00e9m o cen\u00e1rio financeiro envolvido.<\/p>\n\n\n\n<p>Enquanto isso, o pr\u00f3prio atleta deseja mais tempo de jogo, algo que n\u00e3o tem sido poss\u00edvel na atual conjuntura do clube. Internamente, a diretoria avalia a situa\u00e7\u00e3o com cautela, mas o corte na competi\u00e7\u00e3o internacional \u2014 de grande visibilidade \u2014 refor\u00e7a a ideia de que mudan\u00e7as no elenco podem ocorrer em breve. A decis\u00e3o final, contudo, depender\u00e1 de movimenta\u00e7\u00f5es no mercado.<\/p>\n\n\n\n<p>Em meio a esse cen\u00e1rio, a pr\u00e9-temporada pode se mostrar decisiva. Se continuar no clube, Allan precisar\u00e1 superar os problemas f\u00edsicos e se destacar nos treinamentos a fim de reconquistar espa\u00e7o. Entretanto, com a janela de transfer\u00eancias do in\u00edcio do ano se aproximando, uma sa\u00edda n\u00e3o est\u00e1 descartada.<\/p>\n","protected":false},"excerpt":{"rendered":"<p>A perman\u00eancia de Allan no elenco do Flamengo para 2026 est\u00e1 em xeque ap\u00f3s os desdobramentos recentes no clube carioca. O volante, contratado em julho de 2023 por 8,2 milh\u00f5es de euros, n\u00e3o embarcou com o grupo para a disputa da Copa Intercontinental no Catar. Embora o regulamento da FIFA permita apenas 26 atletas inscritos [&hellip;]<\/p>\n","protected":false},"author":18,"featured_media":281230,"comment_status":"open","ping_status":"closed","sticky":false,"template":"","format":"standard","meta":{"footnotes":""},"categories":[1],"tags":[],"class_list":["post-281598","post","type-post","status-publish","format-standard","has-post-thumbnail","hentry","category-flamengo"],"yoast_head":"<!-- This site is optimized with the Yoast SEO Premium plugin v24.2 (Yoast SEO v26.9) - https:\/\/yoast.com\/product\/yoast-seo-premium-wordpress\/ -->\n<title>Flamengo avalia sa\u00edda de volante para 2026<\/title>\n<meta name=\"robots\" content=\"index, follow, max-snippet:-1, max-image-preview:large, max-video-preview:-1\" \/>\n<link rel=\"canonical\" href=\"https:\/\/www.gaveanews.com\/index.php\/2025\/12\/14\/flamengo-avalia-saida-de-volante-para-2026\/\" \/>\n<meta property=\"og:locale\" content=\"pt_BR\" \/>\n<meta property=\"og:type\" content=\"article\" \/>\n<meta property=\"og:title\" content=\"Flamengo avalia sa\u00edda de volante para 2026\" \/>\n<meta property=\"og:description\" content=\"A perman\u00eancia de Allan no elenco do Flamengo para 2026 est\u00e1 em xeque ap\u00f3s os desdobramentos recentes no clube carioca. O volante, contratado em julho de 2023 por 8,2 milh\u00f5es de euros, n\u00e3o embarcou com o grupo para a disputa da Copa Intercontinental no Catar. Embora o regulamento da FIFA permita apenas 26 atletas inscritos [&hellip;]\" \/>\n<meta property=\"og:url\" content=\"https:\/\/www.gaveanews.com\/index.php\/2025\/12\/14\/flamengo-avalia-saida-de-volante-para-2026\/\" \/>\n<meta property=\"og:site_name\" content=\"G\u00e1vea News\" \/>\n<meta property=\"article:publisher\" content=\"https:\/\/facebook.com\/gaveaNews\/\" \/>\n<meta property=\"article:published_time\" content=\"2025-12-14T22:22:04+00:00\" \/>\n<meta property=\"article:modified_time\" content=\"2025-12-14T22:22:09+00:00\" \/>\n<meta property=\"og:image\" content=\"http:\/\/www.gaveanews.com\/wp-content\/uploads\/Camisa-do-Flamengo-com-patrocinio-Betano.png\" \/>\n\t<meta property=\"og:image:width\" content=\"1200\" \/>\n\t<meta property=\"og:image:height\" content=\"800\" \/>\n\t<meta property=\"og:image:type\" content=\"image\/png\" \/>\n<meta name=\"author\" content=\"Paula Silva\" \/>\n<meta name=\"twitter:card\" content=\"summary_large_image\" \/>\n<meta name=\"twitter:label1\" content=\"Escrito por\" \/>\n\t<meta name=\"twitter:data1\" content=\"Paula Silva\" \/>\n\t<meta name=\"twitter:label2\" content=\"Est. tempo de leitura\" \/>\n\t<meta name=\"twitter:data2\" content=\"3 minutos\" \/>\n<script type=\"application\/ld+json\" class=\"yoast-schema-graph\">{\"@context\":\"https:\/\/schema.org\",\"@graph\":[{\"@type\":\"NewsArticle\",\"@id\":\"https:\/\/www.gaveanews.com\/index.php\/2025\/12\/14\/flamengo-avalia-saida-de-volante-para-2026\/#article\",\"isPartOf\":{\"@id\":\"https:\/\/www.gaveanews.com\/index.php\/2025\/12\/14\/flamengo-avalia-saida-de-volante-para-2026\/\"},\"author\":{\"name\":\"Paula Silva\",\"@id\":\"https:\/\/www.gaveanews.com\/#\/schema\/person\/daf63eec72e1164eb13dc35096c2b8da\"},\"headline\":\"Flamengo avalia sa\u00edda de volante para 2026\",\"datePublished\":\"2025-12-14T22:22:04+00:00\",\"dateModified\":\"2025-12-14T22:22:09+00:00\",\"mainEntityOfPage\":{\"@id\":\"https:\/\/www.gaveanews.com\/index.php\/2025\/12\/14\/flamengo-avalia-saida-de-volante-para-2026\/\"},\"wordCount\":449,\"commentCount\":0,\"image\":{\"@id\":\"https:\/\/www.gaveanews.com\/index.php\/2025\/12\/14\/flamengo-avalia-saida-de-volante-para-2026\/#primaryimage\"},\"thumbnailUrl\":\"https:\/\/www.gaveanews.com\/wp-content\/uploads\/Camisa-do-Flamengo-com-patrocinio-Betano.png\",\"articleSection\":[\"Flamengo\"],\"inLanguage\":\"pt-BR\",\"potentialAction\":[{\"@type\":\"CommentAction\",\"name\":\"Comment\",\"target\":[\"https:\/\/www.gaveanews.com\/index.php\/2025\/12\/14\/flamengo-avalia-saida-de-volante-para-2026\/#respond\"]}],\"copyrightYear\":\"2025\",\"copyrightHolder\":{\"@id\":\"https:\/\/www.gaveanews.com\/#organization\"}},{\"@type\":\"WebPage\",\"@id\":\"https:\/\/www.gaveanews.com\/index.php\/2025\/12\/14\/flamengo-avalia-saida-de-volante-para-2026\/\",\"url\":\"https:\/\/www.gaveanews.com\/index.php\/2025\/12\/14\/flamengo-avalia-saida-de-volante-para-2026\/\",\"name\":\"Flamengo avalia sa\u00edda de volante para 2026\",\"isPartOf\":{\"@id\":\"https:\/\/www.gaveanews.com\/#website\"},\"primaryImageOfPage\":{\"@id\":\"https:\/\/www.gaveanews.com\/index.php\/2025\/12\/14\/flamengo-avalia-saida-de-volante-para-2026\/#primaryimage\"},\"image\":{\"@id\":\"https:\/\/www.gaveanews.com\/index.php\/2025\/12\/14\/flamengo-avalia-saida-de-volante-para-2026\/#primaryimage\"},\"thumbnailUrl\":\"https:\/\/www.gaveanews.com\/wp-content\/uploads\/Camisa-do-Flamengo-com-patrocinio-Betano.png\",\"datePublished\":\"2025-12-14T22:22:04+00:00\",\"dateModified\":\"2025-12-14T22:22:09+00:00\",\"author\":{\"@id\":\"https:\/\/www.gaveanews.com\/#\/schema\/person\/daf63eec72e1164eb13dc35096c2b8da\"},\"breadcrumb\":{\"@id\":\"https:\/\/www.gaveanews.com\/index.php\/2025\/12\/14\/flamengo-avalia-saida-de-volante-para-2026\/#breadcrumb\"},\"inLanguage\":\"pt-BR\",\"potentialAction\":[{\"@type\":\"ReadAction\",\"target\":[\"https:\/\/www.gaveanews.com\/index.php\/2025\/12\/14\/flamengo-avalia-saida-de-volante-para-2026\/\"]}]},{\"@type\":\"ImageObject\",\"inLanguage\":\"pt-BR\",\"@id\":\"https:\/\/www.gaveanews.com\/index.php\/2025\/12\/14\/flamengo-avalia-saida-de-volante-para-2026\/#primaryimage\",\"url\":\"https:\/\/www.gaveanews.com\/wp-content\/uploads\/Camisa-do-Flamengo-com-patrocinio-Betano.png\",\"contentUrl\":\"https:\/\/www.gaveanews.com\/wp-content\/uploads\/Camisa-do-Flamengo-com-patrocinio-Betano.png\",\"width\":1200,\"height\":800,\"caption\":\"Camisa do Flamengo com patroc\u00ednio da Betano (Foto: Divulga\u00e7\u00e3o)\"},{\"@type\":\"BreadcrumbList\",\"@id\":\"https:\/\/www.gaveanews.com\/index.php\/2025\/12\/14\/flamengo-avalia-saida-de-volante-para-2026\/#breadcrumb\",\"itemListElement\":[{\"@type\":\"ListItem\",\"position\":1,\"name\":\"Home\",\"item\":\"https:\/\/www.gaveanews.com\/\"},{\"@type\":\"ListItem\",\"position\":2,\"name\":\"Flamengo avalia sa\u00edda de volante para 2026\"}]},{\"@type\":\"WebSite\",\"@id\":\"https:\/\/www.gaveanews.com\/#website\",\"url\":\"https:\/\/www.gaveanews.com\/\",\"name\":\"G\u00e1vea News\",\"description\":\"Veja todas as not\u00edcias sobre o Flamengo: Contrata\u00e7\u00f5es, categorias de base, resultados das partidas, tabela de classifica\u00e7\u00e3o, pr\u00f3ximos jogos!\",\"potentialAction\":[{\"@type\":\"SearchAction\",\"target\":{\"@type\":\"EntryPoint\",\"urlTemplate\":\"https:\/\/www.gaveanews.com\/?s={search_term_string}\"},\"query-input\":{\"@type\":\"PropertyValueSpecification\",\"valueRequired\":true,\"valueName\":\"search_term_string\"}}],\"inLanguage\":\"pt-BR\"},{\"@type\":\"Person\",\"@id\":\"https:\/\/www.gaveanews.com\/#\/schema\/person\/daf63eec72e1164eb13dc35096c2b8da\",\"name\":\"Paula Silva\",\"image\":{\"@type\":\"ImageObject\",\"inLanguage\":\"pt-BR\",\"@id\":\"https:\/\/www.gaveanews.com\/#\/schema\/person\/image\/\",\"url\":\"https:\/\/secure.gravatar.com\/avatar\/eda381c845527cc5d64c13b901833cda29d97500ba040d3e6461f76f51d163bb?s=96&d=mm&r=g\",\"contentUrl\":\"https:\/\/secure.gravatar.com\/avatar\/eda381c845527cc5d64c13b901833cda29d97500ba040d3e6461f76f51d163bb?s=96&d=mm&r=g\",\"caption\":\"Paula Silva\"}}]}<\/script>\n<!-- \/ Yoast SEO Premium plugin. -->","yoast_head_json":{"title":"Flamengo avalia sa\u00edda de volante para 2026","robots":{"index":"index","follow":"follow","max-snippet":"max-snippet:-1","max-image-preview":"max-image-preview:large","max-video-preview":"max-video-preview:-1"},"canonical":"https:\/\/www.gaveanews.com\/index.php\/2025\/12\/14\/flamengo-avalia-saida-de-volante-para-2026\/","og_locale":"pt_BR","og_type":"article","og_title":"Flamengo avalia sa\u00edda de volante para 2026","og_description":"A perman\u00eancia de Allan no elenco do Flamengo para 2026 est\u00e1 em xeque ap\u00f3s os desdobramentos recentes no clube carioca. O volante, contratado em julho de 2023 por 8,2 milh\u00f5es de euros, n\u00e3o embarcou com o grupo para a disputa da Copa Intercontinental no Catar. Embora o regulamento da FIFA permita apenas 26 atletas inscritos [&hellip;]","og_url":"https:\/\/www.gaveanews.com\/index.php\/2025\/12\/14\/flamengo-avalia-saida-de-volante-para-2026\/","og_site_name":"G\u00e1vea News","article_publisher":"https:\/\/facebook.com\/gaveaNews\/","article_published_time":"2025-12-14T22:22:04+00:00","article_modified_time":"2025-12-14T22:22:09+00:00","og_image":[{"width":1200,"height":800,"url":"http:\/\/www.gaveanews.com\/wp-content\/uploads\/Camisa-do-Flamengo-com-patrocinio-Betano.png","type":"image\/png"}],"author":"Paula Silva","twitter_card":"summary_large_image","twitter_misc":{"Escrito por":"Paula Silva","Est. tempo de leitura":"3 minutos"},"schema":{"@context":"https:\/\/schema.org","@graph":[{"@type":"NewsArticle","@id":"https:\/\/www.gaveanews.com\/index.php\/2025\/12\/14\/flamengo-avalia-saida-de-volante-para-2026\/#article","isPartOf":{"@id":"https:\/\/www.gaveanews.com\/index.php\/2025\/12\/14\/flamengo-avalia-saida-de-volante-para-2026\/"},"author":{"name":"Paula Silva","@id":"https:\/\/www.gaveanews.com\/#\/schema\/person\/daf63eec72e1164eb13dc35096c2b8da"},"headline":"Flamengo avalia sa\u00edda de volante para 2026","datePublished":"2025-12-14T22:22:04+00:00","dateModified":"2025-12-14T22:22:09+00:00","mainEntityOfPage":{"@id":"https:\/\/www.gaveanews.com\/index.php\/2025\/12\/14\/flamengo-avalia-saida-de-volante-para-2026\/"},"wordCount":449,"commentCount":0,"image":{"@id":"https:\/\/www.gaveanews.com\/index.php\/2025\/12\/14\/flamengo-avalia-saida-de-volante-para-2026\/#primaryimage"},"thumbnailUrl":"https:\/\/www.gaveanews.com\/wp-content\/uploads\/Camisa-do-Flamengo-com-patrocinio-Betano.png","articleSection":["Flamengo"],"inLanguage":"pt-BR","potentialAction":[{"@type":"CommentAction","name":"Comment","target":["https:\/\/www.gaveanews.com\/index.php\/2025\/12\/14\/flamengo-avalia-saida-de-volante-para-2026\/#respond"]}],"copyrightYear":"2025","copyrightHolder":{"@id":"https:\/\/www.gaveanews.com\/#organization"}},{"@type":"WebPage","@id":"https:\/\/www.gaveanews.com\/index.php\/2025\/12\/14\/flamengo-avalia-saida-de-volante-para-2026\/","url":"https:\/\/www.gaveanews.com\/index.php\/2025\/12\/14\/flamengo-avalia-saida-de-volante-para-2026\/","name":"Flamengo avalia sa\u00edda de volante para 2026","isPartOf":{"@id":"https:\/\/www.gaveanews.com\/#website"},"primaryImageOfPage":{"@id":"https:\/\/www.gaveanews.com\/index.php\/2025\/12\/14\/flamengo-avalia-saida-de-volante-para-2026\/#primaryimage"},"image":{"@id":"https:\/\/www.gaveanews.com\/index.php\/2025\/12\/14\/flamengo-avalia-saida-de-volante-para-2026\/#primaryimage"},"thumbnailUrl":"https:\/\/www.gaveanews.com\/wp-content\/uploads\/Camisa-do-Flamengo-com-patrocinio-Betano.png","datePublished":"2025-12-14T22:22:04+00:00","dateModified":"2025-12-14T22:22:09+00:00","author":{"@id":"https:\/\/www.gaveanews.com\/#\/schema\/person\/daf63eec72e1164eb13dc35096c2b8da"},"breadcrumb":{"@id":"https:\/\/www.gaveanews.com\/index.php\/2025\/12\/14\/flamengo-avalia-saida-de-volante-para-2026\/#breadcrumb"},"inLanguage":"pt-BR","potentialAction":[{"@type":"ReadAction","target":["https:\/\/www.gaveanews.com\/index.php\/2025\/12\/14\/flamengo-avalia-saida-de-volante-para-2026\/"]}]},{"@type":"ImageObject","inLanguage":"pt-BR","@id":"https:\/\/www.gaveanews.com\/index.php\/2025\/12\/14\/flamengo-avalia-saida-de-volante-para-2026\/#primaryimage","url":"https:\/\/www.gaveanews.com\/wp-content\/uploads\/Camisa-do-Flamengo-com-patrocinio-Betano.png","contentUrl":"https:\/\/www.gaveanews.com\/wp-content\/uploads\/Camisa-do-Flamengo-com-patrocinio-Betano.png","width":1200,"height":800,"caption":"Camisa do Flamengo com patroc\u00ednio da Betano (Foto: Divulga\u00e7\u00e3o)"},{"@type":"BreadcrumbList","@id":"https:\/\/www.gaveanews.com\/index.php\/2025\/12\/14\/flamengo-avalia-saida-de-volante-para-2026\/#breadcrumb","itemListElement":[{"@type":"ListItem","position":1,"name":"Home","item":"https:\/\/www.gaveanews.com\/"},{"@type":"ListItem","position":2,"name":"Flamengo avalia sa\u00edda de volante para 2026"}]},{"@type":"WebSite","@id":"https:\/\/www.gaveanews.com\/#website","url":"https:\/\/www.gaveanews.com\/","name":"G\u00e1vea News","description":"Veja todas as not\u00edcias sobre o Flamengo: Contrata\u00e7\u00f5es, categorias de base, resultados das partidas, tabela de classifica\u00e7\u00e3o, pr\u00f3ximos jogos!","potentialAction":[{"@type":"SearchAction","target":{"@type":"EntryPoint","urlTemplate":"https:\/\/www.gaveanews.com\/?s={search_term_string}"},"query-input":{"@type":"PropertyValueSpecification","valueRequired":true,"valueName":"search_term_string"}}],"inLanguage":"pt-BR"},{"@type":"Person","@id":"https:\/\/www.gaveanews.com\/#\/schema\/person\/daf63eec72e1164eb13dc35096c2b8da","name":"Paula Silva","image":{"@type":"ImageObject","inLanguage":"pt-BR","@id":"https:\/\/www.gaveanews.com\/#\/schema\/person\/image\/","url":"https:\/\/secure.gravatar.com\/avatar\/eda381c845527cc5d64c13b901833cda29d97500ba040d3e6461f76f51d163bb?s=96&d=mm&r=g","contentUrl":"https:\/\/secure.gravatar.com\/avatar\/eda381c845527cc5d64c13b901833cda29d97500ba040d3e6461f76f51d163bb?s=96&d=mm&r=g","caption":"Paula Silva"}}]}},"_links":{"self":[{"href":"https:\/\/www.gaveanews.com\/index.php\/wp-json\/wp\/v2\/posts\/281598","targetHints":{"allow":["GET"]}}],"collection":[{"href":"https:\/\/www.gaveanews.com\/index.php\/wp-json\/wp\/v2\/posts"}],"about":[{"href":"https:\/\/www.gaveanews.com\/index.php\/wp-json\/wp\/v2\/types\/post"}],"author":[{"embeddable":true,"href":"https:\/\/www.gaveanews.com\/index.php\/wp-json\/wp\/v2\/users\/18"}],"replies":[{"embeddable":true,"href":"https:\/\/www.gaveanews.com\/index.php\/wp-json\/wp\/v2\/comments?post=281598"}],"version-history":[{"count":1,"href":"https:\/\/www.gaveanews.com\/index.php\/wp-json\/wp\/v2\/posts\/281598\/revisions"}],"predecessor-version":[{"id":281599,"href":"https:\/\/www.gaveanews.com\/index.php\/wp-json\/wp\/v2\/posts\/281598\/revisions\/281599"}],"wp:featuredmedia":[{"embeddable":true,"href":"https:\/\/www.gaveanews.com\/index.php\/wp-json\/wp\/v2\/media\/281230"}],"wp:attachment":[{"href":"https:\/\/www.gaveanews.com\/index.php\/wp-json\/wp\/v2\/media?parent=281598"}],"wp:term":[{"taxonomy":"category","embeddable":true,"href":"https:\/\/www.gaveanews.com\/index.php\/wp-json\/wp\/v2\/categories?post=281598"},{"taxonomy":"post_tag","embeddable":true,"href":"https:\/\/www.gaveanews.com\/index.php\/wp-json\/wp\/v2\/tags?post=281598"}],"curies":[{"name":"wp","href":"https:\/\/api.w.org\/{rel}","templated":true}]}}