{"id":281603,"date":"2025-12-14T19:46:27","date_gmt":"2025-12-14T22:46:27","guid":{"rendered":"https:\/\/www.gaveanews.com\/?p=281603"},"modified":"2025-12-14T19:46:33","modified_gmt":"2025-12-14T22:46:33","slug":"zagueiros-viram-protagonistas-do-setor-ofensivo-do-flamengo-entenda","status":"publish","type":"post","link":"https:\/\/www.gaveanews.com\/index.php\/2025\/12\/14\/zagueiros-viram-protagonistas-do-setor-ofensivo-do-flamengo-entenda\/","title":{"rendered":"Zagueiros viram protagonistas do setor ofensivo do Flamengo; entenda"},"content":{"rendered":"\n<p>A temporada atual tem revelado uma faceta pouco comum no futebol brasileiro: os zagueiros do Flamengo, tradicionalmente focados na defesa, v\u00eam se destacando como pe\u00e7as fundamentais no setor ofensivo. Em 2025, os defensores do clube marcaram 15 gols, um n\u00famero que supera todas as temporadas anteriores desde 2019 e que tem sido decisivo para as conquistas rubro-negras.<\/p>\n\n\n\n<p>Esse desempenho expressivo n\u00e3o se limita apenas \u00e0 quantidade de gols. Os tentos anotados por L\u00e9o Pereira e Danilo foram fundamentais para garantir a classifica\u00e7\u00e3o \u00e0 final da Copa Intercontinental, ap\u00f3s a vit\u00f3ria por 2 a 0 sobre o Pyramids. Al\u00e9m disso, foi um zagueiro quem balan\u00e7ou as redes na decis\u00e3o da Libertadores contra o Palmeiras, assegurando mais um t\u00edtulo continental ao clube carioca.<\/p>\n\n\n\n<p>O aproveitamento ofensivo dos defensores reflete tamb\u00e9m uma mudan\u00e7a estrat\u00e9gica conduzida por Filipe Lu\u00eds. Desde que assumiu a equipe, o treinador tem explorado melhor a bola parada, contando com a contribui\u00e7\u00e3o do auxiliar t\u00e9cnico Rodrigo Caio, ex-zagueiro do pr\u00f3prio Flamengo. Segundo informa\u00e7\u00f5es dos bastidores, foi o ex-camisa 3 quem desenhou a jogada do gol do t\u00edtulo da Libertadores, executada por Danilo na decis\u00e3o.<\/p>\n\n\n\n<p>L\u00e9o Pereira aparece como o principal nome entre os zagueiros-artilheiros do elenco. Somente nesta temporada, o defensor j\u00e1 marcou seis vezes. Logo atr\u00e1s, Danilo acumula cinco gols e duas assist\u00eancias, seguido por L\u00e9o Ortiz, que contribuiu com quatro gols e tamb\u00e9m duas assist\u00eancias. Juntos, os tr\u00eas s\u00e3o respons\u00e1veis por todos os gols do setor defensivo em 2025.<\/p>\n\n\n\n<p>O contraste com as temporadas anteriores \u00e9 not\u00e1vel. Em 2024, por exemplo, apenas L\u00e9o Pereira havia marcado gols, totalizando quatro. Em 2023, Fabr\u00edcio Bruno foi o \u00fanico zagueiro a ir \u00e0s redes, com tr\u00eas tentos. Desde 2019, os n\u00fameros variavam entre tr\u00eas e oito gols por temporada, at\u00e9 o salto in\u00e9dito registrado neste ano.<\/p>\n\n\n\n<p>&#8220;Queremos o mundo de novo&#8221;, declarou o elenco em tom de confian\u00e7a ao celebrar a vaga na decis\u00e3o contra o PSG, marcada para quarta-feira (17), \u00e0s 14 horas (hor\u00e1rio de Bras\u00edlia), no Catar. A declara\u00e7\u00e3o ocorreu durante a comemora\u00e7\u00e3o pelas conquistas recentes, evidenciando o bom momento vivido pelo grupo.<\/p>\n\n\n\n<p>O protagonismo dos zagueiros nesta temporada tamb\u00e9m se alinha a uma estat\u00edstica importante: quase 30% dos gols do Flamengo em 2025 surgiram a partir de jogadas de bola parada. Esse dado refor\u00e7a como a estrat\u00e9gia ofensiva tem sido bem executada, especialmente com a participa\u00e7\u00e3o direta dos defensores.<\/p>\n\n\n\n<p>Embora o foco principal de um zagueiro continue sendo evitar gols, o cen\u00e1rio atual do Flamengo mostra que esses jogadores v\u00eam agregando valor tamb\u00e9m no ataque. Assim sendo, a equipe carioca colhe os frutos de um planejamento que alia organiza\u00e7\u00e3o defensiva com efici\u00eancia ofensiva, sobretudo em momentos decisivos.<\/p>\n","protected":false},"excerpt":{"rendered":"<p>A temporada atual tem revelado uma faceta pouco comum no futebol brasileiro: os zagueiros do Flamengo, tradicionalmente focados na defesa, v\u00eam se destacando como pe\u00e7as fundamentais no setor ofensivo. Em 2025, os defensores do clube marcaram 15 gols, um n\u00famero que supera todas as temporadas anteriores desde 2019 e que tem sido decisivo para as [&hellip;]<\/p>\n","protected":false},"author":18,"featured_media":281577,"comment_status":"open","ping_status":"closed","sticky":false,"template":"","format":"standard","meta":{"footnotes":""},"categories":[1],"tags":[],"class_list":["post-281603","post","type-post","status-publish","format-standard","has-post-thumbnail","hentry","category-flamengo"],"yoast_head":"<!-- This site is optimized with the Yoast SEO Premium plugin v24.2 (Yoast SEO v26.9) - https:\/\/yoast.com\/product\/yoast-seo-premium-wordpress\/ -->\n<title>Zagueiros viram protagonistas do setor ofensivo do Flamengo; entenda<\/title>\n<meta name=\"robots\" content=\"index, follow, max-snippet:-1, max-image-preview:large, max-video-preview:-1\" \/>\n<link rel=\"canonical\" href=\"https:\/\/www.gaveanews.com\/index.php\/2025\/12\/14\/zagueiros-viram-protagonistas-do-setor-ofensivo-do-flamengo-entenda\/\" \/>\n<meta property=\"og:locale\" content=\"pt_BR\" \/>\n<meta property=\"og:type\" content=\"article\" \/>\n<meta property=\"og:title\" content=\"Zagueiros viram protagonistas do setor ofensivo do Flamengo; entenda\" \/>\n<meta property=\"og:description\" content=\"A temporada atual tem revelado uma faceta pouco comum no futebol brasileiro: os zagueiros do Flamengo, tradicionalmente focados na defesa, v\u00eam se destacando como pe\u00e7as fundamentais no setor ofensivo. Em 2025, os defensores do clube marcaram 15 gols, um n\u00famero que supera todas as temporadas anteriores desde 2019 e que tem sido decisivo para as [&hellip;]\" \/>\n<meta property=\"og:url\" content=\"https:\/\/www.gaveanews.com\/index.php\/2025\/12\/14\/zagueiros-viram-protagonistas-do-setor-ofensivo-do-flamengo-entenda\/\" \/>\n<meta property=\"og:site_name\" content=\"G\u00e1vea News\" \/>\n<meta property=\"article:publisher\" content=\"https:\/\/facebook.com\/gaveaNews\/\" \/>\n<meta property=\"article:published_time\" content=\"2025-12-14T22:46:27+00:00\" \/>\n<meta property=\"article:modified_time\" content=\"2025-12-14T22:46:33+00:00\" \/>\n<meta property=\"og:image\" content=\"http:\/\/www.gaveanews.com\/wp-content\/uploads\/Leo-Pereira-e-Danilo-marcam-gol-da-classificacao-no-Intercontinental.jpg\" \/>\n\t<meta property=\"og:image:width\" content=\"1280\" \/>\n\t<meta property=\"og:image:height\" content=\"853\" \/>\n\t<meta property=\"og:image:type\" content=\"image\/jpeg\" \/>\n<meta name=\"author\" content=\"Paula Silva\" \/>\n<meta name=\"twitter:card\" content=\"summary_large_image\" \/>\n<meta name=\"twitter:label1\" content=\"Escrito por\" \/>\n\t<meta name=\"twitter:data1\" content=\"Paula Silva\" \/>\n\t<meta name=\"twitter:label2\" content=\"Est. tempo de leitura\" \/>\n\t<meta name=\"twitter:data2\" content=\"3 minutos\" \/>\n<script type=\"application\/ld+json\" class=\"yoast-schema-graph\">{\"@context\":\"https:\/\/schema.org\",\"@graph\":[{\"@type\":\"NewsArticle\",\"@id\":\"https:\/\/www.gaveanews.com\/index.php\/2025\/12\/14\/zagueiros-viram-protagonistas-do-setor-ofensivo-do-flamengo-entenda\/#article\",\"isPartOf\":{\"@id\":\"https:\/\/www.gaveanews.com\/index.php\/2025\/12\/14\/zagueiros-viram-protagonistas-do-setor-ofensivo-do-flamengo-entenda\/\"},\"author\":{\"name\":\"Paula Silva\",\"@id\":\"https:\/\/www.gaveanews.com\/#\/schema\/person\/daf63eec72e1164eb13dc35096c2b8da\"},\"headline\":\"Zagueiros viram protagonistas do setor ofensivo do Flamengo; entenda\",\"datePublished\":\"2025-12-14T22:46:27+00:00\",\"dateModified\":\"2025-12-14T22:46:33+00:00\",\"mainEntityOfPage\":{\"@id\":\"https:\/\/www.gaveanews.com\/index.php\/2025\/12\/14\/zagueiros-viram-protagonistas-do-setor-ofensivo-do-flamengo-entenda\/\"},\"wordCount\":485,\"commentCount\":0,\"image\":{\"@id\":\"https:\/\/www.gaveanews.com\/index.php\/2025\/12\/14\/zagueiros-viram-protagonistas-do-setor-ofensivo-do-flamengo-entenda\/#primaryimage\"},\"thumbnailUrl\":\"https:\/\/www.gaveanews.com\/wp-content\/uploads\/Leo-Pereira-e-Danilo-marcam-gol-da-classificacao-no-Intercontinental.jpg\",\"articleSection\":[\"Flamengo\"],\"inLanguage\":\"pt-BR\",\"potentialAction\":[{\"@type\":\"CommentAction\",\"name\":\"Comment\",\"target\":[\"https:\/\/www.gaveanews.com\/index.php\/2025\/12\/14\/zagueiros-viram-protagonistas-do-setor-ofensivo-do-flamengo-entenda\/#respond\"]}],\"copyrightYear\":\"2025\",\"copyrightHolder\":{\"@id\":\"https:\/\/www.gaveanews.com\/#organization\"}},{\"@type\":\"WebPage\",\"@id\":\"https:\/\/www.gaveanews.com\/index.php\/2025\/12\/14\/zagueiros-viram-protagonistas-do-setor-ofensivo-do-flamengo-entenda\/\",\"url\":\"https:\/\/www.gaveanews.com\/index.php\/2025\/12\/14\/zagueiros-viram-protagonistas-do-setor-ofensivo-do-flamengo-entenda\/\",\"name\":\"Zagueiros viram protagonistas do setor ofensivo do Flamengo; entenda\",\"isPartOf\":{\"@id\":\"https:\/\/www.gaveanews.com\/#website\"},\"primaryImageOfPage\":{\"@id\":\"https:\/\/www.gaveanews.com\/index.php\/2025\/12\/14\/zagueiros-viram-protagonistas-do-setor-ofensivo-do-flamengo-entenda\/#primaryimage\"},\"image\":{\"@id\":\"https:\/\/www.gaveanews.com\/index.php\/2025\/12\/14\/zagueiros-viram-protagonistas-do-setor-ofensivo-do-flamengo-entenda\/#primaryimage\"},\"thumbnailUrl\":\"https:\/\/www.gaveanews.com\/wp-content\/uploads\/Leo-Pereira-e-Danilo-marcam-gol-da-classificacao-no-Intercontinental.jpg\",\"datePublished\":\"2025-12-14T22:46:27+00:00\",\"dateModified\":\"2025-12-14T22:46:33+00:00\",\"author\":{\"@id\":\"https:\/\/www.gaveanews.com\/#\/schema\/person\/daf63eec72e1164eb13dc35096c2b8da\"},\"breadcrumb\":{\"@id\":\"https:\/\/www.gaveanews.com\/index.php\/2025\/12\/14\/zagueiros-viram-protagonistas-do-setor-ofensivo-do-flamengo-entenda\/#breadcrumb\"},\"inLanguage\":\"pt-BR\",\"potentialAction\":[{\"@type\":\"ReadAction\",\"target\":[\"https:\/\/www.gaveanews.com\/index.php\/2025\/12\/14\/zagueiros-viram-protagonistas-do-setor-ofensivo-do-flamengo-entenda\/\"]}]},{\"@type\":\"ImageObject\",\"inLanguage\":\"pt-BR\",\"@id\":\"https:\/\/www.gaveanews.com\/index.php\/2025\/12\/14\/zagueiros-viram-protagonistas-do-setor-ofensivo-do-flamengo-entenda\/#primaryimage\",\"url\":\"https:\/\/www.gaveanews.com\/wp-content\/uploads\/Leo-Pereira-e-Danilo-marcam-gol-da-classificacao-no-Intercontinental.jpg\",\"contentUrl\":\"https:\/\/www.gaveanews.com\/wp-content\/uploads\/Leo-Pereira-e-Danilo-marcam-gol-da-classificacao-no-Intercontinental.jpg\",\"width\":1280,\"height\":853,\"caption\":\"L\u00e9o Pereira e Danilo marcam gol da classifica\u00e7\u00e3o no Intercontinental (Foto: Gilvan de Souza\/Flamengo)\"},{\"@type\":\"BreadcrumbList\",\"@id\":\"https:\/\/www.gaveanews.com\/index.php\/2025\/12\/14\/zagueiros-viram-protagonistas-do-setor-ofensivo-do-flamengo-entenda\/#breadcrumb\",\"itemListElement\":[{\"@type\":\"ListItem\",\"position\":1,\"name\":\"Home\",\"item\":\"https:\/\/www.gaveanews.com\/\"},{\"@type\":\"ListItem\",\"position\":2,\"name\":\"Zagueiros viram protagonistas do setor ofensivo do Flamengo; entenda\"}]},{\"@type\":\"WebSite\",\"@id\":\"https:\/\/www.gaveanews.com\/#website\",\"url\":\"https:\/\/www.gaveanews.com\/\",\"name\":\"G\u00e1vea News\",\"description\":\"Veja todas as not\u00edcias sobre o Flamengo: Contrata\u00e7\u00f5es, categorias de base, resultados das partidas, tabela de classifica\u00e7\u00e3o, pr\u00f3ximos jogos!\",\"potentialAction\":[{\"@type\":\"SearchAction\",\"target\":{\"@type\":\"EntryPoint\",\"urlTemplate\":\"https:\/\/www.gaveanews.com\/?s={search_term_string}\"},\"query-input\":{\"@type\":\"PropertyValueSpecification\",\"valueRequired\":true,\"valueName\":\"search_term_string\"}}],\"inLanguage\":\"pt-BR\"},{\"@type\":\"Person\",\"@id\":\"https:\/\/www.gaveanews.com\/#\/schema\/person\/daf63eec72e1164eb13dc35096c2b8da\",\"name\":\"Paula Silva\",\"image\":{\"@type\":\"ImageObject\",\"inLanguage\":\"pt-BR\",\"@id\":\"https:\/\/www.gaveanews.com\/#\/schema\/person\/image\/\",\"url\":\"https:\/\/secure.gravatar.com\/avatar\/eda381c845527cc5d64c13b901833cda29d97500ba040d3e6461f76f51d163bb?s=96&d=mm&r=g\",\"contentUrl\":\"https:\/\/secure.gravatar.com\/avatar\/eda381c845527cc5d64c13b901833cda29d97500ba040d3e6461f76f51d163bb?s=96&d=mm&r=g\",\"caption\":\"Paula Silva\"}}]}<\/script>\n<!-- \/ Yoast SEO Premium plugin. -->","yoast_head_json":{"title":"Zagueiros viram protagonistas do setor ofensivo do Flamengo; entenda","robots":{"index":"index","follow":"follow","max-snippet":"max-snippet:-1","max-image-preview":"max-image-preview:large","max-video-preview":"max-video-preview:-1"},"canonical":"https:\/\/www.gaveanews.com\/index.php\/2025\/12\/14\/zagueiros-viram-protagonistas-do-setor-ofensivo-do-flamengo-entenda\/","og_locale":"pt_BR","og_type":"article","og_title":"Zagueiros viram protagonistas do setor ofensivo do Flamengo; entenda","og_description":"A temporada atual tem revelado uma faceta pouco comum no futebol brasileiro: os zagueiros do Flamengo, tradicionalmente focados na defesa, v\u00eam se destacando como pe\u00e7as fundamentais no setor ofensivo. Em 2025, os defensores do clube marcaram 15 gols, um n\u00famero que supera todas as temporadas anteriores desde 2019 e que tem sido decisivo para as [&hellip;]","og_url":"https:\/\/www.gaveanews.com\/index.php\/2025\/12\/14\/zagueiros-viram-protagonistas-do-setor-ofensivo-do-flamengo-entenda\/","og_site_name":"G\u00e1vea News","article_publisher":"https:\/\/facebook.com\/gaveaNews\/","article_published_time":"2025-12-14T22:46:27+00:00","article_modified_time":"2025-12-14T22:46:33+00:00","og_image":[{"width":1280,"height":853,"url":"http:\/\/www.gaveanews.com\/wp-content\/uploads\/Leo-Pereira-e-Danilo-marcam-gol-da-classificacao-no-Intercontinental.jpg","type":"image\/jpeg"}],"author":"Paula Silva","twitter_card":"summary_large_image","twitter_misc":{"Escrito por":"Paula Silva","Est. tempo de leitura":"3 minutos"},"schema":{"@context":"https:\/\/schema.org","@graph":[{"@type":"NewsArticle","@id":"https:\/\/www.gaveanews.com\/index.php\/2025\/12\/14\/zagueiros-viram-protagonistas-do-setor-ofensivo-do-flamengo-entenda\/#article","isPartOf":{"@id":"https:\/\/www.gaveanews.com\/index.php\/2025\/12\/14\/zagueiros-viram-protagonistas-do-setor-ofensivo-do-flamengo-entenda\/"},"author":{"name":"Paula Silva","@id":"https:\/\/www.gaveanews.com\/#\/schema\/person\/daf63eec72e1164eb13dc35096c2b8da"},"headline":"Zagueiros viram protagonistas do setor ofensivo do Flamengo; entenda","datePublished":"2025-12-14T22:46:27+00:00","dateModified":"2025-12-14T22:46:33+00:00","mainEntityOfPage":{"@id":"https:\/\/www.gaveanews.com\/index.php\/2025\/12\/14\/zagueiros-viram-protagonistas-do-setor-ofensivo-do-flamengo-entenda\/"},"wordCount":485,"commentCount":0,"image":{"@id":"https:\/\/www.gaveanews.com\/index.php\/2025\/12\/14\/zagueiros-viram-protagonistas-do-setor-ofensivo-do-flamengo-entenda\/#primaryimage"},"thumbnailUrl":"https:\/\/www.gaveanews.com\/wp-content\/uploads\/Leo-Pereira-e-Danilo-marcam-gol-da-classificacao-no-Intercontinental.jpg","articleSection":["Flamengo"],"inLanguage":"pt-BR","potentialAction":[{"@type":"CommentAction","name":"Comment","target":["https:\/\/www.gaveanews.com\/index.php\/2025\/12\/14\/zagueiros-viram-protagonistas-do-setor-ofensivo-do-flamengo-entenda\/#respond"]}],"copyrightYear":"2025","copyrightHolder":{"@id":"https:\/\/www.gaveanews.com\/#organization"}},{"@type":"WebPage","@id":"https:\/\/www.gaveanews.com\/index.php\/2025\/12\/14\/zagueiros-viram-protagonistas-do-setor-ofensivo-do-flamengo-entenda\/","url":"https:\/\/www.gaveanews.com\/index.php\/2025\/12\/14\/zagueiros-viram-protagonistas-do-setor-ofensivo-do-flamengo-entenda\/","name":"Zagueiros viram protagonistas do setor ofensivo do Flamengo; entenda","isPartOf":{"@id":"https:\/\/www.gaveanews.com\/#website"},"primaryImageOfPage":{"@id":"https:\/\/www.gaveanews.com\/index.php\/2025\/12\/14\/zagueiros-viram-protagonistas-do-setor-ofensivo-do-flamengo-entenda\/#primaryimage"},"image":{"@id":"https:\/\/www.gaveanews.com\/index.php\/2025\/12\/14\/zagueiros-viram-protagonistas-do-setor-ofensivo-do-flamengo-entenda\/#primaryimage"},"thumbnailUrl":"https:\/\/www.gaveanews.com\/wp-content\/uploads\/Leo-Pereira-e-Danilo-marcam-gol-da-classificacao-no-Intercontinental.jpg","datePublished":"2025-12-14T22:46:27+00:00","dateModified":"2025-12-14T22:46:33+00:00","author":{"@id":"https:\/\/www.gaveanews.com\/#\/schema\/person\/daf63eec72e1164eb13dc35096c2b8da"},"breadcrumb":{"@id":"https:\/\/www.gaveanews.com\/index.php\/2025\/12\/14\/zagueiros-viram-protagonistas-do-setor-ofensivo-do-flamengo-entenda\/#breadcrumb"},"inLanguage":"pt-BR","potentialAction":[{"@type":"ReadAction","target":["https:\/\/www.gaveanews.com\/index.php\/2025\/12\/14\/zagueiros-viram-protagonistas-do-setor-ofensivo-do-flamengo-entenda\/"]}]},{"@type":"ImageObject","inLanguage":"pt-BR","@id":"https:\/\/www.gaveanews.com\/index.php\/2025\/12\/14\/zagueiros-viram-protagonistas-do-setor-ofensivo-do-flamengo-entenda\/#primaryimage","url":"https:\/\/www.gaveanews.com\/wp-content\/uploads\/Leo-Pereira-e-Danilo-marcam-gol-da-classificacao-no-Intercontinental.jpg","contentUrl":"https:\/\/www.gaveanews.com\/wp-content\/uploads\/Leo-Pereira-e-Danilo-marcam-gol-da-classificacao-no-Intercontinental.jpg","width":1280,"height":853,"caption":"L\u00e9o Pereira e Danilo marcam gol da classifica\u00e7\u00e3o no Intercontinental (Foto: Gilvan de Souza\/Flamengo)"},{"@type":"BreadcrumbList","@id":"https:\/\/www.gaveanews.com\/index.php\/2025\/12\/14\/zagueiros-viram-protagonistas-do-setor-ofensivo-do-flamengo-entenda\/#breadcrumb","itemListElement":[{"@type":"ListItem","position":1,"name":"Home","item":"https:\/\/www.gaveanews.com\/"},{"@type":"ListItem","position":2,"name":"Zagueiros viram protagonistas do setor ofensivo do Flamengo; entenda"}]},{"@type":"WebSite","@id":"https:\/\/www.gaveanews.com\/#website","url":"https:\/\/www.gaveanews.com\/","name":"G\u00e1vea News","description":"Veja todas as not\u00edcias sobre o Flamengo: Contrata\u00e7\u00f5es, categorias de base, resultados das partidas, tabela de classifica\u00e7\u00e3o, pr\u00f3ximos jogos!","potentialAction":[{"@type":"SearchAction","target":{"@type":"EntryPoint","urlTemplate":"https:\/\/www.gaveanews.com\/?s={search_term_string}"},"query-input":{"@type":"PropertyValueSpecification","valueRequired":true,"valueName":"search_term_string"}}],"inLanguage":"pt-BR"},{"@type":"Person","@id":"https:\/\/www.gaveanews.com\/#\/schema\/person\/daf63eec72e1164eb13dc35096c2b8da","name":"Paula Silva","image":{"@type":"ImageObject","inLanguage":"pt-BR","@id":"https:\/\/www.gaveanews.com\/#\/schema\/person\/image\/","url":"https:\/\/secure.gravatar.com\/avatar\/eda381c845527cc5d64c13b901833cda29d97500ba040d3e6461f76f51d163bb?s=96&d=mm&r=g","contentUrl":"https:\/\/secure.gravatar.com\/avatar\/eda381c845527cc5d64c13b901833cda29d97500ba040d3e6461f76f51d163bb?s=96&d=mm&r=g","caption":"Paula Silva"}}]}},"_links":{"self":[{"href":"https:\/\/www.gaveanews.com\/index.php\/wp-json\/wp\/v2\/posts\/281603","targetHints":{"allow":["GET"]}}],"collection":[{"href":"https:\/\/www.gaveanews.com\/index.php\/wp-json\/wp\/v2\/posts"}],"about":[{"href":"https:\/\/www.gaveanews.com\/index.php\/wp-json\/wp\/v2\/types\/post"}],"author":[{"embeddable":true,"href":"https:\/\/www.gaveanews.com\/index.php\/wp-json\/wp\/v2\/users\/18"}],"replies":[{"embeddable":true,"href":"https:\/\/www.gaveanews.com\/index.php\/wp-json\/wp\/v2\/comments?post=281603"}],"version-history":[{"count":1,"href":"https:\/\/www.gaveanews.com\/index.php\/wp-json\/wp\/v2\/posts\/281603\/revisions"}],"predecessor-version":[{"id":281604,"href":"https:\/\/www.gaveanews.com\/index.php\/wp-json\/wp\/v2\/posts\/281603\/revisions\/281604"}],"wp:featuredmedia":[{"embeddable":true,"href":"https:\/\/www.gaveanews.com\/index.php\/wp-json\/wp\/v2\/media\/281577"}],"wp:attachment":[{"href":"https:\/\/www.gaveanews.com\/index.php\/wp-json\/wp\/v2\/media?parent=281603"}],"wp:term":[{"taxonomy":"category","embeddable":true,"href":"https:\/\/www.gaveanews.com\/index.php\/wp-json\/wp\/v2\/categories?post=281603"},{"taxonomy":"post_tag","embeddable":true,"href":"https:\/\/www.gaveanews.com\/index.php\/wp-json\/wp\/v2\/tags?post=281603"}],"curies":[{"name":"wp","href":"https:\/\/api.w.org\/{rel}","templated":true}]}}